{"id":15547,"date":"2026-04-23T16:54:11","date_gmt":"2026-04-23T19:54:11","guid":{"rendered":"https:\/\/digitalsantotome.com.ar\/?p=15547"},"modified":"2026-04-23T16:54:11","modified_gmt":"2026-04-23T19:54:11","slug":"el-fin-de-las-balsas-se-iniciara-oficialmente-la-construccion-del-puente-san-javier-porto-xavier","status":"publish","type":"post","link":"https:\/\/digitalsantotome.com.ar\/?p=15547","title":{"rendered":"El fin de las balsas: Se iniciar\u00e1 oficialmente la construcci\u00f3n del Puente San Javier \u2013 Porto Xavier"},"content":{"rendered":"<p>SAN JAVIER \u2013 PORTO XAVIER. El 4 de mayo se dar\u00e1 un paso decisivo hacia la integraci\u00f3n regional con el inicio oficial de la construcci\u00f3n del puente internacional que conectar\u00e1 Porto Xavier con San Javier, sobre el r\u00edo Uruguay.<\/p>\n<p>El evento tambi\u00e9n incluir\u00e1 la presentaci\u00f3n del cronograma por parte del Departamento Nacional de Infraestructura de Transportes (DNIT).<\/p>\n<p>Confirmado por el alcalde brasile\u00f1o Gilberto Men\u00edn, el evento se llevar\u00e1 a cabo a las 10:00 h en el mirador del r\u00edo Uruguay.<\/p>\n<p>El proyecto, esperado durante d\u00e9cadas, ya cuenta con una orden de trabajo emitida en diciembre de 2025 y una inversi\u00f3n de R$ 214,7 millones.<\/p>\n<p>Con aproximadamente 950 metros de longitud y una fecha de finalizaci\u00f3n proyectada para noviembre de 2029, el puente transformar\u00e1 la log\u00edstica regional.<\/p>\n<p>Se espera que incremente el comercio exterior hasta en un 30%, creando un nuevo corredor de exportaci\u00f3n y reduciendo los costos de transporte. Adem\u00e1s, generar\u00e1 alrededor de 200 empleos directos durante la construcci\u00f3n.<\/p>\n<p>Actualmente, el cruce entre ambos pa\u00edses depende de transbordadores con horarios limitados y frecuentes interrupciones, lo que provoca colas y demoras de hasta 72 horas para los camiones.<\/p>\n<p>La nueva conexi\u00f3n eliminar\u00e1 este cuello de botella, aumentando la competitividad y facilitando el flujo de la producci\u00f3n agr\u00edcola.<\/p>\n<p>Adem\u00e1s, la infraestructura ser\u00e1 estrat\u00e9gica para la denominada Ruta Bioce\u00e1nica del Sur, que conecta el sur de Brasil con los puertos del Atl\u00e1ntico y, a trav\u00e9s de Argentina y Chile, con el Pac\u00edfico, ampliando el acceso a los mercados internacionales y fortaleciendo la integraci\u00f3n econ\u00f3mica en la regi\u00f3n de la Misi\u00f3n.<\/p>\n<p><strong>\ud83d\udcf8 Foto: Proyecto Puente Porto Xavier.\u270d\ufe0f Texto e informaci\u00f3n: Maicon Schlosser.<\/strong><\/p>\n","protected":false},"excerpt":{"rendered":"<p>SAN JAVIER \u2013 PORTO XAVIER. El 4 de mayo se dar\u00e1 un paso decisivo hacia la integraci\u00f3n regional con el inicio oficial de la construcci\u00f3n del puente internacional que conectar\u00e1 Porto Xavier con San Javier, sobre el r\u00edo Uruguay. El evento tambi\u00e9n incluir\u00e1 la presentaci\u00f3n del cronograma por parte del Departamento Nacional de Infraestructura de&#8230;<\/p>\n","protected":false},"author":2,"featured_media":15548,"comment_status":"closed","ping_status":"closed","sticky":false,"template":"","format":"standard","meta":{"_kad_post_transparent":"default","_kad_post_title":"default","_kad_post_layout":"default","_kad_post_sidebar_id":"","_kad_post_content_style":"default","_kad_post_vertical_padding":"default","_kad_post_feature":"","_kad_post_feature_position":"","_kad_post_header":false,"_kad_post_footer":false,"_kad_post_classname":"","footnotes":""},"categories":[1],"tags":[],"class_list":["post-15547","post","type-post","status-publish","format-standard","has-post-thumbnail","hentry","category-locales"],"a3_pvc":{"activated":false,"total_views":0,"today_views":0},"yoast_head":"<!-- This site is optimized with the Yoast SEO plugin v27.4 - https:\/\/yoast.com\/product\/yoast-seo-wordpress\/ -->\n<title>El fin de las balsas: Se iniciar\u00e1 oficialmente la construcci\u00f3n del Puente San Javier \u2013 Porto Xavier - Digital Santo Tom\u00e9<\/title>\n<meta name=\"robots\" content=\"index, follow, max-snippet:-1, max-image-preview:large, max-video-preview:-1\" \/>\n<link rel=\"canonical\" href=\"https:\/\/digitalsantotome.com.ar\/?p=15547\" \/>\n<meta property=\"og:locale\" content=\"es_ES\" \/>\n<meta property=\"og:type\" content=\"article\" \/>\n<meta property=\"og:title\" content=\"El fin de las balsas: Se iniciar\u00e1 oficialmente la construcci\u00f3n del Puente San Javier \u2013 Porto Xavier - Digital Santo Tom\u00e9\" \/>\n<meta property=\"og:description\" content=\"SAN JAVIER \u2013 PORTO XAVIER. El 4 de mayo se dar\u00e1 un paso decisivo hacia la integraci\u00f3n regional con el inicio oficial de la construcci\u00f3n del puente internacional que conectar\u00e1 Porto Xavier con San Javier, sobre el r\u00edo Uruguay. El evento tambi\u00e9n incluir\u00e1 la presentaci\u00f3n del cronograma por parte del Departamento Nacional de Infraestructura de...\" \/>\n<meta property=\"og:url\" content=\"https:\/\/digitalsantotome.com.ar\/?p=15547\" \/>\n<meta property=\"og:site_name\" content=\"Digital Santo Tom\u00e9\" \/>\n<meta property=\"article:published_time\" content=\"2026-04-23T19:54:11+00:00\" \/>\n<meta property=\"og:image\" content=\"https:\/\/digitalsantotome.com.ar\/wp-content\/uploads\/2026\/04\/image-75-1024x576-1.webp\" \/>\n\t<meta property=\"og:image:width\" content=\"1024\" \/>\n\t<meta property=\"og:image:height\" content=\"576\" \/>\n\t<meta property=\"og:image:type\" content=\"image\/webp\" \/>\n<meta name=\"author\" content=\"Jose Carlos Machado\" \/>\n<meta name=\"twitter:card\" content=\"summary_large_image\" \/>\n<meta name=\"twitter:label1\" content=\"Escrito por\" \/>\n\t<meta name=\"twitter:data1\" content=\"Jose Carlos Machado\" \/>\n\t<meta name=\"twitter:label2\" content=\"Tiempo de lectura\" \/>\n\t<meta name=\"twitter:data2\" content=\"2 minutos\" \/>\n<script type=\"application\/ld+json\" class=\"yoast-schema-graph\">{\"@context\":\"https:\\\/\\\/schema.org\",\"@graph\":[{\"@type\":\"Article\",\"@id\":\"https:\\\/\\\/digitalsantotome.com.ar\\\/?p=15547#article\",\"isPartOf\":{\"@id\":\"https:\\\/\\\/digitalsantotome.com.ar\\\/?p=15547\"},\"author\":{\"name\":\"Jose Carlos Machado\",\"@id\":\"https:\\\/\\\/digitalsantotome.com.ar\\\/#\\\/schema\\\/person\\\/8991d8822886fedd92ce7f03817e1bdf\"},\"headline\":\"El fin de las balsas: Se iniciar\u00e1 oficialmente la construcci\u00f3n del Puente San Javier \u2013 Porto Xavier\",\"datePublished\":\"2026-04-23T19:54:11+00:00\",\"mainEntityOfPage\":{\"@id\":\"https:\\\/\\\/digitalsantotome.com.ar\\\/?p=15547\"},\"wordCount\":304,\"publisher\":{\"@id\":\"https:\\\/\\\/digitalsantotome.com.ar\\\/#organization\"},\"image\":{\"@id\":\"https:\\\/\\\/digitalsantotome.com.ar\\\/?p=15547#primaryimage\"},\"thumbnailUrl\":\"https:\\\/\\\/digitalsantotome.com.ar\\\/wp-content\\\/uploads\\\/2026\\\/04\\\/image-75-1024x576-1.webp\",\"articleSection\":[\"Locales\"],\"inLanguage\":\"es\"},{\"@type\":\"WebPage\",\"@id\":\"https:\\\/\\\/digitalsantotome.com.ar\\\/?p=15547\",\"url\":\"https:\\\/\\\/digitalsantotome.com.ar\\\/?p=15547\",\"name\":\"El fin de las balsas: Se iniciar\u00e1 oficialmente la construcci\u00f3n del Puente San Javier \u2013 Porto Xavier - Digital Santo Tom\u00e9\",\"isPartOf\":{\"@id\":\"https:\\\/\\\/digitalsantotome.com.ar\\\/#website\"},\"primaryImageOfPage\":{\"@id\":\"https:\\\/\\\/digitalsantotome.com.ar\\\/?p=15547#primaryimage\"},\"image\":{\"@id\":\"https:\\\/\\\/digitalsantotome.com.ar\\\/?p=15547#primaryimage\"},\"thumbnailUrl\":\"https:\\\/\\\/digitalsantotome.com.ar\\\/wp-content\\\/uploads\\\/2026\\\/04\\\/image-75-1024x576-1.webp\",\"datePublished\":\"2026-04-23T19:54:11+00:00\",\"breadcrumb\":{\"@id\":\"https:\\\/\\\/digitalsantotome.com.ar\\\/?p=15547#breadcrumb\"},\"inLanguage\":\"es\",\"potentialAction\":[{\"@type\":\"ReadAction\",\"target\":[\"https:\\\/\\\/digitalsantotome.com.ar\\\/?p=15547\"]}]},{\"@type\":\"ImageObject\",\"inLanguage\":\"es\",\"@id\":\"https:\\\/\\\/digitalsantotome.com.ar\\\/?p=15547#primaryimage\",\"url\":\"https:\\\/\\\/digitalsantotome.com.ar\\\/wp-content\\\/uploads\\\/2026\\\/04\\\/image-75-1024x576-1.webp\",\"contentUrl\":\"https:\\\/\\\/digitalsantotome.com.ar\\\/wp-content\\\/uploads\\\/2026\\\/04\\\/image-75-1024x576-1.webp\",\"width\":1024,\"height\":576},{\"@type\":\"BreadcrumbList\",\"@id\":\"https:\\\/\\\/digitalsantotome.com.ar\\\/?p=15547#breadcrumb\",\"itemListElement\":[{\"@type\":\"ListItem\",\"position\":1,\"name\":\"Portada\",\"item\":\"https:\\\/\\\/digitalsantotome.com.ar\\\/\"},{\"@type\":\"ListItem\",\"position\":2,\"name\":\"El fin de las balsas: Se iniciar\u00e1 oficialmente la construcci\u00f3n del Puente San Javier \u2013 Porto Xavier\"}]},{\"@type\":\"WebSite\",\"@id\":\"https:\\\/\\\/digitalsantotome.com.ar\\\/#website\",\"url\":\"https:\\\/\\\/digitalsantotome.com.ar\\\/\",\"name\":\"Digital Santo Tom\u00e9\",\"description\":\"Noticias desde Santo Tom\u00e9 al Mundo \u2013 La informacion que decide\",\"publisher\":{\"@id\":\"https:\\\/\\\/digitalsantotome.com.ar\\\/#organization\"},\"potentialAction\":[{\"@type\":\"SearchAction\",\"target\":{\"@type\":\"EntryPoint\",\"urlTemplate\":\"https:\\\/\\\/digitalsantotome.com.ar\\\/?s={search_term_string}\"},\"query-input\":{\"@type\":\"PropertyValueSpecification\",\"valueRequired\":true,\"valueName\":\"search_term_string\"}}],\"inLanguage\":\"es\"},{\"@type\":\"Organization\",\"@id\":\"https:\\\/\\\/digitalsantotome.com.ar\\\/#organization\",\"name\":\"Digital Santo Tom\u00e9\",\"url\":\"https:\\\/\\\/digitalsantotome.com.ar\\\/\",\"logo\":{\"@type\":\"ImageObject\",\"inLanguage\":\"es\",\"@id\":\"https:\\\/\\\/digitalsantotome.com.ar\\\/#\\\/schema\\\/logo\\\/image\\\/\",\"url\":\"https:\\\/\\\/digitalsantotome.com.ar\\\/wp-content\\\/uploads\\\/2023\\\/01\\\/facebook.jpg\",\"contentUrl\":\"https:\\\/\\\/digitalsantotome.com.ar\\\/wp-content\\\/uploads\\\/2023\\\/01\\\/facebook.jpg\",\"width\":512,\"height\":376,\"caption\":\"Digital Santo Tom\u00e9\"},\"image\":{\"@id\":\"https:\\\/\\\/digitalsantotome.com.ar\\\/#\\\/schema\\\/logo\\\/image\\\/\"}},{\"@type\":\"Person\",\"@id\":\"https:\\\/\\\/digitalsantotome.com.ar\\\/#\\\/schema\\\/person\\\/8991d8822886fedd92ce7f03817e1bdf\",\"name\":\"Jose Carlos Machado\",\"url\":\"https:\\\/\\\/digitalsantotome.com.ar\\\/?author=2\"}]}<\/script>\n<!-- \/ Yoast SEO plugin. -->","yoast_head_json":{"title":"El fin de las balsas: Se iniciar\u00e1 oficialmente la construcci\u00f3n del Puente San Javier \u2013 Porto Xavier - Digital Santo Tom\u00e9","robots":{"index":"index","follow":"follow","max-snippet":"max-snippet:-1","max-image-preview":"max-image-preview:large","max-video-preview":"max-video-preview:-1"},"canonical":"https:\/\/digitalsantotome.com.ar\/?p=15547","og_locale":"es_ES","og_type":"article","og_title":"El fin de las balsas: Se iniciar\u00e1 oficialmente la construcci\u00f3n del Puente San Javier \u2013 Porto Xavier - Digital Santo Tom\u00e9","og_description":"SAN JAVIER \u2013 PORTO XAVIER. El 4 de mayo se dar\u00e1 un paso decisivo hacia la integraci\u00f3n regional con el inicio oficial de la construcci\u00f3n del puente internacional que conectar\u00e1 Porto Xavier con San Javier, sobre el r\u00edo Uruguay. El evento tambi\u00e9n incluir\u00e1 la presentaci\u00f3n del cronograma por parte del Departamento Nacional de Infraestructura de...","og_url":"https:\/\/digitalsantotome.com.ar\/?p=15547","og_site_name":"Digital Santo Tom\u00e9","article_published_time":"2026-04-23T19:54:11+00:00","og_image":[{"width":1024,"height":576,"url":"https:\/\/digitalsantotome.com.ar\/wp-content\/uploads\/2026\/04\/image-75-1024x576-1.webp","type":"image\/webp"}],"author":"Jose Carlos Machado","twitter_card":"summary_large_image","twitter_misc":{"Escrito por":"Jose Carlos Machado","Tiempo de lectura":"2 minutos"},"schema":{"@context":"https:\/\/schema.org","@graph":[{"@type":"Article","@id":"https:\/\/digitalsantotome.com.ar\/?p=15547#article","isPartOf":{"@id":"https:\/\/digitalsantotome.com.ar\/?p=15547"},"author":{"name":"Jose Carlos Machado","@id":"https:\/\/digitalsantotome.com.ar\/#\/schema\/person\/8991d8822886fedd92ce7f03817e1bdf"},"headline":"El fin de las balsas: Se iniciar\u00e1 oficialmente la construcci\u00f3n del Puente San Javier \u2013 Porto Xavier","datePublished":"2026-04-23T19:54:11+00:00","mainEntityOfPage":{"@id":"https:\/\/digitalsantotome.com.ar\/?p=15547"},"wordCount":304,"publisher":{"@id":"https:\/\/digitalsantotome.com.ar\/#organization"},"image":{"@id":"https:\/\/digitalsantotome.com.ar\/?p=15547#primaryimage"},"thumbnailUrl":"https:\/\/digitalsantotome.com.ar\/wp-content\/uploads\/2026\/04\/image-75-1024x576-1.webp","articleSection":["Locales"],"inLanguage":"es"},{"@type":"WebPage","@id":"https:\/\/digitalsantotome.com.ar\/?p=15547","url":"https:\/\/digitalsantotome.com.ar\/?p=15547","name":"El fin de las balsas: Se iniciar\u00e1 oficialmente la construcci\u00f3n del Puente San Javier \u2013 Porto Xavier - Digital Santo Tom\u00e9","isPartOf":{"@id":"https:\/\/digitalsantotome.com.ar\/#website"},"primaryImageOfPage":{"@id":"https:\/\/digitalsantotome.com.ar\/?p=15547#primaryimage"},"image":{"@id":"https:\/\/digitalsantotome.com.ar\/?p=15547#primaryimage"},"thumbnailUrl":"https:\/\/digitalsantotome.com.ar\/wp-content\/uploads\/2026\/04\/image-75-1024x576-1.webp","datePublished":"2026-04-23T19:54:11+00:00","breadcrumb":{"@id":"https:\/\/digitalsantotome.com.ar\/?p=15547#breadcrumb"},"inLanguage":"es","potentialAction":[{"@type":"ReadAction","target":["https:\/\/digitalsantotome.com.ar\/?p=15547"]}]},{"@type":"ImageObject","inLanguage":"es","@id":"https:\/\/digitalsantotome.com.ar\/?p=15547#primaryimage","url":"https:\/\/digitalsantotome.com.ar\/wp-content\/uploads\/2026\/04\/image-75-1024x576-1.webp","contentUrl":"https:\/\/digitalsantotome.com.ar\/wp-content\/uploads\/2026\/04\/image-75-1024x576-1.webp","width":1024,"height":576},{"@type":"BreadcrumbList","@id":"https:\/\/digitalsantotome.com.ar\/?p=15547#breadcrumb","itemListElement":[{"@type":"ListItem","position":1,"name":"Portada","item":"https:\/\/digitalsantotome.com.ar\/"},{"@type":"ListItem","position":2,"name":"El fin de las balsas: Se iniciar\u00e1 oficialmente la construcci\u00f3n del Puente San Javier \u2013 Porto Xavier"}]},{"@type":"WebSite","@id":"https:\/\/digitalsantotome.com.ar\/#website","url":"https:\/\/digitalsantotome.com.ar\/","name":"Digital Santo Tom\u00e9","description":"Noticias desde Santo Tom\u00e9 al Mundo \u2013 La informacion que decide","publisher":{"@id":"https:\/\/digitalsantotome.com.ar\/#organization"},"potentialAction":[{"@type":"SearchAction","target":{"@type":"EntryPoint","urlTemplate":"https:\/\/digitalsantotome.com.ar\/?s={search_term_string}"},"query-input":{"@type":"PropertyValueSpecification","valueRequired":true,"valueName":"search_term_string"}}],"inLanguage":"es"},{"@type":"Organization","@id":"https:\/\/digitalsantotome.com.ar\/#organization","name":"Digital Santo Tom\u00e9","url":"https:\/\/digitalsantotome.com.ar\/","logo":{"@type":"ImageObject","inLanguage":"es","@id":"https:\/\/digitalsantotome.com.ar\/#\/schema\/logo\/image\/","url":"https:\/\/digitalsantotome.com.ar\/wp-content\/uploads\/2023\/01\/facebook.jpg","contentUrl":"https:\/\/digitalsantotome.com.ar\/wp-content\/uploads\/2023\/01\/facebook.jpg","width":512,"height":376,"caption":"Digital Santo Tom\u00e9"},"image":{"@id":"https:\/\/digitalsantotome.com.ar\/#\/schema\/logo\/image\/"}},{"@type":"Person","@id":"https:\/\/digitalsantotome.com.ar\/#\/schema\/person\/8991d8822886fedd92ce7f03817e1bdf","name":"Jose Carlos Machado","url":"https:\/\/digitalsantotome.com.ar\/?author=2"}]}},"_links":{"self":[{"href":"https:\/\/digitalsantotome.com.ar\/index.php?rest_route=\/wp\/v2\/posts\/15547","targetHints":{"allow":["GET"]}}],"collection":[{"href":"https:\/\/digitalsantotome.com.ar\/index.php?rest_route=\/wp\/v2\/posts"}],"about":[{"href":"https:\/\/digitalsantotome.com.ar\/index.php?rest_route=\/wp\/v2\/types\/post"}],"author":[{"embeddable":true,"href":"https:\/\/digitalsantotome.com.ar\/index.php?rest_route=\/wp\/v2\/users\/2"}],"replies":[{"embeddable":true,"href":"https:\/\/digitalsantotome.com.ar\/index.php?rest_route=%2Fwp%2Fv2%2Fcomments&post=15547"}],"version-history":[{"count":1,"href":"https:\/\/digitalsantotome.com.ar\/index.php?rest_route=\/wp\/v2\/posts\/15547\/revisions"}],"predecessor-version":[{"id":15549,"href":"https:\/\/digitalsantotome.com.ar\/index.php?rest_route=\/wp\/v2\/posts\/15547\/revisions\/15549"}],"wp:featuredmedia":[{"embeddable":true,"href":"https:\/\/digitalsantotome.com.ar\/index.php?rest_route=\/wp\/v2\/media\/15548"}],"wp:attachment":[{"href":"https:\/\/digitalsantotome.com.ar\/index.php?rest_route=%2Fwp%2Fv2%2Fmedia&parent=15547"}],"wp:term":[{"taxonomy":"category","embeddable":true,"href":"https:\/\/digitalsantotome.com.ar\/index.php?rest_route=%2Fwp%2Fv2%2Fcategories&post=15547"},{"taxonomy":"post_tag","embeddable":true,"href":"https:\/\/digitalsantotome.com.ar\/index.php?rest_route=%2Fwp%2Fv2%2Ftags&post=15547"}],"curies":[{"name":"wp","href":"https:\/\/api.w.org\/{rel}","templated":true}]}}