{"id":15553,"date":"2026-04-23T19:53:31","date_gmt":"2026-04-23T22:53:31","guid":{"rendered":"https:\/\/digitalsantotome.com.ar\/?p=15553"},"modified":"2026-04-24T09:39:35","modified_gmt":"2026-04-24T12:39:35","slug":"augusto-suaid-la-autovia-de-la-ruta-14-es-estrategica-para-el-desarrollo-y-la-produccion-regional","status":"publish","type":"post","link":"https:\/\/digitalsantotome.com.ar\/?p=15553","title":{"rendered":"Augusto Suaid: \u00abLa autov\u00eda de la Ruta 14 es estrat\u00e9gica para el desarrollo y la producci\u00f3n regional\u00bb"},"content":{"rendered":"<p><strong>El intendente de Santo Tom\u00e9 respald\u00f3 la intenci\u00f3n del Gobernador <\/strong><strong>Juan Pablo Vald\u00e9s de que la Provincia asuma la obra ante la par\u00e1lisis nacional. Adem\u00e1s, advirti\u00f3 sobre la fuerte ca\u00edda de la coparticipaci\u00f3n y detall\u00f3 el plan de obras locales pese al complejo contexto econ\u00f3mico.\u00a0<\/strong><\/p>\n<p><strong data-sfc-root=\"c\" data-sfc-cb=\"\" data-complete=\"true\" data-processed=\"true\">SANTO TOM\u00c9 (23\/04\/2026).<\/strong>\u00a0\u2013 En di\u00e1logo mantenido con medios period\u00edsticos, el intendente\u00a0<strong data-sfc-root=\"c\" data-sfc-cb=\"\" data-complete=\"true\" data-processed=\"true\">Augusto Suaid<\/strong> analiz\u00f3 recientemente la situaci\u00f3n de la infraestructura vial, el impacto de la crisis econ\u00f3mica en los municipios y el avance de las obras que, pese a los recortes nacionales, contin\u00faan en la ciudad con apoyo provincial y recursos propios. Lo hizo en el marco de declaraciones formuladas sobre el reciente anuncio que hizo el gobierno provincial de instalar una planta industrial de dimensiones importantes en el parque industrial de <strong>Ituzaing\u00f3<\/strong>, que seg\u00fan sus propias palabras <strong>\u201ccambiar\u00e1 la matriz productiva de la provincia\u201d<\/strong> asegur\u00f3.<\/p>\n<p><strong>Ruta 14: Un reclamo hist\u00f3rico y una posible salida provincial<\/strong><\/p>\n<p>Suaid fue contundente al referirse al estado de la\u00a0<strong data-sfc-root=\"c\" data-sfc-cb=\"\" data-complete=\"true\" data-processed=\"true\">Ruta Nacional 14<\/strong>, especialmente ante la futura instalaci\u00f3n de un nuevo emprendimiento industrial en Ituzaing\u00f3 que aumentar\u00e1 dr\u00e1sticamente el flujo de camiones. \u00abEs un pedido de hace mucho tiempo; solicitamos la continuidad de la\u00a0<strong data-sfc-root=\"c\" data-sfc-cb=\"\" data-complete=\"true\" data-processed=\"true\">autov\u00eda desde Paso de los Libres hasta Candelaria (Misiones)<\/strong>\u00ab, afirm\u00f3.<\/p>\n<p>Ante la falta de inversi\u00f3n del Gobierno Nacional, el intendente revel\u00f3 que existe un proyecto para que la Provincia de Corrientes tome las riendas:<\/p>\n<ul data-sfc-root=\"c\" data-sfc-cb=\"\" data-complete=\"true\" data-processed=\"true\">\n<li data-sfc-cp=\"\" data-sfc-root=\"c\" data-sfc-cb=\"\" data-hveid=\"CAEICRAA\" data-complete=\"true\" data-sae=\"\"><span data-sfc-cp=\"\" data-sfc-root=\"c\" data-sfc-cb=\"\" data-complete=\"true\"><strong data-sfc-root=\"c\" data-sfc-cb=\"\" data-complete=\"true\">Gesti\u00f3n Provincial:<\/strong>\u00a0El Gobernador est\u00e1 interesado en que se le ceda la ruta para ejecutar la autov\u00eda mediante licitaciones.<\/span><\/li>\n<li data-sfc-cp=\"\" data-sfc-root=\"c\" data-sfc-cb=\"\" data-hveid=\"CAEICRAB\" data-complete=\"true\" data-sae=\"\"><span data-sfc-cp=\"\" data-sfc-root=\"c\" data-sfc-cb=\"\" data-complete=\"true\"><strong data-sfc-root=\"c\" data-sfc-cb=\"\" data-complete=\"true\">Recursos Propios:<\/strong>\u00a0La provincia cuenta con plantas de asfalto en localidades como Santo Tom\u00e9, lo que facilitar\u00eda la inversi\u00f3n.<\/span><\/li>\n<li data-sfc-cp=\"\" data-sfc-root=\"c\" data-sfc-cb=\"\" data-hveid=\"CAEICRAC\" data-complete=\"true\" data-sae=\"\"><span data-sfc-cp=\"\" data-sfc-root=\"c\" data-sfc-cb=\"\" data-complete=\"true\"><strong data-sfc-root=\"c\" data-sfc-cb=\"\" data-complete=\"true\">Financiamiento:<\/strong>\u00a0Se analiza el cobro de peaje para recuperar la inversi\u00f3n.<br data-sfc-root=\"c\" data-sfc-pl=\"|[]\" data-sfc-cb=\"\" data-complete=\"true\" \/>\u00abEs una ruta estrat\u00e9gica del corredor bioce\u00e1nico vinculada al turismo y al Mercosur. No podemos seguir viendo la p\u00e9rdida de vidas humanas\u00bb, sentenci\u00f3 Suaid.<\/span><\/li>\n<\/ul>\n<p><strong>Impacto de la crisis: \u00ab250 millones menos de coparticipaci\u00f3n\u00bb<\/strong><\/p>\n<p>El jefe comunal no ocult\u00f3 la dif\u00edcil realidad financiera que atraviesan los municipios correntinos. Al igual que sus pares de Monte Caseros y Alvear, Santo Tom\u00e9 ha sufrido una dr\u00e1stica ca\u00edda en los ingresos. <strong>\u00abEl mes pasado tuvimos una proyecci\u00f3n de casi\u00a0250 millones de pesos menos. Esto imposibilita proyectar como uno quisiera\u00bb<\/strong>, explic\u00f3.<\/p>\n<p>Suaid remarc\u00f3 que, ante la asfixia econ\u00f3mica y la falta de obra p\u00fablica nacional, los municipios deben ser \u00abeficientes\u00bb y buscar estrategias para mejorar la recaudaci\u00f3n propia si desean seguir creciendo. <strong>\u00abNuestra prioridad absoluta es cumplir con los servicios b\u00e1sicos y el tema salarial\u00bb,<\/strong> asegur\u00f3.<\/p>\n<p><strong>El plan de obras en Santo Tom\u00e9<\/strong><\/p>\n<p>A pesar del ajuste, el intendente destac\u00f3 que la obra p\u00fablica en la ciudad no se ha detenido gracias a la articulaci\u00f3n con el Gobierno Provincial y el esfuerzo de los vecinos:<\/p>\n<ul data-sfc-root=\"c\" data-sfc-cb=\"\" data-complete=\"true\" data-processed=\"true\">\n<li data-sfc-cp=\"\" data-sfc-root=\"c\" data-sfc-cb=\"\" data-hveid=\"CAEIDxAA\" data-complete=\"true\" data-sae=\"\"><span data-sfc-cp=\"\" data-sfc-root=\"c\" data-sfc-cb=\"\" data-complete=\"true\"><strong data-sfc-root=\"c\" data-sfc-cb=\"\" data-complete=\"true\">Viviendas:<\/strong>\u00a0Se construyen\u00a0<strong data-sfc-root=\"c\" data-sfc-cb=\"\" data-complete=\"true\">48 casas de demanda libre (Invico)<\/strong>\u00a0y 10 m\u00e1s del programa\u00a0<strong data-sfc-root=\"c\" data-sfc-cb=\"\" data-complete=\"true\">O\u00f1andiv\u00e9<\/strong>, donde el municipio aporta el terreno y la mano de obra.<\/span><\/li>\n<li data-sfc-cp=\"\" data-sfc-root=\"c\" data-sfc-cb=\"\" data-hveid=\"CAEIDxAB\" data-complete=\"true\" data-sae=\"\"><span data-sfc-cp=\"\" data-sfc-root=\"c\" data-sfc-cb=\"\" data-complete=\"true\"><strong data-sfc-root=\"c\" data-sfc-cb=\"\" data-complete=\"true\">Infraestructura Deportiva:<\/strong>\u00a0Se concret\u00f3 el techado total del Complejo Polideportivo Municipal.<\/span><\/li>\n<li data-sfc-cp=\"\" data-sfc-root=\"c\" data-sfc-cb=\"\" data-hveid=\"CAEIDxAC\" data-complete=\"true\" data-sae=\"\"><span data-sfc-cp=\"\" data-sfc-root=\"c\" data-sfc-cb=\"\" data-complete=\"true\"><strong data-sfc-root=\"c\" data-sfc-cb=\"\" data-complete=\"true\">Proyectos en carpeta:<\/strong>\u00a0Suaid mencion\u00f3 que esperan anuncios del Gobernador para el nuevo ingreso por la\u00a0<strong data-sfc-root=\"c\" data-sfc-cb=\"\" data-complete=\"true\">Avenida Frondizi<\/strong>, nuevas cuadras de asfalto y la construcci\u00f3n del\u00a0<strong data-sfc-root=\"c\" data-sfc-cb=\"\" data-complete=\"true\">Cors\u00f3dromo<\/strong>.<\/span><\/li>\n<li data-sfc-cp=\"\" data-sfc-root=\"c\" data-sfc-cb=\"\" data-hveid=\"CAEIDxAD\" data-complete=\"true\" data-sae=\"\"><span data-sfc-cp=\"\" data-sfc-root=\"c\" data-sfc-cb=\"\" data-complete=\"true\"><strong data-sfc-root=\"c\" data-sfc-cb=\"\" data-complete=\"true\">Esfuerzo compartido:<\/strong>\u00a0Contin\u00faa el plan\u00a0<strong data-sfc-root=\"c\" data-sfc-cb=\"\" data-complete=\"true\">\u00abMita y Mita\u00bb<\/strong>\u00a0(esfuerzo compartido con vecinos) para cord\u00f3n cuneta, iluminaci\u00f3n LED, bacheo y obras de drenaje en el futuro Parque Industrial.<\/span><\/li>\n<\/ul>\n<p><strong>\u00abEstamos en un contexto sumamente dif\u00edcil, la recaudaci\u00f3n y la coparticipaci\u00f3n han bajado much\u00edsimo, pero seguimos haciendo\u00bb<\/strong>, concluy\u00f3 el mandatario local, enfatizando la necesidad de una nueva din\u00e1mica en el rol del Estado ante la crisis actual.<\/p>\n<p>\ud83d\udccc\u00a0<strong data-sfc-root=\"c\" data-sfc-cb=\"\" data-complete=\"true\" data-processed=\"true\">Dato clave:<\/strong>\u00a0El intendente resalt\u00f3 que el impuesto a los combustibles, creado originalmente para mantener rutas, no est\u00e1 siendo volcado a la obra p\u00fablica por parte de Naci\u00f3n, lo que agrava el deterioro del corredor vial.<\/p>\n<p><strong>Fuente: Digital Santo Tom\u00e9<\/strong><\/p>\n","protected":false},"excerpt":{"rendered":"<p>El intendente de Santo Tom\u00e9 respald\u00f3 la intenci\u00f3n del Gobernador Juan Pablo Vald\u00e9s de que la Provincia asuma la obra ante la par\u00e1lisis nacional. Adem\u00e1s, advirti\u00f3 sobre la fuerte ca\u00edda de la coparticipaci\u00f3n y detall\u00f3 el plan de obras locales pese al complejo contexto econ\u00f3mico.\u00a0 SANTO TOM\u00c9 (23\/04\/2026).\u00a0\u2013 En di\u00e1logo mantenido con medios period\u00edsticos, el&#8230;<\/p>\n","protected":false},"author":2,"featured_media":13467,"comment_status":"closed","ping_status":"closed","sticky":false,"template":"","format":"standard","meta":{"_kad_post_transparent":"default","_kad_post_title":"default","_kad_post_layout":"default","_kad_post_sidebar_id":"","_kad_post_content_style":"default","_kad_post_vertical_padding":"default","_kad_post_feature":"","_kad_post_feature_position":"","_kad_post_header":false,"_kad_post_footer":false,"_kad_post_classname":"","footnotes":""},"categories":[1],"tags":[],"class_list":["post-15553","post","type-post","status-publish","format-standard","has-post-thumbnail","hentry","category-locales"],"a3_pvc":{"activated":false,"total_views":0,"today_views":0},"yoast_head":"<!-- This site is optimized with the Yoast SEO plugin v27.5 - https:\/\/yoast.com\/product\/yoast-seo-wordpress\/ -->\n<title>Augusto Suaid: &quot;La autov\u00eda de la Ruta 14 es estrat\u00e9gica para el desarrollo y la producci\u00f3n regional&quot; - Digital Santo Tom\u00e9<\/title>\n<meta name=\"robots\" content=\"index, follow, max-snippet:-1, max-image-preview:large, max-video-preview:-1\" \/>\n<link rel=\"canonical\" href=\"https:\/\/digitalsantotome.com.ar\/?p=15553\" \/>\n<meta property=\"og:locale\" content=\"es_ES\" \/>\n<meta property=\"og:type\" content=\"article\" \/>\n<meta property=\"og:title\" content=\"Augusto Suaid: &quot;La autov\u00eda de la Ruta 14 es estrat\u00e9gica para el desarrollo y la producci\u00f3n regional&quot; - Digital Santo Tom\u00e9\" \/>\n<meta property=\"og:description\" content=\"El intendente de Santo Tom\u00e9 respald\u00f3 la intenci\u00f3n del Gobernador Juan Pablo Vald\u00e9s de que la Provincia asuma la obra ante la par\u00e1lisis nacional. Adem\u00e1s, advirti\u00f3 sobre la fuerte ca\u00edda de la coparticipaci\u00f3n y detall\u00f3 el plan de obras locales pese al complejo contexto econ\u00f3mico.\u00a0 SANTO TOM\u00c9 (23\/04\/2026).\u00a0\u2013 En di\u00e1logo mantenido con medios period\u00edsticos, el...\" \/>\n<meta property=\"og:url\" content=\"https:\/\/digitalsantotome.com.ar\/?p=15553\" \/>\n<meta property=\"og:site_name\" content=\"Digital Santo Tom\u00e9\" \/>\n<meta property=\"article:published_time\" content=\"2026-04-23T22:53:31+00:00\" \/>\n<meta property=\"article:modified_time\" content=\"2026-04-24T12:39:35+00:00\" \/>\n<meta property=\"og:image\" content=\"https:\/\/digitalsantotome.com.ar\/wp-content\/uploads\/2025\/12\/IMG-20251216-WA0043.jpg\" \/>\n\t<meta property=\"og:image:width\" content=\"2560\" \/>\n\t<meta property=\"og:image:height\" content=\"1706\" \/>\n\t<meta property=\"og:image:type\" content=\"image\/jpeg\" \/>\n<meta name=\"author\" content=\"Jose Carlos Machado\" \/>\n<meta name=\"twitter:card\" content=\"summary_large_image\" \/>\n<meta name=\"twitter:label1\" content=\"Escrito por\" \/>\n\t<meta name=\"twitter:data1\" content=\"Jose Carlos Machado\" \/>\n\t<meta name=\"twitter:label2\" content=\"Tiempo de lectura\" \/>\n\t<meta name=\"twitter:data2\" content=\"4 minutos\" \/>\n<script type=\"application\/ld+json\" class=\"yoast-schema-graph\">{\"@context\":\"https:\\\/\\\/schema.org\",\"@graph\":[{\"@type\":\"Article\",\"@id\":\"https:\\\/\\\/digitalsantotome.com.ar\\\/?p=15553#article\",\"isPartOf\":{\"@id\":\"https:\\\/\\\/digitalsantotome.com.ar\\\/?p=15553\"},\"author\":{\"name\":\"Jose Carlos Machado\",\"@id\":\"https:\\\/\\\/digitalsantotome.com.ar\\\/#\\\/schema\\\/person\\\/8991d8822886fedd92ce7f03817e1bdf\"},\"headline\":\"Augusto Suaid: \u00abLa autov\u00eda de la Ruta 14 es estrat\u00e9gica para el desarrollo y la producci\u00f3n regional\u00bb\",\"datePublished\":\"2026-04-23T22:53:31+00:00\",\"dateModified\":\"2026-04-24T12:39:35+00:00\",\"mainEntityOfPage\":{\"@id\":\"https:\\\/\\\/digitalsantotome.com.ar\\\/?p=15553\"},\"wordCount\":679,\"publisher\":{\"@id\":\"https:\\\/\\\/digitalsantotome.com.ar\\\/#organization\"},\"image\":{\"@id\":\"https:\\\/\\\/digitalsantotome.com.ar\\\/?p=15553#primaryimage\"},\"thumbnailUrl\":\"https:\\\/\\\/digitalsantotome.com.ar\\\/wp-content\\\/uploads\\\/2025\\\/12\\\/IMG-20251216-WA0043.jpg\",\"articleSection\":[\"Locales\"],\"inLanguage\":\"es\"},{\"@type\":\"WebPage\",\"@id\":\"https:\\\/\\\/digitalsantotome.com.ar\\\/?p=15553\",\"url\":\"https:\\\/\\\/digitalsantotome.com.ar\\\/?p=15553\",\"name\":\"Augusto Suaid: \\\"La autov\u00eda de la Ruta 14 es estrat\u00e9gica para el desarrollo y la producci\u00f3n regional\\\" - Digital Santo Tom\u00e9\",\"isPartOf\":{\"@id\":\"https:\\\/\\\/digitalsantotome.com.ar\\\/#website\"},\"primaryImageOfPage\":{\"@id\":\"https:\\\/\\\/digitalsantotome.com.ar\\\/?p=15553#primaryimage\"},\"image\":{\"@id\":\"https:\\\/\\\/digitalsantotome.com.ar\\\/?p=15553#primaryimage\"},\"thumbnailUrl\":\"https:\\\/\\\/digitalsantotome.com.ar\\\/wp-content\\\/uploads\\\/2025\\\/12\\\/IMG-20251216-WA0043.jpg\",\"datePublished\":\"2026-04-23T22:53:31+00:00\",\"dateModified\":\"2026-04-24T12:39:35+00:00\",\"breadcrumb\":{\"@id\":\"https:\\\/\\\/digitalsantotome.com.ar\\\/?p=15553#breadcrumb\"},\"inLanguage\":\"es\",\"potentialAction\":[{\"@type\":\"ReadAction\",\"target\":[\"https:\\\/\\\/digitalsantotome.com.ar\\\/?p=15553\"]}]},{\"@type\":\"ImageObject\",\"inLanguage\":\"es\",\"@id\":\"https:\\\/\\\/digitalsantotome.com.ar\\\/?p=15553#primaryimage\",\"url\":\"https:\\\/\\\/digitalsantotome.com.ar\\\/wp-content\\\/uploads\\\/2025\\\/12\\\/IMG-20251216-WA0043.jpg\",\"contentUrl\":\"https:\\\/\\\/digitalsantotome.com.ar\\\/wp-content\\\/uploads\\\/2025\\\/12\\\/IMG-20251216-WA0043.jpg\",\"width\":2560,\"height\":1706},{\"@type\":\"BreadcrumbList\",\"@id\":\"https:\\\/\\\/digitalsantotome.com.ar\\\/?p=15553#breadcrumb\",\"itemListElement\":[{\"@type\":\"ListItem\",\"position\":1,\"name\":\"Portada\",\"item\":\"https:\\\/\\\/digitalsantotome.com.ar\\\/\"},{\"@type\":\"ListItem\",\"position\":2,\"name\":\"Augusto Suaid: \u00abLa autov\u00eda de la Ruta 14 es estrat\u00e9gica para el desarrollo y la producci\u00f3n regional\u00bb\"}]},{\"@type\":\"WebSite\",\"@id\":\"https:\\\/\\\/digitalsantotome.com.ar\\\/#website\",\"url\":\"https:\\\/\\\/digitalsantotome.com.ar\\\/\",\"name\":\"Digital Santo Tom\u00e9\",\"description\":\"Noticias desde Santo Tom\u00e9 al Mundo \u2013 La informacion que decide\",\"publisher\":{\"@id\":\"https:\\\/\\\/digitalsantotome.com.ar\\\/#organization\"},\"potentialAction\":[{\"@type\":\"SearchAction\",\"target\":{\"@type\":\"EntryPoint\",\"urlTemplate\":\"https:\\\/\\\/digitalsantotome.com.ar\\\/?s={search_term_string}\"},\"query-input\":{\"@type\":\"PropertyValueSpecification\",\"valueRequired\":true,\"valueName\":\"search_term_string\"}}],\"inLanguage\":\"es\"},{\"@type\":\"Organization\",\"@id\":\"https:\\\/\\\/digitalsantotome.com.ar\\\/#organization\",\"name\":\"Digital Santo Tom\u00e9\",\"url\":\"https:\\\/\\\/digitalsantotome.com.ar\\\/\",\"logo\":{\"@type\":\"ImageObject\",\"inLanguage\":\"es\",\"@id\":\"https:\\\/\\\/digitalsantotome.com.ar\\\/#\\\/schema\\\/logo\\\/image\\\/\",\"url\":\"https:\\\/\\\/digitalsantotome.com.ar\\\/wp-content\\\/uploads\\\/2023\\\/01\\\/facebook.jpg\",\"contentUrl\":\"https:\\\/\\\/digitalsantotome.com.ar\\\/wp-content\\\/uploads\\\/2023\\\/01\\\/facebook.jpg\",\"width\":512,\"height\":376,\"caption\":\"Digital Santo Tom\u00e9\"},\"image\":{\"@id\":\"https:\\\/\\\/digitalsantotome.com.ar\\\/#\\\/schema\\\/logo\\\/image\\\/\"}},{\"@type\":\"Person\",\"@id\":\"https:\\\/\\\/digitalsantotome.com.ar\\\/#\\\/schema\\\/person\\\/8991d8822886fedd92ce7f03817e1bdf\",\"name\":\"Jose Carlos Machado\",\"url\":\"https:\\\/\\\/digitalsantotome.com.ar\\\/?author=2\"}]}<\/script>\n<!-- \/ Yoast SEO plugin. -->","yoast_head_json":{"title":"Augusto Suaid: \"La autov\u00eda de la Ruta 14 es estrat\u00e9gica para el desarrollo y la producci\u00f3n regional\" - Digital Santo Tom\u00e9","robots":{"index":"index","follow":"follow","max-snippet":"max-snippet:-1","max-image-preview":"max-image-preview:large","max-video-preview":"max-video-preview:-1"},"canonical":"https:\/\/digitalsantotome.com.ar\/?p=15553","og_locale":"es_ES","og_type":"article","og_title":"Augusto Suaid: \"La autov\u00eda de la Ruta 14 es estrat\u00e9gica para el desarrollo y la producci\u00f3n regional\" - Digital Santo Tom\u00e9","og_description":"El intendente de Santo Tom\u00e9 respald\u00f3 la intenci\u00f3n del Gobernador Juan Pablo Vald\u00e9s de que la Provincia asuma la obra ante la par\u00e1lisis nacional. Adem\u00e1s, advirti\u00f3 sobre la fuerte ca\u00edda de la coparticipaci\u00f3n y detall\u00f3 el plan de obras locales pese al complejo contexto econ\u00f3mico.\u00a0 SANTO TOM\u00c9 (23\/04\/2026).\u00a0\u2013 En di\u00e1logo mantenido con medios period\u00edsticos, el...","og_url":"https:\/\/digitalsantotome.com.ar\/?p=15553","og_site_name":"Digital Santo Tom\u00e9","article_published_time":"2026-04-23T22:53:31+00:00","article_modified_time":"2026-04-24T12:39:35+00:00","og_image":[{"width":2560,"height":1706,"url":"https:\/\/digitalsantotome.com.ar\/wp-content\/uploads\/2025\/12\/IMG-20251216-WA0043.jpg","type":"image\/jpeg"}],"author":"Jose Carlos Machado","twitter_card":"summary_large_image","twitter_misc":{"Escrito por":"Jose Carlos Machado","Tiempo de lectura":"4 minutos"},"schema":{"@context":"https:\/\/schema.org","@graph":[{"@type":"Article","@id":"https:\/\/digitalsantotome.com.ar\/?p=15553#article","isPartOf":{"@id":"https:\/\/digitalsantotome.com.ar\/?p=15553"},"author":{"name":"Jose Carlos Machado","@id":"https:\/\/digitalsantotome.com.ar\/#\/schema\/person\/8991d8822886fedd92ce7f03817e1bdf"},"headline":"Augusto Suaid: \u00abLa autov\u00eda de la Ruta 14 es estrat\u00e9gica para el desarrollo y la producci\u00f3n regional\u00bb","datePublished":"2026-04-23T22:53:31+00:00","dateModified":"2026-04-24T12:39:35+00:00","mainEntityOfPage":{"@id":"https:\/\/digitalsantotome.com.ar\/?p=15553"},"wordCount":679,"publisher":{"@id":"https:\/\/digitalsantotome.com.ar\/#organization"},"image":{"@id":"https:\/\/digitalsantotome.com.ar\/?p=15553#primaryimage"},"thumbnailUrl":"https:\/\/digitalsantotome.com.ar\/wp-content\/uploads\/2025\/12\/IMG-20251216-WA0043.jpg","articleSection":["Locales"],"inLanguage":"es"},{"@type":"WebPage","@id":"https:\/\/digitalsantotome.com.ar\/?p=15553","url":"https:\/\/digitalsantotome.com.ar\/?p=15553","name":"Augusto Suaid: \"La autov\u00eda de la Ruta 14 es estrat\u00e9gica para el desarrollo y la producci\u00f3n regional\" - Digital Santo Tom\u00e9","isPartOf":{"@id":"https:\/\/digitalsantotome.com.ar\/#website"},"primaryImageOfPage":{"@id":"https:\/\/digitalsantotome.com.ar\/?p=15553#primaryimage"},"image":{"@id":"https:\/\/digitalsantotome.com.ar\/?p=15553#primaryimage"},"thumbnailUrl":"https:\/\/digitalsantotome.com.ar\/wp-content\/uploads\/2025\/12\/IMG-20251216-WA0043.jpg","datePublished":"2026-04-23T22:53:31+00:00","dateModified":"2026-04-24T12:39:35+00:00","breadcrumb":{"@id":"https:\/\/digitalsantotome.com.ar\/?p=15553#breadcrumb"},"inLanguage":"es","potentialAction":[{"@type":"ReadAction","target":["https:\/\/digitalsantotome.com.ar\/?p=15553"]}]},{"@type":"ImageObject","inLanguage":"es","@id":"https:\/\/digitalsantotome.com.ar\/?p=15553#primaryimage","url":"https:\/\/digitalsantotome.com.ar\/wp-content\/uploads\/2025\/12\/IMG-20251216-WA0043.jpg","contentUrl":"https:\/\/digitalsantotome.com.ar\/wp-content\/uploads\/2025\/12\/IMG-20251216-WA0043.jpg","width":2560,"height":1706},{"@type":"BreadcrumbList","@id":"https:\/\/digitalsantotome.com.ar\/?p=15553#breadcrumb","itemListElement":[{"@type":"ListItem","position":1,"name":"Portada","item":"https:\/\/digitalsantotome.com.ar\/"},{"@type":"ListItem","position":2,"name":"Augusto Suaid: \u00abLa autov\u00eda de la Ruta 14 es estrat\u00e9gica para el desarrollo y la producci\u00f3n regional\u00bb"}]},{"@type":"WebSite","@id":"https:\/\/digitalsantotome.com.ar\/#website","url":"https:\/\/digitalsantotome.com.ar\/","name":"Digital Santo Tom\u00e9","description":"Noticias desde Santo Tom\u00e9 al Mundo \u2013 La informacion que decide","publisher":{"@id":"https:\/\/digitalsantotome.com.ar\/#organization"},"potentialAction":[{"@type":"SearchAction","target":{"@type":"EntryPoint","urlTemplate":"https:\/\/digitalsantotome.com.ar\/?s={search_term_string}"},"query-input":{"@type":"PropertyValueSpecification","valueRequired":true,"valueName":"search_term_string"}}],"inLanguage":"es"},{"@type":"Organization","@id":"https:\/\/digitalsantotome.com.ar\/#organization","name":"Digital Santo Tom\u00e9","url":"https:\/\/digitalsantotome.com.ar\/","logo":{"@type":"ImageObject","inLanguage":"es","@id":"https:\/\/digitalsantotome.com.ar\/#\/schema\/logo\/image\/","url":"https:\/\/digitalsantotome.com.ar\/wp-content\/uploads\/2023\/01\/facebook.jpg","contentUrl":"https:\/\/digitalsantotome.com.ar\/wp-content\/uploads\/2023\/01\/facebook.jpg","width":512,"height":376,"caption":"Digital Santo Tom\u00e9"},"image":{"@id":"https:\/\/digitalsantotome.com.ar\/#\/schema\/logo\/image\/"}},{"@type":"Person","@id":"https:\/\/digitalsantotome.com.ar\/#\/schema\/person\/8991d8822886fedd92ce7f03817e1bdf","name":"Jose Carlos Machado","url":"https:\/\/digitalsantotome.com.ar\/?author=2"}]}},"_links":{"self":[{"href":"https:\/\/digitalsantotome.com.ar\/index.php?rest_route=\/wp\/v2\/posts\/15553","targetHints":{"allow":["GET"]}}],"collection":[{"href":"https:\/\/digitalsantotome.com.ar\/index.php?rest_route=\/wp\/v2\/posts"}],"about":[{"href":"https:\/\/digitalsantotome.com.ar\/index.php?rest_route=\/wp\/v2\/types\/post"}],"author":[{"embeddable":true,"href":"https:\/\/digitalsantotome.com.ar\/index.php?rest_route=\/wp\/v2\/users\/2"}],"replies":[{"embeddable":true,"href":"https:\/\/digitalsantotome.com.ar\/index.php?rest_route=%2Fwp%2Fv2%2Fcomments&post=15553"}],"version-history":[{"count":2,"href":"https:\/\/digitalsantotome.com.ar\/index.php?rest_route=\/wp\/v2\/posts\/15553\/revisions"}],"predecessor-version":[{"id":15555,"href":"https:\/\/digitalsantotome.com.ar\/index.php?rest_route=\/wp\/v2\/posts\/15553\/revisions\/15555"}],"wp:featuredmedia":[{"embeddable":true,"href":"https:\/\/digitalsantotome.com.ar\/index.php?rest_route=\/wp\/v2\/media\/13467"}],"wp:attachment":[{"href":"https:\/\/digitalsantotome.com.ar\/index.php?rest_route=%2Fwp%2Fv2%2Fmedia&parent=15553"}],"wp:term":[{"taxonomy":"category","embeddable":true,"href":"https:\/\/digitalsantotome.com.ar\/index.php?rest_route=%2Fwp%2Fv2%2Fcategories&post=15553"},{"taxonomy":"post_tag","embeddable":true,"href":"https:\/\/digitalsantotome.com.ar\/index.php?rest_route=%2Fwp%2Fv2%2Ftags&post=15553"}],"curies":[{"name":"wp","href":"https:\/\/api.w.org\/{rel}","templated":true}]}}