{"id":15556,"date":"2026-04-24T09:36:18","date_gmt":"2026-04-24T12:36:18","guid":{"rendered":"https:\/\/digitalsantotome.com.ar\/?p=15556"},"modified":"2026-04-24T09:36:18","modified_gmt":"2026-04-24T12:36:18","slug":"realizaron-un-taller-de-carnaval-sustentable-con-participacion-de-comparseros-emprendedores-y-estudiantes","status":"publish","type":"post","link":"https:\/\/digitalsantotome.com.ar\/?p=15556","title":{"rendered":"Realizaron un taller de carnaval sustentable con participaci\u00f3n de comparseros, emprendedores y estudiantes"},"content":{"rendered":"<div class=\"gs\">\n<div class=\"\">\n<div id=\":q2\" class=\"ii gt\">\n<div id=\":qh\" class=\"a3s aiL\">\n<div id=\"avWBGd-293\">\n<div dir=\"auto\">SANTO TOME. La Municipalidad de Santo Tom\u00e9 organiz\u00f3 un taller de carnaval sustentable que reuni\u00f3 a emprendedores locales, estudiantes e integrantes de comparsas de la ciudad, en una propuesta orientada a promover pr\u00e1cticas m\u00e1s econ\u00f3micas y amigables con el ambiente dentro de una de las expresiones culturales m\u00e1s representativas de la comunidad, seg\u00fan lo expresa un parte de prensa divulgado por la comuna santotome\u00f1a.<\/p>\n<p>La capacitaci\u00f3n estuvo a cargo del emprendimiento Greenmelt, proveniente de San Luis del Palmar, y fue encabezada por su fundador, Telmo Cristaldo, quien present\u00f3 alternativas innovadoras para la confecci\u00f3n de trajes de carnaval a partir de materiales reciclados.<\/p>\n<p>Durante la jornada, se trabaj\u00f3 en la elaboraci\u00f3n de boas y plumas ecol\u00f3gicas, confeccionadas \u00edntegramente con pl\u00e1stico reciclado. En este sentido, Cristaldo explic\u00f3 que el objetivo del proyecto es transformar residuos en nuevas soluciones, destacando especialmente su aplicaci\u00f3n en el \u00e1mbito del carnaval.<\/p><\/div>\n<div dir=\"auto\"><img fetchpriority=\"high\" decoding=\"async\" class=\"alignnone size-full wp-image-15558\" src=\"https:\/\/digitalsantotome.com.ar\/wp-content\/uploads\/2026\/04\/IMG-20260423-WA0052.jpg\" alt=\"\" width=\"1440\" height=\"960\" srcset=\"https:\/\/digitalsantotome.com.ar\/wp-content\/uploads\/2026\/04\/IMG-20260423-WA0052.jpg 1440w, https:\/\/digitalsantotome.com.ar\/wp-content\/uploads\/2026\/04\/IMG-20260423-WA0052-300x200.jpg 300w, https:\/\/digitalsantotome.com.ar\/wp-content\/uploads\/2026\/04\/IMG-20260423-WA0052-1024x683.jpg 1024w, https:\/\/digitalsantotome.com.ar\/wp-content\/uploads\/2026\/04\/IMG-20260423-WA0052-768x512.jpg 768w\" sizes=\"(max-width: 1440px) 100vw, 1440px\" \/><\/p>\n<p>Adem\u00e1s, remarc\u00f3 que uno de los principales desaf\u00edos que enfrentan las comparsas es el alto costo de los materiales tradicionales. Frente a esto, la propuesta apunta a brindar herramientas que permitan a los comparseros desarrollar sus propios dise\u00f1os de manera m\u00e1s accesible, sin recurrir al uso de materiales de origen animal y contribuyendo al cuidado del ambiente.<\/p>\n<p>Uno de los aspectos m\u00e1s innovadores del taller fue la utilizaci\u00f3n de pl\u00e1stico PET reciclado para la fabricaci\u00f3n de las estructuras de las plumas artificiales, logrando un producto m\u00e1s resistente, liviano y flexible, con mayor naturalidad en su apariencia. Esta alternativa, adem\u00e1s, permite aprovechar residuos locales y reducir la dependencia de insumos importados.<\/p>\n<p>Desde el emprendimiento destacaron la importancia de seguir impulsando el concepto de carnaval sustentable, entendiendo que si bien existen barreras culturales, estas propuestas buscan ampliar las posibilidades creativas y promover nuevas herramientas para el dise\u00f1o.<\/p>\n<p>Al cierre, desde la organizaci\u00f3n se valor\u00f3 el acompa\u00f1amiento del Municipio de Santo Tom\u00e9 en la generaci\u00f3n de estos espacios de formaci\u00f3n, as\u00ed como la articulaci\u00f3n con referentes locales, consolidando pol\u00edticas que fomentan la innovaci\u00f3n, la econom\u00eda circular y el fortalecimiento de la identidad cultural.<\/p><\/div>\n<div dir=\"auto\"><img decoding=\"async\" class=\"alignnone size-full wp-image-15559\" src=\"https:\/\/digitalsantotome.com.ar\/wp-content\/uploads\/2026\/04\/IMG-20260423-WA0053.jpg\" alt=\"\" width=\"1440\" height=\"959\" srcset=\"https:\/\/digitalsantotome.com.ar\/wp-content\/uploads\/2026\/04\/IMG-20260423-WA0053.jpg 1440w, https:\/\/digitalsantotome.com.ar\/wp-content\/uploads\/2026\/04\/IMG-20260423-WA0053-300x200.jpg 300w, https:\/\/digitalsantotome.com.ar\/wp-content\/uploads\/2026\/04\/IMG-20260423-WA0053-1024x682.jpg 1024w, https:\/\/digitalsantotome.com.ar\/wp-content\/uploads\/2026\/04\/IMG-20260423-WA0053-768x511.jpg 768w\" sizes=\"(max-width: 1440px) 100vw, 1440px\" \/><\/div>\n<div class=\"yj6qo\"><\/div>\n<div class=\"adL\"><\/div>\n<\/div>\n<\/div>\n<\/div>\n<div id=\"avWBGd-294\" class=\"WhmR8e\" data-hash=\"0\"><\/div>\n<\/div>\n<\/div>\n","protected":false},"excerpt":{"rendered":"<p>SANTO TOME. La Municipalidad de Santo Tom\u00e9 organiz\u00f3 un taller de carnaval sustentable que reuni\u00f3 a emprendedores locales, estudiantes e integrantes de comparsas de la ciudad, en una propuesta orientada a promover pr\u00e1cticas m\u00e1s econ\u00f3micas y amigables con el ambiente dentro de una de las expresiones culturales m\u00e1s representativas de la comunidad, seg\u00fan lo expresa&#8230;<\/p>\n","protected":false},"author":2,"featured_media":15557,"comment_status":"closed","ping_status":"closed","sticky":false,"template":"","format":"standard","meta":{"_kad_post_transparent":"default","_kad_post_title":"default","_kad_post_layout":"default","_kad_post_sidebar_id":"","_kad_post_content_style":"default","_kad_post_vertical_padding":"default","_kad_post_feature":"","_kad_post_feature_position":"","_kad_post_header":false,"_kad_post_footer":false,"_kad_post_classname":"","footnotes":""},"categories":[1],"tags":[],"class_list":["post-15556","post","type-post","status-publish","format-standard","has-post-thumbnail","hentry","category-locales"],"a3_pvc":{"activated":false,"total_views":0,"today_views":0},"yoast_head":"<!-- This site is optimized with the Yoast SEO plugin v27.4 - https:\/\/yoast.com\/product\/yoast-seo-wordpress\/ -->\n<title>Realizaron un taller de carnaval sustentable con participaci\u00f3n de comparseros, emprendedores y estudiantes - Digital Santo Tom\u00e9<\/title>\n<meta name=\"robots\" content=\"index, follow, max-snippet:-1, max-image-preview:large, max-video-preview:-1\" \/>\n<link rel=\"canonical\" href=\"https:\/\/digitalsantotome.com.ar\/?p=15556\" \/>\n<meta property=\"og:locale\" content=\"es_ES\" \/>\n<meta property=\"og:type\" content=\"article\" \/>\n<meta property=\"og:title\" content=\"Realizaron un taller de carnaval sustentable con participaci\u00f3n de comparseros, emprendedores y estudiantes - Digital Santo Tom\u00e9\" \/>\n<meta property=\"og:description\" content=\"SANTO TOME. La Municipalidad de Santo Tom\u00e9 organiz\u00f3 un taller de carnaval sustentable que reuni\u00f3 a emprendedores locales, estudiantes e integrantes de comparsas de la ciudad, en una propuesta orientada a promover pr\u00e1cticas m\u00e1s econ\u00f3micas y amigables con el ambiente dentro de una de las expresiones culturales m\u00e1s representativas de la comunidad, seg\u00fan lo expresa...\" \/>\n<meta property=\"og:url\" content=\"https:\/\/digitalsantotome.com.ar\/?p=15556\" \/>\n<meta property=\"og:site_name\" content=\"Digital Santo Tom\u00e9\" \/>\n<meta property=\"article:published_time\" content=\"2026-04-24T12:36:18+00:00\" \/>\n<meta property=\"og:image\" content=\"https:\/\/digitalsantotome.com.ar\/wp-content\/uploads\/2026\/04\/IMG-20260423-WA0054.jpg\" \/>\n\t<meta property=\"og:image:width\" content=\"1440\" \/>\n\t<meta property=\"og:image:height\" content=\"960\" \/>\n\t<meta property=\"og:image:type\" content=\"image\/jpeg\" \/>\n<meta name=\"author\" content=\"Jose Carlos Machado\" \/>\n<meta name=\"twitter:card\" content=\"summary_large_image\" \/>\n<meta name=\"twitter:label1\" content=\"Escrito por\" \/>\n\t<meta name=\"twitter:data1\" content=\"Jose Carlos Machado\" \/>\n\t<meta name=\"twitter:label2\" content=\"Tiempo de lectura\" \/>\n\t<meta name=\"twitter:data2\" content=\"3 minutos\" \/>\n<script type=\"application\/ld+json\" class=\"yoast-schema-graph\">{\"@context\":\"https:\\\/\\\/schema.org\",\"@graph\":[{\"@type\":\"Article\",\"@id\":\"https:\\\/\\\/digitalsantotome.com.ar\\\/?p=15556#article\",\"isPartOf\":{\"@id\":\"https:\\\/\\\/digitalsantotome.com.ar\\\/?p=15556\"},\"author\":{\"name\":\"Jose Carlos Machado\",\"@id\":\"https:\\\/\\\/digitalsantotome.com.ar\\\/#\\\/schema\\\/person\\\/8991d8822886fedd92ce7f03817e1bdf\"},\"headline\":\"Realizaron un taller de carnaval sustentable con participaci\u00f3n de comparseros, emprendedores y estudiantes\",\"datePublished\":\"2026-04-24T12:36:18+00:00\",\"mainEntityOfPage\":{\"@id\":\"https:\\\/\\\/digitalsantotome.com.ar\\\/?p=15556\"},\"wordCount\":380,\"publisher\":{\"@id\":\"https:\\\/\\\/digitalsantotome.com.ar\\\/#organization\"},\"image\":{\"@id\":\"https:\\\/\\\/digitalsantotome.com.ar\\\/?p=15556#primaryimage\"},\"thumbnailUrl\":\"https:\\\/\\\/digitalsantotome.com.ar\\\/wp-content\\\/uploads\\\/2026\\\/04\\\/IMG-20260423-WA0054.jpg\",\"articleSection\":[\"Locales\"],\"inLanguage\":\"es\"},{\"@type\":\"WebPage\",\"@id\":\"https:\\\/\\\/digitalsantotome.com.ar\\\/?p=15556\",\"url\":\"https:\\\/\\\/digitalsantotome.com.ar\\\/?p=15556\",\"name\":\"Realizaron un taller de carnaval sustentable con participaci\u00f3n de comparseros, emprendedores y estudiantes - Digital Santo Tom\u00e9\",\"isPartOf\":{\"@id\":\"https:\\\/\\\/digitalsantotome.com.ar\\\/#website\"},\"primaryImageOfPage\":{\"@id\":\"https:\\\/\\\/digitalsantotome.com.ar\\\/?p=15556#primaryimage\"},\"image\":{\"@id\":\"https:\\\/\\\/digitalsantotome.com.ar\\\/?p=15556#primaryimage\"},\"thumbnailUrl\":\"https:\\\/\\\/digitalsantotome.com.ar\\\/wp-content\\\/uploads\\\/2026\\\/04\\\/IMG-20260423-WA0054.jpg\",\"datePublished\":\"2026-04-24T12:36:18+00:00\",\"breadcrumb\":{\"@id\":\"https:\\\/\\\/digitalsantotome.com.ar\\\/?p=15556#breadcrumb\"},\"inLanguage\":\"es\",\"potentialAction\":[{\"@type\":\"ReadAction\",\"target\":[\"https:\\\/\\\/digitalsantotome.com.ar\\\/?p=15556\"]}]},{\"@type\":\"ImageObject\",\"inLanguage\":\"es\",\"@id\":\"https:\\\/\\\/digitalsantotome.com.ar\\\/?p=15556#primaryimage\",\"url\":\"https:\\\/\\\/digitalsantotome.com.ar\\\/wp-content\\\/uploads\\\/2026\\\/04\\\/IMG-20260423-WA0054.jpg\",\"contentUrl\":\"https:\\\/\\\/digitalsantotome.com.ar\\\/wp-content\\\/uploads\\\/2026\\\/04\\\/IMG-20260423-WA0054.jpg\",\"width\":1440,\"height\":960},{\"@type\":\"BreadcrumbList\",\"@id\":\"https:\\\/\\\/digitalsantotome.com.ar\\\/?p=15556#breadcrumb\",\"itemListElement\":[{\"@type\":\"ListItem\",\"position\":1,\"name\":\"Portada\",\"item\":\"https:\\\/\\\/digitalsantotome.com.ar\\\/\"},{\"@type\":\"ListItem\",\"position\":2,\"name\":\"Realizaron un taller de carnaval sustentable con participaci\u00f3n de comparseros, emprendedores y estudiantes\"}]},{\"@type\":\"WebSite\",\"@id\":\"https:\\\/\\\/digitalsantotome.com.ar\\\/#website\",\"url\":\"https:\\\/\\\/digitalsantotome.com.ar\\\/\",\"name\":\"Digital Santo Tom\u00e9\",\"description\":\"Noticias desde Santo Tom\u00e9 al Mundo \u2013 La informacion que decide\",\"publisher\":{\"@id\":\"https:\\\/\\\/digitalsantotome.com.ar\\\/#organization\"},\"potentialAction\":[{\"@type\":\"SearchAction\",\"target\":{\"@type\":\"EntryPoint\",\"urlTemplate\":\"https:\\\/\\\/digitalsantotome.com.ar\\\/?s={search_term_string}\"},\"query-input\":{\"@type\":\"PropertyValueSpecification\",\"valueRequired\":true,\"valueName\":\"search_term_string\"}}],\"inLanguage\":\"es\"},{\"@type\":\"Organization\",\"@id\":\"https:\\\/\\\/digitalsantotome.com.ar\\\/#organization\",\"name\":\"Digital Santo Tom\u00e9\",\"url\":\"https:\\\/\\\/digitalsantotome.com.ar\\\/\",\"logo\":{\"@type\":\"ImageObject\",\"inLanguage\":\"es\",\"@id\":\"https:\\\/\\\/digitalsantotome.com.ar\\\/#\\\/schema\\\/logo\\\/image\\\/\",\"url\":\"https:\\\/\\\/digitalsantotome.com.ar\\\/wp-content\\\/uploads\\\/2023\\\/01\\\/facebook.jpg\",\"contentUrl\":\"https:\\\/\\\/digitalsantotome.com.ar\\\/wp-content\\\/uploads\\\/2023\\\/01\\\/facebook.jpg\",\"width\":512,\"height\":376,\"caption\":\"Digital Santo Tom\u00e9\"},\"image\":{\"@id\":\"https:\\\/\\\/digitalsantotome.com.ar\\\/#\\\/schema\\\/logo\\\/image\\\/\"}},{\"@type\":\"Person\",\"@id\":\"https:\\\/\\\/digitalsantotome.com.ar\\\/#\\\/schema\\\/person\\\/8991d8822886fedd92ce7f03817e1bdf\",\"name\":\"Jose Carlos Machado\",\"url\":\"https:\\\/\\\/digitalsantotome.com.ar\\\/?author=2\"}]}<\/script>\n<!-- \/ Yoast SEO plugin. -->","yoast_head_json":{"title":"Realizaron un taller de carnaval sustentable con participaci\u00f3n de comparseros, emprendedores y estudiantes - Digital Santo Tom\u00e9","robots":{"index":"index","follow":"follow","max-snippet":"max-snippet:-1","max-image-preview":"max-image-preview:large","max-video-preview":"max-video-preview:-1"},"canonical":"https:\/\/digitalsantotome.com.ar\/?p=15556","og_locale":"es_ES","og_type":"article","og_title":"Realizaron un taller de carnaval sustentable con participaci\u00f3n de comparseros, emprendedores y estudiantes - Digital Santo Tom\u00e9","og_description":"SANTO TOME. La Municipalidad de Santo Tom\u00e9 organiz\u00f3 un taller de carnaval sustentable que reuni\u00f3 a emprendedores locales, estudiantes e integrantes de comparsas de la ciudad, en una propuesta orientada a promover pr\u00e1cticas m\u00e1s econ\u00f3micas y amigables con el ambiente dentro de una de las expresiones culturales m\u00e1s representativas de la comunidad, seg\u00fan lo expresa...","og_url":"https:\/\/digitalsantotome.com.ar\/?p=15556","og_site_name":"Digital Santo Tom\u00e9","article_published_time":"2026-04-24T12:36:18+00:00","og_image":[{"width":1440,"height":960,"url":"https:\/\/digitalsantotome.com.ar\/wp-content\/uploads\/2026\/04\/IMG-20260423-WA0054.jpg","type":"image\/jpeg"}],"author":"Jose Carlos Machado","twitter_card":"summary_large_image","twitter_misc":{"Escrito por":"Jose Carlos Machado","Tiempo de lectura":"3 minutos"},"schema":{"@context":"https:\/\/schema.org","@graph":[{"@type":"Article","@id":"https:\/\/digitalsantotome.com.ar\/?p=15556#article","isPartOf":{"@id":"https:\/\/digitalsantotome.com.ar\/?p=15556"},"author":{"name":"Jose Carlos Machado","@id":"https:\/\/digitalsantotome.com.ar\/#\/schema\/person\/8991d8822886fedd92ce7f03817e1bdf"},"headline":"Realizaron un taller de carnaval sustentable con participaci\u00f3n de comparseros, emprendedores y estudiantes","datePublished":"2026-04-24T12:36:18+00:00","mainEntityOfPage":{"@id":"https:\/\/digitalsantotome.com.ar\/?p=15556"},"wordCount":380,"publisher":{"@id":"https:\/\/digitalsantotome.com.ar\/#organization"},"image":{"@id":"https:\/\/digitalsantotome.com.ar\/?p=15556#primaryimage"},"thumbnailUrl":"https:\/\/digitalsantotome.com.ar\/wp-content\/uploads\/2026\/04\/IMG-20260423-WA0054.jpg","articleSection":["Locales"],"inLanguage":"es"},{"@type":"WebPage","@id":"https:\/\/digitalsantotome.com.ar\/?p=15556","url":"https:\/\/digitalsantotome.com.ar\/?p=15556","name":"Realizaron un taller de carnaval sustentable con participaci\u00f3n de comparseros, emprendedores y estudiantes - Digital Santo Tom\u00e9","isPartOf":{"@id":"https:\/\/digitalsantotome.com.ar\/#website"},"primaryImageOfPage":{"@id":"https:\/\/digitalsantotome.com.ar\/?p=15556#primaryimage"},"image":{"@id":"https:\/\/digitalsantotome.com.ar\/?p=15556#primaryimage"},"thumbnailUrl":"https:\/\/digitalsantotome.com.ar\/wp-content\/uploads\/2026\/04\/IMG-20260423-WA0054.jpg","datePublished":"2026-04-24T12:36:18+00:00","breadcrumb":{"@id":"https:\/\/digitalsantotome.com.ar\/?p=15556#breadcrumb"},"inLanguage":"es","potentialAction":[{"@type":"ReadAction","target":["https:\/\/digitalsantotome.com.ar\/?p=15556"]}]},{"@type":"ImageObject","inLanguage":"es","@id":"https:\/\/digitalsantotome.com.ar\/?p=15556#primaryimage","url":"https:\/\/digitalsantotome.com.ar\/wp-content\/uploads\/2026\/04\/IMG-20260423-WA0054.jpg","contentUrl":"https:\/\/digitalsantotome.com.ar\/wp-content\/uploads\/2026\/04\/IMG-20260423-WA0054.jpg","width":1440,"height":960},{"@type":"BreadcrumbList","@id":"https:\/\/digitalsantotome.com.ar\/?p=15556#breadcrumb","itemListElement":[{"@type":"ListItem","position":1,"name":"Portada","item":"https:\/\/digitalsantotome.com.ar\/"},{"@type":"ListItem","position":2,"name":"Realizaron un taller de carnaval sustentable con participaci\u00f3n de comparseros, emprendedores y estudiantes"}]},{"@type":"WebSite","@id":"https:\/\/digitalsantotome.com.ar\/#website","url":"https:\/\/digitalsantotome.com.ar\/","name":"Digital Santo Tom\u00e9","description":"Noticias desde Santo Tom\u00e9 al Mundo \u2013 La informacion que decide","publisher":{"@id":"https:\/\/digitalsantotome.com.ar\/#organization"},"potentialAction":[{"@type":"SearchAction","target":{"@type":"EntryPoint","urlTemplate":"https:\/\/digitalsantotome.com.ar\/?s={search_term_string}"},"query-input":{"@type":"PropertyValueSpecification","valueRequired":true,"valueName":"search_term_string"}}],"inLanguage":"es"},{"@type":"Organization","@id":"https:\/\/digitalsantotome.com.ar\/#organization","name":"Digital Santo Tom\u00e9","url":"https:\/\/digitalsantotome.com.ar\/","logo":{"@type":"ImageObject","inLanguage":"es","@id":"https:\/\/digitalsantotome.com.ar\/#\/schema\/logo\/image\/","url":"https:\/\/digitalsantotome.com.ar\/wp-content\/uploads\/2023\/01\/facebook.jpg","contentUrl":"https:\/\/digitalsantotome.com.ar\/wp-content\/uploads\/2023\/01\/facebook.jpg","width":512,"height":376,"caption":"Digital Santo Tom\u00e9"},"image":{"@id":"https:\/\/digitalsantotome.com.ar\/#\/schema\/logo\/image\/"}},{"@type":"Person","@id":"https:\/\/digitalsantotome.com.ar\/#\/schema\/person\/8991d8822886fedd92ce7f03817e1bdf","name":"Jose Carlos Machado","url":"https:\/\/digitalsantotome.com.ar\/?author=2"}]}},"_links":{"self":[{"href":"https:\/\/digitalsantotome.com.ar\/index.php?rest_route=\/wp\/v2\/posts\/15556","targetHints":{"allow":["GET"]}}],"collection":[{"href":"https:\/\/digitalsantotome.com.ar\/index.php?rest_route=\/wp\/v2\/posts"}],"about":[{"href":"https:\/\/digitalsantotome.com.ar\/index.php?rest_route=\/wp\/v2\/types\/post"}],"author":[{"embeddable":true,"href":"https:\/\/digitalsantotome.com.ar\/index.php?rest_route=\/wp\/v2\/users\/2"}],"replies":[{"embeddable":true,"href":"https:\/\/digitalsantotome.com.ar\/index.php?rest_route=%2Fwp%2Fv2%2Fcomments&post=15556"}],"version-history":[{"count":1,"href":"https:\/\/digitalsantotome.com.ar\/index.php?rest_route=\/wp\/v2\/posts\/15556\/revisions"}],"predecessor-version":[{"id":15560,"href":"https:\/\/digitalsantotome.com.ar\/index.php?rest_route=\/wp\/v2\/posts\/15556\/revisions\/15560"}],"wp:featuredmedia":[{"embeddable":true,"href":"https:\/\/digitalsantotome.com.ar\/index.php?rest_route=\/wp\/v2\/media\/15557"}],"wp:attachment":[{"href":"https:\/\/digitalsantotome.com.ar\/index.php?rest_route=%2Fwp%2Fv2%2Fmedia&parent=15556"}],"wp:term":[{"taxonomy":"category","embeddable":true,"href":"https:\/\/digitalsantotome.com.ar\/index.php?rest_route=%2Fwp%2Fv2%2Fcategories&post=15556"},{"taxonomy":"post_tag","embeddable":true,"href":"https:\/\/digitalsantotome.com.ar\/index.php?rest_route=%2Fwp%2Fv2%2Ftags&post=15556"}],"curies":[{"name":"wp","href":"https:\/\/api.w.org\/{rel}","templated":true}]}}