{"id":15574,"date":"2026-04-24T18:15:14","date_gmt":"2026-04-24T21:15:14","guid":{"rendered":"https:\/\/digitalsantotome.com.ar\/?p=15574"},"modified":"2026-04-24T18:15:21","modified_gmt":"2026-04-24T21:15:21","slug":"presentaron-el-proyecto-de-reorganizacion-funcional-del-poder-judicial-de-corrientes","status":"publish","type":"post","link":"https:\/\/digitalsantotome.com.ar\/?p=15574","title":{"rendered":"Presentaron el proyecto de reorganizaci\u00f3n funcional del Poder Judicial de Corrientes"},"content":{"rendered":"<div class=\"row\">\n<div id=\"conte\" class=\"span6 base\">\n<p>CORRIENTES. Los ministros del Superior Tribunal de Justicia, Fernando Augusto Niz y doctor Eduardo Panseri presentaron este viernes la iniciativa que propone un nuevo modelo de gesti\u00f3n para la Secretar\u00eda Administrativa, orientado a mejorar la eficiencia, la coordinaci\u00f3n y la calidad del servicio de justicia.<\/p>\n<p>En una reuni\u00f3n con Directores, Jefes y Responsables de \u00e1reas administrativas explicaron el plan para avanzar hacia un modelo m\u00e1s eficiente y moderno del Poder Judicial de Corrientes.<\/p>\n<p>En el Sal\u00f3n Auditorio del Poder Judicial, ubicado en calle 9 de Julio de la ciudad de Corrientes, se present\u00f3 el proyecto institucional de Reorganizaci\u00f3n Funcional y Estrat\u00e9gica de la Secretar\u00eda Administrativa, una propuesta que busca transformar el modelo de gesti\u00f3n actual hacia uno m\u00e1s integrado, eficiente y orientado a resultados.<\/p>\n<p>La iniciativa, impulsada por los ministros del Superior Tribunal de Justicia, doctores Fernando Niz y Eduardo Panseri, plantea un redise\u00f1o estructural de las \u00e1reas t\u00e9cnicas y administrativas, con el objetivo de optimizar el funcionamiento interno y fortalecer la prestaci\u00f3n del servicio de justicia.<\/p>\n<p>Del encuentro participaron funcionarios y empleados de las distintas \u00e1reas administrativas del Poder Judicial de Corrientes, quienes acompa\u00f1aron la presentaci\u00f3n del proyecto y fueron convocados a formar parte activa del proceso de transformaci\u00f3n institucional.<\/p>\n<p><strong>UN CAMBIO NECESARIO ANTE NUEVAS DEMANDAS<\/strong><\/p>\n<p>Durante la presentaci\u00f3n se explic\u00f3 que el esquema organizativo vigente qued\u00f3 superado por el crecimiento del Poder Judicial, la incorporaci\u00f3n de nuevos c\u00f3digos procesales y el avance de la transformaci\u00f3n digital.<\/p>\n<p>Seg\u00fan se detalla en el proyecto, la estructura actual presenta problemas como fragmentaci\u00f3n entre \u00e1reas, duplicaci\u00f3n de tareas, falta de planificaci\u00f3n y decisiones sin base en datos, lo que impacta en la eficiencia y en la capacidad de respuesta institucional.<\/p>\n<p>En ese sentido, se destac\u00f3 que la evoluci\u00f3n del servicio de justicia requiere una nueva arquitectura institucional que permita pasar de una l\u00f3gica reactiva a una gesti\u00f3n estrat\u00e9gica.<\/p>\n<p><strong>DR NIZ: \u00abEL DESAF\u00cdO DE TRANSFORMAR LA GESTI\u00d3N\u00bb<\/strong><\/p>\n<p>El ministro del Superior Tribunal de Justicia, doctor Fernando Augusto Niz, fue el encargado de dar inicio a la presentaci\u00f3n y destac\u00f3 la importancia del trabajo conjunto para llevar adelante el proyecto.<\/p>\n<p>\u201cEste encuentro de trabajo es para intercambiar conocimientos y experiencias. Con el tiempo aprend\u00ed a valorar a todos y cada uno de ustedes: el capital humano es lo m\u00e1s valioso que tiene el Poder Judicial\u201d, expres\u00f3.<\/p>\n<p>En ese sentido, remarc\u00f3 que la iniciativa busca construirse de manera colectiva: \u201cQueremos trabajar juntos con el conocimiento de todos para afianzar este proyecto institucional. El desaf\u00edo es transformar la gesti\u00f3n\u201d.<\/p>\n<p>Adem\u00e1s, explic\u00f3 que el plan contempla distintas etapas hasta su implementaci\u00f3n final y subray\u00f3 su objetivo central: \u201cQueremos hacer un proyecto hist\u00f3rico y lo vamos a lograr con el acompa\u00f1amiento de ustedes. En definitiva, esto es para mejorar el servicio de justicia para la sociedad\u201d.<\/p>\n<p><strong>PANSERI: \u201cESTA NUEVA ORGANIZACI\u00d3N ES UNA BISAGRA Y NO IMPLICA AUMENTO DE PRESUPUESTO\u201d<\/strong><\/p>\n<p>Por su parte, el ministro del STJ, doctor Eduardo Panseri, destac\u00f3 el car\u00e1cter transformador del proyecto y llev\u00f3 tranquilidad respecto a su impacto en la estructura laboral.<\/p>\n<p>\u201cQueremos ir aprendiendo entre todos esta nueva organizaci\u00f3n que vamos a darle al Poder Judicial\u201d, se\u00f1al\u00f3, al tiempo que valor\u00f3 el rol del \u00e1rea administrativa, donde se concentra gran parte del personal.<\/p>\n<p>Panseri explic\u00f3 que la propuesta se consolida como un punto de inflexi\u00f3n: \u201cEsta nueva organizaci\u00f3n es una bisagra. No implica impacto en el presupuesto ni incremento en la planta laboral, tampoco se quitar\u00e1 la jerarqu\u00eda de nadie ni habr\u00e1 perjuicio salarial\u201d.<\/p>\n<p>Asimismo, indic\u00f3 que el cambio requerir\u00e1 compromiso interno: \u201cVamos a pedir un esfuerzo intelectual para distribuir y mejorar las tareas de las distintas \u00e1reas administrativas\u201d.<\/p>\n<p>Finalmente, puso el foco en la carrera judicial: \u201cLa mejora no implica mayor gasto, sino un reordenamiento funcional, con concursos internos y un trabajo horizontal y colaborativo\u201d.<\/p>\n<p><strong>UN MODELO BASADO DE INTEGRACI\u00d3N Y PLANIFICACI\u00d3N<\/strong><\/p>\n<p>El nuevo esquema propone organizar la Secretar\u00eda Administrativa en tres niveles de gesti\u00f3n: coordinaci\u00f3n estrat\u00e9gica, gesti\u00f3n operativa y planificaci\u00f3n estrat\u00e9gica con indicadores.<\/p>\n<p>Adem\u00e1s, se plantea una estructura transversal con \u00e1reas clave como gesti\u00f3n judicial, servicios t\u00e9cnicos, capital humano, fiscalizaciones, servicios generales y comunicaci\u00f3n institucional.<\/p>\n<p>El objetivo es dejar atr\u00e1s las \u00e1reas aisladas para avanzar hacia funciones integradas, procesos ordenados e informaci\u00f3n unificada, lo que permitir\u00e1 mejorar la toma de decisiones y optimizar los recursos.<\/p>\n<p><strong>IMPACTO EN EL SERVICIO DE JUSTICIA<\/strong><\/p>\n<p>Entre los principales beneficios del proyecto se destacan la mejora en la coordinaci\u00f3n, la reducci\u00f3n de tiempos y costos, el uso m\u00e1s eficiente del personal y una mayor transparencia en los procesos, con decisiones basadas en datos.<\/p>\n<p>Tambi\u00e9n se prev\u00e9 fortalecer la carrera judicial mediante concursos de cargos y un an\u00e1lisis de perfiles acorde a las nuevas necesidades institucionales.<\/p>\n<p><strong>UNA TRANSFORMACI\u00d3N INTEGRAL<\/strong><\/p>\n<p>La propuesta no implica eliminar funciones ni alterar competencias, sino reorganizarlas de manera m\u00e1s eficiente, preservando la identidad de cada \u00e1rea y promoviendo el trabajo colaborativo.<\/p>\n<p>\u201cEl cambio no es solo reorganizar, es transformar la forma de gestionar\u201d, se\u00f1ala el documento, que apunta a consolidar un sistema con mayor trazabilidad, agilidad y excelencia institucional.<\/p>\n<\/div>\n<div><\/div>\n<\/div>\n<div>Momarandu.com<\/div>\n<p>&nbsp;<\/p>\n","protected":false},"excerpt":{"rendered":"<p>CORRIENTES. Los ministros del Superior Tribunal de Justicia, Fernando Augusto Niz y doctor Eduardo Panseri presentaron este viernes la iniciativa que propone un nuevo modelo de gesti\u00f3n para la Secretar\u00eda Administrativa, orientado a mejorar la eficiencia, la coordinaci\u00f3n y la calidad del servicio de justicia. En una reuni\u00f3n con Directores, Jefes y Responsables de \u00e1reas&#8230;<\/p>\n","protected":false},"author":2,"featured_media":15575,"comment_status":"closed","ping_status":"closed","sticky":false,"template":"","format":"standard","meta":{"_kad_post_transparent":"default","_kad_post_title":"default","_kad_post_layout":"default","_kad_post_sidebar_id":"","_kad_post_content_style":"default","_kad_post_vertical_padding":"default","_kad_post_feature":"","_kad_post_feature_position":"","_kad_post_header":false,"_kad_post_footer":false,"_kad_post_classname":"","footnotes":""},"categories":[3],"tags":[],"class_list":["post-15574","post","type-post","status-publish","format-standard","has-post-thumbnail","hentry","category-noticias-breves"],"a3_pvc":{"activated":false,"total_views":0,"today_views":0},"yoast_head":"<!-- This site is optimized with the Yoast SEO plugin v27.4 - https:\/\/yoast.com\/product\/yoast-seo-wordpress\/ -->\n<title>Presentaron el proyecto de reorganizaci\u00f3n funcional del Poder Judicial de Corrientes - Digital Santo Tom\u00e9<\/title>\n<meta name=\"robots\" content=\"index, follow, max-snippet:-1, max-image-preview:large, max-video-preview:-1\" \/>\n<link rel=\"canonical\" href=\"https:\/\/digitalsantotome.com.ar\/?p=15574\" \/>\n<meta property=\"og:locale\" content=\"es_ES\" \/>\n<meta property=\"og:type\" content=\"article\" \/>\n<meta property=\"og:title\" content=\"Presentaron el proyecto de reorganizaci\u00f3n funcional del Poder Judicial de Corrientes - Digital Santo Tom\u00e9\" \/>\n<meta property=\"og:description\" content=\"CORRIENTES. Los ministros del Superior Tribunal de Justicia, Fernando Augusto Niz y doctor Eduardo Panseri presentaron este viernes la iniciativa que propone un nuevo modelo de gesti\u00f3n para la Secretar\u00eda Administrativa, orientado a mejorar la eficiencia, la coordinaci\u00f3n y la calidad del servicio de justicia. En una reuni\u00f3n con Directores, Jefes y Responsables de \u00e1reas...\" \/>\n<meta property=\"og:url\" content=\"https:\/\/digitalsantotome.com.ar\/?p=15574\" \/>\n<meta property=\"og:site_name\" content=\"Digital Santo Tom\u00e9\" \/>\n<meta property=\"article:published_time\" content=\"2026-04-24T21:15:14+00:00\" \/>\n<meta property=\"article:modified_time\" content=\"2026-04-24T21:15:21+00:00\" \/>\n<meta property=\"og:image\" content=\"https:\/\/digitalsantotome.com.ar\/wp-content\/uploads\/2026\/04\/296999_grande.jpg\" \/>\n\t<meta property=\"og:image:width\" content=\"900\" \/>\n\t<meta property=\"og:image:height\" content=\"571\" \/>\n\t<meta property=\"og:image:type\" content=\"image\/jpeg\" \/>\n<meta name=\"author\" content=\"Jose Carlos Machado\" \/>\n<meta name=\"twitter:card\" content=\"summary_large_image\" \/>\n<meta name=\"twitter:label1\" content=\"Escrito por\" \/>\n\t<meta name=\"twitter:data1\" content=\"Jose Carlos Machado\" \/>\n\t<meta name=\"twitter:label2\" content=\"Tiempo de lectura\" \/>\n\t<meta name=\"twitter:data2\" content=\"4 minutos\" \/>\n<script type=\"application\/ld+json\" class=\"yoast-schema-graph\">{\"@context\":\"https:\\\/\\\/schema.org\",\"@graph\":[{\"@type\":\"Article\",\"@id\":\"https:\\\/\\\/digitalsantotome.com.ar\\\/?p=15574#article\",\"isPartOf\":{\"@id\":\"https:\\\/\\\/digitalsantotome.com.ar\\\/?p=15574\"},\"author\":{\"name\":\"Jose Carlos Machado\",\"@id\":\"https:\\\/\\\/digitalsantotome.com.ar\\\/#\\\/schema\\\/person\\\/8991d8822886fedd92ce7f03817e1bdf\"},\"headline\":\"Presentaron el proyecto de reorganizaci\u00f3n funcional del Poder Judicial de Corrientes\",\"datePublished\":\"2026-04-24T21:15:14+00:00\",\"dateModified\":\"2026-04-24T21:15:21+00:00\",\"mainEntityOfPage\":{\"@id\":\"https:\\\/\\\/digitalsantotome.com.ar\\\/?p=15574\"},\"wordCount\":909,\"publisher\":{\"@id\":\"https:\\\/\\\/digitalsantotome.com.ar\\\/#organization\"},\"image\":{\"@id\":\"https:\\\/\\\/digitalsantotome.com.ar\\\/?p=15574#primaryimage\"},\"thumbnailUrl\":\"https:\\\/\\\/digitalsantotome.com.ar\\\/wp-content\\\/uploads\\\/2026\\\/04\\\/296999_grande.jpg\",\"articleSection\":[\"Noticias breves\"],\"inLanguage\":\"es\"},{\"@type\":\"WebPage\",\"@id\":\"https:\\\/\\\/digitalsantotome.com.ar\\\/?p=15574\",\"url\":\"https:\\\/\\\/digitalsantotome.com.ar\\\/?p=15574\",\"name\":\"Presentaron el proyecto de reorganizaci\u00f3n funcional del Poder Judicial de Corrientes - Digital Santo Tom\u00e9\",\"isPartOf\":{\"@id\":\"https:\\\/\\\/digitalsantotome.com.ar\\\/#website\"},\"primaryImageOfPage\":{\"@id\":\"https:\\\/\\\/digitalsantotome.com.ar\\\/?p=15574#primaryimage\"},\"image\":{\"@id\":\"https:\\\/\\\/digitalsantotome.com.ar\\\/?p=15574#primaryimage\"},\"thumbnailUrl\":\"https:\\\/\\\/digitalsantotome.com.ar\\\/wp-content\\\/uploads\\\/2026\\\/04\\\/296999_grande.jpg\",\"datePublished\":\"2026-04-24T21:15:14+00:00\",\"dateModified\":\"2026-04-24T21:15:21+00:00\",\"breadcrumb\":{\"@id\":\"https:\\\/\\\/digitalsantotome.com.ar\\\/?p=15574#breadcrumb\"},\"inLanguage\":\"es\",\"potentialAction\":[{\"@type\":\"ReadAction\",\"target\":[\"https:\\\/\\\/digitalsantotome.com.ar\\\/?p=15574\"]}]},{\"@type\":\"ImageObject\",\"inLanguage\":\"es\",\"@id\":\"https:\\\/\\\/digitalsantotome.com.ar\\\/?p=15574#primaryimage\",\"url\":\"https:\\\/\\\/digitalsantotome.com.ar\\\/wp-content\\\/uploads\\\/2026\\\/04\\\/296999_grande.jpg\",\"contentUrl\":\"https:\\\/\\\/digitalsantotome.com.ar\\\/wp-content\\\/uploads\\\/2026\\\/04\\\/296999_grande.jpg\",\"width\":900,\"height\":571},{\"@type\":\"BreadcrumbList\",\"@id\":\"https:\\\/\\\/digitalsantotome.com.ar\\\/?p=15574#breadcrumb\",\"itemListElement\":[{\"@type\":\"ListItem\",\"position\":1,\"name\":\"Portada\",\"item\":\"https:\\\/\\\/digitalsantotome.com.ar\\\/\"},{\"@type\":\"ListItem\",\"position\":2,\"name\":\"Presentaron el proyecto de reorganizaci\u00f3n funcional del Poder Judicial de Corrientes\"}]},{\"@type\":\"WebSite\",\"@id\":\"https:\\\/\\\/digitalsantotome.com.ar\\\/#website\",\"url\":\"https:\\\/\\\/digitalsantotome.com.ar\\\/\",\"name\":\"Digital Santo Tom\u00e9\",\"description\":\"Noticias desde Santo Tom\u00e9 al Mundo \u2013 La informacion que decide\",\"publisher\":{\"@id\":\"https:\\\/\\\/digitalsantotome.com.ar\\\/#organization\"},\"potentialAction\":[{\"@type\":\"SearchAction\",\"target\":{\"@type\":\"EntryPoint\",\"urlTemplate\":\"https:\\\/\\\/digitalsantotome.com.ar\\\/?s={search_term_string}\"},\"query-input\":{\"@type\":\"PropertyValueSpecification\",\"valueRequired\":true,\"valueName\":\"search_term_string\"}}],\"inLanguage\":\"es\"},{\"@type\":\"Organization\",\"@id\":\"https:\\\/\\\/digitalsantotome.com.ar\\\/#organization\",\"name\":\"Digital Santo Tom\u00e9\",\"url\":\"https:\\\/\\\/digitalsantotome.com.ar\\\/\",\"logo\":{\"@type\":\"ImageObject\",\"inLanguage\":\"es\",\"@id\":\"https:\\\/\\\/digitalsantotome.com.ar\\\/#\\\/schema\\\/logo\\\/image\\\/\",\"url\":\"https:\\\/\\\/digitalsantotome.com.ar\\\/wp-content\\\/uploads\\\/2023\\\/01\\\/facebook.jpg\",\"contentUrl\":\"https:\\\/\\\/digitalsantotome.com.ar\\\/wp-content\\\/uploads\\\/2023\\\/01\\\/facebook.jpg\",\"width\":512,\"height\":376,\"caption\":\"Digital Santo Tom\u00e9\"},\"image\":{\"@id\":\"https:\\\/\\\/digitalsantotome.com.ar\\\/#\\\/schema\\\/logo\\\/image\\\/\"}},{\"@type\":\"Person\",\"@id\":\"https:\\\/\\\/digitalsantotome.com.ar\\\/#\\\/schema\\\/person\\\/8991d8822886fedd92ce7f03817e1bdf\",\"name\":\"Jose Carlos Machado\",\"url\":\"https:\\\/\\\/digitalsantotome.com.ar\\\/?author=2\"}]}<\/script>\n<!-- \/ Yoast SEO plugin. -->","yoast_head_json":{"title":"Presentaron el proyecto de reorganizaci\u00f3n funcional del Poder Judicial de Corrientes - Digital Santo Tom\u00e9","robots":{"index":"index","follow":"follow","max-snippet":"max-snippet:-1","max-image-preview":"max-image-preview:large","max-video-preview":"max-video-preview:-1"},"canonical":"https:\/\/digitalsantotome.com.ar\/?p=15574","og_locale":"es_ES","og_type":"article","og_title":"Presentaron el proyecto de reorganizaci\u00f3n funcional del Poder Judicial de Corrientes - Digital Santo Tom\u00e9","og_description":"CORRIENTES. Los ministros del Superior Tribunal de Justicia, Fernando Augusto Niz y doctor Eduardo Panseri presentaron este viernes la iniciativa que propone un nuevo modelo de gesti\u00f3n para la Secretar\u00eda Administrativa, orientado a mejorar la eficiencia, la coordinaci\u00f3n y la calidad del servicio de justicia. En una reuni\u00f3n con Directores, Jefes y Responsables de \u00e1reas...","og_url":"https:\/\/digitalsantotome.com.ar\/?p=15574","og_site_name":"Digital Santo Tom\u00e9","article_published_time":"2026-04-24T21:15:14+00:00","article_modified_time":"2026-04-24T21:15:21+00:00","og_image":[{"width":900,"height":571,"url":"https:\/\/digitalsantotome.com.ar\/wp-content\/uploads\/2026\/04\/296999_grande.jpg","type":"image\/jpeg"}],"author":"Jose Carlos Machado","twitter_card":"summary_large_image","twitter_misc":{"Escrito por":"Jose Carlos Machado","Tiempo de lectura":"4 minutos"},"schema":{"@context":"https:\/\/schema.org","@graph":[{"@type":"Article","@id":"https:\/\/digitalsantotome.com.ar\/?p=15574#article","isPartOf":{"@id":"https:\/\/digitalsantotome.com.ar\/?p=15574"},"author":{"name":"Jose Carlos Machado","@id":"https:\/\/digitalsantotome.com.ar\/#\/schema\/person\/8991d8822886fedd92ce7f03817e1bdf"},"headline":"Presentaron el proyecto de reorganizaci\u00f3n funcional del Poder Judicial de Corrientes","datePublished":"2026-04-24T21:15:14+00:00","dateModified":"2026-04-24T21:15:21+00:00","mainEntityOfPage":{"@id":"https:\/\/digitalsantotome.com.ar\/?p=15574"},"wordCount":909,"publisher":{"@id":"https:\/\/digitalsantotome.com.ar\/#organization"},"image":{"@id":"https:\/\/digitalsantotome.com.ar\/?p=15574#primaryimage"},"thumbnailUrl":"https:\/\/digitalsantotome.com.ar\/wp-content\/uploads\/2026\/04\/296999_grande.jpg","articleSection":["Noticias breves"],"inLanguage":"es"},{"@type":"WebPage","@id":"https:\/\/digitalsantotome.com.ar\/?p=15574","url":"https:\/\/digitalsantotome.com.ar\/?p=15574","name":"Presentaron el proyecto de reorganizaci\u00f3n funcional del Poder Judicial de Corrientes - Digital Santo Tom\u00e9","isPartOf":{"@id":"https:\/\/digitalsantotome.com.ar\/#website"},"primaryImageOfPage":{"@id":"https:\/\/digitalsantotome.com.ar\/?p=15574#primaryimage"},"image":{"@id":"https:\/\/digitalsantotome.com.ar\/?p=15574#primaryimage"},"thumbnailUrl":"https:\/\/digitalsantotome.com.ar\/wp-content\/uploads\/2026\/04\/296999_grande.jpg","datePublished":"2026-04-24T21:15:14+00:00","dateModified":"2026-04-24T21:15:21+00:00","breadcrumb":{"@id":"https:\/\/digitalsantotome.com.ar\/?p=15574#breadcrumb"},"inLanguage":"es","potentialAction":[{"@type":"ReadAction","target":["https:\/\/digitalsantotome.com.ar\/?p=15574"]}]},{"@type":"ImageObject","inLanguage":"es","@id":"https:\/\/digitalsantotome.com.ar\/?p=15574#primaryimage","url":"https:\/\/digitalsantotome.com.ar\/wp-content\/uploads\/2026\/04\/296999_grande.jpg","contentUrl":"https:\/\/digitalsantotome.com.ar\/wp-content\/uploads\/2026\/04\/296999_grande.jpg","width":900,"height":571},{"@type":"BreadcrumbList","@id":"https:\/\/digitalsantotome.com.ar\/?p=15574#breadcrumb","itemListElement":[{"@type":"ListItem","position":1,"name":"Portada","item":"https:\/\/digitalsantotome.com.ar\/"},{"@type":"ListItem","position":2,"name":"Presentaron el proyecto de reorganizaci\u00f3n funcional del Poder Judicial de Corrientes"}]},{"@type":"WebSite","@id":"https:\/\/digitalsantotome.com.ar\/#website","url":"https:\/\/digitalsantotome.com.ar\/","name":"Digital Santo Tom\u00e9","description":"Noticias desde Santo Tom\u00e9 al Mundo \u2013 La informacion que decide","publisher":{"@id":"https:\/\/digitalsantotome.com.ar\/#organization"},"potentialAction":[{"@type":"SearchAction","target":{"@type":"EntryPoint","urlTemplate":"https:\/\/digitalsantotome.com.ar\/?s={search_term_string}"},"query-input":{"@type":"PropertyValueSpecification","valueRequired":true,"valueName":"search_term_string"}}],"inLanguage":"es"},{"@type":"Organization","@id":"https:\/\/digitalsantotome.com.ar\/#organization","name":"Digital Santo Tom\u00e9","url":"https:\/\/digitalsantotome.com.ar\/","logo":{"@type":"ImageObject","inLanguage":"es","@id":"https:\/\/digitalsantotome.com.ar\/#\/schema\/logo\/image\/","url":"https:\/\/digitalsantotome.com.ar\/wp-content\/uploads\/2023\/01\/facebook.jpg","contentUrl":"https:\/\/digitalsantotome.com.ar\/wp-content\/uploads\/2023\/01\/facebook.jpg","width":512,"height":376,"caption":"Digital Santo Tom\u00e9"},"image":{"@id":"https:\/\/digitalsantotome.com.ar\/#\/schema\/logo\/image\/"}},{"@type":"Person","@id":"https:\/\/digitalsantotome.com.ar\/#\/schema\/person\/8991d8822886fedd92ce7f03817e1bdf","name":"Jose Carlos Machado","url":"https:\/\/digitalsantotome.com.ar\/?author=2"}]}},"_links":{"self":[{"href":"https:\/\/digitalsantotome.com.ar\/index.php?rest_route=\/wp\/v2\/posts\/15574","targetHints":{"allow":["GET"]}}],"collection":[{"href":"https:\/\/digitalsantotome.com.ar\/index.php?rest_route=\/wp\/v2\/posts"}],"about":[{"href":"https:\/\/digitalsantotome.com.ar\/index.php?rest_route=\/wp\/v2\/types\/post"}],"author":[{"embeddable":true,"href":"https:\/\/digitalsantotome.com.ar\/index.php?rest_route=\/wp\/v2\/users\/2"}],"replies":[{"embeddable":true,"href":"https:\/\/digitalsantotome.com.ar\/index.php?rest_route=%2Fwp%2Fv2%2Fcomments&post=15574"}],"version-history":[{"count":2,"href":"https:\/\/digitalsantotome.com.ar\/index.php?rest_route=\/wp\/v2\/posts\/15574\/revisions"}],"predecessor-version":[{"id":15577,"href":"https:\/\/digitalsantotome.com.ar\/index.php?rest_route=\/wp\/v2\/posts\/15574\/revisions\/15577"}],"wp:featuredmedia":[{"embeddable":true,"href":"https:\/\/digitalsantotome.com.ar\/index.php?rest_route=\/wp\/v2\/media\/15575"}],"wp:attachment":[{"href":"https:\/\/digitalsantotome.com.ar\/index.php?rest_route=%2Fwp%2Fv2%2Fmedia&parent=15574"}],"wp:term":[{"taxonomy":"category","embeddable":true,"href":"https:\/\/digitalsantotome.com.ar\/index.php?rest_route=%2Fwp%2Fv2%2Fcategories&post=15574"},{"taxonomy":"post_tag","embeddable":true,"href":"https:\/\/digitalsantotome.com.ar\/index.php?rest_route=%2Fwp%2Fv2%2Ftags&post=15574"}],"curies":[{"name":"wp","href":"https:\/\/api.w.org\/{rel}","templated":true}]}}