{"id":15591,"date":"2026-04-27T08:22:26","date_gmt":"2026-04-27T11:22:26","guid":{"rendered":"https:\/\/digitalsantotome.com.ar\/?p=15591"},"modified":"2026-04-27T08:22:31","modified_gmt":"2026-04-27T11:22:31","slug":"condenan-a-32-anos-de-prision-a-un-hombre-oriundo-de-paso-de-los-libres-por-el-crimen-de-un-pastor-en-uruguaiana","status":"publish","type":"post","link":"https:\/\/digitalsantotome.com.ar\/?p=15591","title":{"rendered":"Condenan a 32 a\u00f1os de prisi\u00f3n a un hombre oriundo de Paso de los Libres por el crimen de un pastor en Uruguaiana"},"content":{"rendered":"<div class=\"x14z9mp xat24cr x1lziwak x1vvkbs xtlvy1s x126k92a\">\n<div dir=\"auto\">URUGUAYANA (Brasil). El Tribunal del Juzgado lo hall\u00f3 culpable de homicidio calificado y rechaz\u00f3 el pedido de la defensa de reducir la imputaci\u00f3n. El hecho ocurri\u00f3 en 2023 y conmocion\u00f3 a la regi\u00f3n.<\/div>\n<div dir=\"auto\"><\/div>\n<\/div>\n<div class=\"x14z9mp xat24cr x1lziwak x1vvkbs xtlvy1s x126k92a\">\n<div dir=\"auto\">En un fallo que cierra uno de los casos m\u00e1s impactantes de los \u00faltimos a\u00f1os en la frontera, el Tribunal del Juzgado de Uruguaiana conden\u00f3 a Lucas Ariel Gonzales a 32 a\u00f1os y 12 d\u00edas de prisi\u00f3n efectiva por el asesinato del empresario y pastor Renato Coronel da Silva, ocurrido en 2023.<\/div>\n<div dir=\"auto\"><\/div>\n<\/div>\n<div class=\"x14z9mp xat24cr x1lziwak x1vvkbs xtlvy1s x126k92a\">\n<div dir=\"auto\">El condenado, oriundo de Paso de los Libres, fue hallado culpable de homicidio calificado, una figura agravada que implica mayor pena debido a las circunstancias del crimen. Durante el juicio, la defensa intent\u00f3 que el hecho fuera considerado como homicidio simple, lo que hubiera reducido significativamente la condena, pero el planteo fue rechazado por el jurado.<\/div>\n<div dir=\"auto\"><\/div>\n<\/div>\n<div class=\"x14z9mp xat24cr x1lziwak x1vvkbs xtlvy1s x126k92a\">\n<div dir=\"auto\">El proceso judicial incluy\u00f3 la declaraci\u00f3n de testigos clave y el interrogatorio del propio acusado, quien termin\u00f3 confesando su participaci\u00f3n en el hecho. La contundencia de las pruebas y el reconocimiento de la autor\u00eda fueron determinantes para el veredicto final.<\/div>\n<div dir=\"auto\"><\/div>\n<\/div>\n<div class=\"x14z9mp xat24cr x1lziwak x1vvkbs xtlvy1s x126k92a\">\n<div dir=\"auto\">El caso gener\u00f3 una fuerte repercusi\u00f3n tanto en Uruguaiana como en Paso de los Libres, no solo por la violencia del crimen sino tambi\u00e9n por la figura de la v\u00edctima, un reconocido pastor y empresario de la ciudad brasile\u00f1a. Adem\u00e1s, la investigaci\u00f3n avanz\u00f3 sobre la posible participaci\u00f3n de otras personas, entre ellas una mujer se\u00f1alada como presunta autora intelectual del homicidio.<\/div>\n<div dir=\"auto\"><\/div>\n<\/div>\n<div class=\"x14z9mp xat24cr x1lziwak x1vvkbs xtlvy1s x126k92a\">\n<div dir=\"auto\">A pesar de la condena, la sentencia a\u00fan no est\u00e1 firme, ya que la defensa puede apelar ante el Tribunal de Justicia. No obstante, Gonzales continuar\u00e1 detenido, condici\u00f3n en la que se encuentra desde el momento del crimen.<\/div>\n<\/div>\n<div class=\"x14z9mp xat24cr x1lziwak x1vvkbs xtlvy1s x126k92a\">\n<div dir=\"auto\">Este fallo representa un paso clave en la b\u00fasqueda de justicia en un caso que marc\u00f3 a ambas ciudades fronterizas y que a\u00fan mantiene abiertas otras l\u00edneas de investigaci\u00f3n.<\/div>\n<\/div>\n<div dir=\"auto\"><\/div>\n<div dir=\"auto\">Medios Digitales<\/div>\n","protected":false},"excerpt":{"rendered":"<p>URUGUAYANA (Brasil). El Tribunal del Juzgado lo hall\u00f3 culpable de homicidio calificado y rechaz\u00f3 el pedido de la defensa de reducir la imputaci\u00f3n. El hecho ocurri\u00f3 en 2023 y conmocion\u00f3 a la regi\u00f3n. En un fallo que cierra uno de los casos m\u00e1s impactantes de los \u00faltimos a\u00f1os en la frontera, el Tribunal del Juzgado&#8230;<\/p>\n","protected":false},"author":2,"featured_media":15592,"comment_status":"closed","ping_status":"closed","sticky":false,"template":"","format":"standard","meta":{"_kad_post_transparent":"default","_kad_post_title":"default","_kad_post_layout":"default","_kad_post_sidebar_id":"","_kad_post_content_style":"default","_kad_post_vertical_padding":"default","_kad_post_feature":"","_kad_post_feature_position":"","_kad_post_header":false,"_kad_post_footer":false,"_kad_post_classname":"","footnotes":""},"categories":[2],"tags":[],"class_list":["post-15591","post","type-post","status-publish","format-standard","has-post-thumbnail","hentry","category-provinciales"],"a3_pvc":{"activated":false,"total_views":0,"today_views":0},"yoast_head":"<!-- This site is optimized with the Yoast SEO plugin v27.4 - https:\/\/yoast.com\/product\/yoast-seo-wordpress\/ -->\n<title>Condenan a 32 a\u00f1os de prisi\u00f3n a un hombre oriundo de Paso de los Libres por el crimen de un pastor en Uruguaiana - Digital Santo Tom\u00e9<\/title>\n<meta name=\"robots\" content=\"index, follow, max-snippet:-1, max-image-preview:large, max-video-preview:-1\" \/>\n<link rel=\"canonical\" href=\"https:\/\/digitalsantotome.com.ar\/?p=15591\" \/>\n<meta property=\"og:locale\" content=\"es_ES\" \/>\n<meta property=\"og:type\" content=\"article\" \/>\n<meta property=\"og:title\" content=\"Condenan a 32 a\u00f1os de prisi\u00f3n a un hombre oriundo de Paso de los Libres por el crimen de un pastor en Uruguaiana - Digital Santo Tom\u00e9\" \/>\n<meta property=\"og:description\" content=\"URUGUAYANA (Brasil). El Tribunal del Juzgado lo hall\u00f3 culpable de homicidio calificado y rechaz\u00f3 el pedido de la defensa de reducir la imputaci\u00f3n. El hecho ocurri\u00f3 en 2023 y conmocion\u00f3 a la regi\u00f3n. En un fallo que cierra uno de los casos m\u00e1s impactantes de los \u00faltimos a\u00f1os en la frontera, el Tribunal del Juzgado...\" \/>\n<meta property=\"og:url\" content=\"https:\/\/digitalsantotome.com.ar\/?p=15591\" \/>\n<meta property=\"og:site_name\" content=\"Digital Santo Tom\u00e9\" \/>\n<meta property=\"article:published_time\" content=\"2026-04-27T11:22:26+00:00\" \/>\n<meta property=\"article:modified_time\" content=\"2026-04-27T11:22:31+00:00\" \/>\n<meta property=\"og:image\" content=\"https:\/\/digitalsantotome.com.ar\/wp-content\/uploads\/2026\/04\/682028952_26334213769553926_4072898190677905664_n.jpg\" \/>\n\t<meta property=\"og:image:width\" content=\"1080\" \/>\n\t<meta property=\"og:image:height\" content=\"665\" \/>\n\t<meta property=\"og:image:type\" content=\"image\/jpeg\" \/>\n<meta name=\"author\" content=\"Jose Carlos Machado\" \/>\n<meta name=\"twitter:card\" content=\"summary_large_image\" \/>\n<meta name=\"twitter:label1\" content=\"Escrito por\" \/>\n\t<meta name=\"twitter:data1\" content=\"Jose Carlos Machado\" \/>\n\t<meta name=\"twitter:label2\" content=\"Tiempo de lectura\" \/>\n\t<meta name=\"twitter:data2\" content=\"2 minutos\" \/>\n<script type=\"application\/ld+json\" class=\"yoast-schema-graph\">{\"@context\":\"https:\\\/\\\/schema.org\",\"@graph\":[{\"@type\":\"Article\",\"@id\":\"https:\\\/\\\/digitalsantotome.com.ar\\\/?p=15591#article\",\"isPartOf\":{\"@id\":\"https:\\\/\\\/digitalsantotome.com.ar\\\/?p=15591\"},\"author\":{\"name\":\"Jose Carlos Machado\",\"@id\":\"https:\\\/\\\/digitalsantotome.com.ar\\\/#\\\/schema\\\/person\\\/8991d8822886fedd92ce7f03817e1bdf\"},\"headline\":\"Condenan a 32 a\u00f1os de prisi\u00f3n a un hombre oriundo de Paso de los Libres por el crimen de un pastor en Uruguaiana\",\"datePublished\":\"2026-04-27T11:22:26+00:00\",\"dateModified\":\"2026-04-27T11:22:31+00:00\",\"mainEntityOfPage\":{\"@id\":\"https:\\\/\\\/digitalsantotome.com.ar\\\/?p=15591\"},\"wordCount\":355,\"publisher\":{\"@id\":\"https:\\\/\\\/digitalsantotome.com.ar\\\/#organization\"},\"image\":{\"@id\":\"https:\\\/\\\/digitalsantotome.com.ar\\\/?p=15591#primaryimage\"},\"thumbnailUrl\":\"https:\\\/\\\/digitalsantotome.com.ar\\\/wp-content\\\/uploads\\\/2026\\\/04\\\/682028952_26334213769553926_4072898190677905664_n.jpg\",\"articleSection\":[\"Provinciales\"],\"inLanguage\":\"es\"},{\"@type\":\"WebPage\",\"@id\":\"https:\\\/\\\/digitalsantotome.com.ar\\\/?p=15591\",\"url\":\"https:\\\/\\\/digitalsantotome.com.ar\\\/?p=15591\",\"name\":\"Condenan a 32 a\u00f1os de prisi\u00f3n a un hombre oriundo de Paso de los Libres por el crimen de un pastor en Uruguaiana - Digital Santo Tom\u00e9\",\"isPartOf\":{\"@id\":\"https:\\\/\\\/digitalsantotome.com.ar\\\/#website\"},\"primaryImageOfPage\":{\"@id\":\"https:\\\/\\\/digitalsantotome.com.ar\\\/?p=15591#primaryimage\"},\"image\":{\"@id\":\"https:\\\/\\\/digitalsantotome.com.ar\\\/?p=15591#primaryimage\"},\"thumbnailUrl\":\"https:\\\/\\\/digitalsantotome.com.ar\\\/wp-content\\\/uploads\\\/2026\\\/04\\\/682028952_26334213769553926_4072898190677905664_n.jpg\",\"datePublished\":\"2026-04-27T11:22:26+00:00\",\"dateModified\":\"2026-04-27T11:22:31+00:00\",\"breadcrumb\":{\"@id\":\"https:\\\/\\\/digitalsantotome.com.ar\\\/?p=15591#breadcrumb\"},\"inLanguage\":\"es\",\"potentialAction\":[{\"@type\":\"ReadAction\",\"target\":[\"https:\\\/\\\/digitalsantotome.com.ar\\\/?p=15591\"]}]},{\"@type\":\"ImageObject\",\"inLanguage\":\"es\",\"@id\":\"https:\\\/\\\/digitalsantotome.com.ar\\\/?p=15591#primaryimage\",\"url\":\"https:\\\/\\\/digitalsantotome.com.ar\\\/wp-content\\\/uploads\\\/2026\\\/04\\\/682028952_26334213769553926_4072898190677905664_n.jpg\",\"contentUrl\":\"https:\\\/\\\/digitalsantotome.com.ar\\\/wp-content\\\/uploads\\\/2026\\\/04\\\/682028952_26334213769553926_4072898190677905664_n.jpg\",\"width\":1080,\"height\":665},{\"@type\":\"BreadcrumbList\",\"@id\":\"https:\\\/\\\/digitalsantotome.com.ar\\\/?p=15591#breadcrumb\",\"itemListElement\":[{\"@type\":\"ListItem\",\"position\":1,\"name\":\"Portada\",\"item\":\"https:\\\/\\\/digitalsantotome.com.ar\\\/\"},{\"@type\":\"ListItem\",\"position\":2,\"name\":\"Condenan a 32 a\u00f1os de prisi\u00f3n a un hombre oriundo de Paso de los Libres por el crimen de un pastor en Uruguaiana\"}]},{\"@type\":\"WebSite\",\"@id\":\"https:\\\/\\\/digitalsantotome.com.ar\\\/#website\",\"url\":\"https:\\\/\\\/digitalsantotome.com.ar\\\/\",\"name\":\"Digital Santo Tom\u00e9\",\"description\":\"Noticias desde Santo Tom\u00e9 al Mundo \u2013 La informacion que decide\",\"publisher\":{\"@id\":\"https:\\\/\\\/digitalsantotome.com.ar\\\/#organization\"},\"potentialAction\":[{\"@type\":\"SearchAction\",\"target\":{\"@type\":\"EntryPoint\",\"urlTemplate\":\"https:\\\/\\\/digitalsantotome.com.ar\\\/?s={search_term_string}\"},\"query-input\":{\"@type\":\"PropertyValueSpecification\",\"valueRequired\":true,\"valueName\":\"search_term_string\"}}],\"inLanguage\":\"es\"},{\"@type\":\"Organization\",\"@id\":\"https:\\\/\\\/digitalsantotome.com.ar\\\/#organization\",\"name\":\"Digital Santo Tom\u00e9\",\"url\":\"https:\\\/\\\/digitalsantotome.com.ar\\\/\",\"logo\":{\"@type\":\"ImageObject\",\"inLanguage\":\"es\",\"@id\":\"https:\\\/\\\/digitalsantotome.com.ar\\\/#\\\/schema\\\/logo\\\/image\\\/\",\"url\":\"https:\\\/\\\/digitalsantotome.com.ar\\\/wp-content\\\/uploads\\\/2023\\\/01\\\/facebook.jpg\",\"contentUrl\":\"https:\\\/\\\/digitalsantotome.com.ar\\\/wp-content\\\/uploads\\\/2023\\\/01\\\/facebook.jpg\",\"width\":512,\"height\":376,\"caption\":\"Digital Santo Tom\u00e9\"},\"image\":{\"@id\":\"https:\\\/\\\/digitalsantotome.com.ar\\\/#\\\/schema\\\/logo\\\/image\\\/\"}},{\"@type\":\"Person\",\"@id\":\"https:\\\/\\\/digitalsantotome.com.ar\\\/#\\\/schema\\\/person\\\/8991d8822886fedd92ce7f03817e1bdf\",\"name\":\"Jose Carlos Machado\",\"url\":\"https:\\\/\\\/digitalsantotome.com.ar\\\/?author=2\"}]}<\/script>\n<!-- \/ Yoast SEO plugin. -->","yoast_head_json":{"title":"Condenan a 32 a\u00f1os de prisi\u00f3n a un hombre oriundo de Paso de los Libres por el crimen de un pastor en Uruguaiana - Digital Santo Tom\u00e9","robots":{"index":"index","follow":"follow","max-snippet":"max-snippet:-1","max-image-preview":"max-image-preview:large","max-video-preview":"max-video-preview:-1"},"canonical":"https:\/\/digitalsantotome.com.ar\/?p=15591","og_locale":"es_ES","og_type":"article","og_title":"Condenan a 32 a\u00f1os de prisi\u00f3n a un hombre oriundo de Paso de los Libres por el crimen de un pastor en Uruguaiana - Digital Santo Tom\u00e9","og_description":"URUGUAYANA (Brasil). El Tribunal del Juzgado lo hall\u00f3 culpable de homicidio calificado y rechaz\u00f3 el pedido de la defensa de reducir la imputaci\u00f3n. El hecho ocurri\u00f3 en 2023 y conmocion\u00f3 a la regi\u00f3n. En un fallo que cierra uno de los casos m\u00e1s impactantes de los \u00faltimos a\u00f1os en la frontera, el Tribunal del Juzgado...","og_url":"https:\/\/digitalsantotome.com.ar\/?p=15591","og_site_name":"Digital Santo Tom\u00e9","article_published_time":"2026-04-27T11:22:26+00:00","article_modified_time":"2026-04-27T11:22:31+00:00","og_image":[{"width":1080,"height":665,"url":"https:\/\/digitalsantotome.com.ar\/wp-content\/uploads\/2026\/04\/682028952_26334213769553926_4072898190677905664_n.jpg","type":"image\/jpeg"}],"author":"Jose Carlos Machado","twitter_card":"summary_large_image","twitter_misc":{"Escrito por":"Jose Carlos Machado","Tiempo de lectura":"2 minutos"},"schema":{"@context":"https:\/\/schema.org","@graph":[{"@type":"Article","@id":"https:\/\/digitalsantotome.com.ar\/?p=15591#article","isPartOf":{"@id":"https:\/\/digitalsantotome.com.ar\/?p=15591"},"author":{"name":"Jose Carlos Machado","@id":"https:\/\/digitalsantotome.com.ar\/#\/schema\/person\/8991d8822886fedd92ce7f03817e1bdf"},"headline":"Condenan a 32 a\u00f1os de prisi\u00f3n a un hombre oriundo de Paso de los Libres por el crimen de un pastor en Uruguaiana","datePublished":"2026-04-27T11:22:26+00:00","dateModified":"2026-04-27T11:22:31+00:00","mainEntityOfPage":{"@id":"https:\/\/digitalsantotome.com.ar\/?p=15591"},"wordCount":355,"publisher":{"@id":"https:\/\/digitalsantotome.com.ar\/#organization"},"image":{"@id":"https:\/\/digitalsantotome.com.ar\/?p=15591#primaryimage"},"thumbnailUrl":"https:\/\/digitalsantotome.com.ar\/wp-content\/uploads\/2026\/04\/682028952_26334213769553926_4072898190677905664_n.jpg","articleSection":["Provinciales"],"inLanguage":"es"},{"@type":"WebPage","@id":"https:\/\/digitalsantotome.com.ar\/?p=15591","url":"https:\/\/digitalsantotome.com.ar\/?p=15591","name":"Condenan a 32 a\u00f1os de prisi\u00f3n a un hombre oriundo de Paso de los Libres por el crimen de un pastor en Uruguaiana - Digital Santo Tom\u00e9","isPartOf":{"@id":"https:\/\/digitalsantotome.com.ar\/#website"},"primaryImageOfPage":{"@id":"https:\/\/digitalsantotome.com.ar\/?p=15591#primaryimage"},"image":{"@id":"https:\/\/digitalsantotome.com.ar\/?p=15591#primaryimage"},"thumbnailUrl":"https:\/\/digitalsantotome.com.ar\/wp-content\/uploads\/2026\/04\/682028952_26334213769553926_4072898190677905664_n.jpg","datePublished":"2026-04-27T11:22:26+00:00","dateModified":"2026-04-27T11:22:31+00:00","breadcrumb":{"@id":"https:\/\/digitalsantotome.com.ar\/?p=15591#breadcrumb"},"inLanguage":"es","potentialAction":[{"@type":"ReadAction","target":["https:\/\/digitalsantotome.com.ar\/?p=15591"]}]},{"@type":"ImageObject","inLanguage":"es","@id":"https:\/\/digitalsantotome.com.ar\/?p=15591#primaryimage","url":"https:\/\/digitalsantotome.com.ar\/wp-content\/uploads\/2026\/04\/682028952_26334213769553926_4072898190677905664_n.jpg","contentUrl":"https:\/\/digitalsantotome.com.ar\/wp-content\/uploads\/2026\/04\/682028952_26334213769553926_4072898190677905664_n.jpg","width":1080,"height":665},{"@type":"BreadcrumbList","@id":"https:\/\/digitalsantotome.com.ar\/?p=15591#breadcrumb","itemListElement":[{"@type":"ListItem","position":1,"name":"Portada","item":"https:\/\/digitalsantotome.com.ar\/"},{"@type":"ListItem","position":2,"name":"Condenan a 32 a\u00f1os de prisi\u00f3n a un hombre oriundo de Paso de los Libres por el crimen de un pastor en Uruguaiana"}]},{"@type":"WebSite","@id":"https:\/\/digitalsantotome.com.ar\/#website","url":"https:\/\/digitalsantotome.com.ar\/","name":"Digital Santo Tom\u00e9","description":"Noticias desde Santo Tom\u00e9 al Mundo \u2013 La informacion que decide","publisher":{"@id":"https:\/\/digitalsantotome.com.ar\/#organization"},"potentialAction":[{"@type":"SearchAction","target":{"@type":"EntryPoint","urlTemplate":"https:\/\/digitalsantotome.com.ar\/?s={search_term_string}"},"query-input":{"@type":"PropertyValueSpecification","valueRequired":true,"valueName":"search_term_string"}}],"inLanguage":"es"},{"@type":"Organization","@id":"https:\/\/digitalsantotome.com.ar\/#organization","name":"Digital Santo Tom\u00e9","url":"https:\/\/digitalsantotome.com.ar\/","logo":{"@type":"ImageObject","inLanguage":"es","@id":"https:\/\/digitalsantotome.com.ar\/#\/schema\/logo\/image\/","url":"https:\/\/digitalsantotome.com.ar\/wp-content\/uploads\/2023\/01\/facebook.jpg","contentUrl":"https:\/\/digitalsantotome.com.ar\/wp-content\/uploads\/2023\/01\/facebook.jpg","width":512,"height":376,"caption":"Digital Santo Tom\u00e9"},"image":{"@id":"https:\/\/digitalsantotome.com.ar\/#\/schema\/logo\/image\/"}},{"@type":"Person","@id":"https:\/\/digitalsantotome.com.ar\/#\/schema\/person\/8991d8822886fedd92ce7f03817e1bdf","name":"Jose Carlos Machado","url":"https:\/\/digitalsantotome.com.ar\/?author=2"}]}},"_links":{"self":[{"href":"https:\/\/digitalsantotome.com.ar\/index.php?rest_route=\/wp\/v2\/posts\/15591","targetHints":{"allow":["GET"]}}],"collection":[{"href":"https:\/\/digitalsantotome.com.ar\/index.php?rest_route=\/wp\/v2\/posts"}],"about":[{"href":"https:\/\/digitalsantotome.com.ar\/index.php?rest_route=\/wp\/v2\/types\/post"}],"author":[{"embeddable":true,"href":"https:\/\/digitalsantotome.com.ar\/index.php?rest_route=\/wp\/v2\/users\/2"}],"replies":[{"embeddable":true,"href":"https:\/\/digitalsantotome.com.ar\/index.php?rest_route=%2Fwp%2Fv2%2Fcomments&post=15591"}],"version-history":[{"count":1,"href":"https:\/\/digitalsantotome.com.ar\/index.php?rest_route=\/wp\/v2\/posts\/15591\/revisions"}],"predecessor-version":[{"id":15593,"href":"https:\/\/digitalsantotome.com.ar\/index.php?rest_route=\/wp\/v2\/posts\/15591\/revisions\/15593"}],"wp:featuredmedia":[{"embeddable":true,"href":"https:\/\/digitalsantotome.com.ar\/index.php?rest_route=\/wp\/v2\/media\/15592"}],"wp:attachment":[{"href":"https:\/\/digitalsantotome.com.ar\/index.php?rest_route=%2Fwp%2Fv2%2Fmedia&parent=15591"}],"wp:term":[{"taxonomy":"category","embeddable":true,"href":"https:\/\/digitalsantotome.com.ar\/index.php?rest_route=%2Fwp%2Fv2%2Fcategories&post=15591"},{"taxonomy":"post_tag","embeddable":true,"href":"https:\/\/digitalsantotome.com.ar\/index.php?rest_route=%2Fwp%2Fv2%2Ftags&post=15591"}],"curies":[{"name":"wp","href":"https:\/\/api.w.org\/{rel}","templated":true}]}}