{"id":15594,"date":"2026-04-27T08:28:10","date_gmt":"2026-04-27T11:28:10","guid":{"rendered":"https:\/\/digitalsantotome.com.ar\/?p=15594"},"modified":"2026-04-27T08:28:27","modified_gmt":"2026-04-27T11:28:27","slug":"rechazan-la-provincializacion-de-rutas-y-advierten-por-su-impacto-economico-legal-y-economico","status":"publish","type":"post","link":"https:\/\/digitalsantotome.com.ar\/?p=15594","title":{"rendered":"Rechazan la provincializaci\u00f3n de rutas y advierten por su impacto econ\u00f3mico legal y economico"},"content":{"rendered":"<p>CAPITAL FEDERAL. La decisi\u00f3n del Gobierno nacional de avanzar con la provincializaci\u00f3n de rutas y habilitar su financiamiento mediante peajes abri\u00f3 un nuevo frente de debate t\u00e9cnico, legal y econ\u00f3mico. La medida, instrumentada a trav\u00e9s del Decreto 253\/2026, establece un esquema en el que las provincias podr\u00e1n asumir la gesti\u00f3n de tramos de la red vial nacional, incluso mediante concesiones a privados, en un modelo que busca redefinir el rol del Estado en materia de infraestructura.<\/p>\n<div class=\"x14z9mp xat24cr x1lziwak x1vvkbs xtlvy1s x126k92a\">\n<div dir=\"auto\">En ese marco, el Comit\u00e9 Nacional de Defensa del Usuario Vial (CONADUV) expres\u00f3 un \u201cfuerte rechazo\u201d a la iniciativa y sostuvo que el esquema propuesto resulta \u201cilegal, inconstitucional e inoportuno\u201d, al considerar que carece de una ley formal que lo respalde y que vulnera principios b\u00e1sicos del sistema federal.<\/div>\n<div dir=\"auto\"><\/div>\n<\/div>\n<div class=\"x14z9mp xat24cr x1lziwak x1vvkbs xtlvy1s x126k92a\">\n<div dir=\"auto\">Seg\u00fan la entidad, la transferencia de rutas nacionales a las provincias requiere necesariamente la intervenci\u00f3n del Congreso, as\u00ed como la asignaci\u00f3n de recursos espec\u00edficos para su mantenimiento, condiciones que -afirman- no se cumplen en el decreto. En ese sentido, advierten que la medida implica un traslado de responsabilidades sin financiamiento, lo que podr\u00eda generar mayores tensiones fiscales en las jurisdicciones.<\/div>\n<div dir=\"auto\"><\/div>\n<\/div>\n<div class=\"x14z9mp xat24cr x1lziwak x1vvkbs xtlvy1s x126k92a\">\n<div dir=\"auto\">Uno de los puntos m\u00e1s cuestionados es el mecanismo de financiamiento previsto. El decreto habilita el cobro de peajes directos en ruta, una herramienta que, seg\u00fan el CONADUV, podr\u00eda transformarse en un \u201cimpuesto encubierto\u201d. El argumento se apoya en el principio constitucional de que no puede haber tributos sin ley, y en la exigencia de que toda tasa est\u00e9 vinculada a una prestaci\u00f3n efectiva.<\/div>\n<div dir=\"auto\"><\/div>\n<\/div>\n<div dir=\"auto\">Fuente: Medios Digitales<\/div>\n","protected":false},"excerpt":{"rendered":"<p>CAPITAL FEDERAL. La decisi\u00f3n del Gobierno nacional de avanzar con la provincializaci\u00f3n de rutas y habilitar su financiamiento mediante peajes abri\u00f3 un nuevo frente de debate t\u00e9cnico, legal y econ\u00f3mico. La medida, instrumentada a trav\u00e9s del Decreto 253\/2026, establece un esquema en el que las provincias podr\u00e1n asumir la gesti\u00f3n de tramos de la red&#8230;<\/p>\n","protected":false},"author":2,"featured_media":15595,"comment_status":"closed","ping_status":"closed","sticky":false,"template":"","format":"standard","meta":{"_kad_post_transparent":"default","_kad_post_title":"default","_kad_post_layout":"default","_kad_post_sidebar_id":"","_kad_post_content_style":"default","_kad_post_vertical_padding":"default","_kad_post_feature":"","_kad_post_feature_position":"","_kad_post_header":false,"_kad_post_footer":false,"_kad_post_classname":"","footnotes":""},"categories":[2],"tags":[],"class_list":["post-15594","post","type-post","status-publish","format-standard","has-post-thumbnail","hentry","category-provinciales"],"a3_pvc":{"activated":false,"total_views":0,"today_views":0},"yoast_head":"<!-- This site is optimized with the Yoast SEO plugin v27.4 - https:\/\/yoast.com\/product\/yoast-seo-wordpress\/ -->\n<title>Rechazan la provincializaci\u00f3n de rutas y advierten por su impacto econ\u00f3mico legal y economico - Digital Santo Tom\u00e9<\/title>\n<meta name=\"robots\" content=\"index, follow, max-snippet:-1, max-image-preview:large, max-video-preview:-1\" \/>\n<link rel=\"canonical\" href=\"https:\/\/digitalsantotome.com.ar\/?p=15594\" \/>\n<meta property=\"og:locale\" content=\"es_ES\" \/>\n<meta property=\"og:type\" content=\"article\" \/>\n<meta property=\"og:title\" content=\"Rechazan la provincializaci\u00f3n de rutas y advierten por su impacto econ\u00f3mico legal y economico - Digital Santo Tom\u00e9\" \/>\n<meta property=\"og:description\" content=\"CAPITAL FEDERAL. La decisi\u00f3n del Gobierno nacional de avanzar con la provincializaci\u00f3n de rutas y habilitar su financiamiento mediante peajes abri\u00f3 un nuevo frente de debate t\u00e9cnico, legal y econ\u00f3mico. La medida, instrumentada a trav\u00e9s del Decreto 253\/2026, establece un esquema en el que las provincias podr\u00e1n asumir la gesti\u00f3n de tramos de la red...\" \/>\n<meta property=\"og:url\" content=\"https:\/\/digitalsantotome.com.ar\/?p=15594\" \/>\n<meta property=\"og:site_name\" content=\"Digital Santo Tom\u00e9\" \/>\n<meta property=\"article:published_time\" content=\"2026-04-27T11:28:10+00:00\" \/>\n<meta property=\"article:modified_time\" content=\"2026-04-27T11:28:27+00:00\" \/>\n<meta property=\"og:image\" content=\"https:\/\/digitalsantotome.com.ar\/wp-content\/uploads\/2026\/04\/Rutas-nacionales-en-mal-estado.webp\" \/>\n\t<meta property=\"og:image:width\" content=\"600\" \/>\n\t<meta property=\"og:image:height\" content=\"335\" \/>\n\t<meta property=\"og:image:type\" content=\"image\/webp\" \/>\n<meta name=\"author\" content=\"Jose Carlos Machado\" \/>\n<meta name=\"twitter:card\" content=\"summary_large_image\" \/>\n<meta name=\"twitter:label1\" content=\"Escrito por\" \/>\n\t<meta name=\"twitter:data1\" content=\"Jose Carlos Machado\" \/>\n\t<meta name=\"twitter:label2\" content=\"Tiempo de lectura\" \/>\n\t<meta name=\"twitter:data2\" content=\"2 minutos\" \/>\n<script type=\"application\/ld+json\" class=\"yoast-schema-graph\">{\"@context\":\"https:\\\/\\\/schema.org\",\"@graph\":[{\"@type\":\"Article\",\"@id\":\"https:\\\/\\\/digitalsantotome.com.ar\\\/?p=15594#article\",\"isPartOf\":{\"@id\":\"https:\\\/\\\/digitalsantotome.com.ar\\\/?p=15594\"},\"author\":{\"name\":\"Jose Carlos Machado\",\"@id\":\"https:\\\/\\\/digitalsantotome.com.ar\\\/#\\\/schema\\\/person\\\/8991d8822886fedd92ce7f03817e1bdf\"},\"headline\":\"Rechazan la provincializaci\u00f3n de rutas y advierten por su impacto econ\u00f3mico legal y economico\",\"datePublished\":\"2026-04-27T11:28:10+00:00\",\"dateModified\":\"2026-04-27T11:28:27+00:00\",\"mainEntityOfPage\":{\"@id\":\"https:\\\/\\\/digitalsantotome.com.ar\\\/?p=15594\"},\"wordCount\":284,\"publisher\":{\"@id\":\"https:\\\/\\\/digitalsantotome.com.ar\\\/#organization\"},\"image\":{\"@id\":\"https:\\\/\\\/digitalsantotome.com.ar\\\/?p=15594#primaryimage\"},\"thumbnailUrl\":\"https:\\\/\\\/digitalsantotome.com.ar\\\/wp-content\\\/uploads\\\/2026\\\/04\\\/Rutas-nacionales-en-mal-estado.webp\",\"articleSection\":[\"Provinciales\"],\"inLanguage\":\"es\"},{\"@type\":\"WebPage\",\"@id\":\"https:\\\/\\\/digitalsantotome.com.ar\\\/?p=15594\",\"url\":\"https:\\\/\\\/digitalsantotome.com.ar\\\/?p=15594\",\"name\":\"Rechazan la provincializaci\u00f3n de rutas y advierten por su impacto econ\u00f3mico legal y economico - Digital Santo Tom\u00e9\",\"isPartOf\":{\"@id\":\"https:\\\/\\\/digitalsantotome.com.ar\\\/#website\"},\"primaryImageOfPage\":{\"@id\":\"https:\\\/\\\/digitalsantotome.com.ar\\\/?p=15594#primaryimage\"},\"image\":{\"@id\":\"https:\\\/\\\/digitalsantotome.com.ar\\\/?p=15594#primaryimage\"},\"thumbnailUrl\":\"https:\\\/\\\/digitalsantotome.com.ar\\\/wp-content\\\/uploads\\\/2026\\\/04\\\/Rutas-nacionales-en-mal-estado.webp\",\"datePublished\":\"2026-04-27T11:28:10+00:00\",\"dateModified\":\"2026-04-27T11:28:27+00:00\",\"breadcrumb\":{\"@id\":\"https:\\\/\\\/digitalsantotome.com.ar\\\/?p=15594#breadcrumb\"},\"inLanguage\":\"es\",\"potentialAction\":[{\"@type\":\"ReadAction\",\"target\":[\"https:\\\/\\\/digitalsantotome.com.ar\\\/?p=15594\"]}]},{\"@type\":\"ImageObject\",\"inLanguage\":\"es\",\"@id\":\"https:\\\/\\\/digitalsantotome.com.ar\\\/?p=15594#primaryimage\",\"url\":\"https:\\\/\\\/digitalsantotome.com.ar\\\/wp-content\\\/uploads\\\/2026\\\/04\\\/Rutas-nacionales-en-mal-estado.webp\",\"contentUrl\":\"https:\\\/\\\/digitalsantotome.com.ar\\\/wp-content\\\/uploads\\\/2026\\\/04\\\/Rutas-nacionales-en-mal-estado.webp\",\"width\":600,\"height\":335},{\"@type\":\"BreadcrumbList\",\"@id\":\"https:\\\/\\\/digitalsantotome.com.ar\\\/?p=15594#breadcrumb\",\"itemListElement\":[{\"@type\":\"ListItem\",\"position\":1,\"name\":\"Portada\",\"item\":\"https:\\\/\\\/digitalsantotome.com.ar\\\/\"},{\"@type\":\"ListItem\",\"position\":2,\"name\":\"Rechazan la provincializaci\u00f3n de rutas y advierten por su impacto econ\u00f3mico legal y economico\"}]},{\"@type\":\"WebSite\",\"@id\":\"https:\\\/\\\/digitalsantotome.com.ar\\\/#website\",\"url\":\"https:\\\/\\\/digitalsantotome.com.ar\\\/\",\"name\":\"Digital Santo Tom\u00e9\",\"description\":\"Noticias desde Santo Tom\u00e9 al Mundo \u2013 La informacion que decide\",\"publisher\":{\"@id\":\"https:\\\/\\\/digitalsantotome.com.ar\\\/#organization\"},\"potentialAction\":[{\"@type\":\"SearchAction\",\"target\":{\"@type\":\"EntryPoint\",\"urlTemplate\":\"https:\\\/\\\/digitalsantotome.com.ar\\\/?s={search_term_string}\"},\"query-input\":{\"@type\":\"PropertyValueSpecification\",\"valueRequired\":true,\"valueName\":\"search_term_string\"}}],\"inLanguage\":\"es\"},{\"@type\":\"Organization\",\"@id\":\"https:\\\/\\\/digitalsantotome.com.ar\\\/#organization\",\"name\":\"Digital Santo Tom\u00e9\",\"url\":\"https:\\\/\\\/digitalsantotome.com.ar\\\/\",\"logo\":{\"@type\":\"ImageObject\",\"inLanguage\":\"es\",\"@id\":\"https:\\\/\\\/digitalsantotome.com.ar\\\/#\\\/schema\\\/logo\\\/image\\\/\",\"url\":\"https:\\\/\\\/digitalsantotome.com.ar\\\/wp-content\\\/uploads\\\/2023\\\/01\\\/facebook.jpg\",\"contentUrl\":\"https:\\\/\\\/digitalsantotome.com.ar\\\/wp-content\\\/uploads\\\/2023\\\/01\\\/facebook.jpg\",\"width\":512,\"height\":376,\"caption\":\"Digital Santo Tom\u00e9\"},\"image\":{\"@id\":\"https:\\\/\\\/digitalsantotome.com.ar\\\/#\\\/schema\\\/logo\\\/image\\\/\"}},{\"@type\":\"Person\",\"@id\":\"https:\\\/\\\/digitalsantotome.com.ar\\\/#\\\/schema\\\/person\\\/8991d8822886fedd92ce7f03817e1bdf\",\"name\":\"Jose Carlos Machado\",\"url\":\"https:\\\/\\\/digitalsantotome.com.ar\\\/?author=2\"}]}<\/script>\n<!-- \/ Yoast SEO plugin. -->","yoast_head_json":{"title":"Rechazan la provincializaci\u00f3n de rutas y advierten por su impacto econ\u00f3mico legal y economico - Digital Santo Tom\u00e9","robots":{"index":"index","follow":"follow","max-snippet":"max-snippet:-1","max-image-preview":"max-image-preview:large","max-video-preview":"max-video-preview:-1"},"canonical":"https:\/\/digitalsantotome.com.ar\/?p=15594","og_locale":"es_ES","og_type":"article","og_title":"Rechazan la provincializaci\u00f3n de rutas y advierten por su impacto econ\u00f3mico legal y economico - Digital Santo Tom\u00e9","og_description":"CAPITAL FEDERAL. La decisi\u00f3n del Gobierno nacional de avanzar con la provincializaci\u00f3n de rutas y habilitar su financiamiento mediante peajes abri\u00f3 un nuevo frente de debate t\u00e9cnico, legal y econ\u00f3mico. La medida, instrumentada a trav\u00e9s del Decreto 253\/2026, establece un esquema en el que las provincias podr\u00e1n asumir la gesti\u00f3n de tramos de la red...","og_url":"https:\/\/digitalsantotome.com.ar\/?p=15594","og_site_name":"Digital Santo Tom\u00e9","article_published_time":"2026-04-27T11:28:10+00:00","article_modified_time":"2026-04-27T11:28:27+00:00","og_image":[{"width":600,"height":335,"url":"https:\/\/digitalsantotome.com.ar\/wp-content\/uploads\/2026\/04\/Rutas-nacionales-en-mal-estado.webp","type":"image\/webp"}],"author":"Jose Carlos Machado","twitter_card":"summary_large_image","twitter_misc":{"Escrito por":"Jose Carlos Machado","Tiempo de lectura":"2 minutos"},"schema":{"@context":"https:\/\/schema.org","@graph":[{"@type":"Article","@id":"https:\/\/digitalsantotome.com.ar\/?p=15594#article","isPartOf":{"@id":"https:\/\/digitalsantotome.com.ar\/?p=15594"},"author":{"name":"Jose Carlos Machado","@id":"https:\/\/digitalsantotome.com.ar\/#\/schema\/person\/8991d8822886fedd92ce7f03817e1bdf"},"headline":"Rechazan la provincializaci\u00f3n de rutas y advierten por su impacto econ\u00f3mico legal y economico","datePublished":"2026-04-27T11:28:10+00:00","dateModified":"2026-04-27T11:28:27+00:00","mainEntityOfPage":{"@id":"https:\/\/digitalsantotome.com.ar\/?p=15594"},"wordCount":284,"publisher":{"@id":"https:\/\/digitalsantotome.com.ar\/#organization"},"image":{"@id":"https:\/\/digitalsantotome.com.ar\/?p=15594#primaryimage"},"thumbnailUrl":"https:\/\/digitalsantotome.com.ar\/wp-content\/uploads\/2026\/04\/Rutas-nacionales-en-mal-estado.webp","articleSection":["Provinciales"],"inLanguage":"es"},{"@type":"WebPage","@id":"https:\/\/digitalsantotome.com.ar\/?p=15594","url":"https:\/\/digitalsantotome.com.ar\/?p=15594","name":"Rechazan la provincializaci\u00f3n de rutas y advierten por su impacto econ\u00f3mico legal y economico - Digital Santo Tom\u00e9","isPartOf":{"@id":"https:\/\/digitalsantotome.com.ar\/#website"},"primaryImageOfPage":{"@id":"https:\/\/digitalsantotome.com.ar\/?p=15594#primaryimage"},"image":{"@id":"https:\/\/digitalsantotome.com.ar\/?p=15594#primaryimage"},"thumbnailUrl":"https:\/\/digitalsantotome.com.ar\/wp-content\/uploads\/2026\/04\/Rutas-nacionales-en-mal-estado.webp","datePublished":"2026-04-27T11:28:10+00:00","dateModified":"2026-04-27T11:28:27+00:00","breadcrumb":{"@id":"https:\/\/digitalsantotome.com.ar\/?p=15594#breadcrumb"},"inLanguage":"es","potentialAction":[{"@type":"ReadAction","target":["https:\/\/digitalsantotome.com.ar\/?p=15594"]}]},{"@type":"ImageObject","inLanguage":"es","@id":"https:\/\/digitalsantotome.com.ar\/?p=15594#primaryimage","url":"https:\/\/digitalsantotome.com.ar\/wp-content\/uploads\/2026\/04\/Rutas-nacionales-en-mal-estado.webp","contentUrl":"https:\/\/digitalsantotome.com.ar\/wp-content\/uploads\/2026\/04\/Rutas-nacionales-en-mal-estado.webp","width":600,"height":335},{"@type":"BreadcrumbList","@id":"https:\/\/digitalsantotome.com.ar\/?p=15594#breadcrumb","itemListElement":[{"@type":"ListItem","position":1,"name":"Portada","item":"https:\/\/digitalsantotome.com.ar\/"},{"@type":"ListItem","position":2,"name":"Rechazan la provincializaci\u00f3n de rutas y advierten por su impacto econ\u00f3mico legal y economico"}]},{"@type":"WebSite","@id":"https:\/\/digitalsantotome.com.ar\/#website","url":"https:\/\/digitalsantotome.com.ar\/","name":"Digital Santo Tom\u00e9","description":"Noticias desde Santo Tom\u00e9 al Mundo \u2013 La informacion que decide","publisher":{"@id":"https:\/\/digitalsantotome.com.ar\/#organization"},"potentialAction":[{"@type":"SearchAction","target":{"@type":"EntryPoint","urlTemplate":"https:\/\/digitalsantotome.com.ar\/?s={search_term_string}"},"query-input":{"@type":"PropertyValueSpecification","valueRequired":true,"valueName":"search_term_string"}}],"inLanguage":"es"},{"@type":"Organization","@id":"https:\/\/digitalsantotome.com.ar\/#organization","name":"Digital Santo Tom\u00e9","url":"https:\/\/digitalsantotome.com.ar\/","logo":{"@type":"ImageObject","inLanguage":"es","@id":"https:\/\/digitalsantotome.com.ar\/#\/schema\/logo\/image\/","url":"https:\/\/digitalsantotome.com.ar\/wp-content\/uploads\/2023\/01\/facebook.jpg","contentUrl":"https:\/\/digitalsantotome.com.ar\/wp-content\/uploads\/2023\/01\/facebook.jpg","width":512,"height":376,"caption":"Digital Santo Tom\u00e9"},"image":{"@id":"https:\/\/digitalsantotome.com.ar\/#\/schema\/logo\/image\/"}},{"@type":"Person","@id":"https:\/\/digitalsantotome.com.ar\/#\/schema\/person\/8991d8822886fedd92ce7f03817e1bdf","name":"Jose Carlos Machado","url":"https:\/\/digitalsantotome.com.ar\/?author=2"}]}},"_links":{"self":[{"href":"https:\/\/digitalsantotome.com.ar\/index.php?rest_route=\/wp\/v2\/posts\/15594","targetHints":{"allow":["GET"]}}],"collection":[{"href":"https:\/\/digitalsantotome.com.ar\/index.php?rest_route=\/wp\/v2\/posts"}],"about":[{"href":"https:\/\/digitalsantotome.com.ar\/index.php?rest_route=\/wp\/v2\/types\/post"}],"author":[{"embeddable":true,"href":"https:\/\/digitalsantotome.com.ar\/index.php?rest_route=\/wp\/v2\/users\/2"}],"replies":[{"embeddable":true,"href":"https:\/\/digitalsantotome.com.ar\/index.php?rest_route=%2Fwp%2Fv2%2Fcomments&post=15594"}],"version-history":[{"count":1,"href":"https:\/\/digitalsantotome.com.ar\/index.php?rest_route=\/wp\/v2\/posts\/15594\/revisions"}],"predecessor-version":[{"id":15596,"href":"https:\/\/digitalsantotome.com.ar\/index.php?rest_route=\/wp\/v2\/posts\/15594\/revisions\/15596"}],"wp:featuredmedia":[{"embeddable":true,"href":"https:\/\/digitalsantotome.com.ar\/index.php?rest_route=\/wp\/v2\/media\/15595"}],"wp:attachment":[{"href":"https:\/\/digitalsantotome.com.ar\/index.php?rest_route=%2Fwp%2Fv2%2Fmedia&parent=15594"}],"wp:term":[{"taxonomy":"category","embeddable":true,"href":"https:\/\/digitalsantotome.com.ar\/index.php?rest_route=%2Fwp%2Fv2%2Fcategories&post=15594"},{"taxonomy":"post_tag","embeddable":true,"href":"https:\/\/digitalsantotome.com.ar\/index.php?rest_route=%2Fwp%2Fv2%2Ftags&post=15594"}],"curies":[{"name":"wp","href":"https:\/\/api.w.org\/{rel}","templated":true}]}}