{"id":15598,"date":"2026-04-27T19:01:31","date_gmt":"2026-04-27T22:01:31","guid":{"rendered":"https:\/\/digitalsantotome.com.ar\/?p=15598"},"modified":"2026-04-27T19:01:38","modified_gmt":"2026-04-27T22:01:38","slug":"santo-tome-fue-sede-de-la-mesa-tecnica-del-corredor-jesuitico-con-la-presencia-de-varios-municipios-de-la-zona","status":"publish","type":"post","link":"https:\/\/digitalsantotome.com.ar\/?p=15598","title":{"rendered":"Santo Tom\u00e9 fue sede de la Mesa T\u00e9cnica del Corredor Jesu\u00edtico con la presencia de varios municipios de la zona"},"content":{"rendered":"<div class=\"gs\">\n<div class=\"\">\n<div id=\":rp\" class=\"ii gt\">\n<div id=\":ri\" class=\"a3s aiL\">\n<div id=\"avWBGd-158\">\n<div dir=\"auto\">\n<p>SANTO TOME. Con la presencia del ministro de Turismo de Corrientes, Juan Enrique Braillard Poccard, su equipo t\u00e9cnico y representantes de once municipios, Santo Tom\u00e9 alberg\u00f3 una nueva reuni\u00f3n de la Mesa T\u00e9cnica del Corredor Jesu\u00edtico, consolid\u00e1ndose como un punto clave para la planificaci\u00f3n tur\u00edstica de la microrregi\u00f3n, seg\u00fan lo se\u00f1ala un parte de prensa divulgado por la comuna de esta ciudad.<\/p>\n<p>El encuentro se desarroll\u00f3 en la Casa del Bicentenario, organizado por el \u00e1rea de Ceremonial y Protocolo municipal, y fue encabezado por el intendente Jos\u00e9 Augusto Suaid. Durante la jornada, se compartieron diagn\u00f3sticos, se ordenaron prioridades y se definieron l\u00edneas de acci\u00f3n orientadas a transformar el potencial hist\u00f3rico, cultural y natural del corredor en desarrollo concreto y sostenido.<\/p>\n<p>\u201cEstamos muy contentos de dar otro paso importante para potenciar y fortalecer el plan estrat\u00e9gico del Corredor Jesu\u00edtico. Queremos que estos encuentros se repliquen en cada localidad y contar con un diagn\u00f3stico claro para avanzar sobre las prioridades\u201d, expres\u00f3 Suaid.<\/p>\n<\/div>\n<div dir=\"auto\">\n<p><img fetchpriority=\"high\" decoding=\"async\" class=\"alignnone size-full wp-image-15600\" src=\"https:\/\/digitalsantotome.com.ar\/wp-content\/uploads\/2026\/04\/IMG-20260427-WA0122.jpg\" alt=\"\" width=\"1440\" height=\"960\" srcset=\"https:\/\/digitalsantotome.com.ar\/wp-content\/uploads\/2026\/04\/IMG-20260427-WA0122.jpg 1440w, https:\/\/digitalsantotome.com.ar\/wp-content\/uploads\/2026\/04\/IMG-20260427-WA0122-300x200.jpg 300w, https:\/\/digitalsantotome.com.ar\/wp-content\/uploads\/2026\/04\/IMG-20260427-WA0122-1024x683.jpg 1024w, https:\/\/digitalsantotome.com.ar\/wp-content\/uploads\/2026\/04\/IMG-20260427-WA0122-768x512.jpg 768w\" sizes=\"(max-width: 1440px) 100vw, 1440px\" \/><\/p>\n<p>Proyectos locales y demandas comunes<\/p>\n<p>Cada municipio present\u00f3 sus iniciativas y necesidades. Entre ellas, se destac\u00f3 la intenci\u00f3n de Gobernador Virasoro de posicionarse como destino tur\u00edstico; el proyecto de Garav\u00ed para construir un mirador sobre el r\u00edo Uruguay; y la propuesta de Garruchos de capacitar anfitriones y gu\u00edas locales.<\/p>\n<p>Por su parte, Yapey\u00fa plante\u00f3 mejorar la se\u00f1alizaci\u00f3n tur\u00edstica, mientras que San Carlos avanza en la formaci\u00f3n de gu\u00edas municipales. Alvear puso el foco en el acompa\u00f1amiento a emprendedores, y Santo Tom\u00e9 insisti\u00f3 en la necesidad de reforzar la se\u00f1al\u00e9tica y mejorar las condiciones de la Ruta Nacional 14.<\/p>\n<p>Tambi\u00e9n se sumaron propuestas de Guavirav\u00ed, Colonia Liebig, La Cruz y Torrent, en un esquema de trabajo colaborativo que busca equilibrar el crecimiento tur\u00edstico en toda la regi\u00f3n.<\/p>\n<p>Hacia una agencia de desarrollo del corredor<\/p>\n<p>Uno de los puntos centrales del encuentro fue el avance en la conformaci\u00f3n de una Agencia de Desarrollo del Corredor Jesu\u00edtico, con personer\u00eda jur\u00eddica propia. La iniciativa apunta a articular a los 30 pueblos que integran el circuito y fortalecer la integraci\u00f3n con Brasil y Paraguay.<\/p>\n<p>\u201cEstamos haciendo los tr\u00e1mites para aggiornarnos a los 30 pueblos y trabajar con Brasil y Paraguay, consolidando una propuesta regional\u201d, confirm\u00f3 el intendente Suaid, quien adem\u00e1s valor\u00f3 el acompa\u00f1amiento del Gobierno provincial.<\/p>\n<p>La jornada concluy\u00f3 con el compromiso de sostener reuniones rotativas en distintas localidades, con el objetivo de dar continuidad a los proyectos y posicionar al Corredor Jesu\u00edtico Guaran\u00ed como un producto tur\u00edstico de escala regional e internacional.<\/p>\n<\/div>\n<div dir=\"auto\"><img decoding=\"async\" class=\"alignnone size-full wp-image-15601\" src=\"https:\/\/digitalsantotome.com.ar\/wp-content\/uploads\/2026\/04\/IMG-20260427-WA0117.jpg\" alt=\"\" width=\"1440\" height=\"960\" srcset=\"https:\/\/digitalsantotome.com.ar\/wp-content\/uploads\/2026\/04\/IMG-20260427-WA0117.jpg 1440w, https:\/\/digitalsantotome.com.ar\/wp-content\/uploads\/2026\/04\/IMG-20260427-WA0117-300x200.jpg 300w, https:\/\/digitalsantotome.com.ar\/wp-content\/uploads\/2026\/04\/IMG-20260427-WA0117-1024x683.jpg 1024w, https:\/\/digitalsantotome.com.ar\/wp-content\/uploads\/2026\/04\/IMG-20260427-WA0117-768x512.jpg 768w\" sizes=\"(max-width: 1440px) 100vw, 1440px\" \/><\/div>\n<div class=\"yj6qo\"><\/div>\n<div class=\"adL\"><\/div>\n<\/div>\n<\/div>\n<\/div>\n<div id=\"avWBGd-159\" class=\"WhmR8e\" data-hash=\"0\"><\/div>\n<\/div>\n<\/div>\n","protected":false},"excerpt":{"rendered":"<p>SANTO TOME. Con la presencia del ministro de Turismo de Corrientes, Juan Enrique Braillard Poccard, su equipo t\u00e9cnico y representantes de once municipios, Santo Tom\u00e9 alberg\u00f3 una nueva reuni\u00f3n de la Mesa T\u00e9cnica del Corredor Jesu\u00edtico, consolid\u00e1ndose como un punto clave para la planificaci\u00f3n tur\u00edstica de la microrregi\u00f3n, seg\u00fan lo se\u00f1ala un parte de prensa&#8230;<\/p>\n","protected":false},"author":2,"featured_media":15599,"comment_status":"closed","ping_status":"closed","sticky":false,"template":"","format":"standard","meta":{"_kad_post_transparent":"default","_kad_post_title":"default","_kad_post_layout":"default","_kad_post_sidebar_id":"","_kad_post_content_style":"default","_kad_post_vertical_padding":"default","_kad_post_feature":"","_kad_post_feature_position":"","_kad_post_header":false,"_kad_post_footer":false,"_kad_post_classname":"","footnotes":""},"categories":[5],"tags":[],"class_list":["post-15598","post","type-post","status-publish","format-standard","has-post-thumbnail","hentry","category-destacadas"],"a3_pvc":{"activated":false,"total_views":0,"today_views":0},"yoast_head":"<!-- This site is optimized with the Yoast SEO plugin v27.4 - https:\/\/yoast.com\/product\/yoast-seo-wordpress\/ -->\n<title>Santo Tom\u00e9 fue sede de la Mesa T\u00e9cnica del Corredor Jesu\u00edtico con la presencia de varios municipios de la zona - Digital Santo Tom\u00e9<\/title>\n<meta name=\"robots\" content=\"index, follow, max-snippet:-1, max-image-preview:large, max-video-preview:-1\" \/>\n<link rel=\"canonical\" href=\"https:\/\/digitalsantotome.com.ar\/?p=15598\" \/>\n<meta property=\"og:locale\" content=\"es_ES\" \/>\n<meta property=\"og:type\" content=\"article\" \/>\n<meta property=\"og:title\" content=\"Santo Tom\u00e9 fue sede de la Mesa T\u00e9cnica del Corredor Jesu\u00edtico con la presencia de varios municipios de la zona - Digital Santo Tom\u00e9\" \/>\n<meta property=\"og:description\" content=\"SANTO TOME. Con la presencia del ministro de Turismo de Corrientes, Juan Enrique Braillard Poccard, su equipo t\u00e9cnico y representantes de once municipios, Santo Tom\u00e9 alberg\u00f3 una nueva reuni\u00f3n de la Mesa T\u00e9cnica del Corredor Jesu\u00edtico, consolid\u00e1ndose como un punto clave para la planificaci\u00f3n tur\u00edstica de la microrregi\u00f3n, seg\u00fan lo se\u00f1ala un parte de prensa...\" \/>\n<meta property=\"og:url\" content=\"https:\/\/digitalsantotome.com.ar\/?p=15598\" \/>\n<meta property=\"og:site_name\" content=\"Digital Santo Tom\u00e9\" \/>\n<meta property=\"article:published_time\" content=\"2026-04-27T22:01:31+00:00\" \/>\n<meta property=\"article:modified_time\" content=\"2026-04-27T22:01:38+00:00\" \/>\n<meta property=\"og:image\" content=\"https:\/\/digitalsantotome.com.ar\/wp-content\/uploads\/2026\/04\/IMG-20260427-WA0124.jpg\" \/>\n\t<meta property=\"og:image:width\" content=\"1440\" \/>\n\t<meta property=\"og:image:height\" content=\"960\" \/>\n\t<meta property=\"og:image:type\" content=\"image\/jpeg\" \/>\n<meta name=\"author\" content=\"Jose Carlos Machado\" \/>\n<meta name=\"twitter:card\" content=\"summary_large_image\" \/>\n<meta name=\"twitter:label1\" content=\"Escrito por\" \/>\n\t<meta name=\"twitter:data1\" content=\"Jose Carlos Machado\" \/>\n\t<meta name=\"twitter:label2\" content=\"Tiempo de lectura\" \/>\n\t<meta name=\"twitter:data2\" content=\"3 minutos\" \/>\n<script type=\"application\/ld+json\" class=\"yoast-schema-graph\">{\"@context\":\"https:\\\/\\\/schema.org\",\"@graph\":[{\"@type\":\"Article\",\"@id\":\"https:\\\/\\\/digitalsantotome.com.ar\\\/?p=15598#article\",\"isPartOf\":{\"@id\":\"https:\\\/\\\/digitalsantotome.com.ar\\\/?p=15598\"},\"author\":{\"name\":\"Jose Carlos Machado\",\"@id\":\"https:\\\/\\\/digitalsantotome.com.ar\\\/#\\\/schema\\\/person\\\/8991d8822886fedd92ce7f03817e1bdf\"},\"headline\":\"Santo Tom\u00e9 fue sede de la Mesa T\u00e9cnica del Corredor Jesu\u00edtico con la presencia de varios municipios de la zona\",\"datePublished\":\"2026-04-27T22:01:31+00:00\",\"dateModified\":\"2026-04-27T22:01:38+00:00\",\"mainEntityOfPage\":{\"@id\":\"https:\\\/\\\/digitalsantotome.com.ar\\\/?p=15598\"},\"wordCount\":469,\"publisher\":{\"@id\":\"https:\\\/\\\/digitalsantotome.com.ar\\\/#organization\"},\"image\":{\"@id\":\"https:\\\/\\\/digitalsantotome.com.ar\\\/?p=15598#primaryimage\"},\"thumbnailUrl\":\"https:\\\/\\\/digitalsantotome.com.ar\\\/wp-content\\\/uploads\\\/2026\\\/04\\\/IMG-20260427-WA0124.jpg\",\"articleSection\":[\"Destacadas\"],\"inLanguage\":\"es\"},{\"@type\":\"WebPage\",\"@id\":\"https:\\\/\\\/digitalsantotome.com.ar\\\/?p=15598\",\"url\":\"https:\\\/\\\/digitalsantotome.com.ar\\\/?p=15598\",\"name\":\"Santo Tom\u00e9 fue sede de la Mesa T\u00e9cnica del Corredor Jesu\u00edtico con la presencia de varios municipios de la zona - Digital Santo Tom\u00e9\",\"isPartOf\":{\"@id\":\"https:\\\/\\\/digitalsantotome.com.ar\\\/#website\"},\"primaryImageOfPage\":{\"@id\":\"https:\\\/\\\/digitalsantotome.com.ar\\\/?p=15598#primaryimage\"},\"image\":{\"@id\":\"https:\\\/\\\/digitalsantotome.com.ar\\\/?p=15598#primaryimage\"},\"thumbnailUrl\":\"https:\\\/\\\/digitalsantotome.com.ar\\\/wp-content\\\/uploads\\\/2026\\\/04\\\/IMG-20260427-WA0124.jpg\",\"datePublished\":\"2026-04-27T22:01:31+00:00\",\"dateModified\":\"2026-04-27T22:01:38+00:00\",\"breadcrumb\":{\"@id\":\"https:\\\/\\\/digitalsantotome.com.ar\\\/?p=15598#breadcrumb\"},\"inLanguage\":\"es\",\"potentialAction\":[{\"@type\":\"ReadAction\",\"target\":[\"https:\\\/\\\/digitalsantotome.com.ar\\\/?p=15598\"]}]},{\"@type\":\"ImageObject\",\"inLanguage\":\"es\",\"@id\":\"https:\\\/\\\/digitalsantotome.com.ar\\\/?p=15598#primaryimage\",\"url\":\"https:\\\/\\\/digitalsantotome.com.ar\\\/wp-content\\\/uploads\\\/2026\\\/04\\\/IMG-20260427-WA0124.jpg\",\"contentUrl\":\"https:\\\/\\\/digitalsantotome.com.ar\\\/wp-content\\\/uploads\\\/2026\\\/04\\\/IMG-20260427-WA0124.jpg\",\"width\":1440,\"height\":960},{\"@type\":\"BreadcrumbList\",\"@id\":\"https:\\\/\\\/digitalsantotome.com.ar\\\/?p=15598#breadcrumb\",\"itemListElement\":[{\"@type\":\"ListItem\",\"position\":1,\"name\":\"Portada\",\"item\":\"https:\\\/\\\/digitalsantotome.com.ar\\\/\"},{\"@type\":\"ListItem\",\"position\":2,\"name\":\"Santo Tom\u00e9 fue sede de la Mesa T\u00e9cnica del Corredor Jesu\u00edtico con la presencia de varios municipios de la zona\"}]},{\"@type\":\"WebSite\",\"@id\":\"https:\\\/\\\/digitalsantotome.com.ar\\\/#website\",\"url\":\"https:\\\/\\\/digitalsantotome.com.ar\\\/\",\"name\":\"Digital Santo Tom\u00e9\",\"description\":\"Noticias desde Santo Tom\u00e9 al Mundo \u2013 La informacion que decide\",\"publisher\":{\"@id\":\"https:\\\/\\\/digitalsantotome.com.ar\\\/#organization\"},\"potentialAction\":[{\"@type\":\"SearchAction\",\"target\":{\"@type\":\"EntryPoint\",\"urlTemplate\":\"https:\\\/\\\/digitalsantotome.com.ar\\\/?s={search_term_string}\"},\"query-input\":{\"@type\":\"PropertyValueSpecification\",\"valueRequired\":true,\"valueName\":\"search_term_string\"}}],\"inLanguage\":\"es\"},{\"@type\":\"Organization\",\"@id\":\"https:\\\/\\\/digitalsantotome.com.ar\\\/#organization\",\"name\":\"Digital Santo Tom\u00e9\",\"url\":\"https:\\\/\\\/digitalsantotome.com.ar\\\/\",\"logo\":{\"@type\":\"ImageObject\",\"inLanguage\":\"es\",\"@id\":\"https:\\\/\\\/digitalsantotome.com.ar\\\/#\\\/schema\\\/logo\\\/image\\\/\",\"url\":\"https:\\\/\\\/digitalsantotome.com.ar\\\/wp-content\\\/uploads\\\/2023\\\/01\\\/facebook.jpg\",\"contentUrl\":\"https:\\\/\\\/digitalsantotome.com.ar\\\/wp-content\\\/uploads\\\/2023\\\/01\\\/facebook.jpg\",\"width\":512,\"height\":376,\"caption\":\"Digital Santo Tom\u00e9\"},\"image\":{\"@id\":\"https:\\\/\\\/digitalsantotome.com.ar\\\/#\\\/schema\\\/logo\\\/image\\\/\"}},{\"@type\":\"Person\",\"@id\":\"https:\\\/\\\/digitalsantotome.com.ar\\\/#\\\/schema\\\/person\\\/8991d8822886fedd92ce7f03817e1bdf\",\"name\":\"Jose Carlos Machado\",\"url\":\"https:\\\/\\\/digitalsantotome.com.ar\\\/?author=2\"}]}<\/script>\n<!-- \/ Yoast SEO plugin. -->","yoast_head_json":{"title":"Santo Tom\u00e9 fue sede de la Mesa T\u00e9cnica del Corredor Jesu\u00edtico con la presencia de varios municipios de la zona - Digital Santo Tom\u00e9","robots":{"index":"index","follow":"follow","max-snippet":"max-snippet:-1","max-image-preview":"max-image-preview:large","max-video-preview":"max-video-preview:-1"},"canonical":"https:\/\/digitalsantotome.com.ar\/?p=15598","og_locale":"es_ES","og_type":"article","og_title":"Santo Tom\u00e9 fue sede de la Mesa T\u00e9cnica del Corredor Jesu\u00edtico con la presencia de varios municipios de la zona - Digital Santo Tom\u00e9","og_description":"SANTO TOME. Con la presencia del ministro de Turismo de Corrientes, Juan Enrique Braillard Poccard, su equipo t\u00e9cnico y representantes de once municipios, Santo Tom\u00e9 alberg\u00f3 una nueva reuni\u00f3n de la Mesa T\u00e9cnica del Corredor Jesu\u00edtico, consolid\u00e1ndose como un punto clave para la planificaci\u00f3n tur\u00edstica de la microrregi\u00f3n, seg\u00fan lo se\u00f1ala un parte de prensa...","og_url":"https:\/\/digitalsantotome.com.ar\/?p=15598","og_site_name":"Digital Santo Tom\u00e9","article_published_time":"2026-04-27T22:01:31+00:00","article_modified_time":"2026-04-27T22:01:38+00:00","og_image":[{"width":1440,"height":960,"url":"https:\/\/digitalsantotome.com.ar\/wp-content\/uploads\/2026\/04\/IMG-20260427-WA0124.jpg","type":"image\/jpeg"}],"author":"Jose Carlos Machado","twitter_card":"summary_large_image","twitter_misc":{"Escrito por":"Jose Carlos Machado","Tiempo de lectura":"3 minutos"},"schema":{"@context":"https:\/\/schema.org","@graph":[{"@type":"Article","@id":"https:\/\/digitalsantotome.com.ar\/?p=15598#article","isPartOf":{"@id":"https:\/\/digitalsantotome.com.ar\/?p=15598"},"author":{"name":"Jose Carlos Machado","@id":"https:\/\/digitalsantotome.com.ar\/#\/schema\/person\/8991d8822886fedd92ce7f03817e1bdf"},"headline":"Santo Tom\u00e9 fue sede de la Mesa T\u00e9cnica del Corredor Jesu\u00edtico con la presencia de varios municipios de la zona","datePublished":"2026-04-27T22:01:31+00:00","dateModified":"2026-04-27T22:01:38+00:00","mainEntityOfPage":{"@id":"https:\/\/digitalsantotome.com.ar\/?p=15598"},"wordCount":469,"publisher":{"@id":"https:\/\/digitalsantotome.com.ar\/#organization"},"image":{"@id":"https:\/\/digitalsantotome.com.ar\/?p=15598#primaryimage"},"thumbnailUrl":"https:\/\/digitalsantotome.com.ar\/wp-content\/uploads\/2026\/04\/IMG-20260427-WA0124.jpg","articleSection":["Destacadas"],"inLanguage":"es"},{"@type":"WebPage","@id":"https:\/\/digitalsantotome.com.ar\/?p=15598","url":"https:\/\/digitalsantotome.com.ar\/?p=15598","name":"Santo Tom\u00e9 fue sede de la Mesa T\u00e9cnica del Corredor Jesu\u00edtico con la presencia de varios municipios de la zona - Digital Santo Tom\u00e9","isPartOf":{"@id":"https:\/\/digitalsantotome.com.ar\/#website"},"primaryImageOfPage":{"@id":"https:\/\/digitalsantotome.com.ar\/?p=15598#primaryimage"},"image":{"@id":"https:\/\/digitalsantotome.com.ar\/?p=15598#primaryimage"},"thumbnailUrl":"https:\/\/digitalsantotome.com.ar\/wp-content\/uploads\/2026\/04\/IMG-20260427-WA0124.jpg","datePublished":"2026-04-27T22:01:31+00:00","dateModified":"2026-04-27T22:01:38+00:00","breadcrumb":{"@id":"https:\/\/digitalsantotome.com.ar\/?p=15598#breadcrumb"},"inLanguage":"es","potentialAction":[{"@type":"ReadAction","target":["https:\/\/digitalsantotome.com.ar\/?p=15598"]}]},{"@type":"ImageObject","inLanguage":"es","@id":"https:\/\/digitalsantotome.com.ar\/?p=15598#primaryimage","url":"https:\/\/digitalsantotome.com.ar\/wp-content\/uploads\/2026\/04\/IMG-20260427-WA0124.jpg","contentUrl":"https:\/\/digitalsantotome.com.ar\/wp-content\/uploads\/2026\/04\/IMG-20260427-WA0124.jpg","width":1440,"height":960},{"@type":"BreadcrumbList","@id":"https:\/\/digitalsantotome.com.ar\/?p=15598#breadcrumb","itemListElement":[{"@type":"ListItem","position":1,"name":"Portada","item":"https:\/\/digitalsantotome.com.ar\/"},{"@type":"ListItem","position":2,"name":"Santo Tom\u00e9 fue sede de la Mesa T\u00e9cnica del Corredor Jesu\u00edtico con la presencia de varios municipios de la zona"}]},{"@type":"WebSite","@id":"https:\/\/digitalsantotome.com.ar\/#website","url":"https:\/\/digitalsantotome.com.ar\/","name":"Digital Santo Tom\u00e9","description":"Noticias desde Santo Tom\u00e9 al Mundo \u2013 La informacion que decide","publisher":{"@id":"https:\/\/digitalsantotome.com.ar\/#organization"},"potentialAction":[{"@type":"SearchAction","target":{"@type":"EntryPoint","urlTemplate":"https:\/\/digitalsantotome.com.ar\/?s={search_term_string}"},"query-input":{"@type":"PropertyValueSpecification","valueRequired":true,"valueName":"search_term_string"}}],"inLanguage":"es"},{"@type":"Organization","@id":"https:\/\/digitalsantotome.com.ar\/#organization","name":"Digital Santo Tom\u00e9","url":"https:\/\/digitalsantotome.com.ar\/","logo":{"@type":"ImageObject","inLanguage":"es","@id":"https:\/\/digitalsantotome.com.ar\/#\/schema\/logo\/image\/","url":"https:\/\/digitalsantotome.com.ar\/wp-content\/uploads\/2023\/01\/facebook.jpg","contentUrl":"https:\/\/digitalsantotome.com.ar\/wp-content\/uploads\/2023\/01\/facebook.jpg","width":512,"height":376,"caption":"Digital Santo Tom\u00e9"},"image":{"@id":"https:\/\/digitalsantotome.com.ar\/#\/schema\/logo\/image\/"}},{"@type":"Person","@id":"https:\/\/digitalsantotome.com.ar\/#\/schema\/person\/8991d8822886fedd92ce7f03817e1bdf","name":"Jose Carlos Machado","url":"https:\/\/digitalsantotome.com.ar\/?author=2"}]}},"_links":{"self":[{"href":"https:\/\/digitalsantotome.com.ar\/index.php?rest_route=\/wp\/v2\/posts\/15598","targetHints":{"allow":["GET"]}}],"collection":[{"href":"https:\/\/digitalsantotome.com.ar\/index.php?rest_route=\/wp\/v2\/posts"}],"about":[{"href":"https:\/\/digitalsantotome.com.ar\/index.php?rest_route=\/wp\/v2\/types\/post"}],"author":[{"embeddable":true,"href":"https:\/\/digitalsantotome.com.ar\/index.php?rest_route=\/wp\/v2\/users\/2"}],"replies":[{"embeddable":true,"href":"https:\/\/digitalsantotome.com.ar\/index.php?rest_route=%2Fwp%2Fv2%2Fcomments&post=15598"}],"version-history":[{"count":2,"href":"https:\/\/digitalsantotome.com.ar\/index.php?rest_route=\/wp\/v2\/posts\/15598\/revisions"}],"predecessor-version":[{"id":15603,"href":"https:\/\/digitalsantotome.com.ar\/index.php?rest_route=\/wp\/v2\/posts\/15598\/revisions\/15603"}],"wp:featuredmedia":[{"embeddable":true,"href":"https:\/\/digitalsantotome.com.ar\/index.php?rest_route=\/wp\/v2\/media\/15599"}],"wp:attachment":[{"href":"https:\/\/digitalsantotome.com.ar\/index.php?rest_route=%2Fwp%2Fv2%2Fmedia&parent=15598"}],"wp:term":[{"taxonomy":"category","embeddable":true,"href":"https:\/\/digitalsantotome.com.ar\/index.php?rest_route=%2Fwp%2Fv2%2Fcategories&post=15598"},{"taxonomy":"post_tag","embeddable":true,"href":"https:\/\/digitalsantotome.com.ar\/index.php?rest_route=%2Fwp%2Fv2%2Ftags&post=15598"}],"curies":[{"name":"wp","href":"https:\/\/api.w.org\/{rel}","templated":true}]}}