{"id":15613,"date":"2026-04-28T15:11:34","date_gmt":"2026-04-28T18:11:34","guid":{"rendered":"https:\/\/digitalsantotome.com.ar\/?p=15613"},"modified":"2026-04-28T15:11:34","modified_gmt":"2026-04-28T18:11:34","slug":"goya-tras-inversion-superior-a-6-920-millones-la-provincia-inaugura-la-nueva-costanera","status":"publish","type":"post","link":"https:\/\/digitalsantotome.com.ar\/?p=15613","title":{"rendered":"Goya: tras inversi\u00f3n superior a $6.920 millones, la Provincia inaugura la nueva Costanera"},"content":{"rendered":"<p>GOYA. El gobernador Juan Pablo Vald\u00e9s inaugurar\u00e1 las obras de remodelaci\u00f3n y puesta en valor de la nueva costanera y Plaza Italia en Goya, este martes 28 de abril, a las 20. La actividad por parte del Gobierno de Corrientes, se concretar\u00e1 en el marco de la Fiesta Nacional del Surub\u00ed 2026.<\/p>\n<p>Con inversi\u00f3n superior a los $6.920 millones, y esfuerzo provincial, se avanz\u00f3 con las obras a orillas del r\u00edo Paran\u00e1 concretando una verdadera transformaci\u00f3n urbana en aquella ciudad.<\/p>\n<p>La nueva costanera constituye el coraz\u00f3n del proyecto de mejora: Remodelaci\u00f3n y Puesta en Valor del Paseo Costero y Plaza Italia.<\/p>\n<p>Como verdadero balc\u00f3n al r\u00edo, la nueva costanera consiste en una estructura cercana a los 500 metros dise\u00f1ada en dos niveles: un paseo superior para caminatas panor\u00e1micas y una merma inferior que permite un contacto m\u00e1s cercano con el entorno.<\/p>\n<p>Ambos niveles est\u00e1n conectados por una imponente grada de cinco escalones, tres escalinatas de acceso estrat\u00e9gico y tres rampas que garantizan la accesibilidad universal.<\/p>\n<p>Integrada a la costanera est\u00e1 la Plaza Italia, que se se perfila como el lugar favorito de los m\u00e1s chicos. Cuenta con juegos infantiles sobre un moderno piso de caucho (plaza blanda), dise\u00f1ado para amortiguar impactos y permitir un juego seguro.<\/p>\n<p>En cuanto a servicios, la obra incluye un n\u00facleo sanitario completo con ba\u00f1os diferenciados para hombres, mujeres, ni\u00f1os y un sector adaptado para personas con discapacidad, asegurando comodidad para todos los visitantes.<\/p>\n","protected":false},"excerpt":{"rendered":"<p>GOYA. El gobernador Juan Pablo Vald\u00e9s inaugurar\u00e1 las obras de remodelaci\u00f3n y puesta en valor de la nueva costanera y Plaza Italia en Goya, este martes 28 de abril, a las 20. La actividad por parte del Gobierno de Corrientes, se concretar\u00e1 en el marco de la Fiesta Nacional del Surub\u00ed 2026. Con inversi\u00f3n superior&#8230;<\/p>\n","protected":false},"author":2,"featured_media":15614,"comment_status":"closed","ping_status":"closed","sticky":false,"template":"","format":"standard","meta":{"_kad_post_transparent":"default","_kad_post_title":"default","_kad_post_layout":"default","_kad_post_sidebar_id":"","_kad_post_content_style":"default","_kad_post_vertical_padding":"default","_kad_post_feature":"","_kad_post_feature_position":"","_kad_post_header":false,"_kad_post_footer":false,"_kad_post_classname":"","footnotes":""},"categories":[2],"tags":[],"class_list":["post-15613","post","type-post","status-publish","format-standard","has-post-thumbnail","hentry","category-provinciales"],"a3_pvc":{"activated":false,"total_views":0,"today_views":0},"yoast_head":"<!-- This site is optimized with the Yoast SEO plugin v27.5 - https:\/\/yoast.com\/product\/yoast-seo-wordpress\/ -->\n<title>Goya: tras inversi\u00f3n superior a $6.920 millones, la Provincia inaugura la nueva Costanera - Digital Santo Tom\u00e9<\/title>\n<meta name=\"robots\" content=\"index, follow, max-snippet:-1, max-image-preview:large, max-video-preview:-1\" \/>\n<link rel=\"canonical\" href=\"https:\/\/digitalsantotome.com.ar\/?p=15613\" \/>\n<meta property=\"og:locale\" content=\"es_ES\" \/>\n<meta property=\"og:type\" content=\"article\" \/>\n<meta property=\"og:title\" content=\"Goya: tras inversi\u00f3n superior a $6.920 millones, la Provincia inaugura la nueva Costanera - Digital Santo Tom\u00e9\" \/>\n<meta property=\"og:description\" content=\"GOYA. El gobernador Juan Pablo Vald\u00e9s inaugurar\u00e1 las obras de remodelaci\u00f3n y puesta en valor de la nueva costanera y Plaza Italia en Goya, este martes 28 de abril, a las 20. La actividad por parte del Gobierno de Corrientes, se concretar\u00e1 en el marco de la Fiesta Nacional del Surub\u00ed 2026. Con inversi\u00f3n superior...\" \/>\n<meta property=\"og:url\" content=\"https:\/\/digitalsantotome.com.ar\/?p=15613\" \/>\n<meta property=\"og:site_name\" content=\"Digital Santo Tom\u00e9\" \/>\n<meta property=\"article:published_time\" content=\"2026-04-28T18:11:34+00:00\" \/>\n<meta property=\"og:image\" content=\"https:\/\/digitalsantotome.com.ar\/wp-content\/uploads\/2026\/04\/imagen-109101.jpg\" \/>\n\t<meta property=\"og:image:width\" content=\"1600\" \/>\n\t<meta property=\"og:image:height\" content=\"1200\" \/>\n\t<meta property=\"og:image:type\" content=\"image\/jpeg\" \/>\n<meta name=\"author\" content=\"Jose Carlos Machado\" \/>\n<meta name=\"twitter:card\" content=\"summary_large_image\" \/>\n<meta name=\"twitter:label1\" content=\"Escrito por\" \/>\n\t<meta name=\"twitter:data1\" content=\"Jose Carlos Machado\" \/>\n\t<meta name=\"twitter:label2\" content=\"Tiempo de lectura\" \/>\n\t<meta name=\"twitter:data2\" content=\"2 minutos\" \/>\n<script type=\"application\/ld+json\" class=\"yoast-schema-graph\">{\"@context\":\"https:\\\/\\\/schema.org\",\"@graph\":[{\"@type\":\"Article\",\"@id\":\"https:\\\/\\\/digitalsantotome.com.ar\\\/?p=15613#article\",\"isPartOf\":{\"@id\":\"https:\\\/\\\/digitalsantotome.com.ar\\\/?p=15613\"},\"author\":{\"name\":\"Jose Carlos Machado\",\"@id\":\"https:\\\/\\\/digitalsantotome.com.ar\\\/#\\\/schema\\\/person\\\/8991d8822886fedd92ce7f03817e1bdf\"},\"headline\":\"Goya: tras inversi\u00f3n superior a $6.920 millones, la Provincia inaugura la nueva Costanera\",\"datePublished\":\"2026-04-28T18:11:34+00:00\",\"mainEntityOfPage\":{\"@id\":\"https:\\\/\\\/digitalsantotome.com.ar\\\/?p=15613\"},\"wordCount\":265,\"publisher\":{\"@id\":\"https:\\\/\\\/digitalsantotome.com.ar\\\/#organization\"},\"image\":{\"@id\":\"https:\\\/\\\/digitalsantotome.com.ar\\\/?p=15613#primaryimage\"},\"thumbnailUrl\":\"https:\\\/\\\/digitalsantotome.com.ar\\\/wp-content\\\/uploads\\\/2026\\\/04\\\/imagen-109101.jpg\",\"articleSection\":[\"Provinciales\"],\"inLanguage\":\"es\"},{\"@type\":\"WebPage\",\"@id\":\"https:\\\/\\\/digitalsantotome.com.ar\\\/?p=15613\",\"url\":\"https:\\\/\\\/digitalsantotome.com.ar\\\/?p=15613\",\"name\":\"Goya: tras inversi\u00f3n superior a $6.920 millones, la Provincia inaugura la nueva Costanera - Digital Santo Tom\u00e9\",\"isPartOf\":{\"@id\":\"https:\\\/\\\/digitalsantotome.com.ar\\\/#website\"},\"primaryImageOfPage\":{\"@id\":\"https:\\\/\\\/digitalsantotome.com.ar\\\/?p=15613#primaryimage\"},\"image\":{\"@id\":\"https:\\\/\\\/digitalsantotome.com.ar\\\/?p=15613#primaryimage\"},\"thumbnailUrl\":\"https:\\\/\\\/digitalsantotome.com.ar\\\/wp-content\\\/uploads\\\/2026\\\/04\\\/imagen-109101.jpg\",\"datePublished\":\"2026-04-28T18:11:34+00:00\",\"breadcrumb\":{\"@id\":\"https:\\\/\\\/digitalsantotome.com.ar\\\/?p=15613#breadcrumb\"},\"inLanguage\":\"es\",\"potentialAction\":[{\"@type\":\"ReadAction\",\"target\":[\"https:\\\/\\\/digitalsantotome.com.ar\\\/?p=15613\"]}]},{\"@type\":\"ImageObject\",\"inLanguage\":\"es\",\"@id\":\"https:\\\/\\\/digitalsantotome.com.ar\\\/?p=15613#primaryimage\",\"url\":\"https:\\\/\\\/digitalsantotome.com.ar\\\/wp-content\\\/uploads\\\/2026\\\/04\\\/imagen-109101.jpg\",\"contentUrl\":\"https:\\\/\\\/digitalsantotome.com.ar\\\/wp-content\\\/uploads\\\/2026\\\/04\\\/imagen-109101.jpg\",\"width\":1600,\"height\":1200},{\"@type\":\"BreadcrumbList\",\"@id\":\"https:\\\/\\\/digitalsantotome.com.ar\\\/?p=15613#breadcrumb\",\"itemListElement\":[{\"@type\":\"ListItem\",\"position\":1,\"name\":\"Portada\",\"item\":\"https:\\\/\\\/digitalsantotome.com.ar\\\/\"},{\"@type\":\"ListItem\",\"position\":2,\"name\":\"Goya: tras inversi\u00f3n superior a $6.920 millones, la Provincia inaugura la nueva Costanera\"}]},{\"@type\":\"WebSite\",\"@id\":\"https:\\\/\\\/digitalsantotome.com.ar\\\/#website\",\"url\":\"https:\\\/\\\/digitalsantotome.com.ar\\\/\",\"name\":\"Digital Santo Tom\u00e9\",\"description\":\"Noticias desde Santo Tom\u00e9 al Mundo \u2013 La informacion que decide\",\"publisher\":{\"@id\":\"https:\\\/\\\/digitalsantotome.com.ar\\\/#organization\"},\"potentialAction\":[{\"@type\":\"SearchAction\",\"target\":{\"@type\":\"EntryPoint\",\"urlTemplate\":\"https:\\\/\\\/digitalsantotome.com.ar\\\/?s={search_term_string}\"},\"query-input\":{\"@type\":\"PropertyValueSpecification\",\"valueRequired\":true,\"valueName\":\"search_term_string\"}}],\"inLanguage\":\"es\"},{\"@type\":\"Organization\",\"@id\":\"https:\\\/\\\/digitalsantotome.com.ar\\\/#organization\",\"name\":\"Digital Santo Tom\u00e9\",\"url\":\"https:\\\/\\\/digitalsantotome.com.ar\\\/\",\"logo\":{\"@type\":\"ImageObject\",\"inLanguage\":\"es\",\"@id\":\"https:\\\/\\\/digitalsantotome.com.ar\\\/#\\\/schema\\\/logo\\\/image\\\/\",\"url\":\"https:\\\/\\\/digitalsantotome.com.ar\\\/wp-content\\\/uploads\\\/2023\\\/01\\\/facebook.jpg\",\"contentUrl\":\"https:\\\/\\\/digitalsantotome.com.ar\\\/wp-content\\\/uploads\\\/2023\\\/01\\\/facebook.jpg\",\"width\":512,\"height\":376,\"caption\":\"Digital Santo Tom\u00e9\"},\"image\":{\"@id\":\"https:\\\/\\\/digitalsantotome.com.ar\\\/#\\\/schema\\\/logo\\\/image\\\/\"}},{\"@type\":\"Person\",\"@id\":\"https:\\\/\\\/digitalsantotome.com.ar\\\/#\\\/schema\\\/person\\\/8991d8822886fedd92ce7f03817e1bdf\",\"name\":\"Jose Carlos Machado\",\"url\":\"https:\\\/\\\/digitalsantotome.com.ar\\\/?author=2\"}]}<\/script>\n<!-- \/ Yoast SEO plugin. -->","yoast_head_json":{"title":"Goya: tras inversi\u00f3n superior a $6.920 millones, la Provincia inaugura la nueva Costanera - Digital Santo Tom\u00e9","robots":{"index":"index","follow":"follow","max-snippet":"max-snippet:-1","max-image-preview":"max-image-preview:large","max-video-preview":"max-video-preview:-1"},"canonical":"https:\/\/digitalsantotome.com.ar\/?p=15613","og_locale":"es_ES","og_type":"article","og_title":"Goya: tras inversi\u00f3n superior a $6.920 millones, la Provincia inaugura la nueva Costanera - Digital Santo Tom\u00e9","og_description":"GOYA. El gobernador Juan Pablo Vald\u00e9s inaugurar\u00e1 las obras de remodelaci\u00f3n y puesta en valor de la nueva costanera y Plaza Italia en Goya, este martes 28 de abril, a las 20. La actividad por parte del Gobierno de Corrientes, se concretar\u00e1 en el marco de la Fiesta Nacional del Surub\u00ed 2026. Con inversi\u00f3n superior...","og_url":"https:\/\/digitalsantotome.com.ar\/?p=15613","og_site_name":"Digital Santo Tom\u00e9","article_published_time":"2026-04-28T18:11:34+00:00","og_image":[{"width":1600,"height":1200,"url":"https:\/\/digitalsantotome.com.ar\/wp-content\/uploads\/2026\/04\/imagen-109101.jpg","type":"image\/jpeg"}],"author":"Jose Carlos Machado","twitter_card":"summary_large_image","twitter_misc":{"Escrito por":"Jose Carlos Machado","Tiempo de lectura":"2 minutos"},"schema":{"@context":"https:\/\/schema.org","@graph":[{"@type":"Article","@id":"https:\/\/digitalsantotome.com.ar\/?p=15613#article","isPartOf":{"@id":"https:\/\/digitalsantotome.com.ar\/?p=15613"},"author":{"name":"Jose Carlos Machado","@id":"https:\/\/digitalsantotome.com.ar\/#\/schema\/person\/8991d8822886fedd92ce7f03817e1bdf"},"headline":"Goya: tras inversi\u00f3n superior a $6.920 millones, la Provincia inaugura la nueva Costanera","datePublished":"2026-04-28T18:11:34+00:00","mainEntityOfPage":{"@id":"https:\/\/digitalsantotome.com.ar\/?p=15613"},"wordCount":265,"publisher":{"@id":"https:\/\/digitalsantotome.com.ar\/#organization"},"image":{"@id":"https:\/\/digitalsantotome.com.ar\/?p=15613#primaryimage"},"thumbnailUrl":"https:\/\/digitalsantotome.com.ar\/wp-content\/uploads\/2026\/04\/imagen-109101.jpg","articleSection":["Provinciales"],"inLanguage":"es"},{"@type":"WebPage","@id":"https:\/\/digitalsantotome.com.ar\/?p=15613","url":"https:\/\/digitalsantotome.com.ar\/?p=15613","name":"Goya: tras inversi\u00f3n superior a $6.920 millones, la Provincia inaugura la nueva Costanera - Digital Santo Tom\u00e9","isPartOf":{"@id":"https:\/\/digitalsantotome.com.ar\/#website"},"primaryImageOfPage":{"@id":"https:\/\/digitalsantotome.com.ar\/?p=15613#primaryimage"},"image":{"@id":"https:\/\/digitalsantotome.com.ar\/?p=15613#primaryimage"},"thumbnailUrl":"https:\/\/digitalsantotome.com.ar\/wp-content\/uploads\/2026\/04\/imagen-109101.jpg","datePublished":"2026-04-28T18:11:34+00:00","breadcrumb":{"@id":"https:\/\/digitalsantotome.com.ar\/?p=15613#breadcrumb"},"inLanguage":"es","potentialAction":[{"@type":"ReadAction","target":["https:\/\/digitalsantotome.com.ar\/?p=15613"]}]},{"@type":"ImageObject","inLanguage":"es","@id":"https:\/\/digitalsantotome.com.ar\/?p=15613#primaryimage","url":"https:\/\/digitalsantotome.com.ar\/wp-content\/uploads\/2026\/04\/imagen-109101.jpg","contentUrl":"https:\/\/digitalsantotome.com.ar\/wp-content\/uploads\/2026\/04\/imagen-109101.jpg","width":1600,"height":1200},{"@type":"BreadcrumbList","@id":"https:\/\/digitalsantotome.com.ar\/?p=15613#breadcrumb","itemListElement":[{"@type":"ListItem","position":1,"name":"Portada","item":"https:\/\/digitalsantotome.com.ar\/"},{"@type":"ListItem","position":2,"name":"Goya: tras inversi\u00f3n superior a $6.920 millones, la Provincia inaugura la nueva Costanera"}]},{"@type":"WebSite","@id":"https:\/\/digitalsantotome.com.ar\/#website","url":"https:\/\/digitalsantotome.com.ar\/","name":"Digital Santo Tom\u00e9","description":"Noticias desde Santo Tom\u00e9 al Mundo \u2013 La informacion que decide","publisher":{"@id":"https:\/\/digitalsantotome.com.ar\/#organization"},"potentialAction":[{"@type":"SearchAction","target":{"@type":"EntryPoint","urlTemplate":"https:\/\/digitalsantotome.com.ar\/?s={search_term_string}"},"query-input":{"@type":"PropertyValueSpecification","valueRequired":true,"valueName":"search_term_string"}}],"inLanguage":"es"},{"@type":"Organization","@id":"https:\/\/digitalsantotome.com.ar\/#organization","name":"Digital Santo Tom\u00e9","url":"https:\/\/digitalsantotome.com.ar\/","logo":{"@type":"ImageObject","inLanguage":"es","@id":"https:\/\/digitalsantotome.com.ar\/#\/schema\/logo\/image\/","url":"https:\/\/digitalsantotome.com.ar\/wp-content\/uploads\/2023\/01\/facebook.jpg","contentUrl":"https:\/\/digitalsantotome.com.ar\/wp-content\/uploads\/2023\/01\/facebook.jpg","width":512,"height":376,"caption":"Digital Santo Tom\u00e9"},"image":{"@id":"https:\/\/digitalsantotome.com.ar\/#\/schema\/logo\/image\/"}},{"@type":"Person","@id":"https:\/\/digitalsantotome.com.ar\/#\/schema\/person\/8991d8822886fedd92ce7f03817e1bdf","name":"Jose Carlos Machado","url":"https:\/\/digitalsantotome.com.ar\/?author=2"}]}},"_links":{"self":[{"href":"https:\/\/digitalsantotome.com.ar\/index.php?rest_route=\/wp\/v2\/posts\/15613","targetHints":{"allow":["GET"]}}],"collection":[{"href":"https:\/\/digitalsantotome.com.ar\/index.php?rest_route=\/wp\/v2\/posts"}],"about":[{"href":"https:\/\/digitalsantotome.com.ar\/index.php?rest_route=\/wp\/v2\/types\/post"}],"author":[{"embeddable":true,"href":"https:\/\/digitalsantotome.com.ar\/index.php?rest_route=\/wp\/v2\/users\/2"}],"replies":[{"embeddable":true,"href":"https:\/\/digitalsantotome.com.ar\/index.php?rest_route=%2Fwp%2Fv2%2Fcomments&post=15613"}],"version-history":[{"count":1,"href":"https:\/\/digitalsantotome.com.ar\/index.php?rest_route=\/wp\/v2\/posts\/15613\/revisions"}],"predecessor-version":[{"id":15615,"href":"https:\/\/digitalsantotome.com.ar\/index.php?rest_route=\/wp\/v2\/posts\/15613\/revisions\/15615"}],"wp:featuredmedia":[{"embeddable":true,"href":"https:\/\/digitalsantotome.com.ar\/index.php?rest_route=\/wp\/v2\/media\/15614"}],"wp:attachment":[{"href":"https:\/\/digitalsantotome.com.ar\/index.php?rest_route=%2Fwp%2Fv2%2Fmedia&parent=15613"}],"wp:term":[{"taxonomy":"category","embeddable":true,"href":"https:\/\/digitalsantotome.com.ar\/index.php?rest_route=%2Fwp%2Fv2%2Fcategories&post=15613"},{"taxonomy":"post_tag","embeddable":true,"href":"https:\/\/digitalsantotome.com.ar\/index.php?rest_route=%2Fwp%2Fv2%2Ftags&post=15613"}],"curies":[{"name":"wp","href":"https:\/\/api.w.org\/{rel}","templated":true}]}}