{"id":15616,"date":"2026-04-28T19:55:25","date_gmt":"2026-04-28T22:55:25","guid":{"rendered":"https:\/\/digitalsantotome.com.ar\/?p=15616"},"modified":"2026-04-29T08:56:09","modified_gmt":"2026-04-29T11:56:09","slug":"daniel-silva-alberga-algo-de-esperanza-para-la-revancha-con-victoria-despidieron-a-pepe-sotelo-como-dt","status":"publish","type":"post","link":"https:\/\/digitalsantotome.com.ar\/?p=15616","title":{"rendered":"Daniel Silva alberga algo de esperanza para la revancha con Victoria, despidieron a Pepe Sotelo como DT"},"content":{"rendered":"<p>SANTO TOME. El presidente del Club Genaro Ber\u00f3n de Astrada, Daniel Silva; se explay\u00f3 acerca de lo que fue el partido de ida ante Victoria de Curuz\u00fa Cuati\u00e1 donde cay\u00f3 derrotado por tres tantos contra uno en condici\u00f3n de visitante y ahora espera por el \u201cmilagro\u201d que se termine dando en el cotejo de vuelta este s\u00e1bado a partir de las 18 hs en el estadio \u201c27 de Agosto\u201d por los octavos de final del Torneo Provincial de Clubes. Silva cree que Victoria no es m\u00e1s que Ber\u00f3n de Astrada en t\u00e9rminos futbol\u00edsticos y que se puede revertir la situaci\u00f3n en condici\u00f3n de local. Subray\u00f3 que el campo de juego puede ser un factor determinante para el equipo curuzucuate\u00f1o y a la vez que apunt\u00f3 contra la terna arbitral de la ciudad de Corrientes que tuvieron la tarea de impartir justicia. No nos cobraron un claro penal, fueron muy localistas\u201d admiti\u00f3 el titular del equipo santotome\u00f1o.<\/p>\n<p>DESPIDO DE PEPE SOTELO<\/p>\n<p>Por otra parte, en horas del mediod\u00eda de este martes; se conoci\u00f3 de manera oficial la noticia que a Ceferino Sotelo, quien ven\u00eda siendo el director t\u00e9cnico del equipo \u201cnaranja\u201d, le fue comunicado la decisi\u00f3n de la comisi\u00f3n directiva que dejaba de ser el entrenador. Sorpresiva y no tanto es la determinaci\u00f3n de la dirigencia de Ber\u00f3n de Astrada de desplazar al DT con quien lograron el pase a los octavos de final. Fue el propio Daniel Silva quien le comunic\u00f3 a Sotelo su desplazamiento del cargo. Juan \u201cYacar\u00e9\u201d Aguirre conducir\u00eda t\u00e9cnicamente al plantel de ahora en mas.<\/p>\n<div class=\"entry-content-asset videofit\"><iframe title=\"Daniel Silva, Pte Club Genaro Beron de Astrada habla del partido revancha ante Victoria\" width=\"720\" height=\"405\" src=\"https:\/\/www.youtube.com\/embed\/70n2f_LGoc8?feature=oembed\" frameborder=\"0\" allow=\"accelerometer; autoplay; clipboard-write; encrypted-media; gyroscope; picture-in-picture; web-share\" referrerpolicy=\"strict-origin-when-cross-origin\" allowfullscreen><\/iframe><\/div>\n","protected":false},"excerpt":{"rendered":"<p>SANTO TOME. El presidente del Club Genaro Ber\u00f3n de Astrada, Daniel Silva; se explay\u00f3 acerca de lo que fue el partido de ida ante Victoria de Curuz\u00fa Cuati\u00e1 donde cay\u00f3 derrotado por tres tantos contra uno en condici\u00f3n de visitante y ahora espera por el \u201cmilagro\u201d que se termine dando en el cotejo de vuelta&#8230;<\/p>\n","protected":false},"author":2,"featured_media":15617,"comment_status":"closed","ping_status":"closed","sticky":false,"template":"","format":"standard","meta":{"_kad_post_transparent":"default","_kad_post_title":"default","_kad_post_layout":"default","_kad_post_sidebar_id":"","_kad_post_content_style":"default","_kad_post_vertical_padding":"default","_kad_post_feature":"","_kad_post_feature_position":"","_kad_post_header":false,"_kad_post_footer":false,"_kad_post_classname":"","footnotes":""},"categories":[1],"tags":[],"class_list":["post-15616","post","type-post","status-publish","format-standard","has-post-thumbnail","hentry","category-locales"],"a3_pvc":{"activated":false,"total_views":0,"today_views":0},"yoast_head":"<!-- This site is optimized with the Yoast SEO plugin v27.5 - https:\/\/yoast.com\/product\/yoast-seo-wordpress\/ -->\n<title>Daniel Silva alberga algo de esperanza para la revancha con Victoria, despidieron a Pepe Sotelo como DT - Digital Santo Tom\u00e9<\/title>\n<meta name=\"robots\" content=\"index, follow, max-snippet:-1, max-image-preview:large, max-video-preview:-1\" \/>\n<link rel=\"canonical\" href=\"https:\/\/digitalsantotome.com.ar\/?p=15616\" \/>\n<meta property=\"og:locale\" content=\"es_ES\" \/>\n<meta property=\"og:type\" content=\"article\" \/>\n<meta property=\"og:title\" content=\"Daniel Silva alberga algo de esperanza para la revancha con Victoria, despidieron a Pepe Sotelo como DT - Digital Santo Tom\u00e9\" \/>\n<meta property=\"og:description\" content=\"SANTO TOME. El presidente del Club Genaro Ber\u00f3n de Astrada, Daniel Silva; se explay\u00f3 acerca de lo que fue el partido de ida ante Victoria de Curuz\u00fa Cuati\u00e1 donde cay\u00f3 derrotado por tres tantos contra uno en condici\u00f3n de visitante y ahora espera por el \u201cmilagro\u201d que se termine dando en el cotejo de vuelta...\" \/>\n<meta property=\"og:url\" content=\"https:\/\/digitalsantotome.com.ar\/?p=15616\" \/>\n<meta property=\"og:site_name\" content=\"Digital Santo Tom\u00e9\" \/>\n<meta property=\"article:published_time\" content=\"2026-04-28T22:55:25+00:00\" \/>\n<meta property=\"article:modified_time\" content=\"2026-04-29T11:56:09+00:00\" \/>\n<meta property=\"og:image\" content=\"https:\/\/digitalsantotome.com.ar\/wp-content\/uploads\/2026\/04\/chaira.jpg\" \/>\n\t<meta property=\"og:image:width\" content=\"1920\" \/>\n\t<meta property=\"og:image:height\" content=\"1080\" \/>\n\t<meta property=\"og:image:type\" content=\"image\/jpeg\" \/>\n<meta name=\"author\" content=\"Jose Carlos Machado\" \/>\n<meta name=\"twitter:card\" content=\"summary_large_image\" \/>\n<meta name=\"twitter:label1\" content=\"Escrito por\" \/>\n\t<meta name=\"twitter:data1\" content=\"Jose Carlos Machado\" \/>\n\t<meta name=\"twitter:label2\" content=\"Tiempo de lectura\" \/>\n\t<meta name=\"twitter:data2\" content=\"2 minutos\" \/>\n<script type=\"application\/ld+json\" class=\"yoast-schema-graph\">{\"@context\":\"https:\\\/\\\/schema.org\",\"@graph\":[{\"@type\":\"Article\",\"@id\":\"https:\\\/\\\/digitalsantotome.com.ar\\\/?p=15616#article\",\"isPartOf\":{\"@id\":\"https:\\\/\\\/digitalsantotome.com.ar\\\/?p=15616\"},\"author\":{\"name\":\"Jose Carlos Machado\",\"@id\":\"https:\\\/\\\/digitalsantotome.com.ar\\\/#\\\/schema\\\/person\\\/8991d8822886fedd92ce7f03817e1bdf\"},\"headline\":\"Daniel Silva alberga algo de esperanza para la revancha con Victoria, despidieron a Pepe Sotelo como DT\",\"datePublished\":\"2026-04-28T22:55:25+00:00\",\"dateModified\":\"2026-04-29T11:56:09+00:00\",\"mainEntityOfPage\":{\"@id\":\"https:\\\/\\\/digitalsantotome.com.ar\\\/?p=15616\"},\"wordCount\":302,\"publisher\":{\"@id\":\"https:\\\/\\\/digitalsantotome.com.ar\\\/#organization\"},\"image\":{\"@id\":\"https:\\\/\\\/digitalsantotome.com.ar\\\/?p=15616#primaryimage\"},\"thumbnailUrl\":\"https:\\\/\\\/digitalsantotome.com.ar\\\/wp-content\\\/uploads\\\/2026\\\/04\\\/chaira.jpg\",\"articleSection\":[\"Locales\"],\"inLanguage\":\"es\"},{\"@type\":\"WebPage\",\"@id\":\"https:\\\/\\\/digitalsantotome.com.ar\\\/?p=15616\",\"url\":\"https:\\\/\\\/digitalsantotome.com.ar\\\/?p=15616\",\"name\":\"Daniel Silva alberga algo de esperanza para la revancha con Victoria, despidieron a Pepe Sotelo como DT - Digital Santo Tom\u00e9\",\"isPartOf\":{\"@id\":\"https:\\\/\\\/digitalsantotome.com.ar\\\/#website\"},\"primaryImageOfPage\":{\"@id\":\"https:\\\/\\\/digitalsantotome.com.ar\\\/?p=15616#primaryimage\"},\"image\":{\"@id\":\"https:\\\/\\\/digitalsantotome.com.ar\\\/?p=15616#primaryimage\"},\"thumbnailUrl\":\"https:\\\/\\\/digitalsantotome.com.ar\\\/wp-content\\\/uploads\\\/2026\\\/04\\\/chaira.jpg\",\"datePublished\":\"2026-04-28T22:55:25+00:00\",\"dateModified\":\"2026-04-29T11:56:09+00:00\",\"breadcrumb\":{\"@id\":\"https:\\\/\\\/digitalsantotome.com.ar\\\/?p=15616#breadcrumb\"},\"inLanguage\":\"es\",\"potentialAction\":[{\"@type\":\"ReadAction\",\"target\":[\"https:\\\/\\\/digitalsantotome.com.ar\\\/?p=15616\"]}]},{\"@type\":\"ImageObject\",\"inLanguage\":\"es\",\"@id\":\"https:\\\/\\\/digitalsantotome.com.ar\\\/?p=15616#primaryimage\",\"url\":\"https:\\\/\\\/digitalsantotome.com.ar\\\/wp-content\\\/uploads\\\/2026\\\/04\\\/chaira.jpg\",\"contentUrl\":\"https:\\\/\\\/digitalsantotome.com.ar\\\/wp-content\\\/uploads\\\/2026\\\/04\\\/chaira.jpg\",\"width\":1920,\"height\":1080},{\"@type\":\"BreadcrumbList\",\"@id\":\"https:\\\/\\\/digitalsantotome.com.ar\\\/?p=15616#breadcrumb\",\"itemListElement\":[{\"@type\":\"ListItem\",\"position\":1,\"name\":\"Portada\",\"item\":\"https:\\\/\\\/digitalsantotome.com.ar\\\/\"},{\"@type\":\"ListItem\",\"position\":2,\"name\":\"Daniel Silva alberga algo de esperanza para la revancha con Victoria, despidieron a Pepe Sotelo como DT\"}]},{\"@type\":\"WebSite\",\"@id\":\"https:\\\/\\\/digitalsantotome.com.ar\\\/#website\",\"url\":\"https:\\\/\\\/digitalsantotome.com.ar\\\/\",\"name\":\"Digital Santo Tom\u00e9\",\"description\":\"Noticias desde Santo Tom\u00e9 al Mundo \u2013 La informacion que decide\",\"publisher\":{\"@id\":\"https:\\\/\\\/digitalsantotome.com.ar\\\/#organization\"},\"potentialAction\":[{\"@type\":\"SearchAction\",\"target\":{\"@type\":\"EntryPoint\",\"urlTemplate\":\"https:\\\/\\\/digitalsantotome.com.ar\\\/?s={search_term_string}\"},\"query-input\":{\"@type\":\"PropertyValueSpecification\",\"valueRequired\":true,\"valueName\":\"search_term_string\"}}],\"inLanguage\":\"es\"},{\"@type\":\"Organization\",\"@id\":\"https:\\\/\\\/digitalsantotome.com.ar\\\/#organization\",\"name\":\"Digital Santo Tom\u00e9\",\"url\":\"https:\\\/\\\/digitalsantotome.com.ar\\\/\",\"logo\":{\"@type\":\"ImageObject\",\"inLanguage\":\"es\",\"@id\":\"https:\\\/\\\/digitalsantotome.com.ar\\\/#\\\/schema\\\/logo\\\/image\\\/\",\"url\":\"https:\\\/\\\/digitalsantotome.com.ar\\\/wp-content\\\/uploads\\\/2023\\\/01\\\/facebook.jpg\",\"contentUrl\":\"https:\\\/\\\/digitalsantotome.com.ar\\\/wp-content\\\/uploads\\\/2023\\\/01\\\/facebook.jpg\",\"width\":512,\"height\":376,\"caption\":\"Digital Santo Tom\u00e9\"},\"image\":{\"@id\":\"https:\\\/\\\/digitalsantotome.com.ar\\\/#\\\/schema\\\/logo\\\/image\\\/\"}},{\"@type\":\"Person\",\"@id\":\"https:\\\/\\\/digitalsantotome.com.ar\\\/#\\\/schema\\\/person\\\/8991d8822886fedd92ce7f03817e1bdf\",\"name\":\"Jose Carlos Machado\",\"url\":\"https:\\\/\\\/digitalsantotome.com.ar\\\/?author=2\"}]}<\/script>\n<!-- \/ Yoast SEO plugin. -->","yoast_head_json":{"title":"Daniel Silva alberga algo de esperanza para la revancha con Victoria, despidieron a Pepe Sotelo como DT - Digital Santo Tom\u00e9","robots":{"index":"index","follow":"follow","max-snippet":"max-snippet:-1","max-image-preview":"max-image-preview:large","max-video-preview":"max-video-preview:-1"},"canonical":"https:\/\/digitalsantotome.com.ar\/?p=15616","og_locale":"es_ES","og_type":"article","og_title":"Daniel Silva alberga algo de esperanza para la revancha con Victoria, despidieron a Pepe Sotelo como DT - Digital Santo Tom\u00e9","og_description":"SANTO TOME. El presidente del Club Genaro Ber\u00f3n de Astrada, Daniel Silva; se explay\u00f3 acerca de lo que fue el partido de ida ante Victoria de Curuz\u00fa Cuati\u00e1 donde cay\u00f3 derrotado por tres tantos contra uno en condici\u00f3n de visitante y ahora espera por el \u201cmilagro\u201d que se termine dando en el cotejo de vuelta...","og_url":"https:\/\/digitalsantotome.com.ar\/?p=15616","og_site_name":"Digital Santo Tom\u00e9","article_published_time":"2026-04-28T22:55:25+00:00","article_modified_time":"2026-04-29T11:56:09+00:00","og_image":[{"width":1920,"height":1080,"url":"https:\/\/digitalsantotome.com.ar\/wp-content\/uploads\/2026\/04\/chaira.jpg","type":"image\/jpeg"}],"author":"Jose Carlos Machado","twitter_card":"summary_large_image","twitter_misc":{"Escrito por":"Jose Carlos Machado","Tiempo de lectura":"2 minutos"},"schema":{"@context":"https:\/\/schema.org","@graph":[{"@type":"Article","@id":"https:\/\/digitalsantotome.com.ar\/?p=15616#article","isPartOf":{"@id":"https:\/\/digitalsantotome.com.ar\/?p=15616"},"author":{"name":"Jose Carlos Machado","@id":"https:\/\/digitalsantotome.com.ar\/#\/schema\/person\/8991d8822886fedd92ce7f03817e1bdf"},"headline":"Daniel Silva alberga algo de esperanza para la revancha con Victoria, despidieron a Pepe Sotelo como DT","datePublished":"2026-04-28T22:55:25+00:00","dateModified":"2026-04-29T11:56:09+00:00","mainEntityOfPage":{"@id":"https:\/\/digitalsantotome.com.ar\/?p=15616"},"wordCount":302,"publisher":{"@id":"https:\/\/digitalsantotome.com.ar\/#organization"},"image":{"@id":"https:\/\/digitalsantotome.com.ar\/?p=15616#primaryimage"},"thumbnailUrl":"https:\/\/digitalsantotome.com.ar\/wp-content\/uploads\/2026\/04\/chaira.jpg","articleSection":["Locales"],"inLanguage":"es"},{"@type":"WebPage","@id":"https:\/\/digitalsantotome.com.ar\/?p=15616","url":"https:\/\/digitalsantotome.com.ar\/?p=15616","name":"Daniel Silva alberga algo de esperanza para la revancha con Victoria, despidieron a Pepe Sotelo como DT - Digital Santo Tom\u00e9","isPartOf":{"@id":"https:\/\/digitalsantotome.com.ar\/#website"},"primaryImageOfPage":{"@id":"https:\/\/digitalsantotome.com.ar\/?p=15616#primaryimage"},"image":{"@id":"https:\/\/digitalsantotome.com.ar\/?p=15616#primaryimage"},"thumbnailUrl":"https:\/\/digitalsantotome.com.ar\/wp-content\/uploads\/2026\/04\/chaira.jpg","datePublished":"2026-04-28T22:55:25+00:00","dateModified":"2026-04-29T11:56:09+00:00","breadcrumb":{"@id":"https:\/\/digitalsantotome.com.ar\/?p=15616#breadcrumb"},"inLanguage":"es","potentialAction":[{"@type":"ReadAction","target":["https:\/\/digitalsantotome.com.ar\/?p=15616"]}]},{"@type":"ImageObject","inLanguage":"es","@id":"https:\/\/digitalsantotome.com.ar\/?p=15616#primaryimage","url":"https:\/\/digitalsantotome.com.ar\/wp-content\/uploads\/2026\/04\/chaira.jpg","contentUrl":"https:\/\/digitalsantotome.com.ar\/wp-content\/uploads\/2026\/04\/chaira.jpg","width":1920,"height":1080},{"@type":"BreadcrumbList","@id":"https:\/\/digitalsantotome.com.ar\/?p=15616#breadcrumb","itemListElement":[{"@type":"ListItem","position":1,"name":"Portada","item":"https:\/\/digitalsantotome.com.ar\/"},{"@type":"ListItem","position":2,"name":"Daniel Silva alberga algo de esperanza para la revancha con Victoria, despidieron a Pepe Sotelo como DT"}]},{"@type":"WebSite","@id":"https:\/\/digitalsantotome.com.ar\/#website","url":"https:\/\/digitalsantotome.com.ar\/","name":"Digital Santo Tom\u00e9","description":"Noticias desde Santo Tom\u00e9 al Mundo \u2013 La informacion que decide","publisher":{"@id":"https:\/\/digitalsantotome.com.ar\/#organization"},"potentialAction":[{"@type":"SearchAction","target":{"@type":"EntryPoint","urlTemplate":"https:\/\/digitalsantotome.com.ar\/?s={search_term_string}"},"query-input":{"@type":"PropertyValueSpecification","valueRequired":true,"valueName":"search_term_string"}}],"inLanguage":"es"},{"@type":"Organization","@id":"https:\/\/digitalsantotome.com.ar\/#organization","name":"Digital Santo Tom\u00e9","url":"https:\/\/digitalsantotome.com.ar\/","logo":{"@type":"ImageObject","inLanguage":"es","@id":"https:\/\/digitalsantotome.com.ar\/#\/schema\/logo\/image\/","url":"https:\/\/digitalsantotome.com.ar\/wp-content\/uploads\/2023\/01\/facebook.jpg","contentUrl":"https:\/\/digitalsantotome.com.ar\/wp-content\/uploads\/2023\/01\/facebook.jpg","width":512,"height":376,"caption":"Digital Santo Tom\u00e9"},"image":{"@id":"https:\/\/digitalsantotome.com.ar\/#\/schema\/logo\/image\/"}},{"@type":"Person","@id":"https:\/\/digitalsantotome.com.ar\/#\/schema\/person\/8991d8822886fedd92ce7f03817e1bdf","name":"Jose Carlos Machado","url":"https:\/\/digitalsantotome.com.ar\/?author=2"}]}},"_links":{"self":[{"href":"https:\/\/digitalsantotome.com.ar\/index.php?rest_route=\/wp\/v2\/posts\/15616","targetHints":{"allow":["GET"]}}],"collection":[{"href":"https:\/\/digitalsantotome.com.ar\/index.php?rest_route=\/wp\/v2\/posts"}],"about":[{"href":"https:\/\/digitalsantotome.com.ar\/index.php?rest_route=\/wp\/v2\/types\/post"}],"author":[{"embeddable":true,"href":"https:\/\/digitalsantotome.com.ar\/index.php?rest_route=\/wp\/v2\/users\/2"}],"replies":[{"embeddable":true,"href":"https:\/\/digitalsantotome.com.ar\/index.php?rest_route=%2Fwp%2Fv2%2Fcomments&post=15616"}],"version-history":[{"count":4,"href":"https:\/\/digitalsantotome.com.ar\/index.php?rest_route=\/wp\/v2\/posts\/15616\/revisions"}],"predecessor-version":[{"id":15621,"href":"https:\/\/digitalsantotome.com.ar\/index.php?rest_route=\/wp\/v2\/posts\/15616\/revisions\/15621"}],"wp:featuredmedia":[{"embeddable":true,"href":"https:\/\/digitalsantotome.com.ar\/index.php?rest_route=\/wp\/v2\/media\/15617"}],"wp:attachment":[{"href":"https:\/\/digitalsantotome.com.ar\/index.php?rest_route=%2Fwp%2Fv2%2Fmedia&parent=15616"}],"wp:term":[{"taxonomy":"category","embeddable":true,"href":"https:\/\/digitalsantotome.com.ar\/index.php?rest_route=%2Fwp%2Fv2%2Fcategories&post=15616"},{"taxonomy":"post_tag","embeddable":true,"href":"https:\/\/digitalsantotome.com.ar\/index.php?rest_route=%2Fwp%2Fv2%2Ftags&post=15616"}],"curies":[{"name":"wp","href":"https:\/\/api.w.org\/{rel}","templated":true}]}}