{"id":15622,"date":"2026-04-29T08:55:50","date_gmt":"2026-04-29T11:55:50","guid":{"rendered":"https:\/\/digitalsantotome.com.ar\/?p=15622"},"modified":"2026-04-29T12:00:16","modified_gmt":"2026-04-29T15:00:16","slug":"surge-en-santo-tome-la-idea-de-realizar-un-carnaval-de-invierno","status":"publish","type":"post","link":"https:\/\/digitalsantotome.com.ar\/?p=15622","title":{"rendered":"Surge en Santo Tom\u00e9 la idea de realizar un \u201cCarnaval de invierno\u201d"},"content":{"rendered":"<p>SANTO TOME. Aun cuando faltan nueve meses para que la fiesta del rey momo vuelva a realizarse en esta ciudad en el tradicional desfile de comparsas que ser\u00e1 en los meses de enero y febrero del a\u00f1o pr\u00f3ximo; en los \u00faltimos d\u00edas surgi\u00f3 en el ambiente carnavalero la idea de comenzar a analizar sobre las posibilidades reales de realizar un \u00abcarnaval de invierno\u00bb.<\/p>\n<p>La idea, surgida entre quienes integran las distintas comparsas de Santo Tom\u00e9; en cierta manera \u201cprendi\u00f3\u201d en aquellos dirigentes que trabajan a destajo durante todo el a\u00f1o para la realizaci\u00f3n del carnaval y que ahora se comenzar\u00eda a analizar en breve las posibilidades reales de realizar un evento de menor envergadura durante las vacaciones de invierno que ser\u00eda en el mes de julio.<\/p>\n<p>Fuentes de primera mano, se\u00f1alaron a este sitio que por el momento no se analiz\u00f3 en profundidad la idea que se tir\u00f3 sobre la mesa, sino simplemente es algo que alguien lo plante\u00f3 y la misma fue considerada como algo \u201cpara comenzar a hablar\u201d en el seno de las comparsas y analizar pormenorizadamente las cuestiones t\u00e9cnicas y operativas, pero fundamentalmente desde el aspecto econ\u00f3mico.<\/p>\n<p>Sin embargo, el tema podr\u00eda comenzar a tratarse por estos d\u00edas cuando se realice la primera reuni\u00f3n del a\u00f1o de la Comisi\u00f3n Central del Carnaval, lugar donde se definen las cuestiones organizativas de todo lo atinente a la fiesta de momo.<\/p>\n<p>En este contexto, reci\u00e9n se comenzar\u00eda a analizar c\u00f3mo, cu\u00e1ndo y d\u00f3nde se podr\u00eda llegar concretar un \u201cmini carnaval\u201d de invierno y si en t\u00e9rminos econ\u00f3micos es viable, pero fundamentalmente si las comparsas est\u00e1n todas de acuerdo con participar del evento.<\/p>\n<p>De ah\u00ed que se llegue a un acuerdo, es otro de los pasos que se debe dar. Finalmente, hay que recalcar que esto es solamente una idea que no les pareci\u00f3 descabellada a quienes dirigen hoy a las comparsas y por lo tanto no se ha hablado nada donde se realizar\u00eda en caso que haya consenso para su realizaci\u00f3n.<\/p>\n<p><strong>Digital Santo Tom\u00e9<\/strong><\/p>\n","protected":false},"excerpt":{"rendered":"<p>SANTO TOME. Aun cuando faltan nueve meses para que la fiesta del rey momo vuelva a realizarse en esta ciudad en el tradicional desfile de comparsas que ser\u00e1 en los meses de enero y febrero del a\u00f1o pr\u00f3ximo; en los \u00faltimos d\u00edas surgi\u00f3 en el ambiente carnavalero la idea de comenzar a analizar sobre las&#8230;<\/p>\n","protected":false},"author":2,"featured_media":15623,"comment_status":"closed","ping_status":"closed","sticky":false,"template":"","format":"standard","meta":{"_kad_post_transparent":"default","_kad_post_title":"default","_kad_post_layout":"default","_kad_post_sidebar_id":"","_kad_post_content_style":"default","_kad_post_vertical_padding":"default","_kad_post_feature":"","_kad_post_feature_position":"","_kad_post_header":false,"_kad_post_footer":false,"_kad_post_classname":"","footnotes":""},"categories":[1],"tags":[],"class_list":["post-15622","post","type-post","status-publish","format-standard","has-post-thumbnail","hentry","category-locales"],"a3_pvc":{"activated":false,"total_views":0,"today_views":0},"yoast_head":"<!-- This site is optimized with the Yoast SEO plugin v27.5 - https:\/\/yoast.com\/product\/yoast-seo-wordpress\/ -->\n<title>Surge en Santo Tom\u00e9 la idea de realizar un \u201cCarnaval de invierno\u201d - Digital Santo Tom\u00e9<\/title>\n<meta name=\"robots\" content=\"index, follow, max-snippet:-1, max-image-preview:large, max-video-preview:-1\" \/>\n<link rel=\"canonical\" href=\"https:\/\/digitalsantotome.com.ar\/?p=15622\" \/>\n<meta property=\"og:locale\" content=\"es_ES\" \/>\n<meta property=\"og:type\" content=\"article\" \/>\n<meta property=\"og:title\" content=\"Surge en Santo Tom\u00e9 la idea de realizar un \u201cCarnaval de invierno\u201d - Digital Santo Tom\u00e9\" \/>\n<meta property=\"og:description\" content=\"SANTO TOME. Aun cuando faltan nueve meses para que la fiesta del rey momo vuelva a realizarse en esta ciudad en el tradicional desfile de comparsas que ser\u00e1 en los meses de enero y febrero del a\u00f1o pr\u00f3ximo; en los \u00faltimos d\u00edas surgi\u00f3 en el ambiente carnavalero la idea de comenzar a analizar sobre las...\" \/>\n<meta property=\"og:url\" content=\"https:\/\/digitalsantotome.com.ar\/?p=15622\" \/>\n<meta property=\"og:site_name\" content=\"Digital Santo Tom\u00e9\" \/>\n<meta property=\"article:published_time\" content=\"2026-04-29T11:55:50+00:00\" \/>\n<meta property=\"article:modified_time\" content=\"2026-04-29T15:00:16+00:00\" \/>\n<meta property=\"og:image\" content=\"https:\/\/digitalsantotome.com.ar\/wp-content\/uploads\/2026\/04\/comparsa.jpg\" \/>\n\t<meta property=\"og:image:width\" content=\"1920\" \/>\n\t<meta property=\"og:image:height\" content=\"1080\" \/>\n\t<meta property=\"og:image:type\" content=\"image\/jpeg\" \/>\n<meta name=\"author\" content=\"Jose Carlos Machado\" \/>\n<meta name=\"twitter:card\" content=\"summary_large_image\" \/>\n<meta name=\"twitter:label1\" content=\"Escrito por\" \/>\n\t<meta name=\"twitter:data1\" content=\"Jose Carlos Machado\" \/>\n\t<meta name=\"twitter:label2\" content=\"Tiempo de lectura\" \/>\n\t<meta name=\"twitter:data2\" content=\"2 minutos\" \/>\n<script type=\"application\/ld+json\" class=\"yoast-schema-graph\">{\"@context\":\"https:\\\/\\\/schema.org\",\"@graph\":[{\"@type\":\"Article\",\"@id\":\"https:\\\/\\\/digitalsantotome.com.ar\\\/?p=15622#article\",\"isPartOf\":{\"@id\":\"https:\\\/\\\/digitalsantotome.com.ar\\\/?p=15622\"},\"author\":{\"name\":\"Jose Carlos Machado\",\"@id\":\"https:\\\/\\\/digitalsantotome.com.ar\\\/#\\\/schema\\\/person\\\/8991d8822886fedd92ce7f03817e1bdf\"},\"headline\":\"Surge en Santo Tom\u00e9 la idea de realizar un \u201cCarnaval de invierno\u201d\",\"datePublished\":\"2026-04-29T11:55:50+00:00\",\"dateModified\":\"2026-04-29T15:00:16+00:00\",\"mainEntityOfPage\":{\"@id\":\"https:\\\/\\\/digitalsantotome.com.ar\\\/?p=15622\"},\"wordCount\":372,\"publisher\":{\"@id\":\"https:\\\/\\\/digitalsantotome.com.ar\\\/#organization\"},\"image\":{\"@id\":\"https:\\\/\\\/digitalsantotome.com.ar\\\/?p=15622#primaryimage\"},\"thumbnailUrl\":\"https:\\\/\\\/digitalsantotome.com.ar\\\/wp-content\\\/uploads\\\/2026\\\/04\\\/comparsa.jpg\",\"articleSection\":[\"Locales\"],\"inLanguage\":\"es\"},{\"@type\":\"WebPage\",\"@id\":\"https:\\\/\\\/digitalsantotome.com.ar\\\/?p=15622\",\"url\":\"https:\\\/\\\/digitalsantotome.com.ar\\\/?p=15622\",\"name\":\"Surge en Santo Tom\u00e9 la idea de realizar un \u201cCarnaval de invierno\u201d - Digital Santo Tom\u00e9\",\"isPartOf\":{\"@id\":\"https:\\\/\\\/digitalsantotome.com.ar\\\/#website\"},\"primaryImageOfPage\":{\"@id\":\"https:\\\/\\\/digitalsantotome.com.ar\\\/?p=15622#primaryimage\"},\"image\":{\"@id\":\"https:\\\/\\\/digitalsantotome.com.ar\\\/?p=15622#primaryimage\"},\"thumbnailUrl\":\"https:\\\/\\\/digitalsantotome.com.ar\\\/wp-content\\\/uploads\\\/2026\\\/04\\\/comparsa.jpg\",\"datePublished\":\"2026-04-29T11:55:50+00:00\",\"dateModified\":\"2026-04-29T15:00:16+00:00\",\"breadcrumb\":{\"@id\":\"https:\\\/\\\/digitalsantotome.com.ar\\\/?p=15622#breadcrumb\"},\"inLanguage\":\"es\",\"potentialAction\":[{\"@type\":\"ReadAction\",\"target\":[\"https:\\\/\\\/digitalsantotome.com.ar\\\/?p=15622\"]}]},{\"@type\":\"ImageObject\",\"inLanguage\":\"es\",\"@id\":\"https:\\\/\\\/digitalsantotome.com.ar\\\/?p=15622#primaryimage\",\"url\":\"https:\\\/\\\/digitalsantotome.com.ar\\\/wp-content\\\/uploads\\\/2026\\\/04\\\/comparsa.jpg\",\"contentUrl\":\"https:\\\/\\\/digitalsantotome.com.ar\\\/wp-content\\\/uploads\\\/2026\\\/04\\\/comparsa.jpg\",\"width\":1920,\"height\":1080},{\"@type\":\"BreadcrumbList\",\"@id\":\"https:\\\/\\\/digitalsantotome.com.ar\\\/?p=15622#breadcrumb\",\"itemListElement\":[{\"@type\":\"ListItem\",\"position\":1,\"name\":\"Portada\",\"item\":\"https:\\\/\\\/digitalsantotome.com.ar\\\/\"},{\"@type\":\"ListItem\",\"position\":2,\"name\":\"Surge en Santo Tom\u00e9 la idea de realizar un \u201cCarnaval de invierno\u201d\"}]},{\"@type\":\"WebSite\",\"@id\":\"https:\\\/\\\/digitalsantotome.com.ar\\\/#website\",\"url\":\"https:\\\/\\\/digitalsantotome.com.ar\\\/\",\"name\":\"Digital Santo Tom\u00e9\",\"description\":\"Noticias desde Santo Tom\u00e9 al Mundo \u2013 La informacion que decide\",\"publisher\":{\"@id\":\"https:\\\/\\\/digitalsantotome.com.ar\\\/#organization\"},\"potentialAction\":[{\"@type\":\"SearchAction\",\"target\":{\"@type\":\"EntryPoint\",\"urlTemplate\":\"https:\\\/\\\/digitalsantotome.com.ar\\\/?s={search_term_string}\"},\"query-input\":{\"@type\":\"PropertyValueSpecification\",\"valueRequired\":true,\"valueName\":\"search_term_string\"}}],\"inLanguage\":\"es\"},{\"@type\":\"Organization\",\"@id\":\"https:\\\/\\\/digitalsantotome.com.ar\\\/#organization\",\"name\":\"Digital Santo Tom\u00e9\",\"url\":\"https:\\\/\\\/digitalsantotome.com.ar\\\/\",\"logo\":{\"@type\":\"ImageObject\",\"inLanguage\":\"es\",\"@id\":\"https:\\\/\\\/digitalsantotome.com.ar\\\/#\\\/schema\\\/logo\\\/image\\\/\",\"url\":\"https:\\\/\\\/digitalsantotome.com.ar\\\/wp-content\\\/uploads\\\/2023\\\/01\\\/facebook.jpg\",\"contentUrl\":\"https:\\\/\\\/digitalsantotome.com.ar\\\/wp-content\\\/uploads\\\/2023\\\/01\\\/facebook.jpg\",\"width\":512,\"height\":376,\"caption\":\"Digital Santo Tom\u00e9\"},\"image\":{\"@id\":\"https:\\\/\\\/digitalsantotome.com.ar\\\/#\\\/schema\\\/logo\\\/image\\\/\"}},{\"@type\":\"Person\",\"@id\":\"https:\\\/\\\/digitalsantotome.com.ar\\\/#\\\/schema\\\/person\\\/8991d8822886fedd92ce7f03817e1bdf\",\"name\":\"Jose Carlos Machado\",\"url\":\"https:\\\/\\\/digitalsantotome.com.ar\\\/?author=2\"}]}<\/script>\n<!-- \/ Yoast SEO plugin. -->","yoast_head_json":{"title":"Surge en Santo Tom\u00e9 la idea de realizar un \u201cCarnaval de invierno\u201d - Digital Santo Tom\u00e9","robots":{"index":"index","follow":"follow","max-snippet":"max-snippet:-1","max-image-preview":"max-image-preview:large","max-video-preview":"max-video-preview:-1"},"canonical":"https:\/\/digitalsantotome.com.ar\/?p=15622","og_locale":"es_ES","og_type":"article","og_title":"Surge en Santo Tom\u00e9 la idea de realizar un \u201cCarnaval de invierno\u201d - Digital Santo Tom\u00e9","og_description":"SANTO TOME. Aun cuando faltan nueve meses para que la fiesta del rey momo vuelva a realizarse en esta ciudad en el tradicional desfile de comparsas que ser\u00e1 en los meses de enero y febrero del a\u00f1o pr\u00f3ximo; en los \u00faltimos d\u00edas surgi\u00f3 en el ambiente carnavalero la idea de comenzar a analizar sobre las...","og_url":"https:\/\/digitalsantotome.com.ar\/?p=15622","og_site_name":"Digital Santo Tom\u00e9","article_published_time":"2026-04-29T11:55:50+00:00","article_modified_time":"2026-04-29T15:00:16+00:00","og_image":[{"width":1920,"height":1080,"url":"https:\/\/digitalsantotome.com.ar\/wp-content\/uploads\/2026\/04\/comparsa.jpg","type":"image\/jpeg"}],"author":"Jose Carlos Machado","twitter_card":"summary_large_image","twitter_misc":{"Escrito por":"Jose Carlos Machado","Tiempo de lectura":"2 minutos"},"schema":{"@context":"https:\/\/schema.org","@graph":[{"@type":"Article","@id":"https:\/\/digitalsantotome.com.ar\/?p=15622#article","isPartOf":{"@id":"https:\/\/digitalsantotome.com.ar\/?p=15622"},"author":{"name":"Jose Carlos Machado","@id":"https:\/\/digitalsantotome.com.ar\/#\/schema\/person\/8991d8822886fedd92ce7f03817e1bdf"},"headline":"Surge en Santo Tom\u00e9 la idea de realizar un \u201cCarnaval de invierno\u201d","datePublished":"2026-04-29T11:55:50+00:00","dateModified":"2026-04-29T15:00:16+00:00","mainEntityOfPage":{"@id":"https:\/\/digitalsantotome.com.ar\/?p=15622"},"wordCount":372,"publisher":{"@id":"https:\/\/digitalsantotome.com.ar\/#organization"},"image":{"@id":"https:\/\/digitalsantotome.com.ar\/?p=15622#primaryimage"},"thumbnailUrl":"https:\/\/digitalsantotome.com.ar\/wp-content\/uploads\/2026\/04\/comparsa.jpg","articleSection":["Locales"],"inLanguage":"es"},{"@type":"WebPage","@id":"https:\/\/digitalsantotome.com.ar\/?p=15622","url":"https:\/\/digitalsantotome.com.ar\/?p=15622","name":"Surge en Santo Tom\u00e9 la idea de realizar un \u201cCarnaval de invierno\u201d - Digital Santo Tom\u00e9","isPartOf":{"@id":"https:\/\/digitalsantotome.com.ar\/#website"},"primaryImageOfPage":{"@id":"https:\/\/digitalsantotome.com.ar\/?p=15622#primaryimage"},"image":{"@id":"https:\/\/digitalsantotome.com.ar\/?p=15622#primaryimage"},"thumbnailUrl":"https:\/\/digitalsantotome.com.ar\/wp-content\/uploads\/2026\/04\/comparsa.jpg","datePublished":"2026-04-29T11:55:50+00:00","dateModified":"2026-04-29T15:00:16+00:00","breadcrumb":{"@id":"https:\/\/digitalsantotome.com.ar\/?p=15622#breadcrumb"},"inLanguage":"es","potentialAction":[{"@type":"ReadAction","target":["https:\/\/digitalsantotome.com.ar\/?p=15622"]}]},{"@type":"ImageObject","inLanguage":"es","@id":"https:\/\/digitalsantotome.com.ar\/?p=15622#primaryimage","url":"https:\/\/digitalsantotome.com.ar\/wp-content\/uploads\/2026\/04\/comparsa.jpg","contentUrl":"https:\/\/digitalsantotome.com.ar\/wp-content\/uploads\/2026\/04\/comparsa.jpg","width":1920,"height":1080},{"@type":"BreadcrumbList","@id":"https:\/\/digitalsantotome.com.ar\/?p=15622#breadcrumb","itemListElement":[{"@type":"ListItem","position":1,"name":"Portada","item":"https:\/\/digitalsantotome.com.ar\/"},{"@type":"ListItem","position":2,"name":"Surge en Santo Tom\u00e9 la idea de realizar un \u201cCarnaval de invierno\u201d"}]},{"@type":"WebSite","@id":"https:\/\/digitalsantotome.com.ar\/#website","url":"https:\/\/digitalsantotome.com.ar\/","name":"Digital Santo Tom\u00e9","description":"Noticias desde Santo Tom\u00e9 al Mundo \u2013 La informacion que decide","publisher":{"@id":"https:\/\/digitalsantotome.com.ar\/#organization"},"potentialAction":[{"@type":"SearchAction","target":{"@type":"EntryPoint","urlTemplate":"https:\/\/digitalsantotome.com.ar\/?s={search_term_string}"},"query-input":{"@type":"PropertyValueSpecification","valueRequired":true,"valueName":"search_term_string"}}],"inLanguage":"es"},{"@type":"Organization","@id":"https:\/\/digitalsantotome.com.ar\/#organization","name":"Digital Santo Tom\u00e9","url":"https:\/\/digitalsantotome.com.ar\/","logo":{"@type":"ImageObject","inLanguage":"es","@id":"https:\/\/digitalsantotome.com.ar\/#\/schema\/logo\/image\/","url":"https:\/\/digitalsantotome.com.ar\/wp-content\/uploads\/2023\/01\/facebook.jpg","contentUrl":"https:\/\/digitalsantotome.com.ar\/wp-content\/uploads\/2023\/01\/facebook.jpg","width":512,"height":376,"caption":"Digital Santo Tom\u00e9"},"image":{"@id":"https:\/\/digitalsantotome.com.ar\/#\/schema\/logo\/image\/"}},{"@type":"Person","@id":"https:\/\/digitalsantotome.com.ar\/#\/schema\/person\/8991d8822886fedd92ce7f03817e1bdf","name":"Jose Carlos Machado","url":"https:\/\/digitalsantotome.com.ar\/?author=2"}]}},"_links":{"self":[{"href":"https:\/\/digitalsantotome.com.ar\/index.php?rest_route=\/wp\/v2\/posts\/15622","targetHints":{"allow":["GET"]}}],"collection":[{"href":"https:\/\/digitalsantotome.com.ar\/index.php?rest_route=\/wp\/v2\/posts"}],"about":[{"href":"https:\/\/digitalsantotome.com.ar\/index.php?rest_route=\/wp\/v2\/types\/post"}],"author":[{"embeddable":true,"href":"https:\/\/digitalsantotome.com.ar\/index.php?rest_route=\/wp\/v2\/users\/2"}],"replies":[{"embeddable":true,"href":"https:\/\/digitalsantotome.com.ar\/index.php?rest_route=%2Fwp%2Fv2%2Fcomments&post=15622"}],"version-history":[{"count":1,"href":"https:\/\/digitalsantotome.com.ar\/index.php?rest_route=\/wp\/v2\/posts\/15622\/revisions"}],"predecessor-version":[{"id":15624,"href":"https:\/\/digitalsantotome.com.ar\/index.php?rest_route=\/wp\/v2\/posts\/15622\/revisions\/15624"}],"wp:featuredmedia":[{"embeddable":true,"href":"https:\/\/digitalsantotome.com.ar\/index.php?rest_route=\/wp\/v2\/media\/15623"}],"wp:attachment":[{"href":"https:\/\/digitalsantotome.com.ar\/index.php?rest_route=%2Fwp%2Fv2%2Fmedia&parent=15622"}],"wp:term":[{"taxonomy":"category","embeddable":true,"href":"https:\/\/digitalsantotome.com.ar\/index.php?rest_route=%2Fwp%2Fv2%2Fcategories&post=15622"},{"taxonomy":"post_tag","embeddable":true,"href":"https:\/\/digitalsantotome.com.ar\/index.php?rest_route=%2Fwp%2Fv2%2Ftags&post=15622"}],"curies":[{"name":"wp","href":"https:\/\/api.w.org\/{rel}","templated":true}]}}