{"id":15625,"date":"2026-04-29T11:59:42","date_gmt":"2026-04-29T14:59:42","guid":{"rendered":"https:\/\/digitalsantotome.com.ar\/?p=15625"},"modified":"2026-04-29T17:01:20","modified_gmt":"2026-04-29T20:01:20","slug":"santo-tome-y-sao-borja-avanzan-en-una-agenda-binacional-con-eje-en-turismo-cultura-educacion-y-desarrollo-regional","status":"publish","type":"post","link":"https:\/\/digitalsantotome.com.ar\/?p=15625","title":{"rendered":"Santo Tom\u00e9 y S\u00e3o Borja avanzan en una agenda binacional con eje en turismo, cultura, educaci\u00f3n y desarrollo regional"},"content":{"rendered":"<p>SANTO TOME Y SAO BORJA. El intendente de Santo Tom\u00e9, Augusto Suaid, mantuvo este martes una reuni\u00f3n de trabajo con su par de S\u00e3o Borja, Jos\u00e9 Luis Machado Rodr\u00edguez, donde se consolid\u00f3 una amplia agenda de cooperaci\u00f3n orientada al crecimiento conjunto de ambas ciudades, seg\u00fan lo se\u00f1ala un parte de prensa divulgado por la Direcci\u00f3n de Comunicaci\u00f3n de la comuna santotome\u00f1a.<\/p>\n<p>Participaron tambi\u00e9n del encuentro el concejal Santiago Saucedo y el vereador Lindolfo Matheus Hardt; el secretario de Desenvolvimento Econ\u00f4mico, Turismo e Inova\u00e7\u00e3o de S\u00e3o Borja, Enedir Ramires; junto a los directores municipales de Cultura, Turismo y Asuntos Internacionales Joaqu\u00edn Insausti y Miguel Ayala.<\/p>\n<p>Uno de los ejes centrales del encuentro fue el impulso a un encuentro de pesca binacional, que buscar\u00e1 integrar a participantes de ambos pa\u00edses. Para su concreci\u00f3n, se avanzar\u00e1 en las gestiones de viabilidad a trav\u00e9s de la Marina de Brasil y la Prefectura Naval Argentina, organismos clave para garantizar el desarrollo del evento en el r\u00edo.<\/p>\n<p>En materia cultural, se propuso fortalecer el Festival del Folclore Correntino como un espacio de integraci\u00f3n, promoviendo la participaci\u00f3n de delegaciones brasile\u00f1as en danza y m\u00fasica. La iniciativa contempla la articulaci\u00f3n con grupos nativistas, escuelas de danza y propuestas gastron\u00f3micas. Adem\u00e1s, desde Brasil se avanza en la organizaci\u00f3n de la Farropilla, prevista tambi\u00e9n para septiembre, donde se proyecta una agenda conjunta que incluya un d\u00eda especial en conmemoraci\u00f3n de los 400 a\u00f1os de las Misiones Jesu\u00edticas.<\/p>\n<p>Se extendieron invitaciones para participar en distintos eventos populares de Santo Tom\u00e9, como el Festival de la Hamburguesa y la Fiesta del Guiso Tropero, fortaleciendo los lazos culturales y tur\u00edsticos entre ambas localidades.<\/p>\n<p>Otro de los puntos destacados fue la propuesta de conformar una Agencia de Desarrollo que represente a los 30 pueblos jesu\u00edticos, con el objetivo de posicionar de manera integrada el corredor jesu\u00edtico guaran\u00ed en la regi\u00f3n. Asimismo, se acord\u00f3 promover la participaci\u00f3n de grupos argentinos en la Farropilla, ampliando el intercambio cultural.<\/p>\n<p>La agenda incluy\u00f3 tambi\u00e9n iniciativas vinculadas a la juventud, como la organizaci\u00f3n de un festival de m\u00fasica y danza entre ambas ciudades, con espacio para talentos emergentes y un concurso de canciones. A esto se suma la articulaci\u00f3n para que artistas argentinos participen en concursos de m\u00fasica de carnaval en Brasil.<\/p>\n<p>En el plano institucional, se confirm\u00f3 que el pr\u00f3ximo 12 de mayo se llevar\u00e1 adelante una nueva reuni\u00f3n de la c\u00e1mara binacional, con la participaci\u00f3n de concejales y vereadores, donde se avanzar\u00e1 en la definici\u00f3n de la fecha del encuentro de pesca binacional, previsto para el mes de septiembre.<\/p>\n<p>En materia de salud, se abordaron avances en el convenio Municipio de Sao Borja con la Fundaci\u00f3n Barcel\u00f3, en el marco de una estrategia de fortalecimiento del sistema de salud regional.<\/p>\n<p>Por otra parte, el intendente Suaid adelant\u00f3 la posibilidad de ampliar la oferta acad\u00e9mica universitaria para S\u00e3o Borja mediante la articulaci\u00f3n con instituciones como la Universidad Tecnol\u00f3gica Nacional, la Universidad del Salvador y la Universidad Nacional del Nordeste, abriendo nuevas oportunidades de formaci\u00f3n para j\u00f3venes de la regi\u00f3n y S\u00e2o Borja.<\/p>\n<p>El encuentro reafirm\u00f3 la decisi\u00f3n de ambos municipios de avanzar en una integraci\u00f3n real y sostenida, basada en el trabajo conjunto, el fortalecimiento de la identidad compartida y la generaci\u00f3n de oportunidades concretas de desarrollo.<\/p>\n","protected":false},"excerpt":{"rendered":"<p>SANTO TOME Y SAO BORJA. El intendente de Santo Tom\u00e9, Augusto Suaid, mantuvo este martes una reuni\u00f3n de trabajo con su par de S\u00e3o Borja, Jos\u00e9 Luis Machado Rodr\u00edguez, donde se consolid\u00f3 una amplia agenda de cooperaci\u00f3n orientada al crecimiento conjunto de ambas ciudades, seg\u00fan lo se\u00f1ala un parte de prensa divulgado por la Direcci\u00f3n&#8230;<\/p>\n","protected":false},"author":2,"featured_media":15626,"comment_status":"closed","ping_status":"closed","sticky":false,"template":"","format":"standard","meta":{"_kad_post_transparent":"default","_kad_post_title":"default","_kad_post_layout":"default","_kad_post_sidebar_id":"","_kad_post_content_style":"default","_kad_post_vertical_padding":"default","_kad_post_feature":"","_kad_post_feature_position":"","_kad_post_header":false,"_kad_post_footer":false,"_kad_post_classname":"","footnotes":""},"categories":[1],"tags":[],"class_list":["post-15625","post","type-post","status-publish","format-standard","has-post-thumbnail","hentry","category-locales"],"a3_pvc":{"activated":false,"total_views":0,"today_views":0},"yoast_head":"<!-- This site is optimized with the Yoast SEO plugin v27.5 - https:\/\/yoast.com\/product\/yoast-seo-wordpress\/ -->\n<title>Santo Tom\u00e9 y S\u00e3o Borja avanzan en una agenda binacional con eje en turismo, cultura, educaci\u00f3n y desarrollo regional - Digital Santo Tom\u00e9<\/title>\n<meta name=\"robots\" content=\"index, follow, max-snippet:-1, max-image-preview:large, max-video-preview:-1\" \/>\n<link rel=\"canonical\" href=\"https:\/\/digitalsantotome.com.ar\/?p=15625\" \/>\n<meta property=\"og:locale\" content=\"es_ES\" \/>\n<meta property=\"og:type\" content=\"article\" \/>\n<meta property=\"og:title\" content=\"Santo Tom\u00e9 y S\u00e3o Borja avanzan en una agenda binacional con eje en turismo, cultura, educaci\u00f3n y desarrollo regional - Digital Santo Tom\u00e9\" \/>\n<meta property=\"og:description\" content=\"SANTO TOME Y SAO BORJA. El intendente de Santo Tom\u00e9, Augusto Suaid, mantuvo este martes una reuni\u00f3n de trabajo con su par de S\u00e3o Borja, Jos\u00e9 Luis Machado Rodr\u00edguez, donde se consolid\u00f3 una amplia agenda de cooperaci\u00f3n orientada al crecimiento conjunto de ambas ciudades, seg\u00fan lo se\u00f1ala un parte de prensa divulgado por la Direcci\u00f3n...\" \/>\n<meta property=\"og:url\" content=\"https:\/\/digitalsantotome.com.ar\/?p=15625\" \/>\n<meta property=\"og:site_name\" content=\"Digital Santo Tom\u00e9\" \/>\n<meta property=\"article:published_time\" content=\"2026-04-29T14:59:42+00:00\" \/>\n<meta property=\"article:modified_time\" content=\"2026-04-29T20:01:20+00:00\" \/>\n<meta property=\"og:image\" content=\"https:\/\/digitalsantotome.com.ar\/wp-content\/uploads\/2026\/04\/IMG-20260429-WA0034.jpg\" \/>\n\t<meta property=\"og:image:width\" content=\"1280\" \/>\n\t<meta property=\"og:image:height\" content=\"854\" \/>\n\t<meta property=\"og:image:type\" content=\"image\/jpeg\" \/>\n<meta name=\"author\" content=\"Jose Carlos Machado\" \/>\n<meta name=\"twitter:card\" content=\"summary_large_image\" \/>\n<meta name=\"twitter:label1\" content=\"Escrito por\" \/>\n\t<meta name=\"twitter:data1\" content=\"Jose Carlos Machado\" \/>\n\t<meta name=\"twitter:label2\" content=\"Tiempo de lectura\" \/>\n\t<meta name=\"twitter:data2\" content=\"3 minutos\" \/>\n<script type=\"application\/ld+json\" class=\"yoast-schema-graph\">{\"@context\":\"https:\\\/\\\/schema.org\",\"@graph\":[{\"@type\":\"Article\",\"@id\":\"https:\\\/\\\/digitalsantotome.com.ar\\\/?p=15625#article\",\"isPartOf\":{\"@id\":\"https:\\\/\\\/digitalsantotome.com.ar\\\/?p=15625\"},\"author\":{\"name\":\"Jose Carlos Machado\",\"@id\":\"https:\\\/\\\/digitalsantotome.com.ar\\\/#\\\/schema\\\/person\\\/8991d8822886fedd92ce7f03817e1bdf\"},\"headline\":\"Santo Tom\u00e9 y S\u00e3o Borja avanzan en una agenda binacional con eje en turismo, cultura, educaci\u00f3n y desarrollo regional\",\"datePublished\":\"2026-04-29T14:59:42+00:00\",\"dateModified\":\"2026-04-29T20:01:20+00:00\",\"mainEntityOfPage\":{\"@id\":\"https:\\\/\\\/digitalsantotome.com.ar\\\/?p=15625\"},\"wordCount\":615,\"publisher\":{\"@id\":\"https:\\\/\\\/digitalsantotome.com.ar\\\/#organization\"},\"image\":{\"@id\":\"https:\\\/\\\/digitalsantotome.com.ar\\\/?p=15625#primaryimage\"},\"thumbnailUrl\":\"https:\\\/\\\/digitalsantotome.com.ar\\\/wp-content\\\/uploads\\\/2026\\\/04\\\/IMG-20260429-WA0034.jpg\",\"articleSection\":[\"Locales\"],\"inLanguage\":\"es\"},{\"@type\":\"WebPage\",\"@id\":\"https:\\\/\\\/digitalsantotome.com.ar\\\/?p=15625\",\"url\":\"https:\\\/\\\/digitalsantotome.com.ar\\\/?p=15625\",\"name\":\"Santo Tom\u00e9 y S\u00e3o Borja avanzan en una agenda binacional con eje en turismo, cultura, educaci\u00f3n y desarrollo regional - Digital Santo Tom\u00e9\",\"isPartOf\":{\"@id\":\"https:\\\/\\\/digitalsantotome.com.ar\\\/#website\"},\"primaryImageOfPage\":{\"@id\":\"https:\\\/\\\/digitalsantotome.com.ar\\\/?p=15625#primaryimage\"},\"image\":{\"@id\":\"https:\\\/\\\/digitalsantotome.com.ar\\\/?p=15625#primaryimage\"},\"thumbnailUrl\":\"https:\\\/\\\/digitalsantotome.com.ar\\\/wp-content\\\/uploads\\\/2026\\\/04\\\/IMG-20260429-WA0034.jpg\",\"datePublished\":\"2026-04-29T14:59:42+00:00\",\"dateModified\":\"2026-04-29T20:01:20+00:00\",\"breadcrumb\":{\"@id\":\"https:\\\/\\\/digitalsantotome.com.ar\\\/?p=15625#breadcrumb\"},\"inLanguage\":\"es\",\"potentialAction\":[{\"@type\":\"ReadAction\",\"target\":[\"https:\\\/\\\/digitalsantotome.com.ar\\\/?p=15625\"]}]},{\"@type\":\"ImageObject\",\"inLanguage\":\"es\",\"@id\":\"https:\\\/\\\/digitalsantotome.com.ar\\\/?p=15625#primaryimage\",\"url\":\"https:\\\/\\\/digitalsantotome.com.ar\\\/wp-content\\\/uploads\\\/2026\\\/04\\\/IMG-20260429-WA0034.jpg\",\"contentUrl\":\"https:\\\/\\\/digitalsantotome.com.ar\\\/wp-content\\\/uploads\\\/2026\\\/04\\\/IMG-20260429-WA0034.jpg\",\"width\":1280,\"height\":854},{\"@type\":\"BreadcrumbList\",\"@id\":\"https:\\\/\\\/digitalsantotome.com.ar\\\/?p=15625#breadcrumb\",\"itemListElement\":[{\"@type\":\"ListItem\",\"position\":1,\"name\":\"Portada\",\"item\":\"https:\\\/\\\/digitalsantotome.com.ar\\\/\"},{\"@type\":\"ListItem\",\"position\":2,\"name\":\"Santo Tom\u00e9 y S\u00e3o Borja avanzan en una agenda binacional con eje en turismo, cultura, educaci\u00f3n y desarrollo regional\"}]},{\"@type\":\"WebSite\",\"@id\":\"https:\\\/\\\/digitalsantotome.com.ar\\\/#website\",\"url\":\"https:\\\/\\\/digitalsantotome.com.ar\\\/\",\"name\":\"Digital Santo Tom\u00e9\",\"description\":\"Noticias desde Santo Tom\u00e9 al Mundo \u2013 La informacion que decide\",\"publisher\":{\"@id\":\"https:\\\/\\\/digitalsantotome.com.ar\\\/#organization\"},\"potentialAction\":[{\"@type\":\"SearchAction\",\"target\":{\"@type\":\"EntryPoint\",\"urlTemplate\":\"https:\\\/\\\/digitalsantotome.com.ar\\\/?s={search_term_string}\"},\"query-input\":{\"@type\":\"PropertyValueSpecification\",\"valueRequired\":true,\"valueName\":\"search_term_string\"}}],\"inLanguage\":\"es\"},{\"@type\":\"Organization\",\"@id\":\"https:\\\/\\\/digitalsantotome.com.ar\\\/#organization\",\"name\":\"Digital Santo Tom\u00e9\",\"url\":\"https:\\\/\\\/digitalsantotome.com.ar\\\/\",\"logo\":{\"@type\":\"ImageObject\",\"inLanguage\":\"es\",\"@id\":\"https:\\\/\\\/digitalsantotome.com.ar\\\/#\\\/schema\\\/logo\\\/image\\\/\",\"url\":\"https:\\\/\\\/digitalsantotome.com.ar\\\/wp-content\\\/uploads\\\/2023\\\/01\\\/facebook.jpg\",\"contentUrl\":\"https:\\\/\\\/digitalsantotome.com.ar\\\/wp-content\\\/uploads\\\/2023\\\/01\\\/facebook.jpg\",\"width\":512,\"height\":376,\"caption\":\"Digital Santo Tom\u00e9\"},\"image\":{\"@id\":\"https:\\\/\\\/digitalsantotome.com.ar\\\/#\\\/schema\\\/logo\\\/image\\\/\"}},{\"@type\":\"Person\",\"@id\":\"https:\\\/\\\/digitalsantotome.com.ar\\\/#\\\/schema\\\/person\\\/8991d8822886fedd92ce7f03817e1bdf\",\"name\":\"Jose Carlos Machado\",\"url\":\"https:\\\/\\\/digitalsantotome.com.ar\\\/?author=2\"}]}<\/script>\n<!-- \/ Yoast SEO plugin. -->","yoast_head_json":{"title":"Santo Tom\u00e9 y S\u00e3o Borja avanzan en una agenda binacional con eje en turismo, cultura, educaci\u00f3n y desarrollo regional - Digital Santo Tom\u00e9","robots":{"index":"index","follow":"follow","max-snippet":"max-snippet:-1","max-image-preview":"max-image-preview:large","max-video-preview":"max-video-preview:-1"},"canonical":"https:\/\/digitalsantotome.com.ar\/?p=15625","og_locale":"es_ES","og_type":"article","og_title":"Santo Tom\u00e9 y S\u00e3o Borja avanzan en una agenda binacional con eje en turismo, cultura, educaci\u00f3n y desarrollo regional - Digital Santo Tom\u00e9","og_description":"SANTO TOME Y SAO BORJA. El intendente de Santo Tom\u00e9, Augusto Suaid, mantuvo este martes una reuni\u00f3n de trabajo con su par de S\u00e3o Borja, Jos\u00e9 Luis Machado Rodr\u00edguez, donde se consolid\u00f3 una amplia agenda de cooperaci\u00f3n orientada al crecimiento conjunto de ambas ciudades, seg\u00fan lo se\u00f1ala un parte de prensa divulgado por la Direcci\u00f3n...","og_url":"https:\/\/digitalsantotome.com.ar\/?p=15625","og_site_name":"Digital Santo Tom\u00e9","article_published_time":"2026-04-29T14:59:42+00:00","article_modified_time":"2026-04-29T20:01:20+00:00","og_image":[{"width":1280,"height":854,"url":"https:\/\/digitalsantotome.com.ar\/wp-content\/uploads\/2026\/04\/IMG-20260429-WA0034.jpg","type":"image\/jpeg"}],"author":"Jose Carlos Machado","twitter_card":"summary_large_image","twitter_misc":{"Escrito por":"Jose Carlos Machado","Tiempo de lectura":"3 minutos"},"schema":{"@context":"https:\/\/schema.org","@graph":[{"@type":"Article","@id":"https:\/\/digitalsantotome.com.ar\/?p=15625#article","isPartOf":{"@id":"https:\/\/digitalsantotome.com.ar\/?p=15625"},"author":{"name":"Jose Carlos Machado","@id":"https:\/\/digitalsantotome.com.ar\/#\/schema\/person\/8991d8822886fedd92ce7f03817e1bdf"},"headline":"Santo Tom\u00e9 y S\u00e3o Borja avanzan en una agenda binacional con eje en turismo, cultura, educaci\u00f3n y desarrollo regional","datePublished":"2026-04-29T14:59:42+00:00","dateModified":"2026-04-29T20:01:20+00:00","mainEntityOfPage":{"@id":"https:\/\/digitalsantotome.com.ar\/?p=15625"},"wordCount":615,"publisher":{"@id":"https:\/\/digitalsantotome.com.ar\/#organization"},"image":{"@id":"https:\/\/digitalsantotome.com.ar\/?p=15625#primaryimage"},"thumbnailUrl":"https:\/\/digitalsantotome.com.ar\/wp-content\/uploads\/2026\/04\/IMG-20260429-WA0034.jpg","articleSection":["Locales"],"inLanguage":"es"},{"@type":"WebPage","@id":"https:\/\/digitalsantotome.com.ar\/?p=15625","url":"https:\/\/digitalsantotome.com.ar\/?p=15625","name":"Santo Tom\u00e9 y S\u00e3o Borja avanzan en una agenda binacional con eje en turismo, cultura, educaci\u00f3n y desarrollo regional - Digital Santo Tom\u00e9","isPartOf":{"@id":"https:\/\/digitalsantotome.com.ar\/#website"},"primaryImageOfPage":{"@id":"https:\/\/digitalsantotome.com.ar\/?p=15625#primaryimage"},"image":{"@id":"https:\/\/digitalsantotome.com.ar\/?p=15625#primaryimage"},"thumbnailUrl":"https:\/\/digitalsantotome.com.ar\/wp-content\/uploads\/2026\/04\/IMG-20260429-WA0034.jpg","datePublished":"2026-04-29T14:59:42+00:00","dateModified":"2026-04-29T20:01:20+00:00","breadcrumb":{"@id":"https:\/\/digitalsantotome.com.ar\/?p=15625#breadcrumb"},"inLanguage":"es","potentialAction":[{"@type":"ReadAction","target":["https:\/\/digitalsantotome.com.ar\/?p=15625"]}]},{"@type":"ImageObject","inLanguage":"es","@id":"https:\/\/digitalsantotome.com.ar\/?p=15625#primaryimage","url":"https:\/\/digitalsantotome.com.ar\/wp-content\/uploads\/2026\/04\/IMG-20260429-WA0034.jpg","contentUrl":"https:\/\/digitalsantotome.com.ar\/wp-content\/uploads\/2026\/04\/IMG-20260429-WA0034.jpg","width":1280,"height":854},{"@type":"BreadcrumbList","@id":"https:\/\/digitalsantotome.com.ar\/?p=15625#breadcrumb","itemListElement":[{"@type":"ListItem","position":1,"name":"Portada","item":"https:\/\/digitalsantotome.com.ar\/"},{"@type":"ListItem","position":2,"name":"Santo Tom\u00e9 y S\u00e3o Borja avanzan en una agenda binacional con eje en turismo, cultura, educaci\u00f3n y desarrollo regional"}]},{"@type":"WebSite","@id":"https:\/\/digitalsantotome.com.ar\/#website","url":"https:\/\/digitalsantotome.com.ar\/","name":"Digital Santo Tom\u00e9","description":"Noticias desde Santo Tom\u00e9 al Mundo \u2013 La informacion que decide","publisher":{"@id":"https:\/\/digitalsantotome.com.ar\/#organization"},"potentialAction":[{"@type":"SearchAction","target":{"@type":"EntryPoint","urlTemplate":"https:\/\/digitalsantotome.com.ar\/?s={search_term_string}"},"query-input":{"@type":"PropertyValueSpecification","valueRequired":true,"valueName":"search_term_string"}}],"inLanguage":"es"},{"@type":"Organization","@id":"https:\/\/digitalsantotome.com.ar\/#organization","name":"Digital Santo Tom\u00e9","url":"https:\/\/digitalsantotome.com.ar\/","logo":{"@type":"ImageObject","inLanguage":"es","@id":"https:\/\/digitalsantotome.com.ar\/#\/schema\/logo\/image\/","url":"https:\/\/digitalsantotome.com.ar\/wp-content\/uploads\/2023\/01\/facebook.jpg","contentUrl":"https:\/\/digitalsantotome.com.ar\/wp-content\/uploads\/2023\/01\/facebook.jpg","width":512,"height":376,"caption":"Digital Santo Tom\u00e9"},"image":{"@id":"https:\/\/digitalsantotome.com.ar\/#\/schema\/logo\/image\/"}},{"@type":"Person","@id":"https:\/\/digitalsantotome.com.ar\/#\/schema\/person\/8991d8822886fedd92ce7f03817e1bdf","name":"Jose Carlos Machado","url":"https:\/\/digitalsantotome.com.ar\/?author=2"}]}},"_links":{"self":[{"href":"https:\/\/digitalsantotome.com.ar\/index.php?rest_route=\/wp\/v2\/posts\/15625","targetHints":{"allow":["GET"]}}],"collection":[{"href":"https:\/\/digitalsantotome.com.ar\/index.php?rest_route=\/wp\/v2\/posts"}],"about":[{"href":"https:\/\/digitalsantotome.com.ar\/index.php?rest_route=\/wp\/v2\/types\/post"}],"author":[{"embeddable":true,"href":"https:\/\/digitalsantotome.com.ar\/index.php?rest_route=\/wp\/v2\/users\/2"}],"replies":[{"embeddable":true,"href":"https:\/\/digitalsantotome.com.ar\/index.php?rest_route=%2Fwp%2Fv2%2Fcomments&post=15625"}],"version-history":[{"count":1,"href":"https:\/\/digitalsantotome.com.ar\/index.php?rest_route=\/wp\/v2\/posts\/15625\/revisions"}],"predecessor-version":[{"id":15627,"href":"https:\/\/digitalsantotome.com.ar\/index.php?rest_route=\/wp\/v2\/posts\/15625\/revisions\/15627"}],"wp:featuredmedia":[{"embeddable":true,"href":"https:\/\/digitalsantotome.com.ar\/index.php?rest_route=\/wp\/v2\/media\/15626"}],"wp:attachment":[{"href":"https:\/\/digitalsantotome.com.ar\/index.php?rest_route=%2Fwp%2Fv2%2Fmedia&parent=15625"}],"wp:term":[{"taxonomy":"category","embeddable":true,"href":"https:\/\/digitalsantotome.com.ar\/index.php?rest_route=%2Fwp%2Fv2%2Fcategories&post=15625"},{"taxonomy":"post_tag","embeddable":true,"href":"https:\/\/digitalsantotome.com.ar\/index.php?rest_route=%2Fwp%2Fv2%2Ftags&post=15625"}],"curies":[{"name":"wp","href":"https:\/\/api.w.org\/{rel}","templated":true}]}}