{"id":15629,"date":"2026-04-29T17:00:57","date_gmt":"2026-04-29T20:00:57","guid":{"rendered":"https:\/\/digitalsantotome.com.ar\/?p=15629"},"modified":"2026-04-29T17:01:05","modified_gmt":"2026-04-29T20:01:05","slug":"garavi-estuvo-presente-en-la-mesa-tecnica-del-corredor-jesuitico","status":"publish","type":"post","link":"https:\/\/digitalsantotome.com.ar\/?p=15629","title":{"rendered":"Garav\u00ed estuvo presente en la Mesa T\u00e9cnica del Corredor Jesu\u00edtico"},"content":{"rendered":"<p>SANTO TOME. El intendente Jerovan Marquez de la localidad de Jos\u00e9 Rafael G\u00f3mez, ubicada en el Departamento Santo Tom\u00e9; particip\u00f3 esta semana junto al ministro de Turismo de la Provincia, Juan Braillard Poccard, su equipo y representantes de los municipios que integran este espacio regional, de un encuentro zonal destinado a fomentar la actividad tur\u00edstica en la zona.<\/p>\n<p>El joven jefe comunal Jerovan M\u00e1rquez, fue uno de los jefes comunales que particip\u00f3 del encuentro que se desarroll\u00f3 en la Casa del Bicentenario, organizado por el \u00e1rea de Ceremonial y Protocolo municipal, y fue encabezado por el intendente Jos\u00e9 Augusto Suaid. Durante la jornada, se compartieron diagn\u00f3sticos, se ordenaron prioridades y se definieron l\u00edneas de acci\u00f3n orientadas a transformar el potencial hist\u00f3rico, cultural y natural del corredor en desarrollo concreto y sostenido.<\/p>\n<div class=\"entry-content-asset videofit\"><iframe title=\"Jeroban Marquez, intendente de Garav\u00ed formula declaraciones\" width=\"720\" height=\"405\" src=\"https:\/\/www.youtube.com\/embed\/cqGOmdEhW6A?feature=oembed\" frameborder=\"0\" allow=\"accelerometer; autoplay; clipboard-write; encrypted-media; gyroscope; picture-in-picture; web-share\" referrerpolicy=\"strict-origin-when-cross-origin\" allowfullscreen><\/iframe><\/div>\n<p>Cada municipio present\u00f3 sus iniciativas y necesidades. Entre ellas, se destac\u00f3 la intenci\u00f3n de Gobernador Virasoro de posicionarse como destino tur\u00edstico; el proyecto de Garav\u00ed para construir un mirador sobre el r\u00edo Uruguay; y la propuesta de Garruchos de capacitar anfitriones y gu\u00edas locales.<\/p>\n<p>En la oportunidad, el intendente garavice\u00f1o formul\u00f3 declaraciones a este sitio de noticias donde abord\u00f3 varios temas de actualidad relacionado a la marca de la gesti\u00f3n comunal que encabeza. Hizo menci\u00f3n a una serie de trabajos que vienen realizando en distintas \u00e1reas del municipio, especialmente en lo atinente a la provisi\u00f3n de agua potable y la iluminaci\u00f3n p\u00fablica mediante un convenio firmado recientemente con la DPEC.<\/p>\n<p>En un tramo de la entrevista, M\u00e1rquez hizo especial hincapi\u00e9 en la necesidad de crear fuentes de trabajo, los cuales mayormente se dan en el \u00e1rea forestal. Admiti\u00f3 que se trabaja con la provincia para reabrir las puertas de un aserradero que hab\u00eda en Garav\u00ed y por razones de la econom\u00eda nacional, el mismo cerr\u00f3 sus puertas y dej\u00f3\u00a0 a 25 personas sin trabajo. Ahora se trabaja en revertir la situaci\u00f3n. En ese mismo sentido, reconoci\u00f3 que ser\u00eda muy bueno que un aserradero que tambi\u00e9n hace un par de a\u00f1os baj\u00f3 las persianas y que pertenec\u00eda a la empresa Tapebicu\u00e1 y estaba instalado en Garruchos, vuelva a funcionar con todo lo que ello significa en cuanto a la mano de obra a ocupar.<\/p>\n<p>Finalmente pidi\u00f3 paciencia a los vecinos del lugar, \u00abhay mucho por hacer y solo pedimos paciencia\u00bb subray\u00f3 M\u00e1rquez.<\/p>\n<p>&nbsp;<\/p>\n","protected":false},"excerpt":{"rendered":"<p>SANTO TOME. El intendente Jerovan Marquez de la localidad de Jos\u00e9 Rafael G\u00f3mez, ubicada en el Departamento Santo Tom\u00e9; particip\u00f3 esta semana junto al ministro de Turismo de la Provincia, Juan Braillard Poccard, su equipo y representantes de los municipios que integran este espacio regional, de un encuentro zonal destinado a fomentar la actividad tur\u00edstica&#8230;<\/p>\n","protected":false},"author":2,"featured_media":15630,"comment_status":"closed","ping_status":"closed","sticky":false,"template":"","format":"standard","meta":{"_kad_post_transparent":"default","_kad_post_title":"default","_kad_post_layout":"default","_kad_post_sidebar_id":"","_kad_post_content_style":"default","_kad_post_vertical_padding":"default","_kad_post_feature":"","_kad_post_feature_position":"","_kad_post_header":false,"_kad_post_footer":false,"_kad_post_classname":"","footnotes":""},"categories":[5],"tags":[],"class_list":["post-15629","post","type-post","status-publish","format-standard","has-post-thumbnail","hentry","category-destacadas"],"a3_pvc":{"activated":false,"total_views":0,"today_views":0},"yoast_head":"<!-- This site is optimized with the Yoast SEO plugin v27.5 - https:\/\/yoast.com\/product\/yoast-seo-wordpress\/ -->\n<title>Garav\u00ed estuvo presente en la Mesa T\u00e9cnica del Corredor Jesu\u00edtico - Digital Santo Tom\u00e9<\/title>\n<meta name=\"robots\" content=\"index, follow, max-snippet:-1, max-image-preview:large, max-video-preview:-1\" \/>\n<link rel=\"canonical\" href=\"https:\/\/digitalsantotome.com.ar\/?p=15629\" \/>\n<meta property=\"og:locale\" content=\"es_ES\" \/>\n<meta property=\"og:type\" content=\"article\" \/>\n<meta property=\"og:title\" content=\"Garav\u00ed estuvo presente en la Mesa T\u00e9cnica del Corredor Jesu\u00edtico - Digital Santo Tom\u00e9\" \/>\n<meta property=\"og:description\" content=\"SANTO TOME. El intendente Jerovan Marquez de la localidad de Jos\u00e9 Rafael G\u00f3mez, ubicada en el Departamento Santo Tom\u00e9; particip\u00f3 esta semana junto al ministro de Turismo de la Provincia, Juan Braillard Poccard, su equipo y representantes de los municipios que integran este espacio regional, de un encuentro zonal destinado a fomentar la actividad tur\u00edstica...\" \/>\n<meta property=\"og:url\" content=\"https:\/\/digitalsantotome.com.ar\/?p=15629\" \/>\n<meta property=\"og:site_name\" content=\"Digital Santo Tom\u00e9\" \/>\n<meta property=\"article:published_time\" content=\"2026-04-29T20:00:57+00:00\" \/>\n<meta property=\"article:modified_time\" content=\"2026-04-29T20:01:05+00:00\" \/>\n<meta property=\"og:image\" content=\"https:\/\/digitalsantotome.com.ar\/wp-content\/uploads\/2026\/04\/DSC_0723.jpg\" \/>\n\t<meta property=\"og:image:width\" content=\"1155\" \/>\n\t<meta property=\"og:image:height\" content=\"768\" \/>\n\t<meta property=\"og:image:type\" content=\"image\/jpeg\" \/>\n<meta name=\"author\" content=\"Jose Carlos Machado\" \/>\n<meta name=\"twitter:card\" content=\"summary_large_image\" \/>\n<meta name=\"twitter:label1\" content=\"Escrito por\" \/>\n\t<meta name=\"twitter:data1\" content=\"Jose Carlos Machado\" \/>\n\t<meta name=\"twitter:label2\" content=\"Tiempo de lectura\" \/>\n\t<meta name=\"twitter:data2\" content=\"2 minutos\" \/>\n<script type=\"application\/ld+json\" class=\"yoast-schema-graph\">{\"@context\":\"https:\\\/\\\/schema.org\",\"@graph\":[{\"@type\":\"Article\",\"@id\":\"https:\\\/\\\/digitalsantotome.com.ar\\\/?p=15629#article\",\"isPartOf\":{\"@id\":\"https:\\\/\\\/digitalsantotome.com.ar\\\/?p=15629\"},\"author\":{\"name\":\"Jose Carlos Machado\",\"@id\":\"https:\\\/\\\/digitalsantotome.com.ar\\\/#\\\/schema\\\/person\\\/8991d8822886fedd92ce7f03817e1bdf\"},\"headline\":\"Garav\u00ed estuvo presente en la Mesa T\u00e9cnica del Corredor Jesu\u00edtico\",\"datePublished\":\"2026-04-29T20:00:57+00:00\",\"dateModified\":\"2026-04-29T20:01:05+00:00\",\"mainEntityOfPage\":{\"@id\":\"https:\\\/\\\/digitalsantotome.com.ar\\\/?p=15629\"},\"wordCount\":428,\"publisher\":{\"@id\":\"https:\\\/\\\/digitalsantotome.com.ar\\\/#organization\"},\"image\":{\"@id\":\"https:\\\/\\\/digitalsantotome.com.ar\\\/?p=15629#primaryimage\"},\"thumbnailUrl\":\"https:\\\/\\\/digitalsantotome.com.ar\\\/wp-content\\\/uploads\\\/2026\\\/04\\\/DSC_0723.jpg\",\"articleSection\":[\"Destacadas\"],\"inLanguage\":\"es\"},{\"@type\":\"WebPage\",\"@id\":\"https:\\\/\\\/digitalsantotome.com.ar\\\/?p=15629\",\"url\":\"https:\\\/\\\/digitalsantotome.com.ar\\\/?p=15629\",\"name\":\"Garav\u00ed estuvo presente en la Mesa T\u00e9cnica del Corredor Jesu\u00edtico - Digital Santo Tom\u00e9\",\"isPartOf\":{\"@id\":\"https:\\\/\\\/digitalsantotome.com.ar\\\/#website\"},\"primaryImageOfPage\":{\"@id\":\"https:\\\/\\\/digitalsantotome.com.ar\\\/?p=15629#primaryimage\"},\"image\":{\"@id\":\"https:\\\/\\\/digitalsantotome.com.ar\\\/?p=15629#primaryimage\"},\"thumbnailUrl\":\"https:\\\/\\\/digitalsantotome.com.ar\\\/wp-content\\\/uploads\\\/2026\\\/04\\\/DSC_0723.jpg\",\"datePublished\":\"2026-04-29T20:00:57+00:00\",\"dateModified\":\"2026-04-29T20:01:05+00:00\",\"breadcrumb\":{\"@id\":\"https:\\\/\\\/digitalsantotome.com.ar\\\/?p=15629#breadcrumb\"},\"inLanguage\":\"es\",\"potentialAction\":[{\"@type\":\"ReadAction\",\"target\":[\"https:\\\/\\\/digitalsantotome.com.ar\\\/?p=15629\"]}]},{\"@type\":\"ImageObject\",\"inLanguage\":\"es\",\"@id\":\"https:\\\/\\\/digitalsantotome.com.ar\\\/?p=15629#primaryimage\",\"url\":\"https:\\\/\\\/digitalsantotome.com.ar\\\/wp-content\\\/uploads\\\/2026\\\/04\\\/DSC_0723.jpg\",\"contentUrl\":\"https:\\\/\\\/digitalsantotome.com.ar\\\/wp-content\\\/uploads\\\/2026\\\/04\\\/DSC_0723.jpg\",\"width\":1155,\"height\":768},{\"@type\":\"BreadcrumbList\",\"@id\":\"https:\\\/\\\/digitalsantotome.com.ar\\\/?p=15629#breadcrumb\",\"itemListElement\":[{\"@type\":\"ListItem\",\"position\":1,\"name\":\"Portada\",\"item\":\"https:\\\/\\\/digitalsantotome.com.ar\\\/\"},{\"@type\":\"ListItem\",\"position\":2,\"name\":\"Garav\u00ed estuvo presente en la Mesa T\u00e9cnica del Corredor Jesu\u00edtico\"}]},{\"@type\":\"WebSite\",\"@id\":\"https:\\\/\\\/digitalsantotome.com.ar\\\/#website\",\"url\":\"https:\\\/\\\/digitalsantotome.com.ar\\\/\",\"name\":\"Digital Santo Tom\u00e9\",\"description\":\"Noticias desde Santo Tom\u00e9 al Mundo \u2013 La informacion que decide\",\"publisher\":{\"@id\":\"https:\\\/\\\/digitalsantotome.com.ar\\\/#organization\"},\"potentialAction\":[{\"@type\":\"SearchAction\",\"target\":{\"@type\":\"EntryPoint\",\"urlTemplate\":\"https:\\\/\\\/digitalsantotome.com.ar\\\/?s={search_term_string}\"},\"query-input\":{\"@type\":\"PropertyValueSpecification\",\"valueRequired\":true,\"valueName\":\"search_term_string\"}}],\"inLanguage\":\"es\"},{\"@type\":\"Organization\",\"@id\":\"https:\\\/\\\/digitalsantotome.com.ar\\\/#organization\",\"name\":\"Digital Santo Tom\u00e9\",\"url\":\"https:\\\/\\\/digitalsantotome.com.ar\\\/\",\"logo\":{\"@type\":\"ImageObject\",\"inLanguage\":\"es\",\"@id\":\"https:\\\/\\\/digitalsantotome.com.ar\\\/#\\\/schema\\\/logo\\\/image\\\/\",\"url\":\"https:\\\/\\\/digitalsantotome.com.ar\\\/wp-content\\\/uploads\\\/2023\\\/01\\\/facebook.jpg\",\"contentUrl\":\"https:\\\/\\\/digitalsantotome.com.ar\\\/wp-content\\\/uploads\\\/2023\\\/01\\\/facebook.jpg\",\"width\":512,\"height\":376,\"caption\":\"Digital Santo Tom\u00e9\"},\"image\":{\"@id\":\"https:\\\/\\\/digitalsantotome.com.ar\\\/#\\\/schema\\\/logo\\\/image\\\/\"}},{\"@type\":\"Person\",\"@id\":\"https:\\\/\\\/digitalsantotome.com.ar\\\/#\\\/schema\\\/person\\\/8991d8822886fedd92ce7f03817e1bdf\",\"name\":\"Jose Carlos Machado\",\"url\":\"https:\\\/\\\/digitalsantotome.com.ar\\\/?author=2\"}]}<\/script>\n<!-- \/ Yoast SEO plugin. -->","yoast_head_json":{"title":"Garav\u00ed estuvo presente en la Mesa T\u00e9cnica del Corredor Jesu\u00edtico - Digital Santo Tom\u00e9","robots":{"index":"index","follow":"follow","max-snippet":"max-snippet:-1","max-image-preview":"max-image-preview:large","max-video-preview":"max-video-preview:-1"},"canonical":"https:\/\/digitalsantotome.com.ar\/?p=15629","og_locale":"es_ES","og_type":"article","og_title":"Garav\u00ed estuvo presente en la Mesa T\u00e9cnica del Corredor Jesu\u00edtico - Digital Santo Tom\u00e9","og_description":"SANTO TOME. El intendente Jerovan Marquez de la localidad de Jos\u00e9 Rafael G\u00f3mez, ubicada en el Departamento Santo Tom\u00e9; particip\u00f3 esta semana junto al ministro de Turismo de la Provincia, Juan Braillard Poccard, su equipo y representantes de los municipios que integran este espacio regional, de un encuentro zonal destinado a fomentar la actividad tur\u00edstica...","og_url":"https:\/\/digitalsantotome.com.ar\/?p=15629","og_site_name":"Digital Santo Tom\u00e9","article_published_time":"2026-04-29T20:00:57+00:00","article_modified_time":"2026-04-29T20:01:05+00:00","og_image":[{"width":1155,"height":768,"url":"https:\/\/digitalsantotome.com.ar\/wp-content\/uploads\/2026\/04\/DSC_0723.jpg","type":"image\/jpeg"}],"author":"Jose Carlos Machado","twitter_card":"summary_large_image","twitter_misc":{"Escrito por":"Jose Carlos Machado","Tiempo de lectura":"2 minutos"},"schema":{"@context":"https:\/\/schema.org","@graph":[{"@type":"Article","@id":"https:\/\/digitalsantotome.com.ar\/?p=15629#article","isPartOf":{"@id":"https:\/\/digitalsantotome.com.ar\/?p=15629"},"author":{"name":"Jose Carlos Machado","@id":"https:\/\/digitalsantotome.com.ar\/#\/schema\/person\/8991d8822886fedd92ce7f03817e1bdf"},"headline":"Garav\u00ed estuvo presente en la Mesa T\u00e9cnica del Corredor Jesu\u00edtico","datePublished":"2026-04-29T20:00:57+00:00","dateModified":"2026-04-29T20:01:05+00:00","mainEntityOfPage":{"@id":"https:\/\/digitalsantotome.com.ar\/?p=15629"},"wordCount":428,"publisher":{"@id":"https:\/\/digitalsantotome.com.ar\/#organization"},"image":{"@id":"https:\/\/digitalsantotome.com.ar\/?p=15629#primaryimage"},"thumbnailUrl":"https:\/\/digitalsantotome.com.ar\/wp-content\/uploads\/2026\/04\/DSC_0723.jpg","articleSection":["Destacadas"],"inLanguage":"es"},{"@type":"WebPage","@id":"https:\/\/digitalsantotome.com.ar\/?p=15629","url":"https:\/\/digitalsantotome.com.ar\/?p=15629","name":"Garav\u00ed estuvo presente en la Mesa T\u00e9cnica del Corredor Jesu\u00edtico - Digital Santo Tom\u00e9","isPartOf":{"@id":"https:\/\/digitalsantotome.com.ar\/#website"},"primaryImageOfPage":{"@id":"https:\/\/digitalsantotome.com.ar\/?p=15629#primaryimage"},"image":{"@id":"https:\/\/digitalsantotome.com.ar\/?p=15629#primaryimage"},"thumbnailUrl":"https:\/\/digitalsantotome.com.ar\/wp-content\/uploads\/2026\/04\/DSC_0723.jpg","datePublished":"2026-04-29T20:00:57+00:00","dateModified":"2026-04-29T20:01:05+00:00","breadcrumb":{"@id":"https:\/\/digitalsantotome.com.ar\/?p=15629#breadcrumb"},"inLanguage":"es","potentialAction":[{"@type":"ReadAction","target":["https:\/\/digitalsantotome.com.ar\/?p=15629"]}]},{"@type":"ImageObject","inLanguage":"es","@id":"https:\/\/digitalsantotome.com.ar\/?p=15629#primaryimage","url":"https:\/\/digitalsantotome.com.ar\/wp-content\/uploads\/2026\/04\/DSC_0723.jpg","contentUrl":"https:\/\/digitalsantotome.com.ar\/wp-content\/uploads\/2026\/04\/DSC_0723.jpg","width":1155,"height":768},{"@type":"BreadcrumbList","@id":"https:\/\/digitalsantotome.com.ar\/?p=15629#breadcrumb","itemListElement":[{"@type":"ListItem","position":1,"name":"Portada","item":"https:\/\/digitalsantotome.com.ar\/"},{"@type":"ListItem","position":2,"name":"Garav\u00ed estuvo presente en la Mesa T\u00e9cnica del Corredor Jesu\u00edtico"}]},{"@type":"WebSite","@id":"https:\/\/digitalsantotome.com.ar\/#website","url":"https:\/\/digitalsantotome.com.ar\/","name":"Digital Santo Tom\u00e9","description":"Noticias desde Santo Tom\u00e9 al Mundo \u2013 La informacion que decide","publisher":{"@id":"https:\/\/digitalsantotome.com.ar\/#organization"},"potentialAction":[{"@type":"SearchAction","target":{"@type":"EntryPoint","urlTemplate":"https:\/\/digitalsantotome.com.ar\/?s={search_term_string}"},"query-input":{"@type":"PropertyValueSpecification","valueRequired":true,"valueName":"search_term_string"}}],"inLanguage":"es"},{"@type":"Organization","@id":"https:\/\/digitalsantotome.com.ar\/#organization","name":"Digital Santo Tom\u00e9","url":"https:\/\/digitalsantotome.com.ar\/","logo":{"@type":"ImageObject","inLanguage":"es","@id":"https:\/\/digitalsantotome.com.ar\/#\/schema\/logo\/image\/","url":"https:\/\/digitalsantotome.com.ar\/wp-content\/uploads\/2023\/01\/facebook.jpg","contentUrl":"https:\/\/digitalsantotome.com.ar\/wp-content\/uploads\/2023\/01\/facebook.jpg","width":512,"height":376,"caption":"Digital Santo Tom\u00e9"},"image":{"@id":"https:\/\/digitalsantotome.com.ar\/#\/schema\/logo\/image\/"}},{"@type":"Person","@id":"https:\/\/digitalsantotome.com.ar\/#\/schema\/person\/8991d8822886fedd92ce7f03817e1bdf","name":"Jose Carlos Machado","url":"https:\/\/digitalsantotome.com.ar\/?author=2"}]}},"_links":{"self":[{"href":"https:\/\/digitalsantotome.com.ar\/index.php?rest_route=\/wp\/v2\/posts\/15629","targetHints":{"allow":["GET"]}}],"collection":[{"href":"https:\/\/digitalsantotome.com.ar\/index.php?rest_route=\/wp\/v2\/posts"}],"about":[{"href":"https:\/\/digitalsantotome.com.ar\/index.php?rest_route=\/wp\/v2\/types\/post"}],"author":[{"embeddable":true,"href":"https:\/\/digitalsantotome.com.ar\/index.php?rest_route=\/wp\/v2\/users\/2"}],"replies":[{"embeddable":true,"href":"https:\/\/digitalsantotome.com.ar\/index.php?rest_route=%2Fwp%2Fv2%2Fcomments&post=15629"}],"version-history":[{"count":1,"href":"https:\/\/digitalsantotome.com.ar\/index.php?rest_route=\/wp\/v2\/posts\/15629\/revisions"}],"predecessor-version":[{"id":15631,"href":"https:\/\/digitalsantotome.com.ar\/index.php?rest_route=\/wp\/v2\/posts\/15629\/revisions\/15631"}],"wp:featuredmedia":[{"embeddable":true,"href":"https:\/\/digitalsantotome.com.ar\/index.php?rest_route=\/wp\/v2\/media\/15630"}],"wp:attachment":[{"href":"https:\/\/digitalsantotome.com.ar\/index.php?rest_route=%2Fwp%2Fv2%2Fmedia&parent=15629"}],"wp:term":[{"taxonomy":"category","embeddable":true,"href":"https:\/\/digitalsantotome.com.ar\/index.php?rest_route=%2Fwp%2Fv2%2Fcategories&post=15629"},{"taxonomy":"post_tag","embeddable":true,"href":"https:\/\/digitalsantotome.com.ar\/index.php?rest_route=%2Fwp%2Fv2%2Ftags&post=15629"}],"curies":[{"name":"wp","href":"https:\/\/api.w.org\/{rel}","templated":true}]}}