{"id":15646,"date":"2026-05-01T10:31:03","date_gmt":"2026-05-01T13:31:03","guid":{"rendered":"https:\/\/digitalsantotome.com.ar\/?p=15646"},"modified":"2026-05-01T10:31:03","modified_gmt":"2026-05-01T13:31:03","slug":"carnaval-2027-marcelo-almeida-fue-reelecto-al-frente-de-la-comision-central","status":"publish","type":"post","link":"https:\/\/digitalsantotome.com.ar\/?p=15646","title":{"rendered":"Carnaval 2027: Marcelo Almeida fue reelecto al frente de la Comisi\u00f3n Central"},"content":{"rendered":"<p><strong>Pese a los rumores de recambio y el desgaste en el ambiente, \u00abel brasilero\u00bb continuar\u00e1 presidiendo la CCC por un a\u00f1o m\u00e1s. Marab\u00fa retiene el mando tras su reciente campeonato, mientras que Turma do Fon Fon e Ipanema completan la c\u00fapula de cara a una edici\u00f3n marcada por el desaf\u00edo econ\u00f3mico.<\/strong><\/p>\n<p><strong>SANTO TOM\u00c9.<\/strong> En la noche del mi\u00e9rcoles, la Casa de la Cultura y del Bicentenario fue escenario del primer encuentro formal de la <strong>Comisi\u00f3n Central del Carnaval (CCC)<\/strong>. Con la mira puesta en la edici\u00f3n 2027, la reuni\u00f3n no solo sirvi\u00f3 para delinear el plan de trabajo, sino para definir una conducci\u00f3n que estuvo envuelta en versiones de cambio hasta \u00faltimo momento.<\/p>\n<p><strong>Continuidad con sello campe\u00f3n<\/strong><\/p>\n<p>Siguiendo el reglamento interno que otorga dos a\u00f1os de gesti\u00f3n a cada comparsa, <strong>Marcelo Almeida<\/strong> \u2014representante de la actual campeona, <strong>Marab\u00fa<\/strong>\u2014 fue ratificado en la presidencia con el aval de su comparsa. Aunque <strong>Almeida<\/strong> hab\u00eda manifestado p\u00fablicamente en su momento su intenci\u00f3n de dar un paso al costado, finalmente acept\u00f3 la reelecci\u00f3n para cumplir su segundo a\u00f1o de mandato.<\/p>\n<p><strong>La nueva mesa directiva qued\u00f3 conformada de la siguiente manera:<\/strong><\/p>\n<ul>\n<li><strong>Presidencia:<\/strong> Marcelo Almeida (Marab\u00fa).<\/li>\n<li><strong>Vicepresidencia 1ra:<\/strong> Diego Garay (Marab\u00fa).<\/li>\n<li><strong>Tesorer\u00eda:<\/strong> Turma do F\u00f3n F\u00f3n.<\/li>\n<li><strong>Secretar\u00eda:<\/strong> Comparsa Ipanema.<\/li>\n<\/ul>\n<p><strong>Los rumores de \u00aboxigenaci\u00f3n\u00bb que no prosperaron<\/strong><\/p>\n<p>D\u00edas previos a la asamblea, el nombre de <strong>\u201cChano\u201d Ram\u00edrez<\/strong> son\u00f3 con fuerza como el posible sucesor de Almeida. Fuentes cercanas a las comparsas admitieron que en sectores de la competencia (espec\u00edficamente en F\u00f3n F\u00f3n e Ipanema) no se ve\u00eda con malos ojos un cambio de mando. El objetivo era \u00aboxigenar\u00bb un ambiente desgastado tras los \u00faltimos resultados del Carnaval 2026.<\/p>\n<p>Se destacaba en <strong>Ram\u00edrez<\/strong> un perfil m\u00e1s dialoguista para equilibrar el fanatismo que suele imperar en las reuniones; sin embargo, Marab\u00fa hizo valer su posici\u00f3n bajo la premisa de que <strong>\u201cequipo que gana no se toca\u201d<\/strong>.<\/p>\n<p><strong>Un camino cuesta arriba<\/strong><\/p>\n<p>M\u00e1s all\u00e1 de los nombres, el gran desaf\u00edo de la gesti\u00f3n de Almeida ser\u00e1 la organizaci\u00f3n de la fiesta en un <strong>contexto econ\u00f3mico cr\u00edtico<\/strong>. La baja en la coparticipaci\u00f3n y la recaudaci\u00f3n, mencionada recientemente por autoridades municipales, obligar\u00e1 a la CCC a una ingenier\u00eda financiera extrema para sostener el brillo de la fiesta m\u00e1s convocante de Santo Tom\u00e9.<\/p>\n<p>Con las autoridades ya confirmadas, comienza ahora el arduo trabajo de galpones, contratos y log\u00edstica para que el \u00abRey Momo\u00bb pueda volver a las calles en 2027.<\/p>\n<p>Finalmente, un dato para destacar, es que desde <strong>Blanco y San Mart\u00edn<\/strong> miran de reojo y con cierta preocupaci\u00f3n la marcada p\u00e9rdida de autenticidad que tuvo el carnaval santotome\u00f1o en los \u00faltimos a\u00f1os, aunque reconocen el nivel alcanzado. No obstante, se supo que incomoda un poco el hecho que permanentemente se pregona y se destaca al carnaval de Paso de los Libres, Uruguayana y Rio de Janeiro y se deja de lado las ra\u00edces que dieron vida al corso de Santo Tom\u00e9. En medio de todas estas cuestiones, el carnaval de Santo Tom\u00e9 \u00abarranc\u00f3\u00bb rumbo a la edici\u00f3n 2027.<\/p>\n<p><strong>Fuente: Digital Santo Tom\u00e9<\/strong><\/p>\n","protected":false},"excerpt":{"rendered":"<p>Pese a los rumores de recambio y el desgaste en el ambiente, \u00abel brasilero\u00bb continuar\u00e1 presidiendo la CCC por un a\u00f1o m\u00e1s. Marab\u00fa retiene el mando tras su reciente campeonato, mientras que Turma do Fon Fon e Ipanema completan la c\u00fapula de cara a una edici\u00f3n marcada por el desaf\u00edo econ\u00f3mico. SANTO TOM\u00c9. En la&#8230;<\/p>\n","protected":false},"author":2,"featured_media":15647,"comment_status":"closed","ping_status":"closed","sticky":false,"template":"","format":"standard","meta":{"_kad_post_transparent":"default","_kad_post_title":"default","_kad_post_layout":"default","_kad_post_sidebar_id":"","_kad_post_content_style":"default","_kad_post_vertical_padding":"default","_kad_post_feature":"","_kad_post_feature_position":"","_kad_post_header":false,"_kad_post_footer":false,"_kad_post_classname":"","footnotes":""},"categories":[5],"tags":[],"class_list":["post-15646","post","type-post","status-publish","format-standard","has-post-thumbnail","hentry","category-destacadas"],"a3_pvc":{"activated":false,"total_views":0,"today_views":0},"yoast_head":"<!-- This site is optimized with the Yoast SEO plugin v27.5 - https:\/\/yoast.com\/product\/yoast-seo-wordpress\/ -->\n<title>Carnaval 2027: Marcelo Almeida fue reelecto al frente de la Comisi\u00f3n Central - Digital Santo Tom\u00e9<\/title>\n<meta name=\"robots\" content=\"index, follow, max-snippet:-1, max-image-preview:large, max-video-preview:-1\" \/>\n<link rel=\"canonical\" href=\"https:\/\/digitalsantotome.com.ar\/?p=15646\" \/>\n<meta property=\"og:locale\" content=\"es_ES\" \/>\n<meta property=\"og:type\" content=\"article\" \/>\n<meta property=\"og:title\" content=\"Carnaval 2027: Marcelo Almeida fue reelecto al frente de la Comisi\u00f3n Central - Digital Santo Tom\u00e9\" \/>\n<meta property=\"og:description\" content=\"Pese a los rumores de recambio y el desgaste en el ambiente, \u00abel brasilero\u00bb continuar\u00e1 presidiendo la CCC por un a\u00f1o m\u00e1s. Marab\u00fa retiene el mando tras su reciente campeonato, mientras que Turma do Fon Fon e Ipanema completan la c\u00fapula de cara a una edici\u00f3n marcada por el desaf\u00edo econ\u00f3mico. SANTO TOM\u00c9. En la...\" \/>\n<meta property=\"og:url\" content=\"https:\/\/digitalsantotome.com.ar\/?p=15646\" \/>\n<meta property=\"og:site_name\" content=\"Digital Santo Tom\u00e9\" \/>\n<meta property=\"article:published_time\" content=\"2026-05-01T13:31:03+00:00\" \/>\n<meta property=\"og:image\" content=\"https:\/\/digitalsantotome.com.ar\/wp-content\/uploads\/2026\/05\/569178973_24873914322261211_4111932597443224377_n.jpg\" \/>\n\t<meta property=\"og:image:width\" content=\"932\" \/>\n\t<meta property=\"og:image:height\" content=\"512\" \/>\n\t<meta property=\"og:image:type\" content=\"image\/jpeg\" \/>\n<meta name=\"author\" content=\"Jose Carlos Machado\" \/>\n<meta name=\"twitter:card\" content=\"summary_large_image\" \/>\n<meta name=\"twitter:label1\" content=\"Escrito por\" \/>\n\t<meta name=\"twitter:data1\" content=\"Jose Carlos Machado\" \/>\n\t<meta name=\"twitter:label2\" content=\"Tiempo de lectura\" \/>\n\t<meta name=\"twitter:data2\" content=\"3 minutos\" \/>\n<script type=\"application\/ld+json\" class=\"yoast-schema-graph\">{\"@context\":\"https:\\\/\\\/schema.org\",\"@graph\":[{\"@type\":\"Article\",\"@id\":\"https:\\\/\\\/digitalsantotome.com.ar\\\/?p=15646#article\",\"isPartOf\":{\"@id\":\"https:\\\/\\\/digitalsantotome.com.ar\\\/?p=15646\"},\"author\":{\"name\":\"Jose Carlos Machado\",\"@id\":\"https:\\\/\\\/digitalsantotome.com.ar\\\/#\\\/schema\\\/person\\\/8991d8822886fedd92ce7f03817e1bdf\"},\"headline\":\"Carnaval 2027: Marcelo Almeida fue reelecto al frente de la Comisi\u00f3n Central\",\"datePublished\":\"2026-05-01T13:31:03+00:00\",\"mainEntityOfPage\":{\"@id\":\"https:\\\/\\\/digitalsantotome.com.ar\\\/?p=15646\"},\"wordCount\":558,\"publisher\":{\"@id\":\"https:\\\/\\\/digitalsantotome.com.ar\\\/#organization\"},\"image\":{\"@id\":\"https:\\\/\\\/digitalsantotome.com.ar\\\/?p=15646#primaryimage\"},\"thumbnailUrl\":\"https:\\\/\\\/digitalsantotome.com.ar\\\/wp-content\\\/uploads\\\/2026\\\/05\\\/569178973_24873914322261211_4111932597443224377_n.jpg\",\"articleSection\":[\"Destacadas\"],\"inLanguage\":\"es\"},{\"@type\":\"WebPage\",\"@id\":\"https:\\\/\\\/digitalsantotome.com.ar\\\/?p=15646\",\"url\":\"https:\\\/\\\/digitalsantotome.com.ar\\\/?p=15646\",\"name\":\"Carnaval 2027: Marcelo Almeida fue reelecto al frente de la Comisi\u00f3n Central - Digital Santo Tom\u00e9\",\"isPartOf\":{\"@id\":\"https:\\\/\\\/digitalsantotome.com.ar\\\/#website\"},\"primaryImageOfPage\":{\"@id\":\"https:\\\/\\\/digitalsantotome.com.ar\\\/?p=15646#primaryimage\"},\"image\":{\"@id\":\"https:\\\/\\\/digitalsantotome.com.ar\\\/?p=15646#primaryimage\"},\"thumbnailUrl\":\"https:\\\/\\\/digitalsantotome.com.ar\\\/wp-content\\\/uploads\\\/2026\\\/05\\\/569178973_24873914322261211_4111932597443224377_n.jpg\",\"datePublished\":\"2026-05-01T13:31:03+00:00\",\"breadcrumb\":{\"@id\":\"https:\\\/\\\/digitalsantotome.com.ar\\\/?p=15646#breadcrumb\"},\"inLanguage\":\"es\",\"potentialAction\":[{\"@type\":\"ReadAction\",\"target\":[\"https:\\\/\\\/digitalsantotome.com.ar\\\/?p=15646\"]}]},{\"@type\":\"ImageObject\",\"inLanguage\":\"es\",\"@id\":\"https:\\\/\\\/digitalsantotome.com.ar\\\/?p=15646#primaryimage\",\"url\":\"https:\\\/\\\/digitalsantotome.com.ar\\\/wp-content\\\/uploads\\\/2026\\\/05\\\/569178973_24873914322261211_4111932597443224377_n.jpg\",\"contentUrl\":\"https:\\\/\\\/digitalsantotome.com.ar\\\/wp-content\\\/uploads\\\/2026\\\/05\\\/569178973_24873914322261211_4111932597443224377_n.jpg\",\"width\":932,\"height\":512},{\"@type\":\"BreadcrumbList\",\"@id\":\"https:\\\/\\\/digitalsantotome.com.ar\\\/?p=15646#breadcrumb\",\"itemListElement\":[{\"@type\":\"ListItem\",\"position\":1,\"name\":\"Portada\",\"item\":\"https:\\\/\\\/digitalsantotome.com.ar\\\/\"},{\"@type\":\"ListItem\",\"position\":2,\"name\":\"Carnaval 2027: Marcelo Almeida fue reelecto al frente de la Comisi\u00f3n Central\"}]},{\"@type\":\"WebSite\",\"@id\":\"https:\\\/\\\/digitalsantotome.com.ar\\\/#website\",\"url\":\"https:\\\/\\\/digitalsantotome.com.ar\\\/\",\"name\":\"Digital Santo Tom\u00e9\",\"description\":\"Noticias desde Santo Tom\u00e9 al Mundo \u2013 La informacion que decide\",\"publisher\":{\"@id\":\"https:\\\/\\\/digitalsantotome.com.ar\\\/#organization\"},\"potentialAction\":[{\"@type\":\"SearchAction\",\"target\":{\"@type\":\"EntryPoint\",\"urlTemplate\":\"https:\\\/\\\/digitalsantotome.com.ar\\\/?s={search_term_string}\"},\"query-input\":{\"@type\":\"PropertyValueSpecification\",\"valueRequired\":true,\"valueName\":\"search_term_string\"}}],\"inLanguage\":\"es\"},{\"@type\":\"Organization\",\"@id\":\"https:\\\/\\\/digitalsantotome.com.ar\\\/#organization\",\"name\":\"Digital Santo Tom\u00e9\",\"url\":\"https:\\\/\\\/digitalsantotome.com.ar\\\/\",\"logo\":{\"@type\":\"ImageObject\",\"inLanguage\":\"es\",\"@id\":\"https:\\\/\\\/digitalsantotome.com.ar\\\/#\\\/schema\\\/logo\\\/image\\\/\",\"url\":\"https:\\\/\\\/digitalsantotome.com.ar\\\/wp-content\\\/uploads\\\/2023\\\/01\\\/facebook.jpg\",\"contentUrl\":\"https:\\\/\\\/digitalsantotome.com.ar\\\/wp-content\\\/uploads\\\/2023\\\/01\\\/facebook.jpg\",\"width\":512,\"height\":376,\"caption\":\"Digital Santo Tom\u00e9\"},\"image\":{\"@id\":\"https:\\\/\\\/digitalsantotome.com.ar\\\/#\\\/schema\\\/logo\\\/image\\\/\"}},{\"@type\":\"Person\",\"@id\":\"https:\\\/\\\/digitalsantotome.com.ar\\\/#\\\/schema\\\/person\\\/8991d8822886fedd92ce7f03817e1bdf\",\"name\":\"Jose Carlos Machado\",\"url\":\"https:\\\/\\\/digitalsantotome.com.ar\\\/?author=2\"}]}<\/script>\n<!-- \/ Yoast SEO plugin. -->","yoast_head_json":{"title":"Carnaval 2027: Marcelo Almeida fue reelecto al frente de la Comisi\u00f3n Central - Digital Santo Tom\u00e9","robots":{"index":"index","follow":"follow","max-snippet":"max-snippet:-1","max-image-preview":"max-image-preview:large","max-video-preview":"max-video-preview:-1"},"canonical":"https:\/\/digitalsantotome.com.ar\/?p=15646","og_locale":"es_ES","og_type":"article","og_title":"Carnaval 2027: Marcelo Almeida fue reelecto al frente de la Comisi\u00f3n Central - Digital Santo Tom\u00e9","og_description":"Pese a los rumores de recambio y el desgaste en el ambiente, \u00abel brasilero\u00bb continuar\u00e1 presidiendo la CCC por un a\u00f1o m\u00e1s. Marab\u00fa retiene el mando tras su reciente campeonato, mientras que Turma do Fon Fon e Ipanema completan la c\u00fapula de cara a una edici\u00f3n marcada por el desaf\u00edo econ\u00f3mico. SANTO TOM\u00c9. En la...","og_url":"https:\/\/digitalsantotome.com.ar\/?p=15646","og_site_name":"Digital Santo Tom\u00e9","article_published_time":"2026-05-01T13:31:03+00:00","og_image":[{"width":932,"height":512,"url":"https:\/\/digitalsantotome.com.ar\/wp-content\/uploads\/2026\/05\/569178973_24873914322261211_4111932597443224377_n.jpg","type":"image\/jpeg"}],"author":"Jose Carlos Machado","twitter_card":"summary_large_image","twitter_misc":{"Escrito por":"Jose Carlos Machado","Tiempo de lectura":"3 minutos"},"schema":{"@context":"https:\/\/schema.org","@graph":[{"@type":"Article","@id":"https:\/\/digitalsantotome.com.ar\/?p=15646#article","isPartOf":{"@id":"https:\/\/digitalsantotome.com.ar\/?p=15646"},"author":{"name":"Jose Carlos Machado","@id":"https:\/\/digitalsantotome.com.ar\/#\/schema\/person\/8991d8822886fedd92ce7f03817e1bdf"},"headline":"Carnaval 2027: Marcelo Almeida fue reelecto al frente de la Comisi\u00f3n Central","datePublished":"2026-05-01T13:31:03+00:00","mainEntityOfPage":{"@id":"https:\/\/digitalsantotome.com.ar\/?p=15646"},"wordCount":558,"publisher":{"@id":"https:\/\/digitalsantotome.com.ar\/#organization"},"image":{"@id":"https:\/\/digitalsantotome.com.ar\/?p=15646#primaryimage"},"thumbnailUrl":"https:\/\/digitalsantotome.com.ar\/wp-content\/uploads\/2026\/05\/569178973_24873914322261211_4111932597443224377_n.jpg","articleSection":["Destacadas"],"inLanguage":"es"},{"@type":"WebPage","@id":"https:\/\/digitalsantotome.com.ar\/?p=15646","url":"https:\/\/digitalsantotome.com.ar\/?p=15646","name":"Carnaval 2027: Marcelo Almeida fue reelecto al frente de la Comisi\u00f3n Central - Digital Santo Tom\u00e9","isPartOf":{"@id":"https:\/\/digitalsantotome.com.ar\/#website"},"primaryImageOfPage":{"@id":"https:\/\/digitalsantotome.com.ar\/?p=15646#primaryimage"},"image":{"@id":"https:\/\/digitalsantotome.com.ar\/?p=15646#primaryimage"},"thumbnailUrl":"https:\/\/digitalsantotome.com.ar\/wp-content\/uploads\/2026\/05\/569178973_24873914322261211_4111932597443224377_n.jpg","datePublished":"2026-05-01T13:31:03+00:00","breadcrumb":{"@id":"https:\/\/digitalsantotome.com.ar\/?p=15646#breadcrumb"},"inLanguage":"es","potentialAction":[{"@type":"ReadAction","target":["https:\/\/digitalsantotome.com.ar\/?p=15646"]}]},{"@type":"ImageObject","inLanguage":"es","@id":"https:\/\/digitalsantotome.com.ar\/?p=15646#primaryimage","url":"https:\/\/digitalsantotome.com.ar\/wp-content\/uploads\/2026\/05\/569178973_24873914322261211_4111932597443224377_n.jpg","contentUrl":"https:\/\/digitalsantotome.com.ar\/wp-content\/uploads\/2026\/05\/569178973_24873914322261211_4111932597443224377_n.jpg","width":932,"height":512},{"@type":"BreadcrumbList","@id":"https:\/\/digitalsantotome.com.ar\/?p=15646#breadcrumb","itemListElement":[{"@type":"ListItem","position":1,"name":"Portada","item":"https:\/\/digitalsantotome.com.ar\/"},{"@type":"ListItem","position":2,"name":"Carnaval 2027: Marcelo Almeida fue reelecto al frente de la Comisi\u00f3n Central"}]},{"@type":"WebSite","@id":"https:\/\/digitalsantotome.com.ar\/#website","url":"https:\/\/digitalsantotome.com.ar\/","name":"Digital Santo Tom\u00e9","description":"Noticias desde Santo Tom\u00e9 al Mundo \u2013 La informacion que decide","publisher":{"@id":"https:\/\/digitalsantotome.com.ar\/#organization"},"potentialAction":[{"@type":"SearchAction","target":{"@type":"EntryPoint","urlTemplate":"https:\/\/digitalsantotome.com.ar\/?s={search_term_string}"},"query-input":{"@type":"PropertyValueSpecification","valueRequired":true,"valueName":"search_term_string"}}],"inLanguage":"es"},{"@type":"Organization","@id":"https:\/\/digitalsantotome.com.ar\/#organization","name":"Digital Santo Tom\u00e9","url":"https:\/\/digitalsantotome.com.ar\/","logo":{"@type":"ImageObject","inLanguage":"es","@id":"https:\/\/digitalsantotome.com.ar\/#\/schema\/logo\/image\/","url":"https:\/\/digitalsantotome.com.ar\/wp-content\/uploads\/2023\/01\/facebook.jpg","contentUrl":"https:\/\/digitalsantotome.com.ar\/wp-content\/uploads\/2023\/01\/facebook.jpg","width":512,"height":376,"caption":"Digital Santo Tom\u00e9"},"image":{"@id":"https:\/\/digitalsantotome.com.ar\/#\/schema\/logo\/image\/"}},{"@type":"Person","@id":"https:\/\/digitalsantotome.com.ar\/#\/schema\/person\/8991d8822886fedd92ce7f03817e1bdf","name":"Jose Carlos Machado","url":"https:\/\/digitalsantotome.com.ar\/?author=2"}]}},"_links":{"self":[{"href":"https:\/\/digitalsantotome.com.ar\/index.php?rest_route=\/wp\/v2\/posts\/15646","targetHints":{"allow":["GET"]}}],"collection":[{"href":"https:\/\/digitalsantotome.com.ar\/index.php?rest_route=\/wp\/v2\/posts"}],"about":[{"href":"https:\/\/digitalsantotome.com.ar\/index.php?rest_route=\/wp\/v2\/types\/post"}],"author":[{"embeddable":true,"href":"https:\/\/digitalsantotome.com.ar\/index.php?rest_route=\/wp\/v2\/users\/2"}],"replies":[{"embeddable":true,"href":"https:\/\/digitalsantotome.com.ar\/index.php?rest_route=%2Fwp%2Fv2%2Fcomments&post=15646"}],"version-history":[{"count":1,"href":"https:\/\/digitalsantotome.com.ar\/index.php?rest_route=\/wp\/v2\/posts\/15646\/revisions"}],"predecessor-version":[{"id":15648,"href":"https:\/\/digitalsantotome.com.ar\/index.php?rest_route=\/wp\/v2\/posts\/15646\/revisions\/15648"}],"wp:featuredmedia":[{"embeddable":true,"href":"https:\/\/digitalsantotome.com.ar\/index.php?rest_route=\/wp\/v2\/media\/15647"}],"wp:attachment":[{"href":"https:\/\/digitalsantotome.com.ar\/index.php?rest_route=%2Fwp%2Fv2%2Fmedia&parent=15646"}],"wp:term":[{"taxonomy":"category","embeddable":true,"href":"https:\/\/digitalsantotome.com.ar\/index.php?rest_route=%2Fwp%2Fv2%2Fcategories&post=15646"},{"taxonomy":"post_tag","embeddable":true,"href":"https:\/\/digitalsantotome.com.ar\/index.php?rest_route=%2Fwp%2Fv2%2Ftags&post=15646"}],"curies":[{"name":"wp","href":"https:\/\/api.w.org\/{rel}","templated":true}]}}