{"id":15649,"date":"2026-05-01T11:03:50","date_gmt":"2026-05-01T14:03:50","guid":{"rendered":"https:\/\/digitalsantotome.com.ar\/?p=15649"},"modified":"2026-05-01T11:04:58","modified_gmt":"2026-05-01T14:04:58","slug":"nuevo-acuerdo-amplia-la-integracion-entre-los-paises-del-mercosur","status":"publish","type":"post","link":"https:\/\/digitalsantotome.com.ar\/?p=15649","title":{"rendered":"Nuevo Acuerdo Ampl\u00eda la Integraci\u00f3n entre los Pa\u00edses del Mercosur"},"content":{"rendered":"<p>URUGUAYANA y PASO DE LOS LIBRES. Son el eje del nuevo marco legal, que reduce la burocracia y crea un documento espec\u00edfico para los residentes fronterizos; a\u00fan se requiere regulaci\u00f3n y aplicaci\u00f3n pr\u00e1ctica.<\/p>\n<p>Esta semana se promulg\u00f3 el Decreto N\u00b0 12.948, que implementa oficialmente en Brasil el Acuerdo sobre Municipios Fronterizos Vinculados, firmado en 2019 entre los pa\u00edses del Mercosur. Este acuerdo crea una base legal m\u00e1s amplia para pr\u00e1cticas que ya forman parte de la vida cotidiana de quienes viven en la frontera, como trabajar, estudiar o acceder a servicios en el pa\u00eds vecino.<\/p>\n<p>En la pr\u00e1ctica, el acuerdo reconoce que estas ciudades funcionan como territorios interconectados y busca reducir las barreras burocr\u00e1ticas, ampliando derechos y facilitando la circulaci\u00f3n de personas y actividades econ\u00f3micas. La iniciativa involucra a Brasil, Argentina, Paraguay y Uruguay, y se centra principalmente en mejorar la calidad de vida de las poblaciones fronterizas, promoviendo el desarrollo conjunto.<\/p>\n<p>Uno de los principales instrumentos previstos es el Documento de Tr\u00e1nsito Fronterizo (DTFP), que permitir\u00e1 a los residentes de las ciudades incluidas cruzar la frontera con mayor rapidez y con menos tr\u00e1mites. Con este documento, ser\u00e1 posible ejercer actividades profesionales en el pa\u00eds vecino, siempre que se respeten las leyes locales, adem\u00e1s de garantizar el acceso rec\u00edproco a servicios p\u00fablicos como educaci\u00f3n y salud.<\/p>\n<p>El decreto no sustituye directamente ning\u00fan acuerdo, sino que consolida y ampl\u00eda las normas previas, especialmente las relativas al tr\u00e1nsito fronterizo, creando un modelo m\u00e1s completo e integrado para las ciudades fronterizas. Las medidas se aplican a todas las localidades incluidas en el acuerdo, independientemente del pa\u00eds vecino.<\/p>\n<p>Trabajo y Circulaci\u00f3n<\/p>\n<p>El acuerdo tambi\u00e9n prev\u00e9 la igualdad de derechos laborales y de seguridad social para quienes trabajan al otro lado de la frontera, lo que tiende a formalizar relaciones que a menudo ya existen de manera informal. En el \u00e1mbito econ\u00f3mico, se establecen normas espec\u00edficas para el comercio de subsistencia, permitiendo la circulaci\u00f3n de productos b\u00e1sicos sin tributaci\u00f3n, siempre que no exista una finalidad comercial a gran escala. Otro punto relevante es la facilitaci\u00f3n de la movilidad, con la habilitaci\u00f3n de carriles exclusivos o prioritarios en los puestos de control para los residentes registrados, as\u00ed como la simplificaci\u00f3n de las normas para la circulaci\u00f3n de veh\u00edculos privados en las zonas fronterizas. El texto tambi\u00e9n aborda la integraci\u00f3n de los servicios de transporte, buscando adaptar la normativa a las caracter\u00edsticas urbanas de estas regiones, donde las ciudades est\u00e1n pr\u00e1cticamente interconectadas.<\/p>\n<p>Salud y Cultura<\/p>\n<p>La cooperaci\u00f3n entre los pa\u00edses se ampl\u00eda en diversas \u00e1reas. En salud, por ejemplo, el acuerdo fomenta acciones conjuntas en vigilancia epidemiol\u00f3gica, atenci\u00f3n de emergencias y compartici\u00f3n de recursos en situaciones de emergencia. En educaci\u00f3n, se promueve el intercambio de metodolog\u00edas y la construcci\u00f3n de una perspectiva regional en la ense\u00f1anza. En seguridad p\u00fablica, los pa\u00edses se comprometen a desarrollar acciones coordinadas para combatir la delincuencia transnacional.<\/p>\n<p>Tambi\u00e9n se prev\u00e9n iniciativas conjuntas en cultura, defensa civil y planificaci\u00f3n urbana. Uno de los aspectos m\u00e1s destacados es la posibilidad de desarrollar planes integrados de desarrollo y ordenaci\u00f3n territorial, reconociendo la conurbaci\u00f3n existente entre las ciudades hermanadas y fomentando soluciones compartidas para infraestructura, movilidad y conservaci\u00f3n del medio ambiente.<\/p>\n<p>Para municipios como Uruguaiana y Paso de los Libres, donde el flujo diario de personas es intenso y las relaciones econ\u00f3micas y sociales est\u00e1n hist\u00f3ricamente consolidadas, el decreto representa un avance significativo en la institucionalizaci\u00f3n de esta integraci\u00f3n. Se espera que la medida facilite la vida cotidiana de trabajadores, estudiantes y emprendedores, adem\u00e1s de generar oportunidades para nuevas inversiones y proyectos conjuntos.<\/p>\n<p>A pesar del progreso, la efectividad del acuerdo depender\u00e1 de la regulaci\u00f3n y la implementaci\u00f3n pr\u00e1ctica de las medidas, como la emisi\u00f3n del DTVF (Documento de Transmisi\u00f3n de Transportes Federales &#8211; Permiso de Tr\u00e1nsito Fronterizo) y la adaptaci\u00f3n de los sistemas locales. Aun as\u00ed, el decreto consolida un paso importante en la construcci\u00f3n de una frontera m\u00e1s integrada y funcional dentro del Mercosur.<\/p>\n<p><strong>Localidades fronterizas incluidas en el acuerdo:<\/strong><\/p>\n<p><strong>Brasil \u2013 Argentina<\/strong><\/p>\n<p>Uruguayana \u2013 Paso de los Libres<\/p>\n<p>Itaqu\u00ed \u2013 Alvear<\/p>\n<p><strong>S\u00e3o Borja \u2013 Santo Tom\u00e9<\/strong><\/p>\n<p>Barra do Quara\u00ed \u2013 Monte Caseros<\/p>\n<p>Porto Mau\u00e1 \u2013 Alba Posse<\/p>\n<p>Puerto Xavier \u2013 San Javier<\/p>\n<p>Foz do Igua\u00e7u \u2013 Puerto Iguaz\u00fa<\/p>\n<p>Capanema-Andresito<\/p>\n<p>Barrac\u00e3o\/Dion\u00edsio Cerqueira \u2013 Bernardo de Irigoyen<\/p>\n<p>Santo Ant\u00f4nio do Sudoeste \u2013 San Antonio<\/p>\n<p><strong>Brasil \u2013 Uruguay<\/strong><\/p>\n<p>Acegu\u00e1 \u2013 Acegu\u00e1<\/p>\n<p>Santana do Livramento \u2013 Rivera<\/p>\n<p>Quara\u00ed \u2013 Artigas<\/p>\n<p>Barra do Quara\u00ed \u2013 Bella Uni\u00f3n<\/p>\n<p>Chu\u00ed\/Santa Vit\u00f3ria do Palmar\/Barra do Chu\u00ed \u2013 Chuy\/18 de Julio\/Barra de Chuy\/La Coronilla\/Pueblo San Luis<\/p>\n<p>Jaguar\u00e3o \u2013 R\u00edo Branco Colonia Nova \u2013 Villa Isidoro Noblia<\/p>\n<p><strong>Brasil \u2013 Paraguay<\/strong><\/p>\n<p>Aral Moreira \u2013 Pedro Juan Caballero\/Capit\u00e1n Bado<\/p>\n<p>Bella Vista \u2013 Bella Vista Norte<\/p>\n<p>Caracol \u2013 San Carlos del Apa<\/p>\n<p>Coronel Sapucaia \u2013 Capit\u00e1n B<\/p>\n<p><strong>Fuente: Jornal da Cidade<\/strong><\/p>\n<p>&nbsp;<\/p>\n","protected":false},"excerpt":{"rendered":"<p>URUGUAYANA y PASO DE LOS LIBRES. Son el eje del nuevo marco legal, que reduce la burocracia y crea un documento espec\u00edfico para los residentes fronterizos; a\u00fan se requiere regulaci\u00f3n y aplicaci\u00f3n pr\u00e1ctica. Esta semana se promulg\u00f3 el Decreto N\u00b0 12.948, que implementa oficialmente en Brasil el Acuerdo sobre Municipios Fronterizos Vinculados, firmado en 2019&#8230;<\/p>\n","protected":false},"author":2,"featured_media":15652,"comment_status":"closed","ping_status":"closed","sticky":false,"template":"","format":"standard","meta":{"_kad_post_transparent":"default","_kad_post_title":"default","_kad_post_layout":"default","_kad_post_sidebar_id":"","_kad_post_content_style":"default","_kad_post_vertical_padding":"default","_kad_post_feature":"","_kad_post_feature_position":"","_kad_post_header":false,"_kad_post_footer":false,"_kad_post_classname":"","footnotes":""},"categories":[2],"tags":[],"class_list":["post-15649","post","type-post","status-publish","format-standard","has-post-thumbnail","hentry","category-provinciales"],"a3_pvc":{"activated":false,"total_views":0,"today_views":0},"yoast_head":"<!-- This site is optimized with the Yoast SEO plugin v27.5 - https:\/\/yoast.com\/product\/yoast-seo-wordpress\/ -->\n<title>Nuevo Acuerdo Ampl\u00eda la Integraci\u00f3n entre los Pa\u00edses del Mercosur - Digital Santo Tom\u00e9<\/title>\n<meta name=\"robots\" content=\"index, follow, max-snippet:-1, max-image-preview:large, max-video-preview:-1\" \/>\n<link rel=\"canonical\" href=\"https:\/\/digitalsantotome.com.ar\/?p=15649\" \/>\n<meta property=\"og:locale\" content=\"es_ES\" \/>\n<meta property=\"og:type\" content=\"article\" \/>\n<meta property=\"og:title\" content=\"Nuevo Acuerdo Ampl\u00eda la Integraci\u00f3n entre los Pa\u00edses del Mercosur - Digital Santo Tom\u00e9\" \/>\n<meta property=\"og:description\" content=\"URUGUAYANA y PASO DE LOS LIBRES. Son el eje del nuevo marco legal, que reduce la burocracia y crea un documento espec\u00edfico para los residentes fronterizos; a\u00fan se requiere regulaci\u00f3n y aplicaci\u00f3n pr\u00e1ctica. Esta semana se promulg\u00f3 el Decreto N\u00b0 12.948, que implementa oficialmente en Brasil el Acuerdo sobre Municipios Fronterizos Vinculados, firmado en 2019...\" \/>\n<meta property=\"og:url\" content=\"https:\/\/digitalsantotome.com.ar\/?p=15649\" \/>\n<meta property=\"og:site_name\" content=\"Digital Santo Tom\u00e9\" \/>\n<meta property=\"article:published_time\" content=\"2026-05-01T14:03:50+00:00\" \/>\n<meta property=\"article:modified_time\" content=\"2026-05-01T14:04:58+00:00\" \/>\n<meta property=\"og:image\" content=\"https:\/\/digitalsantotome.com.ar\/wp-content\/uploads\/2026\/05\/225274.jpg\" \/>\n\t<meta property=\"og:image:width\" content=\"860\" \/>\n\t<meta property=\"og:image:height\" content=\"452\" \/>\n\t<meta property=\"og:image:type\" content=\"image\/jpeg\" \/>\n<meta name=\"author\" content=\"Jose Carlos Machado\" \/>\n<meta name=\"twitter:card\" content=\"summary_large_image\" \/>\n<meta name=\"twitter:label1\" content=\"Escrito por\" \/>\n\t<meta name=\"twitter:data1\" content=\"Jose Carlos Machado\" \/>\n\t<meta name=\"twitter:label2\" content=\"Tiempo de lectura\" \/>\n\t<meta name=\"twitter:data2\" content=\"4 minutos\" \/>\n<script type=\"application\/ld+json\" class=\"yoast-schema-graph\">{\"@context\":\"https:\\\/\\\/schema.org\",\"@graph\":[{\"@type\":\"Article\",\"@id\":\"https:\\\/\\\/digitalsantotome.com.ar\\\/?p=15649#article\",\"isPartOf\":{\"@id\":\"https:\\\/\\\/digitalsantotome.com.ar\\\/?p=15649\"},\"author\":{\"name\":\"Jose Carlos Machado\",\"@id\":\"https:\\\/\\\/digitalsantotome.com.ar\\\/#\\\/schema\\\/person\\\/8991d8822886fedd92ce7f03817e1bdf\"},\"headline\":\"Nuevo Acuerdo Ampl\u00eda la Integraci\u00f3n entre los Pa\u00edses del Mercosur\",\"datePublished\":\"2026-05-01T14:03:50+00:00\",\"dateModified\":\"2026-05-01T14:04:58+00:00\",\"mainEntityOfPage\":{\"@id\":\"https:\\\/\\\/digitalsantotome.com.ar\\\/?p=15649\"},\"wordCount\":868,\"publisher\":{\"@id\":\"https:\\\/\\\/digitalsantotome.com.ar\\\/#organization\"},\"image\":{\"@id\":\"https:\\\/\\\/digitalsantotome.com.ar\\\/?p=15649#primaryimage\"},\"thumbnailUrl\":\"https:\\\/\\\/digitalsantotome.com.ar\\\/wp-content\\\/uploads\\\/2026\\\/05\\\/225274.jpg\",\"articleSection\":[\"Provinciales\"],\"inLanguage\":\"es\"},{\"@type\":\"WebPage\",\"@id\":\"https:\\\/\\\/digitalsantotome.com.ar\\\/?p=15649\",\"url\":\"https:\\\/\\\/digitalsantotome.com.ar\\\/?p=15649\",\"name\":\"Nuevo Acuerdo Ampl\u00eda la Integraci\u00f3n entre los Pa\u00edses del Mercosur - Digital Santo Tom\u00e9\",\"isPartOf\":{\"@id\":\"https:\\\/\\\/digitalsantotome.com.ar\\\/#website\"},\"primaryImageOfPage\":{\"@id\":\"https:\\\/\\\/digitalsantotome.com.ar\\\/?p=15649#primaryimage\"},\"image\":{\"@id\":\"https:\\\/\\\/digitalsantotome.com.ar\\\/?p=15649#primaryimage\"},\"thumbnailUrl\":\"https:\\\/\\\/digitalsantotome.com.ar\\\/wp-content\\\/uploads\\\/2026\\\/05\\\/225274.jpg\",\"datePublished\":\"2026-05-01T14:03:50+00:00\",\"dateModified\":\"2026-05-01T14:04:58+00:00\",\"breadcrumb\":{\"@id\":\"https:\\\/\\\/digitalsantotome.com.ar\\\/?p=15649#breadcrumb\"},\"inLanguage\":\"es\",\"potentialAction\":[{\"@type\":\"ReadAction\",\"target\":[\"https:\\\/\\\/digitalsantotome.com.ar\\\/?p=15649\"]}]},{\"@type\":\"ImageObject\",\"inLanguage\":\"es\",\"@id\":\"https:\\\/\\\/digitalsantotome.com.ar\\\/?p=15649#primaryimage\",\"url\":\"https:\\\/\\\/digitalsantotome.com.ar\\\/wp-content\\\/uploads\\\/2026\\\/05\\\/225274.jpg\",\"contentUrl\":\"https:\\\/\\\/digitalsantotome.com.ar\\\/wp-content\\\/uploads\\\/2026\\\/05\\\/225274.jpg\",\"width\":860,\"height\":452},{\"@type\":\"BreadcrumbList\",\"@id\":\"https:\\\/\\\/digitalsantotome.com.ar\\\/?p=15649#breadcrumb\",\"itemListElement\":[{\"@type\":\"ListItem\",\"position\":1,\"name\":\"Portada\",\"item\":\"https:\\\/\\\/digitalsantotome.com.ar\\\/\"},{\"@type\":\"ListItem\",\"position\":2,\"name\":\"Nuevo Acuerdo Ampl\u00eda la Integraci\u00f3n entre los Pa\u00edses del Mercosur\"}]},{\"@type\":\"WebSite\",\"@id\":\"https:\\\/\\\/digitalsantotome.com.ar\\\/#website\",\"url\":\"https:\\\/\\\/digitalsantotome.com.ar\\\/\",\"name\":\"Digital Santo Tom\u00e9\",\"description\":\"Noticias desde Santo Tom\u00e9 al Mundo \u2013 La informacion que decide\",\"publisher\":{\"@id\":\"https:\\\/\\\/digitalsantotome.com.ar\\\/#organization\"},\"potentialAction\":[{\"@type\":\"SearchAction\",\"target\":{\"@type\":\"EntryPoint\",\"urlTemplate\":\"https:\\\/\\\/digitalsantotome.com.ar\\\/?s={search_term_string}\"},\"query-input\":{\"@type\":\"PropertyValueSpecification\",\"valueRequired\":true,\"valueName\":\"search_term_string\"}}],\"inLanguage\":\"es\"},{\"@type\":\"Organization\",\"@id\":\"https:\\\/\\\/digitalsantotome.com.ar\\\/#organization\",\"name\":\"Digital Santo Tom\u00e9\",\"url\":\"https:\\\/\\\/digitalsantotome.com.ar\\\/\",\"logo\":{\"@type\":\"ImageObject\",\"inLanguage\":\"es\",\"@id\":\"https:\\\/\\\/digitalsantotome.com.ar\\\/#\\\/schema\\\/logo\\\/image\\\/\",\"url\":\"https:\\\/\\\/digitalsantotome.com.ar\\\/wp-content\\\/uploads\\\/2023\\\/01\\\/facebook.jpg\",\"contentUrl\":\"https:\\\/\\\/digitalsantotome.com.ar\\\/wp-content\\\/uploads\\\/2023\\\/01\\\/facebook.jpg\",\"width\":512,\"height\":376,\"caption\":\"Digital Santo Tom\u00e9\"},\"image\":{\"@id\":\"https:\\\/\\\/digitalsantotome.com.ar\\\/#\\\/schema\\\/logo\\\/image\\\/\"}},{\"@type\":\"Person\",\"@id\":\"https:\\\/\\\/digitalsantotome.com.ar\\\/#\\\/schema\\\/person\\\/8991d8822886fedd92ce7f03817e1bdf\",\"name\":\"Jose Carlos Machado\",\"url\":\"https:\\\/\\\/digitalsantotome.com.ar\\\/?author=2\"}]}<\/script>\n<!-- \/ Yoast SEO plugin. -->","yoast_head_json":{"title":"Nuevo Acuerdo Ampl\u00eda la Integraci\u00f3n entre los Pa\u00edses del Mercosur - Digital Santo Tom\u00e9","robots":{"index":"index","follow":"follow","max-snippet":"max-snippet:-1","max-image-preview":"max-image-preview:large","max-video-preview":"max-video-preview:-1"},"canonical":"https:\/\/digitalsantotome.com.ar\/?p=15649","og_locale":"es_ES","og_type":"article","og_title":"Nuevo Acuerdo Ampl\u00eda la Integraci\u00f3n entre los Pa\u00edses del Mercosur - Digital Santo Tom\u00e9","og_description":"URUGUAYANA y PASO DE LOS LIBRES. Son el eje del nuevo marco legal, que reduce la burocracia y crea un documento espec\u00edfico para los residentes fronterizos; a\u00fan se requiere regulaci\u00f3n y aplicaci\u00f3n pr\u00e1ctica. Esta semana se promulg\u00f3 el Decreto N\u00b0 12.948, que implementa oficialmente en Brasil el Acuerdo sobre Municipios Fronterizos Vinculados, firmado en 2019...","og_url":"https:\/\/digitalsantotome.com.ar\/?p=15649","og_site_name":"Digital Santo Tom\u00e9","article_published_time":"2026-05-01T14:03:50+00:00","article_modified_time":"2026-05-01T14:04:58+00:00","og_image":[{"width":860,"height":452,"url":"https:\/\/digitalsantotome.com.ar\/wp-content\/uploads\/2026\/05\/225274.jpg","type":"image\/jpeg"}],"author":"Jose Carlos Machado","twitter_card":"summary_large_image","twitter_misc":{"Escrito por":"Jose Carlos Machado","Tiempo de lectura":"4 minutos"},"schema":{"@context":"https:\/\/schema.org","@graph":[{"@type":"Article","@id":"https:\/\/digitalsantotome.com.ar\/?p=15649#article","isPartOf":{"@id":"https:\/\/digitalsantotome.com.ar\/?p=15649"},"author":{"name":"Jose Carlos Machado","@id":"https:\/\/digitalsantotome.com.ar\/#\/schema\/person\/8991d8822886fedd92ce7f03817e1bdf"},"headline":"Nuevo Acuerdo Ampl\u00eda la Integraci\u00f3n entre los Pa\u00edses del Mercosur","datePublished":"2026-05-01T14:03:50+00:00","dateModified":"2026-05-01T14:04:58+00:00","mainEntityOfPage":{"@id":"https:\/\/digitalsantotome.com.ar\/?p=15649"},"wordCount":868,"publisher":{"@id":"https:\/\/digitalsantotome.com.ar\/#organization"},"image":{"@id":"https:\/\/digitalsantotome.com.ar\/?p=15649#primaryimage"},"thumbnailUrl":"https:\/\/digitalsantotome.com.ar\/wp-content\/uploads\/2026\/05\/225274.jpg","articleSection":["Provinciales"],"inLanguage":"es"},{"@type":"WebPage","@id":"https:\/\/digitalsantotome.com.ar\/?p=15649","url":"https:\/\/digitalsantotome.com.ar\/?p=15649","name":"Nuevo Acuerdo Ampl\u00eda la Integraci\u00f3n entre los Pa\u00edses del Mercosur - Digital Santo Tom\u00e9","isPartOf":{"@id":"https:\/\/digitalsantotome.com.ar\/#website"},"primaryImageOfPage":{"@id":"https:\/\/digitalsantotome.com.ar\/?p=15649#primaryimage"},"image":{"@id":"https:\/\/digitalsantotome.com.ar\/?p=15649#primaryimage"},"thumbnailUrl":"https:\/\/digitalsantotome.com.ar\/wp-content\/uploads\/2026\/05\/225274.jpg","datePublished":"2026-05-01T14:03:50+00:00","dateModified":"2026-05-01T14:04:58+00:00","breadcrumb":{"@id":"https:\/\/digitalsantotome.com.ar\/?p=15649#breadcrumb"},"inLanguage":"es","potentialAction":[{"@type":"ReadAction","target":["https:\/\/digitalsantotome.com.ar\/?p=15649"]}]},{"@type":"ImageObject","inLanguage":"es","@id":"https:\/\/digitalsantotome.com.ar\/?p=15649#primaryimage","url":"https:\/\/digitalsantotome.com.ar\/wp-content\/uploads\/2026\/05\/225274.jpg","contentUrl":"https:\/\/digitalsantotome.com.ar\/wp-content\/uploads\/2026\/05\/225274.jpg","width":860,"height":452},{"@type":"BreadcrumbList","@id":"https:\/\/digitalsantotome.com.ar\/?p=15649#breadcrumb","itemListElement":[{"@type":"ListItem","position":1,"name":"Portada","item":"https:\/\/digitalsantotome.com.ar\/"},{"@type":"ListItem","position":2,"name":"Nuevo Acuerdo Ampl\u00eda la Integraci\u00f3n entre los Pa\u00edses del Mercosur"}]},{"@type":"WebSite","@id":"https:\/\/digitalsantotome.com.ar\/#website","url":"https:\/\/digitalsantotome.com.ar\/","name":"Digital Santo Tom\u00e9","description":"Noticias desde Santo Tom\u00e9 al Mundo \u2013 La informacion que decide","publisher":{"@id":"https:\/\/digitalsantotome.com.ar\/#organization"},"potentialAction":[{"@type":"SearchAction","target":{"@type":"EntryPoint","urlTemplate":"https:\/\/digitalsantotome.com.ar\/?s={search_term_string}"},"query-input":{"@type":"PropertyValueSpecification","valueRequired":true,"valueName":"search_term_string"}}],"inLanguage":"es"},{"@type":"Organization","@id":"https:\/\/digitalsantotome.com.ar\/#organization","name":"Digital Santo Tom\u00e9","url":"https:\/\/digitalsantotome.com.ar\/","logo":{"@type":"ImageObject","inLanguage":"es","@id":"https:\/\/digitalsantotome.com.ar\/#\/schema\/logo\/image\/","url":"https:\/\/digitalsantotome.com.ar\/wp-content\/uploads\/2023\/01\/facebook.jpg","contentUrl":"https:\/\/digitalsantotome.com.ar\/wp-content\/uploads\/2023\/01\/facebook.jpg","width":512,"height":376,"caption":"Digital Santo Tom\u00e9"},"image":{"@id":"https:\/\/digitalsantotome.com.ar\/#\/schema\/logo\/image\/"}},{"@type":"Person","@id":"https:\/\/digitalsantotome.com.ar\/#\/schema\/person\/8991d8822886fedd92ce7f03817e1bdf","name":"Jose Carlos Machado","url":"https:\/\/digitalsantotome.com.ar\/?author=2"}]}},"_links":{"self":[{"href":"https:\/\/digitalsantotome.com.ar\/index.php?rest_route=\/wp\/v2\/posts\/15649","targetHints":{"allow":["GET"]}}],"collection":[{"href":"https:\/\/digitalsantotome.com.ar\/index.php?rest_route=\/wp\/v2\/posts"}],"about":[{"href":"https:\/\/digitalsantotome.com.ar\/index.php?rest_route=\/wp\/v2\/types\/post"}],"author":[{"embeddable":true,"href":"https:\/\/digitalsantotome.com.ar\/index.php?rest_route=\/wp\/v2\/users\/2"}],"replies":[{"embeddable":true,"href":"https:\/\/digitalsantotome.com.ar\/index.php?rest_route=%2Fwp%2Fv2%2Fcomments&post=15649"}],"version-history":[{"count":1,"href":"https:\/\/digitalsantotome.com.ar\/index.php?rest_route=\/wp\/v2\/posts\/15649\/revisions"}],"predecessor-version":[{"id":15651,"href":"https:\/\/digitalsantotome.com.ar\/index.php?rest_route=\/wp\/v2\/posts\/15649\/revisions\/15651"}],"wp:featuredmedia":[{"embeddable":true,"href":"https:\/\/digitalsantotome.com.ar\/index.php?rest_route=\/wp\/v2\/media\/15652"}],"wp:attachment":[{"href":"https:\/\/digitalsantotome.com.ar\/index.php?rest_route=%2Fwp%2Fv2%2Fmedia&parent=15649"}],"wp:term":[{"taxonomy":"category","embeddable":true,"href":"https:\/\/digitalsantotome.com.ar\/index.php?rest_route=%2Fwp%2Fv2%2Fcategories&post=15649"},{"taxonomy":"post_tag","embeddable":true,"href":"https:\/\/digitalsantotome.com.ar\/index.php?rest_route=%2Fwp%2Fv2%2Ftags&post=15649"}],"curies":[{"name":"wp","href":"https:\/\/api.w.org\/{rel}","templated":true}]}}