{"id":17210,"date":"2026-08-30T18:56:12","date_gmt":"2026-08-30T21:56:12","guid":{"rendered":"https:\/\/digitalsantotome.com.ar\/?p=17210"},"modified":"2026-08-30T20:06:56","modified_gmt":"2026-08-30T23:06:56","slug":"tras-20-anos-de-acefalia-sociedad-italiana-volvio-a-elegir-a-su-comision-directiva","status":"publish","type":"post","link":"https:\/\/digitalsantotome.com.ar\/?p=17210","title":{"rendered":"Tras 20 a\u00f1os de acefal\u00eda, Sociedad Italiana volvi\u00f3 a elegir a su Comisi\u00f3n Directiva"},"content":{"rendered":"<p>SANTO TOME. Luego de 25 a\u00f1os de haberse realizado la \u00faltima asamblea general ordinaria, la entidad Sociedad Italiana de esta ciudad volvi\u00f3 a elegir a sus nuevas autoridades este s\u00e1bado por la tarde-noche en el marco de la asamblea general ordinaria que fuera autorizada su realizaci\u00f3n por la Inspecci\u00f3n General de Personas Jur\u00eddicas de la Provincia tras dos meses de un proceso de normalizaci\u00f3n institucional. Juan Esteban Lovato es el flamante presidente de la Comisi\u00f3n Directiva electa.<\/p>\n<p>Tras dos meses de labor realizada por la intervenci\u00f3n normalizadora que precisamente estuvo a cargo de Esteban Lovato, Pedro Storti y Rub\u00e9n Dar\u00edo Lovato, la cual fue designada en el mes de Junio del presente a\u00f1os por La Inspecci\u00f3n General de Personas Jur\u00eddicas de Corrientes (IGPJ).<\/p>\n<p><strong>Plazo de regularizaci\u00f3n:<\/strong> La conducci\u00f3n interina dispuso de un periodo de 60 d\u00edas para ordenar la documentaci\u00f3n administrativa y contable de la instituci\u00f3n.<\/p>\n<p><strong>Objetivo de la asamblea:<\/strong> El fin del proceso era convocar formalmente a una Asamblea General Ordinaria para que los socios elijan a la <strong>comisi\u00f3n directiva definitiva<\/strong>, terminando con un periodo de inactividad institucional de m\u00e1s de dos d\u00e9cadas.<\/p>\n<p><strong>Seg\u00fan se pudo confirmar, unos 30 socios concurrieron a votar donde qued\u00f3 consagrada la \u00fanica lista que se present\u00f3, seg\u00fan lo establece el estatuto de la entidad.<\/strong><\/p>\n<p>Actualmente en el predio c\u00e9ntrico que tiene la instituci\u00f3n, hay un gimnasio funcionando; se realizan algunas actividades deportivas que se practican por medio de profesores particulares y tambi\u00e9n funciona un comedor-parilla.<\/p>\n<p>La nueva comisi\u00f3n deber\u00e1 interiorizarse sobre la forma en que se encuentran funcionando en el predio y tal vez se establezcan nuevas pautas contractuales entre las partes, seg\u00fan la informaci\u00f3n a la que pudo acceder Digital Santo Tom\u00e9.<\/p>\n<p>Como dato hist\u00f3rico, La Sociedad Italiana se fund\u00f3 en el a\u00f1o 1948 pero reci\u00e9n en 1950 se inaugur\u00f3 el edificio que hoy se encuentra ubicado en Calle Mitre y Angel S. Blanco. El deporte que siempre caracteriz\u00f3 a la instituci\u00f3n fue el b\u00e1squet.<\/p>\n<p>*Presidente:* Juan Esteban Lovato<br \/>\n*Vice presidente:* Pedro Storti<br \/>\n*Secretaria* Silvina Ibarra<br \/>\n*Pro-secretaria* Agustina Ch\u00e1vez<br \/>\n*Tesorero* Luis argilaga<br \/>\n*Pro-tesorero* Pedro Guti\u00e9rrez<br \/>\n*Vocal 1*: Juan Rub\u00e9n Dar\u00edo Lovato<br \/>\n*Vocal 2* Marcelo Storti<br \/>\n**Vocal 3* Martin Storti<br \/>\n*Vocales suplente*<br \/>\nJuan Adolfo Lovato<br \/>\nMaria Luisa Lovato<br \/>\n*Revisores de cuenta*<br \/>\nWilliam \u00c1lvarez<br \/>\nSandra Mesa<\/p>\n<p><img fetchpriority=\"high\" decoding=\"async\" class=\"alignnone size-full wp-image-17212\" src=\"https:\/\/digitalsantotome.com.ar\/wp-content\/uploads\/2026\/08\/IMG-20260829-WA0062.jpg\" alt=\"\" width=\"1600\" height=\"1204\" srcset=\"https:\/\/digitalsantotome.com.ar\/wp-content\/uploads\/2026\/08\/IMG-20260829-WA0062.jpg 1600w, https:\/\/digitalsantotome.com.ar\/wp-content\/uploads\/2026\/08\/IMG-20260829-WA0062-300x226.jpg 300w, https:\/\/digitalsantotome.com.ar\/wp-content\/uploads\/2026\/08\/IMG-20260829-WA0062-1024x771.jpg 1024w, https:\/\/digitalsantotome.com.ar\/wp-content\/uploads\/2026\/08\/IMG-20260829-WA0062-768x578.jpg 768w, https:\/\/digitalsantotome.com.ar\/wp-content\/uploads\/2026\/08\/IMG-20260829-WA0062-1536x1156.jpg 1536w\" sizes=\"(max-width: 1600px) 100vw, 1600px\" \/><\/p>\n<p>&nbsp;<\/p>\n","protected":false},"excerpt":{"rendered":"<p>SANTO TOME. Luego de 25 a\u00f1os de haberse realizado la \u00faltima asamblea general ordinaria, la entidad Sociedad Italiana de esta ciudad volvi\u00f3 a elegir a sus nuevas autoridades este s\u00e1bado por la tarde-noche en el marco de la asamblea general ordinaria que fuera autorizada su realizaci\u00f3n por la Inspecci\u00f3n General de Personas Jur\u00eddicas de la&#8230;<\/p>\n","protected":false},"author":2,"featured_media":17211,"comment_status":"closed","ping_status":"closed","sticky":false,"template":"","format":"standard","meta":{"_kad_post_transparent":"default","_kad_post_title":"default","_kad_post_layout":"default","_kad_post_sidebar_id":"","_kad_post_content_style":"default","_kad_post_vertical_padding":"default","_kad_post_feature":"","_kad_post_feature_position":"","_kad_post_header":false,"_kad_post_footer":false,"_kad_post_classname":"","footnotes":""},"categories":[1],"tags":[],"class_list":["post-17210","post","type-post","status-publish","format-standard","has-post-thumbnail","hentry","category-locales"],"a3_pvc":{"activated":false,"total_views":0,"today_views":0},"yoast_head":"<!-- This site is optimized with the Yoast SEO plugin v28.3 - https:\/\/yoast.com\/product\/yoast-seo-wordpress\/ -->\n<title>Tras 20 a\u00f1os de acefal\u00eda, Sociedad Italiana volvi\u00f3 a elegir a su Comisi\u00f3n Directiva - Digital Santo Tom\u00e9<\/title>\n<meta name=\"robots\" content=\"index, follow, max-snippet:-1, max-image-preview:large, max-video-preview:-1\" \/>\n<link rel=\"canonical\" href=\"https:\/\/digitalsantotome.com.ar\/?p=17210\" \/>\n<meta property=\"og:locale\" content=\"es_ES\" \/>\n<meta property=\"og:type\" content=\"article\" \/>\n<meta property=\"og:title\" content=\"Tras 20 a\u00f1os de acefal\u00eda, Sociedad Italiana volvi\u00f3 a elegir a su Comisi\u00f3n Directiva - Digital Santo Tom\u00e9\" \/>\n<meta property=\"og:description\" content=\"SANTO TOME. Luego de 25 a\u00f1os de haberse realizado la \u00faltima asamblea general ordinaria, la entidad Sociedad Italiana de esta ciudad volvi\u00f3 a elegir a sus nuevas autoridades este s\u00e1bado por la tarde-noche en el marco de la asamblea general ordinaria que fuera autorizada su realizaci\u00f3n por la Inspecci\u00f3n General de Personas Jur\u00eddicas de la...\" \/>\n<meta property=\"og:url\" content=\"https:\/\/digitalsantotome.com.ar\/?p=17210\" \/>\n<meta property=\"og:site_name\" content=\"Digital Santo Tom\u00e9\" \/>\n<meta property=\"article:published_time\" content=\"2026-08-30T21:56:12+00:00\" \/>\n<meta property=\"article:modified_time\" content=\"2026-08-30T23:06:56+00:00\" \/>\n<meta property=\"og:image\" content=\"https:\/\/digitalsantotome.com.ar\/wp-content\/uploads\/2026\/08\/IMG-20260829-WA0061.jpg\" \/>\n\t<meta property=\"og:image:width\" content=\"1600\" \/>\n\t<meta property=\"og:image:height\" content=\"1204\" \/>\n\t<meta property=\"og:image:type\" content=\"image\/jpeg\" \/>\n<meta name=\"author\" content=\"Jose Carlos Machado\" \/>\n<meta name=\"twitter:card\" content=\"summary_large_image\" \/>\n<meta name=\"twitter:label1\" content=\"Escrito por\" \/>\n\t<meta name=\"twitter:data1\" content=\"Jose Carlos Machado\" \/>\n\t<meta name=\"twitter:label2\" content=\"Tiempo de lectura\" \/>\n\t<meta name=\"twitter:data2\" content=\"3 minutos\" \/>\n<script type=\"application\/ld+json\" class=\"yoast-schema-graph\">{\"@context\":\"https:\\\/\\\/schema.org\",\"@graph\":[{\"@type\":\"Article\",\"@id\":\"https:\\\/\\\/digitalsantotome.com.ar\\\/?p=17210#article\",\"isPartOf\":{\"@id\":\"https:\\\/\\\/digitalsantotome.com.ar\\\/?p=17210\"},\"author\":{\"name\":\"Jose Carlos Machado\",\"@id\":\"https:\\\/\\\/digitalsantotome.com.ar\\\/#\\\/schema\\\/person\\\/8991d8822886fedd92ce7f03817e1bdf\"},\"headline\":\"Tras 20 a\u00f1os de acefal\u00eda, Sociedad Italiana volvi\u00f3 a elegir a su Comisi\u00f3n Directiva\",\"datePublished\":\"2026-08-30T21:56:12+00:00\",\"dateModified\":\"2026-08-30T23:06:56+00:00\",\"mainEntityOfPage\":{\"@id\":\"https:\\\/\\\/digitalsantotome.com.ar\\\/?p=17210\"},\"wordCount\":419,\"publisher\":{\"@id\":\"https:\\\/\\\/digitalsantotome.com.ar\\\/#organization\"},\"image\":{\"@id\":\"https:\\\/\\\/digitalsantotome.com.ar\\\/?p=17210#primaryimage\"},\"thumbnailUrl\":\"https:\\\/\\\/digitalsantotome.com.ar\\\/wp-content\\\/uploads\\\/2026\\\/08\\\/IMG-20260829-WA0061.jpg\",\"articleSection\":[\"Locales\"],\"inLanguage\":\"es\"},{\"@type\":\"WebPage\",\"@id\":\"https:\\\/\\\/digitalsantotome.com.ar\\\/?p=17210\",\"url\":\"https:\\\/\\\/digitalsantotome.com.ar\\\/?p=17210\",\"name\":\"Tras 20 a\u00f1os de acefal\u00eda, Sociedad Italiana volvi\u00f3 a elegir a su Comisi\u00f3n Directiva - Digital Santo Tom\u00e9\",\"isPartOf\":{\"@id\":\"https:\\\/\\\/digitalsantotome.com.ar\\\/#website\"},\"primaryImageOfPage\":{\"@id\":\"https:\\\/\\\/digitalsantotome.com.ar\\\/?p=17210#primaryimage\"},\"image\":{\"@id\":\"https:\\\/\\\/digitalsantotome.com.ar\\\/?p=17210#primaryimage\"},\"thumbnailUrl\":\"https:\\\/\\\/digitalsantotome.com.ar\\\/wp-content\\\/uploads\\\/2026\\\/08\\\/IMG-20260829-WA0061.jpg\",\"datePublished\":\"2026-08-30T21:56:12+00:00\",\"dateModified\":\"2026-08-30T23:06:56+00:00\",\"breadcrumb\":{\"@id\":\"https:\\\/\\\/digitalsantotome.com.ar\\\/?p=17210#breadcrumb\"},\"inLanguage\":\"es\",\"potentialAction\":[{\"@type\":\"ReadAction\",\"target\":[\"https:\\\/\\\/digitalsantotome.com.ar\\\/?p=17210\"]}]},{\"@type\":\"ImageObject\",\"inLanguage\":\"es\",\"@id\":\"https:\\\/\\\/digitalsantotome.com.ar\\\/?p=17210#primaryimage\",\"url\":\"https:\\\/\\\/digitalsantotome.com.ar\\\/wp-content\\\/uploads\\\/2026\\\/08\\\/IMG-20260829-WA0061.jpg\",\"contentUrl\":\"https:\\\/\\\/digitalsantotome.com.ar\\\/wp-content\\\/uploads\\\/2026\\\/08\\\/IMG-20260829-WA0061.jpg\",\"width\":1600,\"height\":1204},{\"@type\":\"BreadcrumbList\",\"@id\":\"https:\\\/\\\/digitalsantotome.com.ar\\\/?p=17210#breadcrumb\",\"itemListElement\":[{\"@type\":\"ListItem\",\"position\":1,\"name\":\"Portada\",\"item\":\"https:\\\/\\\/digitalsantotome.com.ar\\\/\"},{\"@type\":\"ListItem\",\"position\":2,\"name\":\"Tras 20 a\u00f1os de acefal\u00eda, Sociedad Italiana volvi\u00f3 a elegir a su Comisi\u00f3n Directiva\"}]},{\"@type\":\"WebSite\",\"@id\":\"https:\\\/\\\/digitalsantotome.com.ar\\\/#website\",\"url\":\"https:\\\/\\\/digitalsantotome.com.ar\\\/\",\"name\":\"Digital Santo Tom\u00e9\",\"description\":\"Noticias desde Santo Tom\u00e9 al Mundo \u2013 La informacion que decide\",\"publisher\":{\"@id\":\"https:\\\/\\\/digitalsantotome.com.ar\\\/#organization\"},\"potentialAction\":[{\"@type\":\"SearchAction\",\"target\":{\"@type\":\"EntryPoint\",\"urlTemplate\":\"https:\\\/\\\/digitalsantotome.com.ar\\\/?s={search_term_string}\"},\"query-input\":{\"@type\":\"PropertyValueSpecification\",\"valueRequired\":true,\"valueName\":\"search_term_string\"}}],\"inLanguage\":\"es\"},{\"@type\":\"Organization\",\"@id\":\"https:\\\/\\\/digitalsantotome.com.ar\\\/#organization\",\"name\":\"Digital Santo Tom\u00e9\",\"url\":\"https:\\\/\\\/digitalsantotome.com.ar\\\/\",\"logo\":{\"@type\":\"ImageObject\",\"inLanguage\":\"es\",\"@id\":\"https:\\\/\\\/digitalsantotome.com.ar\\\/#\\\/schema\\\/logo\\\/image\\\/\",\"url\":\"https:\\\/\\\/digitalsantotome.com.ar\\\/wp-content\\\/uploads\\\/2023\\\/01\\\/facebook.jpg\",\"contentUrl\":\"https:\\\/\\\/digitalsantotome.com.ar\\\/wp-content\\\/uploads\\\/2023\\\/01\\\/facebook.jpg\",\"width\":512,\"height\":376,\"caption\":\"Digital Santo Tom\u00e9\"},\"image\":{\"@id\":\"https:\\\/\\\/digitalsantotome.com.ar\\\/#\\\/schema\\\/logo\\\/image\\\/\"}},{\"@type\":\"Person\",\"@id\":\"https:\\\/\\\/digitalsantotome.com.ar\\\/#\\\/schema\\\/person\\\/8991d8822886fedd92ce7f03817e1bdf\",\"name\":\"Jose Carlos Machado\",\"url\":\"https:\\\/\\\/digitalsantotome.com.ar\\\/?author=2\"}]}<\/script>\n<!-- \/ Yoast SEO plugin. -->","yoast_head_json":{"title":"Tras 20 a\u00f1os de acefal\u00eda, Sociedad Italiana volvi\u00f3 a elegir a su Comisi\u00f3n Directiva - Digital Santo Tom\u00e9","robots":{"index":"index","follow":"follow","max-snippet":"max-snippet:-1","max-image-preview":"max-image-preview:large","max-video-preview":"max-video-preview:-1"},"canonical":"https:\/\/digitalsantotome.com.ar\/?p=17210","og_locale":"es_ES","og_type":"article","og_title":"Tras 20 a\u00f1os de acefal\u00eda, Sociedad Italiana volvi\u00f3 a elegir a su Comisi\u00f3n Directiva - Digital Santo Tom\u00e9","og_description":"SANTO TOME. Luego de 25 a\u00f1os de haberse realizado la \u00faltima asamblea general ordinaria, la entidad Sociedad Italiana de esta ciudad volvi\u00f3 a elegir a sus nuevas autoridades este s\u00e1bado por la tarde-noche en el marco de la asamblea general ordinaria que fuera autorizada su realizaci\u00f3n por la Inspecci\u00f3n General de Personas Jur\u00eddicas de la...","og_url":"https:\/\/digitalsantotome.com.ar\/?p=17210","og_site_name":"Digital Santo Tom\u00e9","article_published_time":"2026-08-30T21:56:12+00:00","article_modified_time":"2026-08-30T23:06:56+00:00","og_image":[{"width":1600,"height":1204,"url":"https:\/\/digitalsantotome.com.ar\/wp-content\/uploads\/2026\/08\/IMG-20260829-WA0061.jpg","type":"image\/jpeg"}],"author":"Jose Carlos Machado","twitter_card":"summary_large_image","twitter_misc":{"Escrito por":"Jose Carlos Machado","Tiempo de lectura":"3 minutos"},"schema":{"@context":"https:\/\/schema.org","@graph":[{"@type":"Article","@id":"https:\/\/digitalsantotome.com.ar\/?p=17210#article","isPartOf":{"@id":"https:\/\/digitalsantotome.com.ar\/?p=17210"},"author":{"name":"Jose Carlos Machado","@id":"https:\/\/digitalsantotome.com.ar\/#\/schema\/person\/8991d8822886fedd92ce7f03817e1bdf"},"headline":"Tras 20 a\u00f1os de acefal\u00eda, Sociedad Italiana volvi\u00f3 a elegir a su Comisi\u00f3n Directiva","datePublished":"2026-08-30T21:56:12+00:00","dateModified":"2026-08-30T23:06:56+00:00","mainEntityOfPage":{"@id":"https:\/\/digitalsantotome.com.ar\/?p=17210"},"wordCount":419,"publisher":{"@id":"https:\/\/digitalsantotome.com.ar\/#organization"},"image":{"@id":"https:\/\/digitalsantotome.com.ar\/?p=17210#primaryimage"},"thumbnailUrl":"https:\/\/digitalsantotome.com.ar\/wp-content\/uploads\/2026\/08\/IMG-20260829-WA0061.jpg","articleSection":["Locales"],"inLanguage":"es"},{"@type":"WebPage","@id":"https:\/\/digitalsantotome.com.ar\/?p=17210","url":"https:\/\/digitalsantotome.com.ar\/?p=17210","name":"Tras 20 a\u00f1os de acefal\u00eda, Sociedad Italiana volvi\u00f3 a elegir a su Comisi\u00f3n Directiva - Digital Santo Tom\u00e9","isPartOf":{"@id":"https:\/\/digitalsantotome.com.ar\/#website"},"primaryImageOfPage":{"@id":"https:\/\/digitalsantotome.com.ar\/?p=17210#primaryimage"},"image":{"@id":"https:\/\/digitalsantotome.com.ar\/?p=17210#primaryimage"},"thumbnailUrl":"https:\/\/digitalsantotome.com.ar\/wp-content\/uploads\/2026\/08\/IMG-20260829-WA0061.jpg","datePublished":"2026-08-30T21:56:12+00:00","dateModified":"2026-08-30T23:06:56+00:00","breadcrumb":{"@id":"https:\/\/digitalsantotome.com.ar\/?p=17210#breadcrumb"},"inLanguage":"es","potentialAction":[{"@type":"ReadAction","target":["https:\/\/digitalsantotome.com.ar\/?p=17210"]}]},{"@type":"ImageObject","inLanguage":"es","@id":"https:\/\/digitalsantotome.com.ar\/?p=17210#primaryimage","url":"https:\/\/digitalsantotome.com.ar\/wp-content\/uploads\/2026\/08\/IMG-20260829-WA0061.jpg","contentUrl":"https:\/\/digitalsantotome.com.ar\/wp-content\/uploads\/2026\/08\/IMG-20260829-WA0061.jpg","width":1600,"height":1204},{"@type":"BreadcrumbList","@id":"https:\/\/digitalsantotome.com.ar\/?p=17210#breadcrumb","itemListElement":[{"@type":"ListItem","position":1,"name":"Portada","item":"https:\/\/digitalsantotome.com.ar\/"},{"@type":"ListItem","position":2,"name":"Tras 20 a\u00f1os de acefal\u00eda, Sociedad Italiana volvi\u00f3 a elegir a su Comisi\u00f3n Directiva"}]},{"@type":"WebSite","@id":"https:\/\/digitalsantotome.com.ar\/#website","url":"https:\/\/digitalsantotome.com.ar\/","name":"Digital Santo Tom\u00e9","description":"Noticias desde Santo Tom\u00e9 al Mundo \u2013 La informacion que decide","publisher":{"@id":"https:\/\/digitalsantotome.com.ar\/#organization"},"potentialAction":[{"@type":"SearchAction","target":{"@type":"EntryPoint","urlTemplate":"https:\/\/digitalsantotome.com.ar\/?s={search_term_string}"},"query-input":{"@type":"PropertyValueSpecification","valueRequired":true,"valueName":"search_term_string"}}],"inLanguage":"es"},{"@type":"Organization","@id":"https:\/\/digitalsantotome.com.ar\/#organization","name":"Digital Santo Tom\u00e9","url":"https:\/\/digitalsantotome.com.ar\/","logo":{"@type":"ImageObject","inLanguage":"es","@id":"https:\/\/digitalsantotome.com.ar\/#\/schema\/logo\/image\/","url":"https:\/\/digitalsantotome.com.ar\/wp-content\/uploads\/2023\/01\/facebook.jpg","contentUrl":"https:\/\/digitalsantotome.com.ar\/wp-content\/uploads\/2023\/01\/facebook.jpg","width":512,"height":376,"caption":"Digital Santo Tom\u00e9"},"image":{"@id":"https:\/\/digitalsantotome.com.ar\/#\/schema\/logo\/image\/"}},{"@type":"Person","@id":"https:\/\/digitalsantotome.com.ar\/#\/schema\/person\/8991d8822886fedd92ce7f03817e1bdf","name":"Jose Carlos Machado","url":"https:\/\/digitalsantotome.com.ar\/?author=2"}]}},"_links":{"self":[{"href":"https:\/\/digitalsantotome.com.ar\/index.php?rest_route=\/wp\/v2\/posts\/17210","targetHints":{"allow":["GET"]}}],"collection":[{"href":"https:\/\/digitalsantotome.com.ar\/index.php?rest_route=\/wp\/v2\/posts"}],"about":[{"href":"https:\/\/digitalsantotome.com.ar\/index.php?rest_route=\/wp\/v2\/types\/post"}],"author":[{"embeddable":true,"href":"https:\/\/digitalsantotome.com.ar\/index.php?rest_route=\/wp\/v2\/users\/2"}],"replies":[{"embeddable":true,"href":"https:\/\/digitalsantotome.com.ar\/index.php?rest_route=%2Fwp%2Fv2%2Fcomments&post=17210"}],"version-history":[{"count":1,"href":"https:\/\/digitalsantotome.com.ar\/index.php?rest_route=\/wp\/v2\/posts\/17210\/revisions"}],"predecessor-version":[{"id":17213,"href":"https:\/\/digitalsantotome.com.ar\/index.php?rest_route=\/wp\/v2\/posts\/17210\/revisions\/17213"}],"wp:featuredmedia":[{"embeddable":true,"href":"https:\/\/digitalsantotome.com.ar\/index.php?rest_route=\/wp\/v2\/media\/17211"}],"wp:attachment":[{"href":"https:\/\/digitalsantotome.com.ar\/index.php?rest_route=%2Fwp%2Fv2%2Fmedia&parent=17210"}],"wp:term":[{"taxonomy":"category","embeddable":true,"href":"https:\/\/digitalsantotome.com.ar\/index.php?rest_route=%2Fwp%2Fv2%2Fcategories&post=17210"},{"taxonomy":"post_tag","embeddable":true,"href":"https:\/\/digitalsantotome.com.ar\/index.php?rest_route=%2Fwp%2Fv2%2Ftags&post=17210"}],"curies":[{"name":"wp","href":"https:\/\/api.w.org\/{rel}","templated":true}]}}