{"id":17231,"date":"2026-09-02T09:05:23","date_gmt":"2026-09-02T12:05:23","guid":{"rendered":"https:\/\/digitalsantotome.com.ar\/?p=17231"},"modified":"2026-09-02T09:05:34","modified_gmt":"2026-09-02T12:05:34","slug":"informe-municipal-santo-tome-fortalece-su-parque-industrial-y-se-vincula-a-una-red-nacional-de-empresas-y-parques","status":"publish","type":"post","link":"https:\/\/digitalsantotome.com.ar\/?p=17231","title":{"rendered":"Informe Municipal: Santo Tom\u00e9 fortalece su Parque Industrial y se vincula a una red nacional de empresas y parques"},"content":{"rendered":"<div class=\"gs\">\n<div class=\" \">\n<div id=\":2b\" class=\"ii gt\">\n<div id=\":2a\" class=\"a3s aiL \">\n<div id=\"avWBGd-113\">\n<div dir=\"auto\">\n<p>SANTO TOME. El Municipio firm\u00f3 un Convenio Marco con APIA y CEICYT Argentina S.A. para sumar herramientas t\u00e9cnicas, innovaci\u00f3n y nuevas oportunidades de vinculaci\u00f3n para el desarrollo productivo local. En las pr\u00f3ximas semanas, referentes de ambas instituciones llegar\u00e1n a la ciudad para avanzar en una agenda de trabajo concreta, seg\u00fan lo se\u00f1ala un parte de prensa divulgado por la comuna santotome\u00f1a.<\/p>\n<p>Santo Tom\u00e9 dio un nuevo paso en su estrategia de desarrollo productivo con la firma de un Convenio Marco de Cooperaci\u00f3n Institucional y T\u00e9cnica entre la Municipalidad, la Asociaci\u00f3n de Parques Industriales Argentinos (APIA) y el Centro de Innovaci\u00f3n en Ciencia y Tecnolog\u00eda (CEICYT Argentina S.A.).<\/p>\n<p>La firma se concret\u00f3 el viernes en el Municipio y cont\u00f3 con la participaci\u00f3n del intendente Augusto Suaid, el secretario de Producci\u00f3n e Industria Carlos Cabral y la directora de Industria Victoria Compar\u00edn. Por parte de las instituciones, suscribieron el acuerdo el presidente de APIA, Rodolfo Games, y el presidente de CEICYT Argentina S.A., Daniel Omar Peisachowicz.<\/p>\n<p>El convenio apunta a fortalecer el Parque Industrial de Santo Tom\u00e9 mediante asistencia t\u00e9cnica, innovaci\u00f3n y articulaci\u00f3n con empresas, emprendedores, instituciones acad\u00e9micas y organismos vinculados al desarrollo industrial.<\/p>\n<p>Entre los principales objetivos se encuentra avanzar en la posibilidad de conformar una Unidad de Vinculaci\u00f3n Tecnol\u00f3gica y trabajar en la puesta en marcha de una incubadora y aceleradora de empresas, destinada a acompa\u00f1ar nuevos emprendimientos y proyectos productivos.<\/p>\n<p>Adem\u00e1s, el acuerdo permitir\u00e1 trabajar en la identificaci\u00f3n y gesti\u00f3n de instrumentos de financiamiento que puedan aplicarse a proyectos vinculados al desarrollo industrial y productivo de Santo Tom\u00e9.<\/p>\n<p>Una puerta hacia el entramado empresarial nacional<\/p>\n<p>Uno de los aspectos centrales de esta vinculaci\u00f3n es la posibilidad de aprovechar la red que APIA posee a nivel nacional, integrada por parques industriales, empresas y empresarios.<\/p>\n<p>\u201cLo m\u00e1s importante que tiene APIA es el entramado de empresas, empresarios y parques a nivel nacional. Vincularnos con ellos nos genera una puerta abierta hacia todo ese mundo que est\u00e1 vinculado a la industria y a las empresas. Ese es el eslab\u00f3n fundamental con ellos\u201d, explic\u00f3 el secretario de Producci\u00f3n e Industria, Carlos Cabral.<\/p>\n<p>El funcionario destac\u00f3 que Santo Tom\u00e9 ya es miembro de APIA y forma parte de su red de parques, pero que ahora se dar\u00e1 un nuevo paso en materia de visibilidad y promoci\u00f3n del Parque Industrial local.<\/p>\n<p>\u201cVamos a estar dentro de la p\u00e1gina publicitando nuestro parque y nuestras oportunidades para que tanto los otros parques como las empresas nos visibilicen en el pa\u00eds\u201d, se\u00f1al\u00f3 Cabral.<\/p>\n<p>La incorporaci\u00f3n de Santo Tom\u00e9 a esta plataforma permitir\u00e1 mostrar las caracter\u00edsticas del Parque Industrial y las posibilidades que ofrece la ciudad para la radicaci\u00f3n y el crecimiento de empresas, generando nuevos canales de contacto con actores del sector productivo.<\/p>\n<p>Pr\u00f3ximos pasos<\/p>\n<p>El convenio firmado establece un marco de trabajo que tendr\u00e1 sus primeros avances concretos en las pr\u00f3ximas semanas, con la llegada a Santo Tom\u00e9 de Rodolfo Games y Daniel Omar Peisachowicz.<\/p>\n<p>Los referentes de APIA y CEICYT Argentina S.A. mantendr\u00e1n reuniones con autoridades municipales y recorrer\u00e1n el Parque Industrial, con el objetivo de comenzar a definir una agenda de trabajo y avanzar en los objetivos establecidos en el acuerdo.<\/p>\n<p>De esta manera, la firma del convenio representa el punto de partida para una etapa de mayor articulaci\u00f3n institucional, con la expectativa de sumar conocimiento, innovaci\u00f3n, financiamiento y nuevos v\u00ednculos empresariales que contribuyan al crecimiento del Parque Industrial y a la generaci\u00f3n de oportunidades de inversi\u00f3n y empleo privado en Santo Tom\u00e9.<\/p>\n<\/div>\n<div class=\"yj6qo\"><\/div>\n<div class=\"adL\"><\/div>\n<\/div>\n<\/div>\n<\/div>\n<div id=\"avWBGd-114\" class=\"WhmR8e\" data-hash=\"0\"><\/div>\n<\/div>\n<\/div>\n","protected":false},"excerpt":{"rendered":"<p>SANTO TOME. El Municipio firm\u00f3 un Convenio Marco con APIA y CEICYT Argentina S.A. para sumar herramientas t\u00e9cnicas, innovaci\u00f3n y nuevas oportunidades de vinculaci\u00f3n para el desarrollo productivo local. En las pr\u00f3ximas semanas, referentes de ambas instituciones llegar\u00e1n a la ciudad para avanzar en una agenda de trabajo concreta, seg\u00fan lo se\u00f1ala un parte de&#8230;<\/p>\n","protected":false},"author":2,"featured_media":17232,"comment_status":"closed","ping_status":"closed","sticky":false,"template":"","format":"standard","meta":{"_kad_post_transparent":"default","_kad_post_title":"default","_kad_post_layout":"default","_kad_post_sidebar_id":"","_kad_post_content_style":"default","_kad_post_vertical_padding":"default","_kad_post_feature":"","_kad_post_feature_position":"","_kad_post_header":false,"_kad_post_footer":false,"_kad_post_classname":"","footnotes":""},"categories":[3],"tags":[],"class_list":["post-17231","post","type-post","status-publish","format-standard","has-post-thumbnail","hentry","category-noticias-breves"],"a3_pvc":{"activated":false,"total_views":0,"today_views":0},"yoast_head":"<!-- This site is optimized with the Yoast SEO plugin v28.4 - https:\/\/yoast.com\/product\/yoast-seo-wordpress\/ -->\n<title>Informe Municipal: Santo Tom\u00e9 fortalece su Parque Industrial y se vincula a una red nacional de empresas y parques - Digital Santo Tom\u00e9<\/title>\n<meta name=\"robots\" content=\"index, follow, max-snippet:-1, max-image-preview:large, max-video-preview:-1\" \/>\n<link rel=\"canonical\" href=\"https:\/\/digitalsantotome.com.ar\/?p=17231\" \/>\n<meta property=\"og:locale\" content=\"es_ES\" \/>\n<meta property=\"og:type\" content=\"article\" \/>\n<meta property=\"og:title\" content=\"Informe Municipal: Santo Tom\u00e9 fortalece su Parque Industrial y se vincula a una red nacional de empresas y parques - Digital Santo Tom\u00e9\" \/>\n<meta property=\"og:description\" content=\"SANTO TOME. El Municipio firm\u00f3 un Convenio Marco con APIA y CEICYT Argentina S.A. para sumar herramientas t\u00e9cnicas, innovaci\u00f3n y nuevas oportunidades de vinculaci\u00f3n para el desarrollo productivo local. En las pr\u00f3ximas semanas, referentes de ambas instituciones llegar\u00e1n a la ciudad para avanzar en una agenda de trabajo concreta, seg\u00fan lo se\u00f1ala un parte de...\" \/>\n<meta property=\"og:url\" content=\"https:\/\/digitalsantotome.com.ar\/?p=17231\" \/>\n<meta property=\"og:site_name\" content=\"Digital Santo Tom\u00e9\" \/>\n<meta property=\"article:published_time\" content=\"2026-09-02T12:05:23+00:00\" \/>\n<meta property=\"article:modified_time\" content=\"2026-09-02T12:05:34+00:00\" \/>\n<meta property=\"og:image\" content=\"https:\/\/digitalsantotome.com.ar\/wp-content\/uploads\/2026\/09\/IMG-20260831-WA0082.jpg\" \/>\n\t<meta property=\"og:image:width\" content=\"1280\" \/>\n\t<meta property=\"og:image:height\" content=\"854\" \/>\n\t<meta property=\"og:image:type\" content=\"image\/jpeg\" \/>\n<meta name=\"author\" content=\"Jose Carlos Machado\" \/>\n<meta name=\"twitter:card\" content=\"summary_large_image\" \/>\n<meta name=\"twitter:label1\" content=\"Escrito por\" \/>\n\t<meta name=\"twitter:data1\" content=\"Jose Carlos Machado\" \/>\n\t<meta name=\"twitter:label2\" content=\"Tiempo de lectura\" \/>\n\t<meta name=\"twitter:data2\" content=\"3 minutos\" \/>\n<script type=\"application\/ld+json\" class=\"yoast-schema-graph\">{\"@context\":\"https:\\\/\\\/schema.org\",\"@graph\":[{\"@type\":\"Article\",\"@id\":\"https:\\\/\\\/digitalsantotome.com.ar\\\/?p=17231#article\",\"isPartOf\":{\"@id\":\"https:\\\/\\\/digitalsantotome.com.ar\\\/?p=17231\"},\"author\":{\"name\":\"Jose Carlos Machado\",\"@id\":\"https:\\\/\\\/digitalsantotome.com.ar\\\/#\\\/schema\\\/person\\\/8991d8822886fedd92ce7f03817e1bdf\"},\"headline\":\"Informe Municipal: Santo Tom\u00e9 fortalece su Parque Industrial y se vincula a una red nacional de empresas y parques\",\"datePublished\":\"2026-09-02T12:05:23+00:00\",\"dateModified\":\"2026-09-02T12:05:34+00:00\",\"mainEntityOfPage\":{\"@id\":\"https:\\\/\\\/digitalsantotome.com.ar\\\/?p=17231\"},\"wordCount\":647,\"publisher\":{\"@id\":\"https:\\\/\\\/digitalsantotome.com.ar\\\/#organization\"},\"image\":{\"@id\":\"https:\\\/\\\/digitalsantotome.com.ar\\\/?p=17231#primaryimage\"},\"thumbnailUrl\":\"https:\\\/\\\/digitalsantotome.com.ar\\\/wp-content\\\/uploads\\\/2026\\\/09\\\/IMG-20260831-WA0082.jpg\",\"articleSection\":[\"Noticias breves\"],\"inLanguage\":\"es\"},{\"@type\":\"WebPage\",\"@id\":\"https:\\\/\\\/digitalsantotome.com.ar\\\/?p=17231\",\"url\":\"https:\\\/\\\/digitalsantotome.com.ar\\\/?p=17231\",\"name\":\"Informe Municipal: Santo Tom\u00e9 fortalece su Parque Industrial y se vincula a una red nacional de empresas y parques - Digital Santo Tom\u00e9\",\"isPartOf\":{\"@id\":\"https:\\\/\\\/digitalsantotome.com.ar\\\/#website\"},\"primaryImageOfPage\":{\"@id\":\"https:\\\/\\\/digitalsantotome.com.ar\\\/?p=17231#primaryimage\"},\"image\":{\"@id\":\"https:\\\/\\\/digitalsantotome.com.ar\\\/?p=17231#primaryimage\"},\"thumbnailUrl\":\"https:\\\/\\\/digitalsantotome.com.ar\\\/wp-content\\\/uploads\\\/2026\\\/09\\\/IMG-20260831-WA0082.jpg\",\"datePublished\":\"2026-09-02T12:05:23+00:00\",\"dateModified\":\"2026-09-02T12:05:34+00:00\",\"breadcrumb\":{\"@id\":\"https:\\\/\\\/digitalsantotome.com.ar\\\/?p=17231#breadcrumb\"},\"inLanguage\":\"es\",\"potentialAction\":[{\"@type\":\"ReadAction\",\"target\":[\"https:\\\/\\\/digitalsantotome.com.ar\\\/?p=17231\"]}]},{\"@type\":\"ImageObject\",\"inLanguage\":\"es\",\"@id\":\"https:\\\/\\\/digitalsantotome.com.ar\\\/?p=17231#primaryimage\",\"url\":\"https:\\\/\\\/digitalsantotome.com.ar\\\/wp-content\\\/uploads\\\/2026\\\/09\\\/IMG-20260831-WA0082.jpg\",\"contentUrl\":\"https:\\\/\\\/digitalsantotome.com.ar\\\/wp-content\\\/uploads\\\/2026\\\/09\\\/IMG-20260831-WA0082.jpg\",\"width\":1280,\"height\":854},{\"@type\":\"BreadcrumbList\",\"@id\":\"https:\\\/\\\/digitalsantotome.com.ar\\\/?p=17231#breadcrumb\",\"itemListElement\":[{\"@type\":\"ListItem\",\"position\":1,\"name\":\"Portada\",\"item\":\"https:\\\/\\\/digitalsantotome.com.ar\\\/\"},{\"@type\":\"ListItem\",\"position\":2,\"name\":\"Informe Municipal: Santo Tom\u00e9 fortalece su Parque Industrial y se vincula a una red nacional de empresas y parques\"}]},{\"@type\":\"WebSite\",\"@id\":\"https:\\\/\\\/digitalsantotome.com.ar\\\/#website\",\"url\":\"https:\\\/\\\/digitalsantotome.com.ar\\\/\",\"name\":\"Digital Santo Tom\u00e9\",\"description\":\"Noticias desde Santo Tom\u00e9 al Mundo \u2013 La informacion que decide\",\"publisher\":{\"@id\":\"https:\\\/\\\/digitalsantotome.com.ar\\\/#organization\"},\"potentialAction\":[{\"@type\":\"SearchAction\",\"target\":{\"@type\":\"EntryPoint\",\"urlTemplate\":\"https:\\\/\\\/digitalsantotome.com.ar\\\/?s={search_term_string}\"},\"query-input\":{\"@type\":\"PropertyValueSpecification\",\"valueRequired\":true,\"valueName\":\"search_term_string\"}}],\"inLanguage\":\"es\"},{\"@type\":\"Organization\",\"@id\":\"https:\\\/\\\/digitalsantotome.com.ar\\\/#organization\",\"name\":\"Digital Santo Tom\u00e9\",\"url\":\"https:\\\/\\\/digitalsantotome.com.ar\\\/\",\"logo\":{\"@type\":\"ImageObject\",\"inLanguage\":\"es\",\"@id\":\"https:\\\/\\\/digitalsantotome.com.ar\\\/#\\\/schema\\\/logo\\\/image\\\/\",\"url\":\"https:\\\/\\\/digitalsantotome.com.ar\\\/wp-content\\\/uploads\\\/2023\\\/01\\\/facebook.jpg\",\"contentUrl\":\"https:\\\/\\\/digitalsantotome.com.ar\\\/wp-content\\\/uploads\\\/2023\\\/01\\\/facebook.jpg\",\"width\":512,\"height\":376,\"caption\":\"Digital Santo Tom\u00e9\"},\"image\":{\"@id\":\"https:\\\/\\\/digitalsantotome.com.ar\\\/#\\\/schema\\\/logo\\\/image\\\/\"}},{\"@type\":\"Person\",\"@id\":\"https:\\\/\\\/digitalsantotome.com.ar\\\/#\\\/schema\\\/person\\\/8991d8822886fedd92ce7f03817e1bdf\",\"name\":\"Jose Carlos Machado\",\"url\":\"https:\\\/\\\/digitalsantotome.com.ar\\\/?author=2\"}]}<\/script>\n<!-- \/ Yoast SEO plugin. -->","yoast_head_json":{"title":"Informe Municipal: Santo Tom\u00e9 fortalece su Parque Industrial y se vincula a una red nacional de empresas y parques - Digital Santo Tom\u00e9","robots":{"index":"index","follow":"follow","max-snippet":"max-snippet:-1","max-image-preview":"max-image-preview:large","max-video-preview":"max-video-preview:-1"},"canonical":"https:\/\/digitalsantotome.com.ar\/?p=17231","og_locale":"es_ES","og_type":"article","og_title":"Informe Municipal: Santo Tom\u00e9 fortalece su Parque Industrial y se vincula a una red nacional de empresas y parques - Digital Santo Tom\u00e9","og_description":"SANTO TOME. El Municipio firm\u00f3 un Convenio Marco con APIA y CEICYT Argentina S.A. para sumar herramientas t\u00e9cnicas, innovaci\u00f3n y nuevas oportunidades de vinculaci\u00f3n para el desarrollo productivo local. En las pr\u00f3ximas semanas, referentes de ambas instituciones llegar\u00e1n a la ciudad para avanzar en una agenda de trabajo concreta, seg\u00fan lo se\u00f1ala un parte de...","og_url":"https:\/\/digitalsantotome.com.ar\/?p=17231","og_site_name":"Digital Santo Tom\u00e9","article_published_time":"2026-09-02T12:05:23+00:00","article_modified_time":"2026-09-02T12:05:34+00:00","og_image":[{"width":1280,"height":854,"url":"https:\/\/digitalsantotome.com.ar\/wp-content\/uploads\/2026\/09\/IMG-20260831-WA0082.jpg","type":"image\/jpeg"}],"author":"Jose Carlos Machado","twitter_card":"summary_large_image","twitter_misc":{"Escrito por":"Jose Carlos Machado","Tiempo de lectura":"3 minutos"},"schema":{"@context":"https:\/\/schema.org","@graph":[{"@type":"Article","@id":"https:\/\/digitalsantotome.com.ar\/?p=17231#article","isPartOf":{"@id":"https:\/\/digitalsantotome.com.ar\/?p=17231"},"author":{"name":"Jose Carlos Machado","@id":"https:\/\/digitalsantotome.com.ar\/#\/schema\/person\/8991d8822886fedd92ce7f03817e1bdf"},"headline":"Informe Municipal: Santo Tom\u00e9 fortalece su Parque Industrial y se vincula a una red nacional de empresas y parques","datePublished":"2026-09-02T12:05:23+00:00","dateModified":"2026-09-02T12:05:34+00:00","mainEntityOfPage":{"@id":"https:\/\/digitalsantotome.com.ar\/?p=17231"},"wordCount":647,"publisher":{"@id":"https:\/\/digitalsantotome.com.ar\/#organization"},"image":{"@id":"https:\/\/digitalsantotome.com.ar\/?p=17231#primaryimage"},"thumbnailUrl":"https:\/\/digitalsantotome.com.ar\/wp-content\/uploads\/2026\/09\/IMG-20260831-WA0082.jpg","articleSection":["Noticias breves"],"inLanguage":"es"},{"@type":"WebPage","@id":"https:\/\/digitalsantotome.com.ar\/?p=17231","url":"https:\/\/digitalsantotome.com.ar\/?p=17231","name":"Informe Municipal: Santo Tom\u00e9 fortalece su Parque Industrial y se vincula a una red nacional de empresas y parques - Digital Santo Tom\u00e9","isPartOf":{"@id":"https:\/\/digitalsantotome.com.ar\/#website"},"primaryImageOfPage":{"@id":"https:\/\/digitalsantotome.com.ar\/?p=17231#primaryimage"},"image":{"@id":"https:\/\/digitalsantotome.com.ar\/?p=17231#primaryimage"},"thumbnailUrl":"https:\/\/digitalsantotome.com.ar\/wp-content\/uploads\/2026\/09\/IMG-20260831-WA0082.jpg","datePublished":"2026-09-02T12:05:23+00:00","dateModified":"2026-09-02T12:05:34+00:00","breadcrumb":{"@id":"https:\/\/digitalsantotome.com.ar\/?p=17231#breadcrumb"},"inLanguage":"es","potentialAction":[{"@type":"ReadAction","target":["https:\/\/digitalsantotome.com.ar\/?p=17231"]}]},{"@type":"ImageObject","inLanguage":"es","@id":"https:\/\/digitalsantotome.com.ar\/?p=17231#primaryimage","url":"https:\/\/digitalsantotome.com.ar\/wp-content\/uploads\/2026\/09\/IMG-20260831-WA0082.jpg","contentUrl":"https:\/\/digitalsantotome.com.ar\/wp-content\/uploads\/2026\/09\/IMG-20260831-WA0082.jpg","width":1280,"height":854},{"@type":"BreadcrumbList","@id":"https:\/\/digitalsantotome.com.ar\/?p=17231#breadcrumb","itemListElement":[{"@type":"ListItem","position":1,"name":"Portada","item":"https:\/\/digitalsantotome.com.ar\/"},{"@type":"ListItem","position":2,"name":"Informe Municipal: Santo Tom\u00e9 fortalece su Parque Industrial y se vincula a una red nacional de empresas y parques"}]},{"@type":"WebSite","@id":"https:\/\/digitalsantotome.com.ar\/#website","url":"https:\/\/digitalsantotome.com.ar\/","name":"Digital Santo Tom\u00e9","description":"Noticias desde Santo Tom\u00e9 al Mundo \u2013 La informacion que decide","publisher":{"@id":"https:\/\/digitalsantotome.com.ar\/#organization"},"potentialAction":[{"@type":"SearchAction","target":{"@type":"EntryPoint","urlTemplate":"https:\/\/digitalsantotome.com.ar\/?s={search_term_string}"},"query-input":{"@type":"PropertyValueSpecification","valueRequired":true,"valueName":"search_term_string"}}],"inLanguage":"es"},{"@type":"Organization","@id":"https:\/\/digitalsantotome.com.ar\/#organization","name":"Digital Santo Tom\u00e9","url":"https:\/\/digitalsantotome.com.ar\/","logo":{"@type":"ImageObject","inLanguage":"es","@id":"https:\/\/digitalsantotome.com.ar\/#\/schema\/logo\/image\/","url":"https:\/\/digitalsantotome.com.ar\/wp-content\/uploads\/2023\/01\/facebook.jpg","contentUrl":"https:\/\/digitalsantotome.com.ar\/wp-content\/uploads\/2023\/01\/facebook.jpg","width":512,"height":376,"caption":"Digital Santo Tom\u00e9"},"image":{"@id":"https:\/\/digitalsantotome.com.ar\/#\/schema\/logo\/image\/"}},{"@type":"Person","@id":"https:\/\/digitalsantotome.com.ar\/#\/schema\/person\/8991d8822886fedd92ce7f03817e1bdf","name":"Jose Carlos Machado","url":"https:\/\/digitalsantotome.com.ar\/?author=2"}]}},"_links":{"self":[{"href":"https:\/\/digitalsantotome.com.ar\/index.php?rest_route=\/wp\/v2\/posts\/17231","targetHints":{"allow":["GET"]}}],"collection":[{"href":"https:\/\/digitalsantotome.com.ar\/index.php?rest_route=\/wp\/v2\/posts"}],"about":[{"href":"https:\/\/digitalsantotome.com.ar\/index.php?rest_route=\/wp\/v2\/types\/post"}],"author":[{"embeddable":true,"href":"https:\/\/digitalsantotome.com.ar\/index.php?rest_route=\/wp\/v2\/users\/2"}],"replies":[{"embeddable":true,"href":"https:\/\/digitalsantotome.com.ar\/index.php?rest_route=%2Fwp%2Fv2%2Fcomments&post=17231"}],"version-history":[{"count":1,"href":"https:\/\/digitalsantotome.com.ar\/index.php?rest_route=\/wp\/v2\/posts\/17231\/revisions"}],"predecessor-version":[{"id":17248,"href":"https:\/\/digitalsantotome.com.ar\/index.php?rest_route=\/wp\/v2\/posts\/17231\/revisions\/17248"}],"wp:featuredmedia":[{"embeddable":true,"href":"https:\/\/digitalsantotome.com.ar\/index.php?rest_route=\/wp\/v2\/media\/17232"}],"wp:attachment":[{"href":"https:\/\/digitalsantotome.com.ar\/index.php?rest_route=%2Fwp%2Fv2%2Fmedia&parent=17231"}],"wp:term":[{"taxonomy":"category","embeddable":true,"href":"https:\/\/digitalsantotome.com.ar\/index.php?rest_route=%2Fwp%2Fv2%2Fcategories&post=17231"},{"taxonomy":"post_tag","embeddable":true,"href":"https:\/\/digitalsantotome.com.ar\/index.php?rest_route=%2Fwp%2Fv2%2Ftags&post=17231"}],"curies":[{"name":"wp","href":"https:\/\/api.w.org\/{rel}","templated":true}]}}