{"id":17234,"date":"2026-09-01T15:56:12","date_gmt":"2026-09-01T18:56:12","guid":{"rendered":"https:\/\/digitalsantotome.com.ar\/?p=17234"},"modified":"2026-09-01T20:49:54","modified_gmt":"2026-09-01T23:49:54","slug":"caso-lazcano-polemica-judicial-tras-la-imputacion-de-los-dos-menores-acusados-la-opinion-de-un-ex-juez","status":"publish","type":"post","link":"https:\/\/digitalsantotome.com.ar\/?p=17234","title":{"rendered":"Caso Lazcano: pol\u00e9mica judicial tras la imputaci\u00f3n de los dos menores acusados, la opini\u00f3n de un ex juez"},"content":{"rendered":"<p><strong>SANTO TOM\u00c9.<\/strong> El femicidio de Cecilia Lazcano, la joven de 16 a\u00f1os asesinada el pasado 15 de julio en la localidad de Alvear, se consolid\u00f3 como uno de los casos policiales m\u00e1s resonantes y complejos de los \u00faltimos a\u00f1os en la regi\u00f3n. La investigaci\u00f3n judicial, radicada en los tribunales de Santo Tom\u00e9, sum\u00f3 un nuevo cap\u00edtulo de tensi\u00f3n social tras conocerse las resoluciones de la Jueza de Garant\u00edas sobre los dos menores imputados, cuyas diferencias procesales provocaron el rechazo generalizado de la comunidad.<\/p>\n<div class=\"entry-content-asset videofit\"><iframe title=\"Entrevista al doctor Humberto De Biasse Echavarr\u00eda\" width=\"720\" height=\"405\" src=\"https:\/\/www.youtube.com\/embed\/NAUsZoV943o?feature=oembed\" frameborder=\"0\" allow=\"accelerometer; autoplay; clipboard-write; encrypted-media; gyroscope; picture-in-picture; web-share\" referrerpolicy=\"strict-origin-when-cross-origin\" allowfullscreen><\/iframe><\/div>\n<p><em>El doctor Humberto De Biasse Echavarr\u00eda analiz\u00f3 la causa en el programa radial \u00abAgenda Abierta\u00bb. Mientras el presunto autor material est\u00e1 detenido, la supuesta instigadora recibi\u00f3 una medida diferente, lo que desat\u00f3 la indignaci\u00f3n de la familia de la v\u00edctima y motiv\u00f3 una marcha del silencio.<\/em><\/p>\n<p>El presunto autor material del crimen, un compa\u00f1ero de escuela de la v\u00edctima de 16 a\u00f1os, permanece detenido en la ciudad de Corrientes. Por su parte, la otra menor implicada, imputada como presunta instigadora del hecho y asistente al mismo establecimiento educativo, recibi\u00f3 una medida cautelar distinta. Esta disparidad en el tratamiento legal exasper\u00f3 a la familia de la querella y a los vecinos, generando fuertes sospechas y conjeturas en torno al entorno del caso.<\/p>\n<p>En este contexto de profunda conmoci\u00f3n, el abogado Humberto De Biasse Echavarr\u00eda, abogado del foro local y federal y ex juez de Menores y Familia de Santo Tom\u00e9, intervino en el programa radial <em>\u00abAgenda Abierta\u00bb<\/em> para trazar un panorama t\u00e9cnico y brindar su perspectiva sobre la causa. Las declaraciones del especialista coincidieron de manera simult\u00e1nea con una masiva marcha del silencio realizada en las calles de Alvear, donde la ciudadan\u00eda exigi\u00f3 justicia y unificaci\u00f3n de criterios en el proceso judicial por el femicidio de la adolescente.<\/p>\n","protected":false},"excerpt":{"rendered":"<p>SANTO TOM\u00c9. El femicidio de Cecilia Lazcano, la joven de 16 a\u00f1os asesinada el pasado 15 de julio en la localidad de Alvear, se consolid\u00f3 como uno de los casos policiales m\u00e1s resonantes y complejos de los \u00faltimos a\u00f1os en la regi\u00f3n. La investigaci\u00f3n judicial, radicada en los tribunales de Santo Tom\u00e9, sum\u00f3 un nuevo&#8230;<\/p>\n","protected":false},"author":2,"featured_media":17235,"comment_status":"closed","ping_status":"closed","sticky":false,"template":"","format":"standard","meta":{"_kad_post_transparent":"default","_kad_post_title":"default","_kad_post_layout":"default","_kad_post_sidebar_id":"","_kad_post_content_style":"default","_kad_post_vertical_padding":"default","_kad_post_feature":"","_kad_post_feature_position":"","_kad_post_header":false,"_kad_post_footer":false,"_kad_post_classname":"","footnotes":""},"categories":[1],"tags":[],"class_list":["post-17234","post","type-post","status-publish","format-standard","has-post-thumbnail","hentry","category-locales"],"a3_pvc":{"activated":false,"total_views":0,"today_views":0},"yoast_head":"<!-- This site is optimized with the Yoast SEO plugin v28.4 - https:\/\/yoast.com\/product\/yoast-seo-wordpress\/ -->\n<title>Caso Lazcano: pol\u00e9mica judicial tras la imputaci\u00f3n de los dos menores acusados, la opini\u00f3n de un ex juez - Digital Santo Tom\u00e9<\/title>\n<meta name=\"robots\" content=\"index, follow, max-snippet:-1, max-image-preview:large, max-video-preview:-1\" \/>\n<link rel=\"canonical\" href=\"https:\/\/digitalsantotome.com.ar\/?p=17234\" \/>\n<meta property=\"og:locale\" content=\"es_ES\" \/>\n<meta property=\"og:type\" content=\"article\" \/>\n<meta property=\"og:title\" content=\"Caso Lazcano: pol\u00e9mica judicial tras la imputaci\u00f3n de los dos menores acusados, la opini\u00f3n de un ex juez - Digital Santo Tom\u00e9\" \/>\n<meta property=\"og:description\" content=\"SANTO TOM\u00c9. El femicidio de Cecilia Lazcano, la joven de 16 a\u00f1os asesinada el pasado 15 de julio en la localidad de Alvear, se consolid\u00f3 como uno de los casos policiales m\u00e1s resonantes y complejos de los \u00faltimos a\u00f1os en la regi\u00f3n. La investigaci\u00f3n judicial, radicada en los tribunales de Santo Tom\u00e9, sum\u00f3 un nuevo...\" \/>\n<meta property=\"og:url\" content=\"https:\/\/digitalsantotome.com.ar\/?p=17234\" \/>\n<meta property=\"og:site_name\" content=\"Digital Santo Tom\u00e9\" \/>\n<meta property=\"article:published_time\" content=\"2026-09-01T18:56:12+00:00\" \/>\n<meta property=\"article:modified_time\" content=\"2026-09-01T23:49:54+00:00\" \/>\n<meta property=\"og:image\" content=\"https:\/\/digitalsantotome.com.ar\/wp-content\/uploads\/2026\/09\/IMG-20260831-WA0074.jpg\" \/>\n\t<meta property=\"og:image:width\" content=\"1600\" \/>\n\t<meta property=\"og:image:height\" content=\"1204\" \/>\n\t<meta property=\"og:image:type\" content=\"image\/jpeg\" \/>\n<meta name=\"author\" content=\"Jose Carlos Machado\" \/>\n<meta name=\"twitter:card\" content=\"summary_large_image\" \/>\n<meta name=\"twitter:label1\" content=\"Escrito por\" \/>\n\t<meta name=\"twitter:data1\" content=\"Jose Carlos Machado\" \/>\n\t<meta name=\"twitter:label2\" content=\"Tiempo de lectura\" \/>\n\t<meta name=\"twitter:data2\" content=\"2 minutos\" \/>\n<script type=\"application\/ld+json\" class=\"yoast-schema-graph\">{\"@context\":\"https:\\\/\\\/schema.org\",\"@graph\":[{\"@type\":\"Article\",\"@id\":\"https:\\\/\\\/digitalsantotome.com.ar\\\/?p=17234#article\",\"isPartOf\":{\"@id\":\"https:\\\/\\\/digitalsantotome.com.ar\\\/?p=17234\"},\"author\":{\"name\":\"Jose Carlos Machado\",\"@id\":\"https:\\\/\\\/digitalsantotome.com.ar\\\/#\\\/schema\\\/person\\\/8991d8822886fedd92ce7f03817e1bdf\"},\"headline\":\"Caso Lazcano: pol\u00e9mica judicial tras la imputaci\u00f3n de los dos menores acusados, la opini\u00f3n de un ex juez\",\"datePublished\":\"2026-09-01T18:56:12+00:00\",\"dateModified\":\"2026-09-01T23:49:54+00:00\",\"mainEntityOfPage\":{\"@id\":\"https:\\\/\\\/digitalsantotome.com.ar\\\/?p=17234\"},\"wordCount\":333,\"publisher\":{\"@id\":\"https:\\\/\\\/digitalsantotome.com.ar\\\/#organization\"},\"image\":{\"@id\":\"https:\\\/\\\/digitalsantotome.com.ar\\\/?p=17234#primaryimage\"},\"thumbnailUrl\":\"https:\\\/\\\/digitalsantotome.com.ar\\\/wp-content\\\/uploads\\\/2026\\\/09\\\/IMG-20260831-WA0074.jpg\",\"articleSection\":[\"Locales\"],\"inLanguage\":\"es\"},{\"@type\":\"WebPage\",\"@id\":\"https:\\\/\\\/digitalsantotome.com.ar\\\/?p=17234\",\"url\":\"https:\\\/\\\/digitalsantotome.com.ar\\\/?p=17234\",\"name\":\"Caso Lazcano: pol\u00e9mica judicial tras la imputaci\u00f3n de los dos menores acusados, la opini\u00f3n de un ex juez - Digital Santo Tom\u00e9\",\"isPartOf\":{\"@id\":\"https:\\\/\\\/digitalsantotome.com.ar\\\/#website\"},\"primaryImageOfPage\":{\"@id\":\"https:\\\/\\\/digitalsantotome.com.ar\\\/?p=17234#primaryimage\"},\"image\":{\"@id\":\"https:\\\/\\\/digitalsantotome.com.ar\\\/?p=17234#primaryimage\"},\"thumbnailUrl\":\"https:\\\/\\\/digitalsantotome.com.ar\\\/wp-content\\\/uploads\\\/2026\\\/09\\\/IMG-20260831-WA0074.jpg\",\"datePublished\":\"2026-09-01T18:56:12+00:00\",\"dateModified\":\"2026-09-01T23:49:54+00:00\",\"breadcrumb\":{\"@id\":\"https:\\\/\\\/digitalsantotome.com.ar\\\/?p=17234#breadcrumb\"},\"inLanguage\":\"es\",\"potentialAction\":[{\"@type\":\"ReadAction\",\"target\":[\"https:\\\/\\\/digitalsantotome.com.ar\\\/?p=17234\"]}]},{\"@type\":\"ImageObject\",\"inLanguage\":\"es\",\"@id\":\"https:\\\/\\\/digitalsantotome.com.ar\\\/?p=17234#primaryimage\",\"url\":\"https:\\\/\\\/digitalsantotome.com.ar\\\/wp-content\\\/uploads\\\/2026\\\/09\\\/IMG-20260831-WA0074.jpg\",\"contentUrl\":\"https:\\\/\\\/digitalsantotome.com.ar\\\/wp-content\\\/uploads\\\/2026\\\/09\\\/IMG-20260831-WA0074.jpg\",\"width\":1600,\"height\":1204},{\"@type\":\"BreadcrumbList\",\"@id\":\"https:\\\/\\\/digitalsantotome.com.ar\\\/?p=17234#breadcrumb\",\"itemListElement\":[{\"@type\":\"ListItem\",\"position\":1,\"name\":\"Portada\",\"item\":\"https:\\\/\\\/digitalsantotome.com.ar\\\/\"},{\"@type\":\"ListItem\",\"position\":2,\"name\":\"Caso Lazcano: pol\u00e9mica judicial tras la imputaci\u00f3n de los dos menores acusados, la opini\u00f3n de un ex juez\"}]},{\"@type\":\"WebSite\",\"@id\":\"https:\\\/\\\/digitalsantotome.com.ar\\\/#website\",\"url\":\"https:\\\/\\\/digitalsantotome.com.ar\\\/\",\"name\":\"Digital Santo Tom\u00e9\",\"description\":\"Noticias desde Santo Tom\u00e9 al Mundo \u2013 La informacion que decide\",\"publisher\":{\"@id\":\"https:\\\/\\\/digitalsantotome.com.ar\\\/#organization\"},\"potentialAction\":[{\"@type\":\"SearchAction\",\"target\":{\"@type\":\"EntryPoint\",\"urlTemplate\":\"https:\\\/\\\/digitalsantotome.com.ar\\\/?s={search_term_string}\"},\"query-input\":{\"@type\":\"PropertyValueSpecification\",\"valueRequired\":true,\"valueName\":\"search_term_string\"}}],\"inLanguage\":\"es\"},{\"@type\":\"Organization\",\"@id\":\"https:\\\/\\\/digitalsantotome.com.ar\\\/#organization\",\"name\":\"Digital Santo Tom\u00e9\",\"url\":\"https:\\\/\\\/digitalsantotome.com.ar\\\/\",\"logo\":{\"@type\":\"ImageObject\",\"inLanguage\":\"es\",\"@id\":\"https:\\\/\\\/digitalsantotome.com.ar\\\/#\\\/schema\\\/logo\\\/image\\\/\",\"url\":\"https:\\\/\\\/digitalsantotome.com.ar\\\/wp-content\\\/uploads\\\/2023\\\/01\\\/facebook.jpg\",\"contentUrl\":\"https:\\\/\\\/digitalsantotome.com.ar\\\/wp-content\\\/uploads\\\/2023\\\/01\\\/facebook.jpg\",\"width\":512,\"height\":376,\"caption\":\"Digital Santo Tom\u00e9\"},\"image\":{\"@id\":\"https:\\\/\\\/digitalsantotome.com.ar\\\/#\\\/schema\\\/logo\\\/image\\\/\"}},{\"@type\":\"Person\",\"@id\":\"https:\\\/\\\/digitalsantotome.com.ar\\\/#\\\/schema\\\/person\\\/8991d8822886fedd92ce7f03817e1bdf\",\"name\":\"Jose Carlos Machado\",\"url\":\"https:\\\/\\\/digitalsantotome.com.ar\\\/?author=2\"}]}<\/script>\n<!-- \/ Yoast SEO plugin. -->","yoast_head_json":{"title":"Caso Lazcano: pol\u00e9mica judicial tras la imputaci\u00f3n de los dos menores acusados, la opini\u00f3n de un ex juez - Digital Santo Tom\u00e9","robots":{"index":"index","follow":"follow","max-snippet":"max-snippet:-1","max-image-preview":"max-image-preview:large","max-video-preview":"max-video-preview:-1"},"canonical":"https:\/\/digitalsantotome.com.ar\/?p=17234","og_locale":"es_ES","og_type":"article","og_title":"Caso Lazcano: pol\u00e9mica judicial tras la imputaci\u00f3n de los dos menores acusados, la opini\u00f3n de un ex juez - Digital Santo Tom\u00e9","og_description":"SANTO TOM\u00c9. El femicidio de Cecilia Lazcano, la joven de 16 a\u00f1os asesinada el pasado 15 de julio en la localidad de Alvear, se consolid\u00f3 como uno de los casos policiales m\u00e1s resonantes y complejos de los \u00faltimos a\u00f1os en la regi\u00f3n. La investigaci\u00f3n judicial, radicada en los tribunales de Santo Tom\u00e9, sum\u00f3 un nuevo...","og_url":"https:\/\/digitalsantotome.com.ar\/?p=17234","og_site_name":"Digital Santo Tom\u00e9","article_published_time":"2026-09-01T18:56:12+00:00","article_modified_time":"2026-09-01T23:49:54+00:00","og_image":[{"width":1600,"height":1204,"url":"https:\/\/digitalsantotome.com.ar\/wp-content\/uploads\/2026\/09\/IMG-20260831-WA0074.jpg","type":"image\/jpeg"}],"author":"Jose Carlos Machado","twitter_card":"summary_large_image","twitter_misc":{"Escrito por":"Jose Carlos Machado","Tiempo de lectura":"2 minutos"},"schema":{"@context":"https:\/\/schema.org","@graph":[{"@type":"Article","@id":"https:\/\/digitalsantotome.com.ar\/?p=17234#article","isPartOf":{"@id":"https:\/\/digitalsantotome.com.ar\/?p=17234"},"author":{"name":"Jose Carlos Machado","@id":"https:\/\/digitalsantotome.com.ar\/#\/schema\/person\/8991d8822886fedd92ce7f03817e1bdf"},"headline":"Caso Lazcano: pol\u00e9mica judicial tras la imputaci\u00f3n de los dos menores acusados, la opini\u00f3n de un ex juez","datePublished":"2026-09-01T18:56:12+00:00","dateModified":"2026-09-01T23:49:54+00:00","mainEntityOfPage":{"@id":"https:\/\/digitalsantotome.com.ar\/?p=17234"},"wordCount":333,"publisher":{"@id":"https:\/\/digitalsantotome.com.ar\/#organization"},"image":{"@id":"https:\/\/digitalsantotome.com.ar\/?p=17234#primaryimage"},"thumbnailUrl":"https:\/\/digitalsantotome.com.ar\/wp-content\/uploads\/2026\/09\/IMG-20260831-WA0074.jpg","articleSection":["Locales"],"inLanguage":"es"},{"@type":"WebPage","@id":"https:\/\/digitalsantotome.com.ar\/?p=17234","url":"https:\/\/digitalsantotome.com.ar\/?p=17234","name":"Caso Lazcano: pol\u00e9mica judicial tras la imputaci\u00f3n de los dos menores acusados, la opini\u00f3n de un ex juez - Digital Santo Tom\u00e9","isPartOf":{"@id":"https:\/\/digitalsantotome.com.ar\/#website"},"primaryImageOfPage":{"@id":"https:\/\/digitalsantotome.com.ar\/?p=17234#primaryimage"},"image":{"@id":"https:\/\/digitalsantotome.com.ar\/?p=17234#primaryimage"},"thumbnailUrl":"https:\/\/digitalsantotome.com.ar\/wp-content\/uploads\/2026\/09\/IMG-20260831-WA0074.jpg","datePublished":"2026-09-01T18:56:12+00:00","dateModified":"2026-09-01T23:49:54+00:00","breadcrumb":{"@id":"https:\/\/digitalsantotome.com.ar\/?p=17234#breadcrumb"},"inLanguage":"es","potentialAction":[{"@type":"ReadAction","target":["https:\/\/digitalsantotome.com.ar\/?p=17234"]}]},{"@type":"ImageObject","inLanguage":"es","@id":"https:\/\/digitalsantotome.com.ar\/?p=17234#primaryimage","url":"https:\/\/digitalsantotome.com.ar\/wp-content\/uploads\/2026\/09\/IMG-20260831-WA0074.jpg","contentUrl":"https:\/\/digitalsantotome.com.ar\/wp-content\/uploads\/2026\/09\/IMG-20260831-WA0074.jpg","width":1600,"height":1204},{"@type":"BreadcrumbList","@id":"https:\/\/digitalsantotome.com.ar\/?p=17234#breadcrumb","itemListElement":[{"@type":"ListItem","position":1,"name":"Portada","item":"https:\/\/digitalsantotome.com.ar\/"},{"@type":"ListItem","position":2,"name":"Caso Lazcano: pol\u00e9mica judicial tras la imputaci\u00f3n de los dos menores acusados, la opini\u00f3n de un ex juez"}]},{"@type":"WebSite","@id":"https:\/\/digitalsantotome.com.ar\/#website","url":"https:\/\/digitalsantotome.com.ar\/","name":"Digital Santo Tom\u00e9","description":"Noticias desde Santo Tom\u00e9 al Mundo \u2013 La informacion que decide","publisher":{"@id":"https:\/\/digitalsantotome.com.ar\/#organization"},"potentialAction":[{"@type":"SearchAction","target":{"@type":"EntryPoint","urlTemplate":"https:\/\/digitalsantotome.com.ar\/?s={search_term_string}"},"query-input":{"@type":"PropertyValueSpecification","valueRequired":true,"valueName":"search_term_string"}}],"inLanguage":"es"},{"@type":"Organization","@id":"https:\/\/digitalsantotome.com.ar\/#organization","name":"Digital Santo Tom\u00e9","url":"https:\/\/digitalsantotome.com.ar\/","logo":{"@type":"ImageObject","inLanguage":"es","@id":"https:\/\/digitalsantotome.com.ar\/#\/schema\/logo\/image\/","url":"https:\/\/digitalsantotome.com.ar\/wp-content\/uploads\/2023\/01\/facebook.jpg","contentUrl":"https:\/\/digitalsantotome.com.ar\/wp-content\/uploads\/2023\/01\/facebook.jpg","width":512,"height":376,"caption":"Digital Santo Tom\u00e9"},"image":{"@id":"https:\/\/digitalsantotome.com.ar\/#\/schema\/logo\/image\/"}},{"@type":"Person","@id":"https:\/\/digitalsantotome.com.ar\/#\/schema\/person\/8991d8822886fedd92ce7f03817e1bdf","name":"Jose Carlos Machado","url":"https:\/\/digitalsantotome.com.ar\/?author=2"}]}},"_links":{"self":[{"href":"https:\/\/digitalsantotome.com.ar\/index.php?rest_route=\/wp\/v2\/posts\/17234","targetHints":{"allow":["GET"]}}],"collection":[{"href":"https:\/\/digitalsantotome.com.ar\/index.php?rest_route=\/wp\/v2\/posts"}],"about":[{"href":"https:\/\/digitalsantotome.com.ar\/index.php?rest_route=\/wp\/v2\/types\/post"}],"author":[{"embeddable":true,"href":"https:\/\/digitalsantotome.com.ar\/index.php?rest_route=\/wp\/v2\/users\/2"}],"replies":[{"embeddable":true,"href":"https:\/\/digitalsantotome.com.ar\/index.php?rest_route=%2Fwp%2Fv2%2Fcomments&post=17234"}],"version-history":[{"count":1,"href":"https:\/\/digitalsantotome.com.ar\/index.php?rest_route=\/wp\/v2\/posts\/17234\/revisions"}],"predecessor-version":[{"id":17236,"href":"https:\/\/digitalsantotome.com.ar\/index.php?rest_route=\/wp\/v2\/posts\/17234\/revisions\/17236"}],"wp:featuredmedia":[{"embeddable":true,"href":"https:\/\/digitalsantotome.com.ar\/index.php?rest_route=\/wp\/v2\/media\/17235"}],"wp:attachment":[{"href":"https:\/\/digitalsantotome.com.ar\/index.php?rest_route=%2Fwp%2Fv2%2Fmedia&parent=17234"}],"wp:term":[{"taxonomy":"category","embeddable":true,"href":"https:\/\/digitalsantotome.com.ar\/index.php?rest_route=%2Fwp%2Fv2%2Fcategories&post=17234"},{"taxonomy":"post_tag","embeddable":true,"href":"https:\/\/digitalsantotome.com.ar\/index.php?rest_route=%2Fwp%2Fv2%2Ftags&post=17234"}],"curies":[{"name":"wp","href":"https:\/\/api.w.org\/{rel}","templated":true}]}}