{"id":17238,"date":"2026-09-01T20:49:08","date_gmt":"2026-09-01T23:49:08","guid":{"rendered":"https:\/\/digitalsantotome.com.ar\/?p=17238"},"modified":"2026-09-01T20:49:26","modified_gmt":"2026-09-01T23:49:26","slug":"lo-que-dejo-la-visita-del-gobernador-juan-pablo-valdes-a-santo-tome","status":"publish","type":"post","link":"https:\/\/digitalsantotome.com.ar\/?p=17238","title":{"rendered":"Lo que dej\u00f3 la visita del gobernador Juan Pablo Vald\u00e9s a Santo Tom\u00e9"},"content":{"rendered":"<p>SANTO TOME. El intendente municipal Augusto Suaid se explay\u00f3 recientemente sobre lo que dej\u00f3 de positivo la visita del gobernador Juan Pablo Vald\u00e9s el pasado d\u00eda 27 de agosto para participar de los festejos por un aniversario m\u00e1s de la refundaci\u00f3n de esta ciudad. Calific\u00f3 como muy positiva la presencia del primer mandatario provincial y el apoyo del gobierno provincial a aquellas iniciativas que tienden a promover fuentes de trabajo, especialmente en la actividad foresto-industrial.\u00a0 A su vez confirm\u00f3 que con el anuncio del gobernador que se va a comenzar a construir el nuevo cors\u00f3dromo en la zona cercana al acceso al Puente Internacional, la fiesta del carnaval est\u00e1 asegurada su realizaci\u00f3n al igual que la 60\u00b0 Edici\u00f3n del Festival del Folclore Correntino en el mes de diciembre. Este y otros temas, estuvieron en la entrevista radial del programa \u201cAgenda Abierta\u201d este lunes \u00faltimo.<\/p>\n<div class=\"entry-content-asset videofit\"><iframe title=\"Nota radial con el intendente Augusto Suaid\" width=\"720\" height=\"405\" src=\"https:\/\/www.youtube.com\/embed\/6zZCRXiqFos?feature=oembed\" frameborder=\"0\" allow=\"accelerometer; autoplay; clipboard-write; encrypted-media; gyroscope; picture-in-picture; web-share\" referrerpolicy=\"strict-origin-when-cross-origin\" allowfullscreen><\/iframe><\/div>\n","protected":false},"excerpt":{"rendered":"<p>SANTO TOME. El intendente municipal Augusto Suaid se explay\u00f3 recientemente sobre lo que dej\u00f3 de positivo la visita del gobernador Juan Pablo Vald\u00e9s el pasado d\u00eda 27 de agosto para participar de los festejos por un aniversario m\u00e1s de la refundaci\u00f3n de esta ciudad. Calific\u00f3 como muy positiva la presencia del primer mandatario provincial y&#8230;<\/p>\n","protected":false},"author":2,"featured_media":17239,"comment_status":"closed","ping_status":"closed","sticky":false,"template":"","format":"standard","meta":{"_kad_post_transparent":"default","_kad_post_title":"default","_kad_post_layout":"default","_kad_post_sidebar_id":"","_kad_post_content_style":"default","_kad_post_vertical_padding":"default","_kad_post_feature":"","_kad_post_feature_position":"","_kad_post_header":false,"_kad_post_footer":false,"_kad_post_classname":"","footnotes":""},"categories":[5],"tags":[],"class_list":["post-17238","post","type-post","status-publish","format-standard","has-post-thumbnail","hentry","category-destacadas"],"a3_pvc":{"activated":false,"total_views":0,"today_views":0},"yoast_head":"<!-- This site is optimized with the Yoast SEO plugin v28.4 - https:\/\/yoast.com\/product\/yoast-seo-wordpress\/ -->\n<title>Lo que dej\u00f3 la visita del gobernador Juan Pablo Vald\u00e9s a Santo Tom\u00e9 - Digital Santo Tom\u00e9<\/title>\n<meta name=\"robots\" content=\"index, follow, max-snippet:-1, max-image-preview:large, max-video-preview:-1\" \/>\n<link rel=\"canonical\" href=\"https:\/\/digitalsantotome.com.ar\/?p=17238\" \/>\n<meta property=\"og:locale\" content=\"es_ES\" \/>\n<meta property=\"og:type\" content=\"article\" \/>\n<meta property=\"og:title\" content=\"Lo que dej\u00f3 la visita del gobernador Juan Pablo Vald\u00e9s a Santo Tom\u00e9 - Digital Santo Tom\u00e9\" \/>\n<meta property=\"og:description\" content=\"SANTO TOME. El intendente municipal Augusto Suaid se explay\u00f3 recientemente sobre lo que dej\u00f3 de positivo la visita del gobernador Juan Pablo Vald\u00e9s el pasado d\u00eda 27 de agosto para participar de los festejos por un aniversario m\u00e1s de la refundaci\u00f3n de esta ciudad. Calific\u00f3 como muy positiva la presencia del primer mandatario provincial y...\" \/>\n<meta property=\"og:url\" content=\"https:\/\/digitalsantotome.com.ar\/?p=17238\" \/>\n<meta property=\"og:site_name\" content=\"Digital Santo Tom\u00e9\" \/>\n<meta property=\"article:published_time\" content=\"2026-09-01T23:49:08+00:00\" \/>\n<meta property=\"article:modified_time\" content=\"2026-09-01T23:49:26+00:00\" \/>\n<meta property=\"og:image\" content=\"https:\/\/digitalsantotome.com.ar\/wp-content\/uploads\/2026\/09\/IMG-20260901-WA0029.jpg\" \/>\n\t<meta property=\"og:image:width\" content=\"1280\" \/>\n\t<meta property=\"og:image:height\" content=\"720\" \/>\n\t<meta property=\"og:image:type\" content=\"image\/jpeg\" \/>\n<meta name=\"author\" content=\"Jose Carlos Machado\" \/>\n<meta name=\"twitter:card\" content=\"summary_large_image\" \/>\n<meta name=\"twitter:label1\" content=\"Escrito por\" \/>\n\t<meta name=\"twitter:data1\" content=\"Jose Carlos Machado\" \/>\n\t<meta name=\"twitter:label2\" content=\"Tiempo de lectura\" \/>\n\t<meta name=\"twitter:data2\" content=\"1 minuto\" \/>\n<script type=\"application\/ld+json\" class=\"yoast-schema-graph\">{\"@context\":\"https:\\\/\\\/schema.org\",\"@graph\":[{\"@type\":\"Article\",\"@id\":\"https:\\\/\\\/digitalsantotome.com.ar\\\/?p=17238#article\",\"isPartOf\":{\"@id\":\"https:\\\/\\\/digitalsantotome.com.ar\\\/?p=17238\"},\"author\":{\"name\":\"Jose Carlos Machado\",\"@id\":\"https:\\\/\\\/digitalsantotome.com.ar\\\/#\\\/schema\\\/person\\\/8991d8822886fedd92ce7f03817e1bdf\"},\"headline\":\"Lo que dej\u00f3 la visita del gobernador Juan Pablo Vald\u00e9s a Santo Tom\u00e9\",\"datePublished\":\"2026-09-01T23:49:08+00:00\",\"dateModified\":\"2026-09-01T23:49:26+00:00\",\"mainEntityOfPage\":{\"@id\":\"https:\\\/\\\/digitalsantotome.com.ar\\\/?p=17238\"},\"wordCount\":170,\"publisher\":{\"@id\":\"https:\\\/\\\/digitalsantotome.com.ar\\\/#organization\"},\"image\":{\"@id\":\"https:\\\/\\\/digitalsantotome.com.ar\\\/?p=17238#primaryimage\"},\"thumbnailUrl\":\"https:\\\/\\\/digitalsantotome.com.ar\\\/wp-content\\\/uploads\\\/2026\\\/09\\\/IMG-20260901-WA0029.jpg\",\"articleSection\":[\"Destacadas\"],\"inLanguage\":\"es\"},{\"@type\":\"WebPage\",\"@id\":\"https:\\\/\\\/digitalsantotome.com.ar\\\/?p=17238\",\"url\":\"https:\\\/\\\/digitalsantotome.com.ar\\\/?p=17238\",\"name\":\"Lo que dej\u00f3 la visita del gobernador Juan Pablo Vald\u00e9s a Santo Tom\u00e9 - Digital Santo Tom\u00e9\",\"isPartOf\":{\"@id\":\"https:\\\/\\\/digitalsantotome.com.ar\\\/#website\"},\"primaryImageOfPage\":{\"@id\":\"https:\\\/\\\/digitalsantotome.com.ar\\\/?p=17238#primaryimage\"},\"image\":{\"@id\":\"https:\\\/\\\/digitalsantotome.com.ar\\\/?p=17238#primaryimage\"},\"thumbnailUrl\":\"https:\\\/\\\/digitalsantotome.com.ar\\\/wp-content\\\/uploads\\\/2026\\\/09\\\/IMG-20260901-WA0029.jpg\",\"datePublished\":\"2026-09-01T23:49:08+00:00\",\"dateModified\":\"2026-09-01T23:49:26+00:00\",\"breadcrumb\":{\"@id\":\"https:\\\/\\\/digitalsantotome.com.ar\\\/?p=17238#breadcrumb\"},\"inLanguage\":\"es\",\"potentialAction\":[{\"@type\":\"ReadAction\",\"target\":[\"https:\\\/\\\/digitalsantotome.com.ar\\\/?p=17238\"]}]},{\"@type\":\"ImageObject\",\"inLanguage\":\"es\",\"@id\":\"https:\\\/\\\/digitalsantotome.com.ar\\\/?p=17238#primaryimage\",\"url\":\"https:\\\/\\\/digitalsantotome.com.ar\\\/wp-content\\\/uploads\\\/2026\\\/09\\\/IMG-20260901-WA0029.jpg\",\"contentUrl\":\"https:\\\/\\\/digitalsantotome.com.ar\\\/wp-content\\\/uploads\\\/2026\\\/09\\\/IMG-20260901-WA0029.jpg\",\"width\":1280,\"height\":720},{\"@type\":\"BreadcrumbList\",\"@id\":\"https:\\\/\\\/digitalsantotome.com.ar\\\/?p=17238#breadcrumb\",\"itemListElement\":[{\"@type\":\"ListItem\",\"position\":1,\"name\":\"Portada\",\"item\":\"https:\\\/\\\/digitalsantotome.com.ar\\\/\"},{\"@type\":\"ListItem\",\"position\":2,\"name\":\"Lo que dej\u00f3 la visita del gobernador Juan Pablo Vald\u00e9s a Santo Tom\u00e9\"}]},{\"@type\":\"WebSite\",\"@id\":\"https:\\\/\\\/digitalsantotome.com.ar\\\/#website\",\"url\":\"https:\\\/\\\/digitalsantotome.com.ar\\\/\",\"name\":\"Digital Santo Tom\u00e9\",\"description\":\"Noticias desde Santo Tom\u00e9 al Mundo \u2013 La informacion que decide\",\"publisher\":{\"@id\":\"https:\\\/\\\/digitalsantotome.com.ar\\\/#organization\"},\"potentialAction\":[{\"@type\":\"SearchAction\",\"target\":{\"@type\":\"EntryPoint\",\"urlTemplate\":\"https:\\\/\\\/digitalsantotome.com.ar\\\/?s={search_term_string}\"},\"query-input\":{\"@type\":\"PropertyValueSpecification\",\"valueRequired\":true,\"valueName\":\"search_term_string\"}}],\"inLanguage\":\"es\"},{\"@type\":\"Organization\",\"@id\":\"https:\\\/\\\/digitalsantotome.com.ar\\\/#organization\",\"name\":\"Digital Santo Tom\u00e9\",\"url\":\"https:\\\/\\\/digitalsantotome.com.ar\\\/\",\"logo\":{\"@type\":\"ImageObject\",\"inLanguage\":\"es\",\"@id\":\"https:\\\/\\\/digitalsantotome.com.ar\\\/#\\\/schema\\\/logo\\\/image\\\/\",\"url\":\"https:\\\/\\\/digitalsantotome.com.ar\\\/wp-content\\\/uploads\\\/2023\\\/01\\\/facebook.jpg\",\"contentUrl\":\"https:\\\/\\\/digitalsantotome.com.ar\\\/wp-content\\\/uploads\\\/2023\\\/01\\\/facebook.jpg\",\"width\":512,\"height\":376,\"caption\":\"Digital Santo Tom\u00e9\"},\"image\":{\"@id\":\"https:\\\/\\\/digitalsantotome.com.ar\\\/#\\\/schema\\\/logo\\\/image\\\/\"}},{\"@type\":\"Person\",\"@id\":\"https:\\\/\\\/digitalsantotome.com.ar\\\/#\\\/schema\\\/person\\\/8991d8822886fedd92ce7f03817e1bdf\",\"name\":\"Jose Carlos Machado\",\"url\":\"https:\\\/\\\/digitalsantotome.com.ar\\\/?author=2\"}]}<\/script>\n<!-- \/ Yoast SEO plugin. -->","yoast_head_json":{"title":"Lo que dej\u00f3 la visita del gobernador Juan Pablo Vald\u00e9s a Santo Tom\u00e9 - Digital Santo Tom\u00e9","robots":{"index":"index","follow":"follow","max-snippet":"max-snippet:-1","max-image-preview":"max-image-preview:large","max-video-preview":"max-video-preview:-1"},"canonical":"https:\/\/digitalsantotome.com.ar\/?p=17238","og_locale":"es_ES","og_type":"article","og_title":"Lo que dej\u00f3 la visita del gobernador Juan Pablo Vald\u00e9s a Santo Tom\u00e9 - Digital Santo Tom\u00e9","og_description":"SANTO TOME. El intendente municipal Augusto Suaid se explay\u00f3 recientemente sobre lo que dej\u00f3 de positivo la visita del gobernador Juan Pablo Vald\u00e9s el pasado d\u00eda 27 de agosto para participar de los festejos por un aniversario m\u00e1s de la refundaci\u00f3n de esta ciudad. Calific\u00f3 como muy positiva la presencia del primer mandatario provincial y...","og_url":"https:\/\/digitalsantotome.com.ar\/?p=17238","og_site_name":"Digital Santo Tom\u00e9","article_published_time":"2026-09-01T23:49:08+00:00","article_modified_time":"2026-09-01T23:49:26+00:00","og_image":[{"width":1280,"height":720,"url":"https:\/\/digitalsantotome.com.ar\/wp-content\/uploads\/2026\/09\/IMG-20260901-WA0029.jpg","type":"image\/jpeg"}],"author":"Jose Carlos Machado","twitter_card":"summary_large_image","twitter_misc":{"Escrito por":"Jose Carlos Machado","Tiempo de lectura":"1 minuto"},"schema":{"@context":"https:\/\/schema.org","@graph":[{"@type":"Article","@id":"https:\/\/digitalsantotome.com.ar\/?p=17238#article","isPartOf":{"@id":"https:\/\/digitalsantotome.com.ar\/?p=17238"},"author":{"name":"Jose Carlos Machado","@id":"https:\/\/digitalsantotome.com.ar\/#\/schema\/person\/8991d8822886fedd92ce7f03817e1bdf"},"headline":"Lo que dej\u00f3 la visita del gobernador Juan Pablo Vald\u00e9s a Santo Tom\u00e9","datePublished":"2026-09-01T23:49:08+00:00","dateModified":"2026-09-01T23:49:26+00:00","mainEntityOfPage":{"@id":"https:\/\/digitalsantotome.com.ar\/?p=17238"},"wordCount":170,"publisher":{"@id":"https:\/\/digitalsantotome.com.ar\/#organization"},"image":{"@id":"https:\/\/digitalsantotome.com.ar\/?p=17238#primaryimage"},"thumbnailUrl":"https:\/\/digitalsantotome.com.ar\/wp-content\/uploads\/2026\/09\/IMG-20260901-WA0029.jpg","articleSection":["Destacadas"],"inLanguage":"es"},{"@type":"WebPage","@id":"https:\/\/digitalsantotome.com.ar\/?p=17238","url":"https:\/\/digitalsantotome.com.ar\/?p=17238","name":"Lo que dej\u00f3 la visita del gobernador Juan Pablo Vald\u00e9s a Santo Tom\u00e9 - Digital Santo Tom\u00e9","isPartOf":{"@id":"https:\/\/digitalsantotome.com.ar\/#website"},"primaryImageOfPage":{"@id":"https:\/\/digitalsantotome.com.ar\/?p=17238#primaryimage"},"image":{"@id":"https:\/\/digitalsantotome.com.ar\/?p=17238#primaryimage"},"thumbnailUrl":"https:\/\/digitalsantotome.com.ar\/wp-content\/uploads\/2026\/09\/IMG-20260901-WA0029.jpg","datePublished":"2026-09-01T23:49:08+00:00","dateModified":"2026-09-01T23:49:26+00:00","breadcrumb":{"@id":"https:\/\/digitalsantotome.com.ar\/?p=17238#breadcrumb"},"inLanguage":"es","potentialAction":[{"@type":"ReadAction","target":["https:\/\/digitalsantotome.com.ar\/?p=17238"]}]},{"@type":"ImageObject","inLanguage":"es","@id":"https:\/\/digitalsantotome.com.ar\/?p=17238#primaryimage","url":"https:\/\/digitalsantotome.com.ar\/wp-content\/uploads\/2026\/09\/IMG-20260901-WA0029.jpg","contentUrl":"https:\/\/digitalsantotome.com.ar\/wp-content\/uploads\/2026\/09\/IMG-20260901-WA0029.jpg","width":1280,"height":720},{"@type":"BreadcrumbList","@id":"https:\/\/digitalsantotome.com.ar\/?p=17238#breadcrumb","itemListElement":[{"@type":"ListItem","position":1,"name":"Portada","item":"https:\/\/digitalsantotome.com.ar\/"},{"@type":"ListItem","position":2,"name":"Lo que dej\u00f3 la visita del gobernador Juan Pablo Vald\u00e9s a Santo Tom\u00e9"}]},{"@type":"WebSite","@id":"https:\/\/digitalsantotome.com.ar\/#website","url":"https:\/\/digitalsantotome.com.ar\/","name":"Digital Santo Tom\u00e9","description":"Noticias desde Santo Tom\u00e9 al Mundo \u2013 La informacion que decide","publisher":{"@id":"https:\/\/digitalsantotome.com.ar\/#organization"},"potentialAction":[{"@type":"SearchAction","target":{"@type":"EntryPoint","urlTemplate":"https:\/\/digitalsantotome.com.ar\/?s={search_term_string}"},"query-input":{"@type":"PropertyValueSpecification","valueRequired":true,"valueName":"search_term_string"}}],"inLanguage":"es"},{"@type":"Organization","@id":"https:\/\/digitalsantotome.com.ar\/#organization","name":"Digital Santo Tom\u00e9","url":"https:\/\/digitalsantotome.com.ar\/","logo":{"@type":"ImageObject","inLanguage":"es","@id":"https:\/\/digitalsantotome.com.ar\/#\/schema\/logo\/image\/","url":"https:\/\/digitalsantotome.com.ar\/wp-content\/uploads\/2023\/01\/facebook.jpg","contentUrl":"https:\/\/digitalsantotome.com.ar\/wp-content\/uploads\/2023\/01\/facebook.jpg","width":512,"height":376,"caption":"Digital Santo Tom\u00e9"},"image":{"@id":"https:\/\/digitalsantotome.com.ar\/#\/schema\/logo\/image\/"}},{"@type":"Person","@id":"https:\/\/digitalsantotome.com.ar\/#\/schema\/person\/8991d8822886fedd92ce7f03817e1bdf","name":"Jose Carlos Machado","url":"https:\/\/digitalsantotome.com.ar\/?author=2"}]}},"_links":{"self":[{"href":"https:\/\/digitalsantotome.com.ar\/index.php?rest_route=\/wp\/v2\/posts\/17238","targetHints":{"allow":["GET"]}}],"collection":[{"href":"https:\/\/digitalsantotome.com.ar\/index.php?rest_route=\/wp\/v2\/posts"}],"about":[{"href":"https:\/\/digitalsantotome.com.ar\/index.php?rest_route=\/wp\/v2\/types\/post"}],"author":[{"embeddable":true,"href":"https:\/\/digitalsantotome.com.ar\/index.php?rest_route=\/wp\/v2\/users\/2"}],"replies":[{"embeddable":true,"href":"https:\/\/digitalsantotome.com.ar\/index.php?rest_route=%2Fwp%2Fv2%2Fcomments&post=17238"}],"version-history":[{"count":1,"href":"https:\/\/digitalsantotome.com.ar\/index.php?rest_route=\/wp\/v2\/posts\/17238\/revisions"}],"predecessor-version":[{"id":17240,"href":"https:\/\/digitalsantotome.com.ar\/index.php?rest_route=\/wp\/v2\/posts\/17238\/revisions\/17240"}],"wp:featuredmedia":[{"embeddable":true,"href":"https:\/\/digitalsantotome.com.ar\/index.php?rest_route=\/wp\/v2\/media\/17239"}],"wp:attachment":[{"href":"https:\/\/digitalsantotome.com.ar\/index.php?rest_route=%2Fwp%2Fv2%2Fmedia&parent=17238"}],"wp:term":[{"taxonomy":"category","embeddable":true,"href":"https:\/\/digitalsantotome.com.ar\/index.php?rest_route=%2Fwp%2Fv2%2Fcategories&post=17238"},{"taxonomy":"post_tag","embeddable":true,"href":"https:\/\/digitalsantotome.com.ar\/index.php?rest_route=%2Fwp%2Fv2%2Ftags&post=17238"}],"curies":[{"name":"wp","href":"https:\/\/api.w.org\/{rel}","templated":true}]}}