{"id":17244,"date":"2026-09-02T09:03:55","date_gmt":"2026-09-02T12:03:55","guid":{"rendered":"https:\/\/digitalsantotome.com.ar\/?p=17244"},"modified":"2026-09-02T09:04:04","modified_gmt":"2026-09-02T12:04:04","slug":"a-nivel-nacional-advierten-crisis-financiera-de-los-centros-de-dialisis","status":"publish","type":"post","link":"https:\/\/digitalsantotome.com.ar\/?p=17244","title":{"rendered":"A nivel nacional advierten crisis financiera de los centros de di\u00e1lisis"},"content":{"rendered":"<div class=\"row\">\n<div id=\"conte\" class=\"span6 base\">\n<p>CORRIENTES. El subsecretario de Salud y coordinador de Pol\u00edticas Sanitarias del Ministerio de Salud P\u00fablica de Corrientes, Alfredo Revidatti, advirti\u00f3 sobre la situaci\u00f3n financiera que atraviesan los centros de di\u00e1lisis de todo el pa\u00eds debido al congelamiento de los pagos de PAMI y sostuvo que el sector debe afrontar una inflaci\u00f3n superior al 33% mientras mantiene desde hace aproximadamente un a\u00f1o y medio el mismo valor por las prestaciones.<\/p>\n<p>El m\u00e9dico se\u00f1al\u00f3 que los establecimientos deben sostener la calidad del tratamiento y garantizar la atenci\u00f3n de personas con insuficiencia renal cr\u00f3nica, cuyos ri\u00f1ones no cumplen adecuadamente su funci\u00f3n y dependen de la di\u00e1lisis para mantenerse con vida. \u00abLa situaci\u00f3n en realidad es compleja para todos los centros del pa\u00eds porque el PAMI ha tomado una postura en el pa\u00eds de tener m\u00e1s de un 33 por pico de inflaci\u00f3n y hace un a\u00f1o y medio que los centros de di\u00e1lisis tenemos que dializar con un precio que no podemos, se nos hace imposible seguir con un precio de di\u00e1lisis donde hay que mantener s\u00ed o s\u00ed la calidad y mantener con vida a los pacientes\u00bb, expres\u00f3.<\/p>\n<p>Revidatti explic\u00f3 que la problem\u00e1tica es abordada a nivel nacional por la Confederaci\u00f3n Argentina de Centros de Di\u00e1lisis, entidad que re\u00fane a las asociaciones del sector y de la cual Corrientes forma parte como una de las instituciones fundadoras. El funcionario indic\u00f3 que los centros de las cuatro provincias del Nordeste que facturan prestaciones a PAMI participan de ese espacio y que la Confederaci\u00f3n realiz\u00f3 un llamado nacional para visibilizar las dificultades derivadas del actual esquema de financiamiento. \u00abNos vemos ahora en esto de la confederaci\u00f3n que hizo un llamado nacional para hacer ver que no se puede seguir con la prestaci\u00f3n de esta forma\u00bb, afirm\u00f3, y agreg\u00f3 que existe \u00abuna preocupaci\u00f3n\u00bb generalizada entre los establecimientos que deben continuar brindando los tratamientos pese a la falta de actualizaci\u00f3n de los valores.<\/p>\n<p>El funcionario remarc\u00f3 que los centros de di\u00e1lisis no cuentan con la posibilidad de interrumpir la atenci\u00f3n de los pacientes de PAMI y trasladarlos a otras instituciones, debido a las caracter\u00edsticas del tratamiento y a la cantidad de personas que requieren este tipo de prestaci\u00f3n. Revidatti diferenci\u00f3 esta situaci\u00f3n de la que puede presentarse en otros establecimientos de salud, donde un prestador puede dejar de brindar determinada atenci\u00f3n y el paciente puede recurrir a un hospital u otra instituci\u00f3n. \u00abUna cl\u00ednica dice, \u2018Yo no hago\u2019. Y el paciente se va al hospital, como por ah\u00ed pasan muchos lugares, pero tiene una opci\u00f3n. Nosotros en este caso no tenemos opciones, o sea, no hay un lugar donde pueda en la provincia y en las provincias vecinas donde se puedan atender la cantidad de personas que requieren el tratamiento de di\u00e1lisis\u00bb, se\u00f1al\u00f3.<\/p>\n<p><strong>EL RECLAMO POR LA ACTUALIZACI\u00d3N DE LOS VALORES<\/strong><\/p>\n<p>Revidatti sostuvo que los centros contin\u00faan atendiendo a sus pacientes y que la situaci\u00f3n tambi\u00e9n implica una responsabilidad directa frente a quienes dependen de las sesiones de di\u00e1lisis. En ese marco, indic\u00f3 que el reclamo apunta a que PAMI convoque a los prestadores y permita discutir una actualizaci\u00f3n de los montos que actualmente reciben por las prestaciones. \u00abNo le planteamos esto al paciente directamente\u00bb, explic\u00f3, aunque consider\u00f3 necesario que los afiliados conozcan la situaci\u00f3n y reclamen ante la obra social. Seg\u00fan el funcionario, el objetivo es que los pacientes puedan plantear que reciben el tratamiento de sus m\u00e9dicos y de los centros, mientras que la obra social debe asumir la discusi\u00f3n sobre los valores abonados. \u00abA m\u00ed mi m\u00e9dico me cumple, el centro cumple y ustedes no est\u00e1n sent\u00e1ndose a conversar y hablar porque realmente este monto es irrisorio\u00bb, sostuvo.<\/p>\n<p>El subsecretario de Salud precis\u00f3 que la discusi\u00f3n por el financiamiento de las prestaciones de di\u00e1lisis no se desarrolla en la delegaci\u00f3n local de PAMI, sino en el \u00e1mbito nacional. \u00abEsto se discute a nivel nacional. Esto no es ac\u00e1\u00bb, afirm\u00f3 ante la consulta sobre la situaci\u00f3n de los centros correntinos. En ese sentido, indic\u00f3 que los reclamos que puedan realizar los pacientes de la provincia tambi\u00e9n pueden contribuir a que la situaci\u00f3n sea planteada ante las autoridades nacionales y pidi\u00f3 que los afiliados defiendan sus intereses frente a la obra social. Revidatti se\u00f1al\u00f3 adem\u00e1s que el problema excede a los establecimientos de Corrientes y forma parte de una discusi\u00f3n que alcanza a los centros de di\u00e1lisis de todo el pa\u00eds.<\/p>\n<p>El m\u00e9dico tambi\u00e9n se refiri\u00f3 a la necesidad de definir qui\u00e9n debe intervenir para resolver la falta de actualizaci\u00f3n de los valores y mencion\u00f3 que existen reclamos similares vinculados con otras prestaciones de salud. \u00abEn alg\u00fan momento el gobierno nacional va a tener que, mira, no s\u00e9 si el gobierno nacional o el PAMI, la verdad que no sabemos d\u00f3nde est\u00e1 el punto donde dice \u2018che esto no le paguen, no aumenten\u2019. No sabemos qui\u00e9n est\u00e1 cortando este tema de la negociaci\u00f3n, por lo menos yo no s\u00e9\u00bb, manifest\u00f3. En relaci\u00f3n con los pacientes que necesitan tratamientos de di\u00e1lisis, remarc\u00f3 que no existe la posibilidad de suspender las prestaciones como mecanismo de presi\u00f3n. \u00abNo podemos, no podemos dejar nuestros pacientes indializados porque se mueren\u00bb, afirm\u00f3, y explic\u00f3 que una persona cuyos ri\u00f1ones no funcionan adecuadamente solo puede permanecer un per\u00edodo limitado sin recibir el tratamiento.<\/p>\n<p><strong>LOS PACIENTES ALCANZADOS Y LA SITUACI\u00d3N NACIONAL<\/strong><\/p>\n<p>Revidatti se\u00f1al\u00f3 que la falta de actualizaci\u00f3n de los valores se produce mientras los centros deben afrontar los costos asociados al funcionamiento de los servicios de di\u00e1lisis y mantener las condiciones necesarias para garantizar las prestaciones.<\/p>\n<p>El funcionario indic\u00f3 que la Confederaci\u00f3n Argentina de Centros de Di\u00e1lisis viene reclamando desde hace m\u00e1s de un a\u00f1o una actualizaci\u00f3n del monto abonado por las sesiones. \u00abPor eso que reclamamos al ente que nos nuclea que la Confederaci\u00f3n Argentina de Centros de Di\u00e1lisis, donde ya hace tiempo que dir\u00eda esto hace un a\u00f1o y pico que est\u00e1 reclamando el aumento del monto de la di\u00e1lisis\u00bb, sostuvo. En ese sentido, reiter\u00f3 que los establecimientos no pueden sostener indefinidamente el servicio con valores que, seg\u00fan plante\u00f3, no acompa\u00f1aron la evoluci\u00f3n de los costos.<\/p>\n<p>Respecto del alcance de la prestaci\u00f3n, Revidatti indic\u00f3 inicialmente que en el conjunto de centros vinculados con su \u00e1mbito de referencia existen alrededor de 800 pacientes, de los cuales estim\u00f3 que entre 250 y 300 corresponden a PAMI, mientras que los restantes pertenecen a otras obras sociales.<\/p>\n<p>Luego, al ser consultado por la cantidad de afiliados alcanzados a nivel nacional, se\u00f1al\u00f3 que la cifra supera los 6.000 y posteriormente corrigi\u00f3 su estimaci\u00f3n para situarla \u00abm\u00e1s de 10.000\u00bb, al considerar que existen provincias donde la proporci\u00f3n de pacientes de PAMI es particularmente elevada. De esta manera, el funcionario ubic\u00f3 el conflicto de financiamiento en un escenario que involucra a una cantidad significativa de personas que requieren tratamientos peri\u00f3dicos de di\u00e1lisis y a los centros encargados de brindarlos.<\/p>\n<p>El reclamo de los centros de di\u00e1lisis se concentra, seg\u00fan Revidatti, en la necesidad de que PAMI actualice los valores de las prestaciones y establezca un \u00e1mbito de negociaci\u00f3n que permita adecuar el financiamiento a las condiciones econ\u00f3micas actuales.<\/p>\n<p>El funcionario reiter\u00f3 que los establecimientos deben continuar atendiendo a los pacientes mientras sostienen los costos del servicio y que la situaci\u00f3n es discutida por la Confederaci\u00f3n Argentina de Centros de Di\u00e1lisis en representaci\u00f3n de las instituciones del sector. \u00abTodo el mundo, todo el pa\u00eds est\u00e1 preocupado pensando qu\u00e9 vamos a hacer con esta situaci\u00f3n, c\u00f3mo vamos a plantear esto, de qu\u00e9 forma\u00bb, expres\u00f3.<\/p>\n<p>Revidatti sostuvo que el reclamo busca una respuesta institucional que permita garantizar la continuidad de las prestaciones de di\u00e1lisis para los afiliados de PAMI.<\/p>\n<\/div>\n<div><\/div>\n<\/div>\n<div>Fuente: Momarandu.com<\/div>\n","protected":false},"excerpt":{"rendered":"<p>CORRIENTES. El subsecretario de Salud y coordinador de Pol\u00edticas Sanitarias del Ministerio de Salud P\u00fablica de Corrientes, Alfredo Revidatti, advirti\u00f3 sobre la situaci\u00f3n financiera que atraviesan los centros de di\u00e1lisis de todo el pa\u00eds debido al congelamiento de los pagos de PAMI y sostuvo que el sector debe afrontar una inflaci\u00f3n superior al 33% mientras&#8230;<\/p>\n","protected":false},"author":2,"featured_media":17245,"comment_status":"closed","ping_status":"closed","sticky":false,"template":"","format":"standard","meta":{"_kad_post_transparent":"default","_kad_post_title":"default","_kad_post_layout":"default","_kad_post_sidebar_id":"","_kad_post_content_style":"default","_kad_post_vertical_padding":"default","_kad_post_feature":"","_kad_post_feature_position":"","_kad_post_header":false,"_kad_post_footer":false,"_kad_post_classname":"","footnotes":""},"categories":[2],"tags":[],"class_list":["post-17244","post","type-post","status-publish","format-standard","has-post-thumbnail","hentry","category-provinciales"],"a3_pvc":{"activated":false,"total_views":0,"today_views":0},"yoast_head":"<!-- This site is optimized with the Yoast SEO plugin v28.4 - https:\/\/yoast.com\/product\/yoast-seo-wordpress\/ -->\n<title>A nivel nacional advierten crisis financiera de los centros de di\u00e1lisis - Digital Santo Tom\u00e9<\/title>\n<meta name=\"robots\" content=\"index, follow, max-snippet:-1, max-image-preview:large, max-video-preview:-1\" \/>\n<link rel=\"canonical\" href=\"https:\/\/digitalsantotome.com.ar\/?p=17244\" \/>\n<meta property=\"og:locale\" content=\"es_ES\" \/>\n<meta property=\"og:type\" content=\"article\" \/>\n<meta property=\"og:title\" content=\"A nivel nacional advierten crisis financiera de los centros de di\u00e1lisis - Digital Santo Tom\u00e9\" \/>\n<meta property=\"og:description\" content=\"CORRIENTES. El subsecretario de Salud y coordinador de Pol\u00edticas Sanitarias del Ministerio de Salud P\u00fablica de Corrientes, Alfredo Revidatti, advirti\u00f3 sobre la situaci\u00f3n financiera que atraviesan los centros de di\u00e1lisis de todo el pa\u00eds debido al congelamiento de los pagos de PAMI y sostuvo que el sector debe afrontar una inflaci\u00f3n superior al 33% mientras...\" \/>\n<meta property=\"og:url\" content=\"https:\/\/digitalsantotome.com.ar\/?p=17244\" \/>\n<meta property=\"og:site_name\" content=\"Digital Santo Tom\u00e9\" \/>\n<meta property=\"article:published_time\" content=\"2026-09-02T12:03:55+00:00\" \/>\n<meta property=\"article:modified_time\" content=\"2026-09-02T12:04:04+00:00\" \/>\n<meta property=\"og:image\" content=\"https:\/\/digitalsantotome.com.ar\/wp-content\/uploads\/2026\/09\/images.jpg\" \/>\n\t<meta property=\"og:image:width\" content=\"739\" \/>\n\t<meta property=\"og:image:height\" content=\"415\" \/>\n\t<meta property=\"og:image:type\" content=\"image\/jpeg\" \/>\n<meta name=\"author\" content=\"Jose Carlos Machado\" \/>\n<meta name=\"twitter:card\" content=\"summary_large_image\" \/>\n<meta name=\"twitter:label1\" content=\"Escrito por\" \/>\n\t<meta name=\"twitter:data1\" content=\"Jose Carlos Machado\" \/>\n\t<meta name=\"twitter:label2\" content=\"Tiempo de lectura\" \/>\n\t<meta name=\"twitter:data2\" content=\"6 minutos\" \/>\n<script type=\"application\/ld+json\" class=\"yoast-schema-graph\">{\"@context\":\"https:\\\/\\\/schema.org\",\"@graph\":[{\"@type\":\"Article\",\"@id\":\"https:\\\/\\\/digitalsantotome.com.ar\\\/?p=17244#article\",\"isPartOf\":{\"@id\":\"https:\\\/\\\/digitalsantotome.com.ar\\\/?p=17244\"},\"author\":{\"name\":\"Jose Carlos Machado\",\"@id\":\"https:\\\/\\\/digitalsantotome.com.ar\\\/#\\\/schema\\\/person\\\/8991d8822886fedd92ce7f03817e1bdf\"},\"headline\":\"A nivel nacional advierten crisis financiera de los centros de di\u00e1lisis\",\"datePublished\":\"2026-09-02T12:03:55+00:00\",\"dateModified\":\"2026-09-02T12:04:04+00:00\",\"mainEntityOfPage\":{\"@id\":\"https:\\\/\\\/digitalsantotome.com.ar\\\/?p=17244\"},\"wordCount\":1382,\"publisher\":{\"@id\":\"https:\\\/\\\/digitalsantotome.com.ar\\\/#organization\"},\"image\":{\"@id\":\"https:\\\/\\\/digitalsantotome.com.ar\\\/?p=17244#primaryimage\"},\"thumbnailUrl\":\"https:\\\/\\\/digitalsantotome.com.ar\\\/wp-content\\\/uploads\\\/2026\\\/09\\\/images.jpg\",\"articleSection\":[\"Provinciales\"],\"inLanguage\":\"es\"},{\"@type\":\"WebPage\",\"@id\":\"https:\\\/\\\/digitalsantotome.com.ar\\\/?p=17244\",\"url\":\"https:\\\/\\\/digitalsantotome.com.ar\\\/?p=17244\",\"name\":\"A nivel nacional advierten crisis financiera de los centros de di\u00e1lisis - Digital Santo Tom\u00e9\",\"isPartOf\":{\"@id\":\"https:\\\/\\\/digitalsantotome.com.ar\\\/#website\"},\"primaryImageOfPage\":{\"@id\":\"https:\\\/\\\/digitalsantotome.com.ar\\\/?p=17244#primaryimage\"},\"image\":{\"@id\":\"https:\\\/\\\/digitalsantotome.com.ar\\\/?p=17244#primaryimage\"},\"thumbnailUrl\":\"https:\\\/\\\/digitalsantotome.com.ar\\\/wp-content\\\/uploads\\\/2026\\\/09\\\/images.jpg\",\"datePublished\":\"2026-09-02T12:03:55+00:00\",\"dateModified\":\"2026-09-02T12:04:04+00:00\",\"breadcrumb\":{\"@id\":\"https:\\\/\\\/digitalsantotome.com.ar\\\/?p=17244#breadcrumb\"},\"inLanguage\":\"es\",\"potentialAction\":[{\"@type\":\"ReadAction\",\"target\":[\"https:\\\/\\\/digitalsantotome.com.ar\\\/?p=17244\"]}]},{\"@type\":\"ImageObject\",\"inLanguage\":\"es\",\"@id\":\"https:\\\/\\\/digitalsantotome.com.ar\\\/?p=17244#primaryimage\",\"url\":\"https:\\\/\\\/digitalsantotome.com.ar\\\/wp-content\\\/uploads\\\/2026\\\/09\\\/images.jpg\",\"contentUrl\":\"https:\\\/\\\/digitalsantotome.com.ar\\\/wp-content\\\/uploads\\\/2026\\\/09\\\/images.jpg\",\"width\":739,\"height\":415},{\"@type\":\"BreadcrumbList\",\"@id\":\"https:\\\/\\\/digitalsantotome.com.ar\\\/?p=17244#breadcrumb\",\"itemListElement\":[{\"@type\":\"ListItem\",\"position\":1,\"name\":\"Portada\",\"item\":\"https:\\\/\\\/digitalsantotome.com.ar\\\/\"},{\"@type\":\"ListItem\",\"position\":2,\"name\":\"A nivel nacional advierten crisis financiera de los centros de di\u00e1lisis\"}]},{\"@type\":\"WebSite\",\"@id\":\"https:\\\/\\\/digitalsantotome.com.ar\\\/#website\",\"url\":\"https:\\\/\\\/digitalsantotome.com.ar\\\/\",\"name\":\"Digital Santo Tom\u00e9\",\"description\":\"Noticias desde Santo Tom\u00e9 al Mundo \u2013 La informacion que decide\",\"publisher\":{\"@id\":\"https:\\\/\\\/digitalsantotome.com.ar\\\/#organization\"},\"potentialAction\":[{\"@type\":\"SearchAction\",\"target\":{\"@type\":\"EntryPoint\",\"urlTemplate\":\"https:\\\/\\\/digitalsantotome.com.ar\\\/?s={search_term_string}\"},\"query-input\":{\"@type\":\"PropertyValueSpecification\",\"valueRequired\":true,\"valueName\":\"search_term_string\"}}],\"inLanguage\":\"es\"},{\"@type\":\"Organization\",\"@id\":\"https:\\\/\\\/digitalsantotome.com.ar\\\/#organization\",\"name\":\"Digital Santo Tom\u00e9\",\"url\":\"https:\\\/\\\/digitalsantotome.com.ar\\\/\",\"logo\":{\"@type\":\"ImageObject\",\"inLanguage\":\"es\",\"@id\":\"https:\\\/\\\/digitalsantotome.com.ar\\\/#\\\/schema\\\/logo\\\/image\\\/\",\"url\":\"https:\\\/\\\/digitalsantotome.com.ar\\\/wp-content\\\/uploads\\\/2023\\\/01\\\/facebook.jpg\",\"contentUrl\":\"https:\\\/\\\/digitalsantotome.com.ar\\\/wp-content\\\/uploads\\\/2023\\\/01\\\/facebook.jpg\",\"width\":512,\"height\":376,\"caption\":\"Digital Santo Tom\u00e9\"},\"image\":{\"@id\":\"https:\\\/\\\/digitalsantotome.com.ar\\\/#\\\/schema\\\/logo\\\/image\\\/\"}},{\"@type\":\"Person\",\"@id\":\"https:\\\/\\\/digitalsantotome.com.ar\\\/#\\\/schema\\\/person\\\/8991d8822886fedd92ce7f03817e1bdf\",\"name\":\"Jose Carlos Machado\",\"url\":\"https:\\\/\\\/digitalsantotome.com.ar\\\/?author=2\"}]}<\/script>\n<!-- \/ Yoast SEO plugin. -->","yoast_head_json":{"title":"A nivel nacional advierten crisis financiera de los centros de di\u00e1lisis - Digital Santo Tom\u00e9","robots":{"index":"index","follow":"follow","max-snippet":"max-snippet:-1","max-image-preview":"max-image-preview:large","max-video-preview":"max-video-preview:-1"},"canonical":"https:\/\/digitalsantotome.com.ar\/?p=17244","og_locale":"es_ES","og_type":"article","og_title":"A nivel nacional advierten crisis financiera de los centros de di\u00e1lisis - Digital Santo Tom\u00e9","og_description":"CORRIENTES. El subsecretario de Salud y coordinador de Pol\u00edticas Sanitarias del Ministerio de Salud P\u00fablica de Corrientes, Alfredo Revidatti, advirti\u00f3 sobre la situaci\u00f3n financiera que atraviesan los centros de di\u00e1lisis de todo el pa\u00eds debido al congelamiento de los pagos de PAMI y sostuvo que el sector debe afrontar una inflaci\u00f3n superior al 33% mientras...","og_url":"https:\/\/digitalsantotome.com.ar\/?p=17244","og_site_name":"Digital Santo Tom\u00e9","article_published_time":"2026-09-02T12:03:55+00:00","article_modified_time":"2026-09-02T12:04:04+00:00","og_image":[{"width":739,"height":415,"url":"https:\/\/digitalsantotome.com.ar\/wp-content\/uploads\/2026\/09\/images.jpg","type":"image\/jpeg"}],"author":"Jose Carlos Machado","twitter_card":"summary_large_image","twitter_misc":{"Escrito por":"Jose Carlos Machado","Tiempo de lectura":"6 minutos"},"schema":{"@context":"https:\/\/schema.org","@graph":[{"@type":"Article","@id":"https:\/\/digitalsantotome.com.ar\/?p=17244#article","isPartOf":{"@id":"https:\/\/digitalsantotome.com.ar\/?p=17244"},"author":{"name":"Jose Carlos Machado","@id":"https:\/\/digitalsantotome.com.ar\/#\/schema\/person\/8991d8822886fedd92ce7f03817e1bdf"},"headline":"A nivel nacional advierten crisis financiera de los centros de di\u00e1lisis","datePublished":"2026-09-02T12:03:55+00:00","dateModified":"2026-09-02T12:04:04+00:00","mainEntityOfPage":{"@id":"https:\/\/digitalsantotome.com.ar\/?p=17244"},"wordCount":1382,"publisher":{"@id":"https:\/\/digitalsantotome.com.ar\/#organization"},"image":{"@id":"https:\/\/digitalsantotome.com.ar\/?p=17244#primaryimage"},"thumbnailUrl":"https:\/\/digitalsantotome.com.ar\/wp-content\/uploads\/2026\/09\/images.jpg","articleSection":["Provinciales"],"inLanguage":"es"},{"@type":"WebPage","@id":"https:\/\/digitalsantotome.com.ar\/?p=17244","url":"https:\/\/digitalsantotome.com.ar\/?p=17244","name":"A nivel nacional advierten crisis financiera de los centros de di\u00e1lisis - Digital Santo Tom\u00e9","isPartOf":{"@id":"https:\/\/digitalsantotome.com.ar\/#website"},"primaryImageOfPage":{"@id":"https:\/\/digitalsantotome.com.ar\/?p=17244#primaryimage"},"image":{"@id":"https:\/\/digitalsantotome.com.ar\/?p=17244#primaryimage"},"thumbnailUrl":"https:\/\/digitalsantotome.com.ar\/wp-content\/uploads\/2026\/09\/images.jpg","datePublished":"2026-09-02T12:03:55+00:00","dateModified":"2026-09-02T12:04:04+00:00","breadcrumb":{"@id":"https:\/\/digitalsantotome.com.ar\/?p=17244#breadcrumb"},"inLanguage":"es","potentialAction":[{"@type":"ReadAction","target":["https:\/\/digitalsantotome.com.ar\/?p=17244"]}]},{"@type":"ImageObject","inLanguage":"es","@id":"https:\/\/digitalsantotome.com.ar\/?p=17244#primaryimage","url":"https:\/\/digitalsantotome.com.ar\/wp-content\/uploads\/2026\/09\/images.jpg","contentUrl":"https:\/\/digitalsantotome.com.ar\/wp-content\/uploads\/2026\/09\/images.jpg","width":739,"height":415},{"@type":"BreadcrumbList","@id":"https:\/\/digitalsantotome.com.ar\/?p=17244#breadcrumb","itemListElement":[{"@type":"ListItem","position":1,"name":"Portada","item":"https:\/\/digitalsantotome.com.ar\/"},{"@type":"ListItem","position":2,"name":"A nivel nacional advierten crisis financiera de los centros de di\u00e1lisis"}]},{"@type":"WebSite","@id":"https:\/\/digitalsantotome.com.ar\/#website","url":"https:\/\/digitalsantotome.com.ar\/","name":"Digital Santo Tom\u00e9","description":"Noticias desde Santo Tom\u00e9 al Mundo \u2013 La informacion que decide","publisher":{"@id":"https:\/\/digitalsantotome.com.ar\/#organization"},"potentialAction":[{"@type":"SearchAction","target":{"@type":"EntryPoint","urlTemplate":"https:\/\/digitalsantotome.com.ar\/?s={search_term_string}"},"query-input":{"@type":"PropertyValueSpecification","valueRequired":true,"valueName":"search_term_string"}}],"inLanguage":"es"},{"@type":"Organization","@id":"https:\/\/digitalsantotome.com.ar\/#organization","name":"Digital Santo Tom\u00e9","url":"https:\/\/digitalsantotome.com.ar\/","logo":{"@type":"ImageObject","inLanguage":"es","@id":"https:\/\/digitalsantotome.com.ar\/#\/schema\/logo\/image\/","url":"https:\/\/digitalsantotome.com.ar\/wp-content\/uploads\/2023\/01\/facebook.jpg","contentUrl":"https:\/\/digitalsantotome.com.ar\/wp-content\/uploads\/2023\/01\/facebook.jpg","width":512,"height":376,"caption":"Digital Santo Tom\u00e9"},"image":{"@id":"https:\/\/digitalsantotome.com.ar\/#\/schema\/logo\/image\/"}},{"@type":"Person","@id":"https:\/\/digitalsantotome.com.ar\/#\/schema\/person\/8991d8822886fedd92ce7f03817e1bdf","name":"Jose Carlos Machado","url":"https:\/\/digitalsantotome.com.ar\/?author=2"}]}},"_links":{"self":[{"href":"https:\/\/digitalsantotome.com.ar\/index.php?rest_route=\/wp\/v2\/posts\/17244","targetHints":{"allow":["GET"]}}],"collection":[{"href":"https:\/\/digitalsantotome.com.ar\/index.php?rest_route=\/wp\/v2\/posts"}],"about":[{"href":"https:\/\/digitalsantotome.com.ar\/index.php?rest_route=\/wp\/v2\/types\/post"}],"author":[{"embeddable":true,"href":"https:\/\/digitalsantotome.com.ar\/index.php?rest_route=\/wp\/v2\/users\/2"}],"replies":[{"embeddable":true,"href":"https:\/\/digitalsantotome.com.ar\/index.php?rest_route=%2Fwp%2Fv2%2Fcomments&post=17244"}],"version-history":[{"count":2,"href":"https:\/\/digitalsantotome.com.ar\/index.php?rest_route=\/wp\/v2\/posts\/17244\/revisions"}],"predecessor-version":[{"id":17247,"href":"https:\/\/digitalsantotome.com.ar\/index.php?rest_route=\/wp\/v2\/posts\/17244\/revisions\/17247"}],"wp:featuredmedia":[{"embeddable":true,"href":"https:\/\/digitalsantotome.com.ar\/index.php?rest_route=\/wp\/v2\/media\/17245"}],"wp:attachment":[{"href":"https:\/\/digitalsantotome.com.ar\/index.php?rest_route=%2Fwp%2Fv2%2Fmedia&parent=17244"}],"wp:term":[{"taxonomy":"category","embeddable":true,"href":"https:\/\/digitalsantotome.com.ar\/index.php?rest_route=%2Fwp%2Fv2%2Fcategories&post=17244"},{"taxonomy":"post_tag","embeddable":true,"href":"https:\/\/digitalsantotome.com.ar\/index.php?rest_route=%2Fwp%2Fv2%2Ftags&post=17244"}],"curies":[{"name":"wp","href":"https:\/\/api.w.org\/{rel}","templated":true}]}}