{"id":17253,"date":"2026-09-02T09:22:28","date_gmt":"2026-09-02T12:22:28","guid":{"rendered":"https:\/\/digitalsantotome.com.ar\/?p=17253"},"modified":"2026-09-02T09:22:28","modified_gmt":"2026-09-02T12:22:28","slug":"cambia-el-consumo-subsidiado-en-septiembre-y-sigue-pendiente-la-tarifa-para-el-calor","status":"publish","type":"post","link":"https:\/\/digitalsantotome.com.ar\/?p=17253","title":{"rendered":"Cambia el consumo subsidiado en septiembre y sigue pendiente la tarifa para el calor"},"content":{"rendered":"<p>CORRIENTES. La Naci\u00f3n elev\u00f3 de 150 a 200 kwh el bloque bonificado durante este mes. en tanto, el Congreso debe definir el futuro del r\u00e9gimen para zonas fr\u00edas.<\/p>\n<p>La pol\u00edtica de subsidios energ\u00e9ticos vuelve a poner el foco sobre el consumo de los hogares, con un cambio excepcional para septiembre. La Secretar\u00eda de Energ\u00eda elev\u00f3 de 150 a 200 kilovatios hora (kWh) mensuales el bloque subsidiado para los usuarios alcanzados por el r\u00e9gimen de Subsidios Energ\u00e9ticos Focalizados.<\/p>\n<p>El nuevo l\u00edmite suma 50 kWh al consumo sobre el que podr\u00e1 aplicarse la bonificaci\u00f3n durante este mes. Adem\u00e1s, esos 200 kWh ser\u00e1n utilizados para calcular la bonificaci\u00f3n extraordinaria del 25% dispuesta por el Gobierno nacional para septiembre. El consumo que supere ese volumen quedar\u00e1 alcanzado por los precios y cuadros tarifarios vigentes.<\/p>\n<p>La modificaci\u00f3n es excepcional y deber\u00e1 ser aplicada por las distribuidoras en las facturas correspondientes a septiembre. Pero para Corrientes y las provincias del Norte Grande la discusi\u00f3n de fondo apunta a lo que ocurrir\u00e1 cuando comiencen los meses de mayor demanda por las altas temperaturas.<\/p>\n<p>A mediados de agosto, gobernadores de la regi\u00f3n Norte Grande, entre ellos Juan Pablo Vald\u00e9s, participaron de una reuni\u00f3n con funcionarios nacionales para avanzar en una propuesta de tarifa diferencial para las denominadas zonas c\u00e1lidas y muy c\u00e1lidas. El planteo busca reconocer que durante el verano el uso de equipos de refrigeraci\u00f3n incrementa el consumo el\u00e9ctrico de los hogares.<\/p>\n<p>El preacuerdo contempla elevar entre noviembre y abril el bloque subsidiado de 150 a 300 kWh para las zonas c\u00e1lidas y de 300 a 550 kWh para las muy c\u00e1lidas. La propuesta fue discutida con el ministro de Econom\u00eda, Luis Caputo, y autoridades del \u00e1rea energ\u00e9tica, a partir del reclamo de los gobernadores del Norte Grande.<\/p>\n<p>\u00abConsensuamos una propuesta para redefinir los subsidios a la energ\u00eda en las zonas c\u00e1lidas y muy c\u00e1lidas\u00bb, sostuvo Caputo tras la reuni\u00f3n. Vald\u00e9s, uno de los mandatarios que llev\u00f3 el reclamo, afirm\u00f3 luego que se segu\u00eda de cerca el tratamiento y que se estaba \u00abpresionando para que salga, se vote y finalmente podamos tener esta ley\u00bb.<\/p>\n<p>Sin embargo, el esquema para zonas c\u00e1lidas todav\u00eda requiere definiciones para convertirse en una tarifa efectiva ya. Mientras el Norte Grande espera avances, en el Congreso contin\u00faa otra discusi\u00f3n vinculada con los subsidios: la modificaci\u00f3n del r\u00e9gimen de Zona Fr\u00eda. El proyecto del Gobierno nacional obtuvo media sanci\u00f3n en Diputados y su tratamiento en el Senado ser\u00e1 determinante para saber si se mantiene o se reduce el alcance del beneficio que contempla descuentos en las facturas de gas para hogares de regiones con bajas temperaturas.<\/p>\n<p>Las provincias c\u00e1lidas reclaman que el sistema contemple el mayor consumo el\u00e9ctrico provocado por las temperaturas extremas, mientras las jurisdicciones alcanzadas por Zona Fr\u00eda buscan preservar una herramienta que reduce el costo del gas durante los per\u00edodos de mayor necesidad de calefacci\u00f3n.<\/p>\n<p>As\u00ed, septiembre presenta una modificaci\u00f3n concreta pero transitoria: 200 kWh subsidiados y una bonificaci\u00f3n extraordinaria del 25%. Para el verano, en cambio, todav\u00eda resta saber si el compromiso alcanzado con los gobernadores se convertir\u00e1 en una tarifa diferencial para Corrientes y las dem\u00e1s provincias del Norte.<\/p>\n<p>La definici\u00f3n estar\u00e1 atravesada por el tratamiento de Zona Fr\u00eda en el Senado. Por ahora, no existe una equiparaci\u00f3n entre ambos reg\u00edmenes: el beneficio para las zonas c\u00e1lidas contin\u00faa en etapa de definici\u00f3n, mientras el r\u00e9gimen de zonas fr\u00edas enfrenta un proyecto que busca modificar su alcance.<\/p>\n<p><strong>El preacuerdo entre el Ministerio de Econom\u00eda y los gobernadores del Norte Grande contempla elevar entre noviembre y abril el bloque subsidiado de 150 a 300 kWh para las zonas c\u00e1lidas y de 300 a 550 kWh para las muy c\u00e1lidas, pero primero debe aprobarse el de Zonas fr\u00edas.<\/strong><\/p>\n<p>Fuente: Norte Corrientes<\/p>\n","protected":false},"excerpt":{"rendered":"<p>CORRIENTES. La Naci\u00f3n elev\u00f3 de 150 a 200 kwh el bloque bonificado durante este mes. en tanto, el Congreso debe definir el futuro del r\u00e9gimen para zonas fr\u00edas. La pol\u00edtica de subsidios energ\u00e9ticos vuelve a poner el foco sobre el consumo de los hogares, con un cambio excepcional para septiembre. La Secretar\u00eda de Energ\u00eda elev\u00f3&#8230;<\/p>\n","protected":false},"author":2,"featured_media":17254,"comment_status":"closed","ping_status":"closed","sticky":false,"template":"","format":"standard","meta":{"_kad_post_transparent":"default","_kad_post_title":"default","_kad_post_layout":"default","_kad_post_sidebar_id":"","_kad_post_content_style":"default","_kad_post_vertical_padding":"default","_kad_post_feature":"","_kad_post_feature_position":"","_kad_post_header":false,"_kad_post_footer":false,"_kad_post_classname":"","footnotes":""},"categories":[3],"tags":[],"class_list":["post-17253","post","type-post","status-publish","format-standard","has-post-thumbnail","hentry","category-noticias-breves"],"a3_pvc":{"activated":false,"total_views":0,"today_views":0},"yoast_head":"<!-- This site is optimized with the Yoast SEO plugin v28.4 - https:\/\/yoast.com\/product\/yoast-seo-wordpress\/ -->\n<title>Cambia el consumo subsidiado en septiembre y sigue pendiente la tarifa para el calor - Digital Santo Tom\u00e9<\/title>\n<meta name=\"robots\" content=\"index, follow, max-snippet:-1, max-image-preview:large, max-video-preview:-1\" \/>\n<link rel=\"canonical\" href=\"https:\/\/digitalsantotome.com.ar\/?p=17253\" \/>\n<meta property=\"og:locale\" content=\"es_ES\" \/>\n<meta property=\"og:type\" content=\"article\" \/>\n<meta property=\"og:title\" content=\"Cambia el consumo subsidiado en septiembre y sigue pendiente la tarifa para el calor - Digital Santo Tom\u00e9\" \/>\n<meta property=\"og:description\" content=\"CORRIENTES. La Naci\u00f3n elev\u00f3 de 150 a 200 kwh el bloque bonificado durante este mes. en tanto, el Congreso debe definir el futuro del r\u00e9gimen para zonas fr\u00edas. La pol\u00edtica de subsidios energ\u00e9ticos vuelve a poner el foco sobre el consumo de los hogares, con un cambio excepcional para septiembre. La Secretar\u00eda de Energ\u00eda elev\u00f3...\" \/>\n<meta property=\"og:url\" content=\"https:\/\/digitalsantotome.com.ar\/?p=17253\" \/>\n<meta property=\"og:site_name\" content=\"Digital Santo Tom\u00e9\" \/>\n<meta property=\"article:published_time\" content=\"2026-09-02T12:22:28+00:00\" \/>\n<meta property=\"og:image\" content=\"https:\/\/digitalsantotome.com.ar\/wp-content\/uploads\/2026\/09\/images-1.jpg\" \/>\n\t<meta property=\"og:image:width\" content=\"394\" \/>\n\t<meta property=\"og:image:height\" content=\"297\" \/>\n\t<meta property=\"og:image:type\" content=\"image\/jpeg\" \/>\n<meta name=\"author\" content=\"Jose Carlos Machado\" \/>\n<meta name=\"twitter:card\" content=\"summary_large_image\" \/>\n<meta name=\"twitter:label1\" content=\"Escrito por\" \/>\n\t<meta name=\"twitter:data1\" content=\"Jose Carlos Machado\" \/>\n\t<meta name=\"twitter:label2\" content=\"Tiempo de lectura\" \/>\n\t<meta name=\"twitter:data2\" content=\"4 minutos\" \/>\n<script type=\"application\/ld+json\" class=\"yoast-schema-graph\">{\"@context\":\"https:\\\/\\\/schema.org\",\"@graph\":[{\"@type\":\"Article\",\"@id\":\"https:\\\/\\\/digitalsantotome.com.ar\\\/?p=17253#article\",\"isPartOf\":{\"@id\":\"https:\\\/\\\/digitalsantotome.com.ar\\\/?p=17253\"},\"author\":{\"name\":\"Jose Carlos Machado\",\"@id\":\"https:\\\/\\\/digitalsantotome.com.ar\\\/#\\\/schema\\\/person\\\/8991d8822886fedd92ce7f03817e1bdf\"},\"headline\":\"Cambia el consumo subsidiado en septiembre y sigue pendiente la tarifa para el calor\",\"datePublished\":\"2026-09-02T12:22:28+00:00\",\"mainEntityOfPage\":{\"@id\":\"https:\\\/\\\/digitalsantotome.com.ar\\\/?p=17253\"},\"wordCount\":679,\"publisher\":{\"@id\":\"https:\\\/\\\/digitalsantotome.com.ar\\\/#organization\"},\"image\":{\"@id\":\"https:\\\/\\\/digitalsantotome.com.ar\\\/?p=17253#primaryimage\"},\"thumbnailUrl\":\"https:\\\/\\\/digitalsantotome.com.ar\\\/wp-content\\\/uploads\\\/2026\\\/09\\\/images-1.jpg\",\"articleSection\":[\"Noticias breves\"],\"inLanguage\":\"es\"},{\"@type\":\"WebPage\",\"@id\":\"https:\\\/\\\/digitalsantotome.com.ar\\\/?p=17253\",\"url\":\"https:\\\/\\\/digitalsantotome.com.ar\\\/?p=17253\",\"name\":\"Cambia el consumo subsidiado en septiembre y sigue pendiente la tarifa para el calor - Digital Santo Tom\u00e9\",\"isPartOf\":{\"@id\":\"https:\\\/\\\/digitalsantotome.com.ar\\\/#website\"},\"primaryImageOfPage\":{\"@id\":\"https:\\\/\\\/digitalsantotome.com.ar\\\/?p=17253#primaryimage\"},\"image\":{\"@id\":\"https:\\\/\\\/digitalsantotome.com.ar\\\/?p=17253#primaryimage\"},\"thumbnailUrl\":\"https:\\\/\\\/digitalsantotome.com.ar\\\/wp-content\\\/uploads\\\/2026\\\/09\\\/images-1.jpg\",\"datePublished\":\"2026-09-02T12:22:28+00:00\",\"breadcrumb\":{\"@id\":\"https:\\\/\\\/digitalsantotome.com.ar\\\/?p=17253#breadcrumb\"},\"inLanguage\":\"es\",\"potentialAction\":[{\"@type\":\"ReadAction\",\"target\":[\"https:\\\/\\\/digitalsantotome.com.ar\\\/?p=17253\"]}]},{\"@type\":\"ImageObject\",\"inLanguage\":\"es\",\"@id\":\"https:\\\/\\\/digitalsantotome.com.ar\\\/?p=17253#primaryimage\",\"url\":\"https:\\\/\\\/digitalsantotome.com.ar\\\/wp-content\\\/uploads\\\/2026\\\/09\\\/images-1.jpg\",\"contentUrl\":\"https:\\\/\\\/digitalsantotome.com.ar\\\/wp-content\\\/uploads\\\/2026\\\/09\\\/images-1.jpg\",\"width\":394,\"height\":297},{\"@type\":\"BreadcrumbList\",\"@id\":\"https:\\\/\\\/digitalsantotome.com.ar\\\/?p=17253#breadcrumb\",\"itemListElement\":[{\"@type\":\"ListItem\",\"position\":1,\"name\":\"Portada\",\"item\":\"https:\\\/\\\/digitalsantotome.com.ar\\\/\"},{\"@type\":\"ListItem\",\"position\":2,\"name\":\"Cambia el consumo subsidiado en septiembre y sigue pendiente la tarifa para el calor\"}]},{\"@type\":\"WebSite\",\"@id\":\"https:\\\/\\\/digitalsantotome.com.ar\\\/#website\",\"url\":\"https:\\\/\\\/digitalsantotome.com.ar\\\/\",\"name\":\"Digital Santo Tom\u00e9\",\"description\":\"Noticias desde Santo Tom\u00e9 al Mundo \u2013 La informacion que decide\",\"publisher\":{\"@id\":\"https:\\\/\\\/digitalsantotome.com.ar\\\/#organization\"},\"potentialAction\":[{\"@type\":\"SearchAction\",\"target\":{\"@type\":\"EntryPoint\",\"urlTemplate\":\"https:\\\/\\\/digitalsantotome.com.ar\\\/?s={search_term_string}\"},\"query-input\":{\"@type\":\"PropertyValueSpecification\",\"valueRequired\":true,\"valueName\":\"search_term_string\"}}],\"inLanguage\":\"es\"},{\"@type\":\"Organization\",\"@id\":\"https:\\\/\\\/digitalsantotome.com.ar\\\/#organization\",\"name\":\"Digital Santo Tom\u00e9\",\"url\":\"https:\\\/\\\/digitalsantotome.com.ar\\\/\",\"logo\":{\"@type\":\"ImageObject\",\"inLanguage\":\"es\",\"@id\":\"https:\\\/\\\/digitalsantotome.com.ar\\\/#\\\/schema\\\/logo\\\/image\\\/\",\"url\":\"https:\\\/\\\/digitalsantotome.com.ar\\\/wp-content\\\/uploads\\\/2023\\\/01\\\/facebook.jpg\",\"contentUrl\":\"https:\\\/\\\/digitalsantotome.com.ar\\\/wp-content\\\/uploads\\\/2023\\\/01\\\/facebook.jpg\",\"width\":512,\"height\":376,\"caption\":\"Digital Santo Tom\u00e9\"},\"image\":{\"@id\":\"https:\\\/\\\/digitalsantotome.com.ar\\\/#\\\/schema\\\/logo\\\/image\\\/\"}},{\"@type\":\"Person\",\"@id\":\"https:\\\/\\\/digitalsantotome.com.ar\\\/#\\\/schema\\\/person\\\/8991d8822886fedd92ce7f03817e1bdf\",\"name\":\"Jose Carlos Machado\",\"url\":\"https:\\\/\\\/digitalsantotome.com.ar\\\/?author=2\"}]}<\/script>\n<!-- \/ Yoast SEO plugin. -->","yoast_head_json":{"title":"Cambia el consumo subsidiado en septiembre y sigue pendiente la tarifa para el calor - Digital Santo Tom\u00e9","robots":{"index":"index","follow":"follow","max-snippet":"max-snippet:-1","max-image-preview":"max-image-preview:large","max-video-preview":"max-video-preview:-1"},"canonical":"https:\/\/digitalsantotome.com.ar\/?p=17253","og_locale":"es_ES","og_type":"article","og_title":"Cambia el consumo subsidiado en septiembre y sigue pendiente la tarifa para el calor - Digital Santo Tom\u00e9","og_description":"CORRIENTES. La Naci\u00f3n elev\u00f3 de 150 a 200 kwh el bloque bonificado durante este mes. en tanto, el Congreso debe definir el futuro del r\u00e9gimen para zonas fr\u00edas. La pol\u00edtica de subsidios energ\u00e9ticos vuelve a poner el foco sobre el consumo de los hogares, con un cambio excepcional para septiembre. La Secretar\u00eda de Energ\u00eda elev\u00f3...","og_url":"https:\/\/digitalsantotome.com.ar\/?p=17253","og_site_name":"Digital Santo Tom\u00e9","article_published_time":"2026-09-02T12:22:28+00:00","og_image":[{"width":394,"height":297,"url":"https:\/\/digitalsantotome.com.ar\/wp-content\/uploads\/2026\/09\/images-1.jpg","type":"image\/jpeg"}],"author":"Jose Carlos Machado","twitter_card":"summary_large_image","twitter_misc":{"Escrito por":"Jose Carlos Machado","Tiempo de lectura":"4 minutos"},"schema":{"@context":"https:\/\/schema.org","@graph":[{"@type":"Article","@id":"https:\/\/digitalsantotome.com.ar\/?p=17253#article","isPartOf":{"@id":"https:\/\/digitalsantotome.com.ar\/?p=17253"},"author":{"name":"Jose Carlos Machado","@id":"https:\/\/digitalsantotome.com.ar\/#\/schema\/person\/8991d8822886fedd92ce7f03817e1bdf"},"headline":"Cambia el consumo subsidiado en septiembre y sigue pendiente la tarifa para el calor","datePublished":"2026-09-02T12:22:28+00:00","mainEntityOfPage":{"@id":"https:\/\/digitalsantotome.com.ar\/?p=17253"},"wordCount":679,"publisher":{"@id":"https:\/\/digitalsantotome.com.ar\/#organization"},"image":{"@id":"https:\/\/digitalsantotome.com.ar\/?p=17253#primaryimage"},"thumbnailUrl":"https:\/\/digitalsantotome.com.ar\/wp-content\/uploads\/2026\/09\/images-1.jpg","articleSection":["Noticias breves"],"inLanguage":"es"},{"@type":"WebPage","@id":"https:\/\/digitalsantotome.com.ar\/?p=17253","url":"https:\/\/digitalsantotome.com.ar\/?p=17253","name":"Cambia el consumo subsidiado en septiembre y sigue pendiente la tarifa para el calor - Digital Santo Tom\u00e9","isPartOf":{"@id":"https:\/\/digitalsantotome.com.ar\/#website"},"primaryImageOfPage":{"@id":"https:\/\/digitalsantotome.com.ar\/?p=17253#primaryimage"},"image":{"@id":"https:\/\/digitalsantotome.com.ar\/?p=17253#primaryimage"},"thumbnailUrl":"https:\/\/digitalsantotome.com.ar\/wp-content\/uploads\/2026\/09\/images-1.jpg","datePublished":"2026-09-02T12:22:28+00:00","breadcrumb":{"@id":"https:\/\/digitalsantotome.com.ar\/?p=17253#breadcrumb"},"inLanguage":"es","potentialAction":[{"@type":"ReadAction","target":["https:\/\/digitalsantotome.com.ar\/?p=17253"]}]},{"@type":"ImageObject","inLanguage":"es","@id":"https:\/\/digitalsantotome.com.ar\/?p=17253#primaryimage","url":"https:\/\/digitalsantotome.com.ar\/wp-content\/uploads\/2026\/09\/images-1.jpg","contentUrl":"https:\/\/digitalsantotome.com.ar\/wp-content\/uploads\/2026\/09\/images-1.jpg","width":394,"height":297},{"@type":"BreadcrumbList","@id":"https:\/\/digitalsantotome.com.ar\/?p=17253#breadcrumb","itemListElement":[{"@type":"ListItem","position":1,"name":"Portada","item":"https:\/\/digitalsantotome.com.ar\/"},{"@type":"ListItem","position":2,"name":"Cambia el consumo subsidiado en septiembre y sigue pendiente la tarifa para el calor"}]},{"@type":"WebSite","@id":"https:\/\/digitalsantotome.com.ar\/#website","url":"https:\/\/digitalsantotome.com.ar\/","name":"Digital Santo Tom\u00e9","description":"Noticias desde Santo Tom\u00e9 al Mundo \u2013 La informacion que decide","publisher":{"@id":"https:\/\/digitalsantotome.com.ar\/#organization"},"potentialAction":[{"@type":"SearchAction","target":{"@type":"EntryPoint","urlTemplate":"https:\/\/digitalsantotome.com.ar\/?s={search_term_string}"},"query-input":{"@type":"PropertyValueSpecification","valueRequired":true,"valueName":"search_term_string"}}],"inLanguage":"es"},{"@type":"Organization","@id":"https:\/\/digitalsantotome.com.ar\/#organization","name":"Digital Santo Tom\u00e9","url":"https:\/\/digitalsantotome.com.ar\/","logo":{"@type":"ImageObject","inLanguage":"es","@id":"https:\/\/digitalsantotome.com.ar\/#\/schema\/logo\/image\/","url":"https:\/\/digitalsantotome.com.ar\/wp-content\/uploads\/2023\/01\/facebook.jpg","contentUrl":"https:\/\/digitalsantotome.com.ar\/wp-content\/uploads\/2023\/01\/facebook.jpg","width":512,"height":376,"caption":"Digital Santo Tom\u00e9"},"image":{"@id":"https:\/\/digitalsantotome.com.ar\/#\/schema\/logo\/image\/"}},{"@type":"Person","@id":"https:\/\/digitalsantotome.com.ar\/#\/schema\/person\/8991d8822886fedd92ce7f03817e1bdf","name":"Jose Carlos Machado","url":"https:\/\/digitalsantotome.com.ar\/?author=2"}]}},"_links":{"self":[{"href":"https:\/\/digitalsantotome.com.ar\/index.php?rest_route=\/wp\/v2\/posts\/17253","targetHints":{"allow":["GET"]}}],"collection":[{"href":"https:\/\/digitalsantotome.com.ar\/index.php?rest_route=\/wp\/v2\/posts"}],"about":[{"href":"https:\/\/digitalsantotome.com.ar\/index.php?rest_route=\/wp\/v2\/types\/post"}],"author":[{"embeddable":true,"href":"https:\/\/digitalsantotome.com.ar\/index.php?rest_route=\/wp\/v2\/users\/2"}],"replies":[{"embeddable":true,"href":"https:\/\/digitalsantotome.com.ar\/index.php?rest_route=%2Fwp%2Fv2%2Fcomments&post=17253"}],"version-history":[{"count":1,"href":"https:\/\/digitalsantotome.com.ar\/index.php?rest_route=\/wp\/v2\/posts\/17253\/revisions"}],"predecessor-version":[{"id":17255,"href":"https:\/\/digitalsantotome.com.ar\/index.php?rest_route=\/wp\/v2\/posts\/17253\/revisions\/17255"}],"wp:featuredmedia":[{"embeddable":true,"href":"https:\/\/digitalsantotome.com.ar\/index.php?rest_route=\/wp\/v2\/media\/17254"}],"wp:attachment":[{"href":"https:\/\/digitalsantotome.com.ar\/index.php?rest_route=%2Fwp%2Fv2%2Fmedia&parent=17253"}],"wp:term":[{"taxonomy":"category","embeddable":true,"href":"https:\/\/digitalsantotome.com.ar\/index.php?rest_route=%2Fwp%2Fv2%2Fcategories&post=17253"},{"taxonomy":"post_tag","embeddable":true,"href":"https:\/\/digitalsantotome.com.ar\/index.php?rest_route=%2Fwp%2Fv2%2Ftags&post=17253"}],"curies":[{"name":"wp","href":"https:\/\/api.w.org\/{rel}","templated":true}]}}