{"id":17269,"date":"2026-09-03T08:07:19","date_gmt":"2026-09-03T11:07:19","guid":{"rendered":"https:\/\/digitalsantotome.com.ar\/?p=17269"},"modified":"2026-09-03T08:57:30","modified_gmt":"2026-09-03T11:57:30","slug":"la-policia-recupero-una-moto-robada-y-demoro-a-un-hombre","status":"publish","type":"post","link":"https:\/\/digitalsantotome.com.ar\/?p=17269","title":{"rendered":"La Polic\u00eda recuper\u00f3 una moto robada y demor\u00f3 a un hombre"},"content":{"rendered":"<p>SANTO TOME. En un r\u00e1pido accionar, efectivos de la Comisar\u00eda Primera de Santo Tom\u00e9, a cargo del Comisario Mayor Dr. Cristhian Javier Cabral, lograron recuperar una motocicleta que registraba pedido de secuestro activo, en el marco de una investigaci\u00f3n por la sustracci\u00f3n de un veh\u00edculo.<\/p>\n<p>El procedimiento se concret\u00f3 este 2 de septiembre, alrededor de las 20:00 horas, cuando el m\u00f3vil C-496, a cargo del Sargento Ayudante Oscar Lagra\u00f1a, junto a la Sargento Cintia Franco, Cabo Cristian D\u00edaz y Cabo Micaela Gales, y personal de investigaci\u00f3n integrado por el Suboficial Mayor Ariel Munilla y Sargento Ayudante Daniel Acosta, llevaron adelante tareas investigativas mediante el an\u00e1lisis de filmaciones.<\/p>\n<p>Como resultado, procedieron a la demora en la v\u00eda p\u00fablica de G. Facundo Antonio, quien habr\u00eda sido sindicado como presunto involucrado en el hecho investigado.<\/p>\n<p>Asimismo, se procedi\u00f3 al secuestro de una motocicleta Zanella Due Classic 110 cc, de color negro. Tras consultar la base de datos, se constat\u00f3 que el rodado registraba pedido de secuestro activo, relacionado con una denuncia por supuesto hurto de veh\u00edculo en la v\u00eda p\u00fablica, radicada el pasado 29 de agosto.<\/p>\n<p>El demorado y la motocicleta fueron trasladados a la dependencia policial, quedando lo actuado a disposici\u00f3n de la Fiscal\u00eda de turno.<\/p>\n<p>&nbsp;<\/p>\n","protected":false},"excerpt":{"rendered":"<p>SANTO TOME. En un r\u00e1pido accionar, efectivos de la Comisar\u00eda Primera de Santo Tom\u00e9, a cargo del Comisario Mayor Dr. Cristhian Javier Cabral, lograron recuperar una motocicleta que registraba pedido de secuestro activo, en el marco de una investigaci\u00f3n por la sustracci\u00f3n de un veh\u00edculo. El procedimiento se concret\u00f3 este 2 de septiembre, alrededor de&#8230;<\/p>\n","protected":false},"author":2,"featured_media":17270,"comment_status":"closed","ping_status":"closed","sticky":false,"template":"","format":"standard","meta":{"_kad_post_transparent":"default","_kad_post_title":"default","_kad_post_layout":"default","_kad_post_sidebar_id":"","_kad_post_content_style":"default","_kad_post_vertical_padding":"default","_kad_post_feature":"","_kad_post_feature_position":"","_kad_post_header":false,"_kad_post_footer":false,"_kad_post_classname":"","footnotes":""},"categories":[1],"tags":[],"class_list":["post-17269","post","type-post","status-publish","format-standard","has-post-thumbnail","hentry","category-locales"],"a3_pvc":{"activated":false,"total_views":0,"today_views":0},"yoast_head":"<!-- This site is optimized with the Yoast SEO plugin v28.4 - https:\/\/yoast.com\/product\/yoast-seo-wordpress\/ -->\n<title>La Polic\u00eda recuper\u00f3 una moto robada y demor\u00f3 a un hombre - Digital Santo Tom\u00e9<\/title>\n<meta name=\"robots\" content=\"index, follow, max-snippet:-1, max-image-preview:large, max-video-preview:-1\" \/>\n<link rel=\"canonical\" href=\"https:\/\/digitalsantotome.com.ar\/?p=17269\" \/>\n<meta property=\"og:locale\" content=\"es_ES\" \/>\n<meta property=\"og:type\" content=\"article\" \/>\n<meta property=\"og:title\" content=\"La Polic\u00eda recuper\u00f3 una moto robada y demor\u00f3 a un hombre - Digital Santo Tom\u00e9\" \/>\n<meta property=\"og:description\" content=\"SANTO TOME. En un r\u00e1pido accionar, efectivos de la Comisar\u00eda Primera de Santo Tom\u00e9, a cargo del Comisario Mayor Dr. Cristhian Javier Cabral, lograron recuperar una motocicleta que registraba pedido de secuestro activo, en el marco de una investigaci\u00f3n por la sustracci\u00f3n de un veh\u00edculo. El procedimiento se concret\u00f3 este 2 de septiembre, alrededor de...\" \/>\n<meta property=\"og:url\" content=\"https:\/\/digitalsantotome.com.ar\/?p=17269\" \/>\n<meta property=\"og:site_name\" content=\"Digital Santo Tom\u00e9\" \/>\n<meta property=\"article:published_time\" content=\"2026-09-03T11:07:19+00:00\" \/>\n<meta property=\"article:modified_time\" content=\"2026-09-03T11:57:30+00:00\" \/>\n<meta property=\"og:image\" content=\"https:\/\/digitalsantotome.com.ar\/wp-content\/uploads\/2026\/09\/791533714_1951277865564890_6799123125154602457_n.jpg\" \/>\n\t<meta property=\"og:image:width\" content=\"1045\" \/>\n\t<meta property=\"og:image:height\" content=\"869\" \/>\n\t<meta property=\"og:image:type\" content=\"image\/jpeg\" \/>\n<meta name=\"author\" content=\"Jose Carlos Machado\" \/>\n<meta name=\"twitter:card\" content=\"summary_large_image\" \/>\n<meta name=\"twitter:label1\" content=\"Escrito por\" \/>\n\t<meta name=\"twitter:data1\" content=\"Jose Carlos Machado\" \/>\n\t<meta name=\"twitter:label2\" content=\"Tiempo de lectura\" \/>\n\t<meta name=\"twitter:data2\" content=\"2 minutos\" \/>\n<script type=\"application\/ld+json\" class=\"yoast-schema-graph\">{\"@context\":\"https:\\\/\\\/schema.org\",\"@graph\":[{\"@type\":\"Article\",\"@id\":\"https:\\\/\\\/digitalsantotome.com.ar\\\/?p=17269#article\",\"isPartOf\":{\"@id\":\"https:\\\/\\\/digitalsantotome.com.ar\\\/?p=17269\"},\"author\":{\"name\":\"Jose Carlos Machado\",\"@id\":\"https:\\\/\\\/digitalsantotome.com.ar\\\/#\\\/schema\\\/person\\\/8991d8822886fedd92ce7f03817e1bdf\"},\"headline\":\"La Polic\u00eda recuper\u00f3 una moto robada y demor\u00f3 a un hombre\",\"datePublished\":\"2026-09-03T11:07:19+00:00\",\"dateModified\":\"2026-09-03T11:57:30+00:00\",\"mainEntityOfPage\":{\"@id\":\"https:\\\/\\\/digitalsantotome.com.ar\\\/?p=17269\"},\"wordCount\":231,\"publisher\":{\"@id\":\"https:\\\/\\\/digitalsantotome.com.ar\\\/#organization\"},\"image\":{\"@id\":\"https:\\\/\\\/digitalsantotome.com.ar\\\/?p=17269#primaryimage\"},\"thumbnailUrl\":\"https:\\\/\\\/digitalsantotome.com.ar\\\/wp-content\\\/uploads\\\/2026\\\/09\\\/791533714_1951277865564890_6799123125154602457_n.jpg\",\"articleSection\":[\"Locales\"],\"inLanguage\":\"es\"},{\"@type\":\"WebPage\",\"@id\":\"https:\\\/\\\/digitalsantotome.com.ar\\\/?p=17269\",\"url\":\"https:\\\/\\\/digitalsantotome.com.ar\\\/?p=17269\",\"name\":\"La Polic\u00eda recuper\u00f3 una moto robada y demor\u00f3 a un hombre - Digital Santo Tom\u00e9\",\"isPartOf\":{\"@id\":\"https:\\\/\\\/digitalsantotome.com.ar\\\/#website\"},\"primaryImageOfPage\":{\"@id\":\"https:\\\/\\\/digitalsantotome.com.ar\\\/?p=17269#primaryimage\"},\"image\":{\"@id\":\"https:\\\/\\\/digitalsantotome.com.ar\\\/?p=17269#primaryimage\"},\"thumbnailUrl\":\"https:\\\/\\\/digitalsantotome.com.ar\\\/wp-content\\\/uploads\\\/2026\\\/09\\\/791533714_1951277865564890_6799123125154602457_n.jpg\",\"datePublished\":\"2026-09-03T11:07:19+00:00\",\"dateModified\":\"2026-09-03T11:57:30+00:00\",\"breadcrumb\":{\"@id\":\"https:\\\/\\\/digitalsantotome.com.ar\\\/?p=17269#breadcrumb\"},\"inLanguage\":\"es\",\"potentialAction\":[{\"@type\":\"ReadAction\",\"target\":[\"https:\\\/\\\/digitalsantotome.com.ar\\\/?p=17269\"]}]},{\"@type\":\"ImageObject\",\"inLanguage\":\"es\",\"@id\":\"https:\\\/\\\/digitalsantotome.com.ar\\\/?p=17269#primaryimage\",\"url\":\"https:\\\/\\\/digitalsantotome.com.ar\\\/wp-content\\\/uploads\\\/2026\\\/09\\\/791533714_1951277865564890_6799123125154602457_n.jpg\",\"contentUrl\":\"https:\\\/\\\/digitalsantotome.com.ar\\\/wp-content\\\/uploads\\\/2026\\\/09\\\/791533714_1951277865564890_6799123125154602457_n.jpg\",\"width\":1045,\"height\":869},{\"@type\":\"BreadcrumbList\",\"@id\":\"https:\\\/\\\/digitalsantotome.com.ar\\\/?p=17269#breadcrumb\",\"itemListElement\":[{\"@type\":\"ListItem\",\"position\":1,\"name\":\"Portada\",\"item\":\"https:\\\/\\\/digitalsantotome.com.ar\\\/\"},{\"@type\":\"ListItem\",\"position\":2,\"name\":\"La Polic\u00eda recuper\u00f3 una moto robada y demor\u00f3 a un hombre\"}]},{\"@type\":\"WebSite\",\"@id\":\"https:\\\/\\\/digitalsantotome.com.ar\\\/#website\",\"url\":\"https:\\\/\\\/digitalsantotome.com.ar\\\/\",\"name\":\"Digital Santo Tom\u00e9\",\"description\":\"Noticias desde Santo Tom\u00e9 al Mundo \u2013 La informacion que decide\",\"publisher\":{\"@id\":\"https:\\\/\\\/digitalsantotome.com.ar\\\/#organization\"},\"potentialAction\":[{\"@type\":\"SearchAction\",\"target\":{\"@type\":\"EntryPoint\",\"urlTemplate\":\"https:\\\/\\\/digitalsantotome.com.ar\\\/?s={search_term_string}\"},\"query-input\":{\"@type\":\"PropertyValueSpecification\",\"valueRequired\":true,\"valueName\":\"search_term_string\"}}],\"inLanguage\":\"es\"},{\"@type\":\"Organization\",\"@id\":\"https:\\\/\\\/digitalsantotome.com.ar\\\/#organization\",\"name\":\"Digital Santo Tom\u00e9\",\"url\":\"https:\\\/\\\/digitalsantotome.com.ar\\\/\",\"logo\":{\"@type\":\"ImageObject\",\"inLanguage\":\"es\",\"@id\":\"https:\\\/\\\/digitalsantotome.com.ar\\\/#\\\/schema\\\/logo\\\/image\\\/\",\"url\":\"https:\\\/\\\/digitalsantotome.com.ar\\\/wp-content\\\/uploads\\\/2023\\\/01\\\/facebook.jpg\",\"contentUrl\":\"https:\\\/\\\/digitalsantotome.com.ar\\\/wp-content\\\/uploads\\\/2023\\\/01\\\/facebook.jpg\",\"width\":512,\"height\":376,\"caption\":\"Digital Santo Tom\u00e9\"},\"image\":{\"@id\":\"https:\\\/\\\/digitalsantotome.com.ar\\\/#\\\/schema\\\/logo\\\/image\\\/\"}},{\"@type\":\"Person\",\"@id\":\"https:\\\/\\\/digitalsantotome.com.ar\\\/#\\\/schema\\\/person\\\/8991d8822886fedd92ce7f03817e1bdf\",\"name\":\"Jose Carlos Machado\",\"url\":\"https:\\\/\\\/digitalsantotome.com.ar\\\/?author=2\"}]}<\/script>\n<!-- \/ Yoast SEO plugin. -->","yoast_head_json":{"title":"La Polic\u00eda recuper\u00f3 una moto robada y demor\u00f3 a un hombre - Digital Santo Tom\u00e9","robots":{"index":"index","follow":"follow","max-snippet":"max-snippet:-1","max-image-preview":"max-image-preview:large","max-video-preview":"max-video-preview:-1"},"canonical":"https:\/\/digitalsantotome.com.ar\/?p=17269","og_locale":"es_ES","og_type":"article","og_title":"La Polic\u00eda recuper\u00f3 una moto robada y demor\u00f3 a un hombre - Digital Santo Tom\u00e9","og_description":"SANTO TOME. En un r\u00e1pido accionar, efectivos de la Comisar\u00eda Primera de Santo Tom\u00e9, a cargo del Comisario Mayor Dr. Cristhian Javier Cabral, lograron recuperar una motocicleta que registraba pedido de secuestro activo, en el marco de una investigaci\u00f3n por la sustracci\u00f3n de un veh\u00edculo. El procedimiento se concret\u00f3 este 2 de septiembre, alrededor de...","og_url":"https:\/\/digitalsantotome.com.ar\/?p=17269","og_site_name":"Digital Santo Tom\u00e9","article_published_time":"2026-09-03T11:07:19+00:00","article_modified_time":"2026-09-03T11:57:30+00:00","og_image":[{"width":1045,"height":869,"url":"https:\/\/digitalsantotome.com.ar\/wp-content\/uploads\/2026\/09\/791533714_1951277865564890_6799123125154602457_n.jpg","type":"image\/jpeg"}],"author":"Jose Carlos Machado","twitter_card":"summary_large_image","twitter_misc":{"Escrito por":"Jose Carlos Machado","Tiempo de lectura":"2 minutos"},"schema":{"@context":"https:\/\/schema.org","@graph":[{"@type":"Article","@id":"https:\/\/digitalsantotome.com.ar\/?p=17269#article","isPartOf":{"@id":"https:\/\/digitalsantotome.com.ar\/?p=17269"},"author":{"name":"Jose Carlos Machado","@id":"https:\/\/digitalsantotome.com.ar\/#\/schema\/person\/8991d8822886fedd92ce7f03817e1bdf"},"headline":"La Polic\u00eda recuper\u00f3 una moto robada y demor\u00f3 a un hombre","datePublished":"2026-09-03T11:07:19+00:00","dateModified":"2026-09-03T11:57:30+00:00","mainEntityOfPage":{"@id":"https:\/\/digitalsantotome.com.ar\/?p=17269"},"wordCount":231,"publisher":{"@id":"https:\/\/digitalsantotome.com.ar\/#organization"},"image":{"@id":"https:\/\/digitalsantotome.com.ar\/?p=17269#primaryimage"},"thumbnailUrl":"https:\/\/digitalsantotome.com.ar\/wp-content\/uploads\/2026\/09\/791533714_1951277865564890_6799123125154602457_n.jpg","articleSection":["Locales"],"inLanguage":"es"},{"@type":"WebPage","@id":"https:\/\/digitalsantotome.com.ar\/?p=17269","url":"https:\/\/digitalsantotome.com.ar\/?p=17269","name":"La Polic\u00eda recuper\u00f3 una moto robada y demor\u00f3 a un hombre - Digital Santo Tom\u00e9","isPartOf":{"@id":"https:\/\/digitalsantotome.com.ar\/#website"},"primaryImageOfPage":{"@id":"https:\/\/digitalsantotome.com.ar\/?p=17269#primaryimage"},"image":{"@id":"https:\/\/digitalsantotome.com.ar\/?p=17269#primaryimage"},"thumbnailUrl":"https:\/\/digitalsantotome.com.ar\/wp-content\/uploads\/2026\/09\/791533714_1951277865564890_6799123125154602457_n.jpg","datePublished":"2026-09-03T11:07:19+00:00","dateModified":"2026-09-03T11:57:30+00:00","breadcrumb":{"@id":"https:\/\/digitalsantotome.com.ar\/?p=17269#breadcrumb"},"inLanguage":"es","potentialAction":[{"@type":"ReadAction","target":["https:\/\/digitalsantotome.com.ar\/?p=17269"]}]},{"@type":"ImageObject","inLanguage":"es","@id":"https:\/\/digitalsantotome.com.ar\/?p=17269#primaryimage","url":"https:\/\/digitalsantotome.com.ar\/wp-content\/uploads\/2026\/09\/791533714_1951277865564890_6799123125154602457_n.jpg","contentUrl":"https:\/\/digitalsantotome.com.ar\/wp-content\/uploads\/2026\/09\/791533714_1951277865564890_6799123125154602457_n.jpg","width":1045,"height":869},{"@type":"BreadcrumbList","@id":"https:\/\/digitalsantotome.com.ar\/?p=17269#breadcrumb","itemListElement":[{"@type":"ListItem","position":1,"name":"Portada","item":"https:\/\/digitalsantotome.com.ar\/"},{"@type":"ListItem","position":2,"name":"La Polic\u00eda recuper\u00f3 una moto robada y demor\u00f3 a un hombre"}]},{"@type":"WebSite","@id":"https:\/\/digitalsantotome.com.ar\/#website","url":"https:\/\/digitalsantotome.com.ar\/","name":"Digital Santo Tom\u00e9","description":"Noticias desde Santo Tom\u00e9 al Mundo \u2013 La informacion que decide","publisher":{"@id":"https:\/\/digitalsantotome.com.ar\/#organization"},"potentialAction":[{"@type":"SearchAction","target":{"@type":"EntryPoint","urlTemplate":"https:\/\/digitalsantotome.com.ar\/?s={search_term_string}"},"query-input":{"@type":"PropertyValueSpecification","valueRequired":true,"valueName":"search_term_string"}}],"inLanguage":"es"},{"@type":"Organization","@id":"https:\/\/digitalsantotome.com.ar\/#organization","name":"Digital Santo Tom\u00e9","url":"https:\/\/digitalsantotome.com.ar\/","logo":{"@type":"ImageObject","inLanguage":"es","@id":"https:\/\/digitalsantotome.com.ar\/#\/schema\/logo\/image\/","url":"https:\/\/digitalsantotome.com.ar\/wp-content\/uploads\/2023\/01\/facebook.jpg","contentUrl":"https:\/\/digitalsantotome.com.ar\/wp-content\/uploads\/2023\/01\/facebook.jpg","width":512,"height":376,"caption":"Digital Santo Tom\u00e9"},"image":{"@id":"https:\/\/digitalsantotome.com.ar\/#\/schema\/logo\/image\/"}},{"@type":"Person","@id":"https:\/\/digitalsantotome.com.ar\/#\/schema\/person\/8991d8822886fedd92ce7f03817e1bdf","name":"Jose Carlos Machado","url":"https:\/\/digitalsantotome.com.ar\/?author=2"}]}},"_links":{"self":[{"href":"https:\/\/digitalsantotome.com.ar\/index.php?rest_route=\/wp\/v2\/posts\/17269","targetHints":{"allow":["GET"]}}],"collection":[{"href":"https:\/\/digitalsantotome.com.ar\/index.php?rest_route=\/wp\/v2\/posts"}],"about":[{"href":"https:\/\/digitalsantotome.com.ar\/index.php?rest_route=\/wp\/v2\/types\/post"}],"author":[{"embeddable":true,"href":"https:\/\/digitalsantotome.com.ar\/index.php?rest_route=\/wp\/v2\/users\/2"}],"replies":[{"embeddable":true,"href":"https:\/\/digitalsantotome.com.ar\/index.php?rest_route=%2Fwp%2Fv2%2Fcomments&post=17269"}],"version-history":[{"count":1,"href":"https:\/\/digitalsantotome.com.ar\/index.php?rest_route=\/wp\/v2\/posts\/17269\/revisions"}],"predecessor-version":[{"id":17271,"href":"https:\/\/digitalsantotome.com.ar\/index.php?rest_route=\/wp\/v2\/posts\/17269\/revisions\/17271"}],"wp:featuredmedia":[{"embeddable":true,"href":"https:\/\/digitalsantotome.com.ar\/index.php?rest_route=\/wp\/v2\/media\/17270"}],"wp:attachment":[{"href":"https:\/\/digitalsantotome.com.ar\/index.php?rest_route=%2Fwp%2Fv2%2Fmedia&parent=17269"}],"wp:term":[{"taxonomy":"category","embeddable":true,"href":"https:\/\/digitalsantotome.com.ar\/index.php?rest_route=%2Fwp%2Fv2%2Fcategories&post=17269"},{"taxonomy":"post_tag","embeddable":true,"href":"https:\/\/digitalsantotome.com.ar\/index.php?rest_route=%2Fwp%2Fv2%2Ftags&post=17269"}],"curies":[{"name":"wp","href":"https:\/\/api.w.org\/{rel}","templated":true}]}}