{"id":17275,"date":"2026-09-03T09:17:51","date_gmt":"2026-09-03T12:17:51","guid":{"rendered":"https:\/\/digitalsantotome.com.ar\/?p=17275"},"modified":"2026-09-03T14:35:41","modified_gmt":"2026-09-03T17:35:41","slug":"de-victima-del-maltrato-a-simbolo-de-esperanza-la-nueva-vida-de-perla","status":"publish","type":"post","link":"https:\/\/digitalsantotome.com.ar\/?p=17275","title":{"rendered":"De v\u00edctima del maltrato a s\u00edmbolo de esperanza: la nueva vida de \u00abPerla\u00bb"},"content":{"rendered":"<div class=\"gs\">\n<div class=\" \">\n<div id=\":q8\" class=\"ii gt\">\n<div id=\":qm\" class=\"a3s aiL \">\n<div id=\"avWBGd-156\">\n<div dir=\"auto\">\n<p>SANTO TOME. Cuando la Polic\u00eda Rural y Ecol\u00f3gica de Desiderio Sosa la encontr\u00f3, Perla todav\u00eda no ten\u00eda nombre. Era simplemente una yegua utilizada por cuatreros para transportar carne de animales robados y faenados clandestinamente. Su cuerpo contaba su propia historia: estaba desnutrida, descuidada y mostraba las marcas de una vida de maltrato.<\/p>\n<p>Fue en octubre de 2025, durante un procedimiento por abigeato. Aquella vez, adem\u00e1s de investigar un delito, los polic\u00edas rescataron a una v\u00edctima que no pod\u00eda contar lo que hab\u00eda vivido. Por disposici\u00f3n del fiscal de Santo Tom\u00e9, Dr. Mart\u00edn Leiva, la yegua fue entregada a la Universidad del Salvador (USAL). Y ah\u00ed comenz\u00f3 otra historia.<\/p>\n<p>Veterinarios y estudiantes la recibieron, la alimentaron, curaron sus heridas y le dieron algo que probablemente hac\u00eda mucho tiempo no conoc\u00eda: cuidado y cari\u00f1o. Tambi\u00e9n le dieron un nombre. La llamaron \u201cPerla\u201d.<\/p>\n<p>Con el paso de los meses, aquella yegua flaca y maltratada comenz\u00f3 a cambiar. Recuper\u00f3 peso, fuerzas y confianza. Volvi\u00f3 a vivir en libertad, rodeada de personas que ya no se acercaban para exigirle cargar algo sobre su lomo, sino para cuidarla.<\/p>\n<p>Pero a Perla todav\u00eda le quedaba un cap\u00edtulo m\u00e1s.<\/p>\n<p>Casi un a\u00f1o despu\u00e9s de aquel rescate, lleg\u00f3 la imagen que termin\u00f3 de darle sentido a toda esta historia: Perla fue mam\u00e1. A su lado apareci\u00f3 un hermoso potrillo macho, sano y fuerte. Una nueva vida naciendo junto a otra que hab\u00eda tenido la oportunidad de comenzar de nuevo.<\/p>\n<p>Quiz\u00e1s por eso ese potrillito representa mucho m\u00e1s que un nacimiento. Representa esperanza. Donde antes hubo golpes y abandono, hoy hay cuidado. Donde alguna vez Perla carg\u00f3 sobre su lomo el producto de un delito, hoy camina libre acompa\u00f1ando a su cr\u00eda.<\/p>\n<p>La Polic\u00eda Rural la rescat\u00f3 aquel d\u00eda sin saber c\u00f3mo terminar\u00eda su historia. Veterinarios y estudiantes hicieron despu\u00e9s su parte para devolverle la dignidad que otros le hab\u00edan quitado.<\/p>\n<p>Y Perla hizo el resto.<\/p>\n<p>Sobrevivi\u00f3, se recuper\u00f3 y volvi\u00f3 a confiar.<\/p>\n<p>Hoy ya no es la yegua de los cuatreros.<\/p>\n<p>Es Perla.<\/p>\n<p>Y ese potrillito que corre a su lado es, quiz\u00e1s, la manera m\u00e1s hermosa que tuvo la vida de decirle que despu\u00e9s del dolor tambi\u00e9n puede existir una segunda oportunidad.<\/p>\n<\/div>\n<div dir=\"auto\"><\/div>\n<\/div>\n<\/div>\n<\/div>\n<\/div>\n<\/div>\n<div dir=\"auto\"><strong>Por: Walter Alderete<\/strong><\/div>\n<div dir=\"auto\"><img fetchpriority=\"high\" decoding=\"async\" class=\"alignnone size-full wp-image-17277\" src=\"https:\/\/digitalsantotome.com.ar\/wp-content\/uploads\/2026\/09\/IMG-20260903-WA0016-scaled.jpg\" alt=\"\" width=\"1441\" height=\"2560\" srcset=\"https:\/\/digitalsantotome.com.ar\/wp-content\/uploads\/2026\/09\/IMG-20260903-WA0016-scaled.jpg 1441w, https:\/\/digitalsantotome.com.ar\/wp-content\/uploads\/2026\/09\/IMG-20260903-WA0016-169x300.jpg 169w, https:\/\/digitalsantotome.com.ar\/wp-content\/uploads\/2026\/09\/IMG-20260903-WA0016-577x1024.jpg 577w, https:\/\/digitalsantotome.com.ar\/wp-content\/uploads\/2026\/09\/IMG-20260903-WA0016-768x1364.jpg 768w, https:\/\/digitalsantotome.com.ar\/wp-content\/uploads\/2026\/09\/IMG-20260903-WA0016-865x1536.jpg 865w, https:\/\/digitalsantotome.com.ar\/wp-content\/uploads\/2026\/09\/IMG-20260903-WA0016-1153x2048.jpg 1153w\" sizes=\"(max-width: 1441px) 100vw, 1441px\" \/><\/div>\n<div class=\"gs\">\n<div class=\" \">\n<div id=\":q8\" class=\"ii gt\">\n<div id=\":qm\" class=\"a3s aiL \">\n<div id=\"avWBGd-156\">\n<div class=\"yj6qo\"><\/div>\n<div class=\"adL\"><\/div>\n<\/div>\n<\/div>\n<\/div>\n<div id=\"avWBGd-157\" class=\"WhmR8e\" data-hash=\"0\"><\/div>\n<\/div>\n<\/div>\n","protected":false},"excerpt":{"rendered":"<p>SANTO TOME. Cuando la Polic\u00eda Rural y Ecol\u00f3gica de Desiderio Sosa la encontr\u00f3, Perla todav\u00eda no ten\u00eda nombre. Era simplemente una yegua utilizada por cuatreros para transportar carne de animales robados y faenados clandestinamente. Su cuerpo contaba su propia historia: estaba desnutrida, descuidada y mostraba las marcas de una vida de maltrato. Fue en octubre&#8230;<\/p>\n","protected":false},"author":2,"featured_media":17276,"comment_status":"closed","ping_status":"closed","sticky":false,"template":"","format":"standard","meta":{"_kad_post_transparent":"default","_kad_post_title":"default","_kad_post_layout":"default","_kad_post_sidebar_id":"","_kad_post_content_style":"default","_kad_post_vertical_padding":"default","_kad_post_feature":"","_kad_post_feature_position":"","_kad_post_header":false,"_kad_post_footer":false,"_kad_post_classname":"","footnotes":""},"categories":[1],"tags":[],"class_list":["post-17275","post","type-post","status-publish","format-standard","has-post-thumbnail","hentry","category-locales"],"a3_pvc":{"activated":false,"total_views":0,"today_views":0},"yoast_head":"<!-- This site is optimized with the Yoast SEO plugin v28.4 - https:\/\/yoast.com\/product\/yoast-seo-wordpress\/ -->\n<title>De v\u00edctima del maltrato a s\u00edmbolo de esperanza: la nueva vida de &quot;Perla&quot; - Digital Santo Tom\u00e9<\/title>\n<meta name=\"robots\" content=\"index, follow, max-snippet:-1, max-image-preview:large, max-video-preview:-1\" \/>\n<link rel=\"canonical\" href=\"https:\/\/digitalsantotome.com.ar\/?p=17275\" \/>\n<meta property=\"og:locale\" content=\"es_ES\" \/>\n<meta property=\"og:type\" content=\"article\" \/>\n<meta property=\"og:title\" content=\"De v\u00edctima del maltrato a s\u00edmbolo de esperanza: la nueva vida de &quot;Perla&quot; - Digital Santo Tom\u00e9\" \/>\n<meta property=\"og:description\" content=\"SANTO TOME. Cuando la Polic\u00eda Rural y Ecol\u00f3gica de Desiderio Sosa la encontr\u00f3, Perla todav\u00eda no ten\u00eda nombre. Era simplemente una yegua utilizada por cuatreros para transportar carne de animales robados y faenados clandestinamente. Su cuerpo contaba su propia historia: estaba desnutrida, descuidada y mostraba las marcas de una vida de maltrato. Fue en octubre...\" \/>\n<meta property=\"og:url\" content=\"https:\/\/digitalsantotome.com.ar\/?p=17275\" \/>\n<meta property=\"og:site_name\" content=\"Digital Santo Tom\u00e9\" \/>\n<meta property=\"article:published_time\" content=\"2026-09-03T12:17:51+00:00\" \/>\n<meta property=\"article:modified_time\" content=\"2026-09-03T17:35:41+00:00\" \/>\n<meta property=\"og:image\" content=\"https:\/\/digitalsantotome.com.ar\/wp-content\/uploads\/2026\/09\/IMG-20260903-WA0015.jpg\" \/>\n\t<meta property=\"og:image:width\" content=\"1600\" \/>\n\t<meta property=\"og:image:height\" content=\"719\" \/>\n\t<meta property=\"og:image:type\" content=\"image\/jpeg\" \/>\n<meta name=\"author\" content=\"Jose Carlos Machado\" \/>\n<meta name=\"twitter:card\" content=\"summary_large_image\" \/>\n<meta name=\"twitter:label1\" content=\"Escrito por\" \/>\n\t<meta name=\"twitter:data1\" content=\"Jose Carlos Machado\" \/>\n\t<meta name=\"twitter:label2\" content=\"Tiempo de lectura\" \/>\n\t<meta name=\"twitter:data2\" content=\"3 minutos\" \/>\n<script type=\"application\/ld+json\" class=\"yoast-schema-graph\">{\"@context\":\"https:\\\/\\\/schema.org\",\"@graph\":[{\"@type\":\"Article\",\"@id\":\"https:\\\/\\\/digitalsantotome.com.ar\\\/?p=17275#article\",\"isPartOf\":{\"@id\":\"https:\\\/\\\/digitalsantotome.com.ar\\\/?p=17275\"},\"author\":{\"name\":\"Jose Carlos Machado\",\"@id\":\"https:\\\/\\\/digitalsantotome.com.ar\\\/#\\\/schema\\\/person\\\/8991d8822886fedd92ce7f03817e1bdf\"},\"headline\":\"De v\u00edctima del maltrato a s\u00edmbolo de esperanza: la nueva vida de \u00abPerla\u00bb\",\"datePublished\":\"2026-09-03T12:17:51+00:00\",\"dateModified\":\"2026-09-03T17:35:41+00:00\",\"mainEntityOfPage\":{\"@id\":\"https:\\\/\\\/digitalsantotome.com.ar\\\/?p=17275\"},\"wordCount\":416,\"publisher\":{\"@id\":\"https:\\\/\\\/digitalsantotome.com.ar\\\/#organization\"},\"image\":{\"@id\":\"https:\\\/\\\/digitalsantotome.com.ar\\\/?p=17275#primaryimage\"},\"thumbnailUrl\":\"https:\\\/\\\/digitalsantotome.com.ar\\\/wp-content\\\/uploads\\\/2026\\\/09\\\/IMG-20260903-WA0015.jpg\",\"articleSection\":[\"Locales\"],\"inLanguage\":\"es\"},{\"@type\":\"WebPage\",\"@id\":\"https:\\\/\\\/digitalsantotome.com.ar\\\/?p=17275\",\"url\":\"https:\\\/\\\/digitalsantotome.com.ar\\\/?p=17275\",\"name\":\"De v\u00edctima del maltrato a s\u00edmbolo de esperanza: la nueva vida de \\\"Perla\\\" - Digital Santo Tom\u00e9\",\"isPartOf\":{\"@id\":\"https:\\\/\\\/digitalsantotome.com.ar\\\/#website\"},\"primaryImageOfPage\":{\"@id\":\"https:\\\/\\\/digitalsantotome.com.ar\\\/?p=17275#primaryimage\"},\"image\":{\"@id\":\"https:\\\/\\\/digitalsantotome.com.ar\\\/?p=17275#primaryimage\"},\"thumbnailUrl\":\"https:\\\/\\\/digitalsantotome.com.ar\\\/wp-content\\\/uploads\\\/2026\\\/09\\\/IMG-20260903-WA0015.jpg\",\"datePublished\":\"2026-09-03T12:17:51+00:00\",\"dateModified\":\"2026-09-03T17:35:41+00:00\",\"breadcrumb\":{\"@id\":\"https:\\\/\\\/digitalsantotome.com.ar\\\/?p=17275#breadcrumb\"},\"inLanguage\":\"es\",\"potentialAction\":[{\"@type\":\"ReadAction\",\"target\":[\"https:\\\/\\\/digitalsantotome.com.ar\\\/?p=17275\"]}]},{\"@type\":\"ImageObject\",\"inLanguage\":\"es\",\"@id\":\"https:\\\/\\\/digitalsantotome.com.ar\\\/?p=17275#primaryimage\",\"url\":\"https:\\\/\\\/digitalsantotome.com.ar\\\/wp-content\\\/uploads\\\/2026\\\/09\\\/IMG-20260903-WA0015.jpg\",\"contentUrl\":\"https:\\\/\\\/digitalsantotome.com.ar\\\/wp-content\\\/uploads\\\/2026\\\/09\\\/IMG-20260903-WA0015.jpg\",\"width\":1600,\"height\":719},{\"@type\":\"BreadcrumbList\",\"@id\":\"https:\\\/\\\/digitalsantotome.com.ar\\\/?p=17275#breadcrumb\",\"itemListElement\":[{\"@type\":\"ListItem\",\"position\":1,\"name\":\"Portada\",\"item\":\"https:\\\/\\\/digitalsantotome.com.ar\\\/\"},{\"@type\":\"ListItem\",\"position\":2,\"name\":\"De v\u00edctima del maltrato a s\u00edmbolo de esperanza: la nueva vida de \u00abPerla\u00bb\"}]},{\"@type\":\"WebSite\",\"@id\":\"https:\\\/\\\/digitalsantotome.com.ar\\\/#website\",\"url\":\"https:\\\/\\\/digitalsantotome.com.ar\\\/\",\"name\":\"Digital Santo Tom\u00e9\",\"description\":\"Noticias desde Santo Tom\u00e9 al Mundo \u2013 La informacion que decide\",\"publisher\":{\"@id\":\"https:\\\/\\\/digitalsantotome.com.ar\\\/#organization\"},\"potentialAction\":[{\"@type\":\"SearchAction\",\"target\":{\"@type\":\"EntryPoint\",\"urlTemplate\":\"https:\\\/\\\/digitalsantotome.com.ar\\\/?s={search_term_string}\"},\"query-input\":{\"@type\":\"PropertyValueSpecification\",\"valueRequired\":true,\"valueName\":\"search_term_string\"}}],\"inLanguage\":\"es\"},{\"@type\":\"Organization\",\"@id\":\"https:\\\/\\\/digitalsantotome.com.ar\\\/#organization\",\"name\":\"Digital Santo Tom\u00e9\",\"url\":\"https:\\\/\\\/digitalsantotome.com.ar\\\/\",\"logo\":{\"@type\":\"ImageObject\",\"inLanguage\":\"es\",\"@id\":\"https:\\\/\\\/digitalsantotome.com.ar\\\/#\\\/schema\\\/logo\\\/image\\\/\",\"url\":\"https:\\\/\\\/digitalsantotome.com.ar\\\/wp-content\\\/uploads\\\/2023\\\/01\\\/facebook.jpg\",\"contentUrl\":\"https:\\\/\\\/digitalsantotome.com.ar\\\/wp-content\\\/uploads\\\/2023\\\/01\\\/facebook.jpg\",\"width\":512,\"height\":376,\"caption\":\"Digital Santo Tom\u00e9\"},\"image\":{\"@id\":\"https:\\\/\\\/digitalsantotome.com.ar\\\/#\\\/schema\\\/logo\\\/image\\\/\"}},{\"@type\":\"Person\",\"@id\":\"https:\\\/\\\/digitalsantotome.com.ar\\\/#\\\/schema\\\/person\\\/8991d8822886fedd92ce7f03817e1bdf\",\"name\":\"Jose Carlos Machado\",\"url\":\"https:\\\/\\\/digitalsantotome.com.ar\\\/?author=2\"}]}<\/script>\n<!-- \/ Yoast SEO plugin. -->","yoast_head_json":{"title":"De v\u00edctima del maltrato a s\u00edmbolo de esperanza: la nueva vida de \"Perla\" - Digital Santo Tom\u00e9","robots":{"index":"index","follow":"follow","max-snippet":"max-snippet:-1","max-image-preview":"max-image-preview:large","max-video-preview":"max-video-preview:-1"},"canonical":"https:\/\/digitalsantotome.com.ar\/?p=17275","og_locale":"es_ES","og_type":"article","og_title":"De v\u00edctima del maltrato a s\u00edmbolo de esperanza: la nueva vida de \"Perla\" - Digital Santo Tom\u00e9","og_description":"SANTO TOME. Cuando la Polic\u00eda Rural y Ecol\u00f3gica de Desiderio Sosa la encontr\u00f3, Perla todav\u00eda no ten\u00eda nombre. Era simplemente una yegua utilizada por cuatreros para transportar carne de animales robados y faenados clandestinamente. Su cuerpo contaba su propia historia: estaba desnutrida, descuidada y mostraba las marcas de una vida de maltrato. Fue en octubre...","og_url":"https:\/\/digitalsantotome.com.ar\/?p=17275","og_site_name":"Digital Santo Tom\u00e9","article_published_time":"2026-09-03T12:17:51+00:00","article_modified_time":"2026-09-03T17:35:41+00:00","og_image":[{"width":1600,"height":719,"url":"https:\/\/digitalsantotome.com.ar\/wp-content\/uploads\/2026\/09\/IMG-20260903-WA0015.jpg","type":"image\/jpeg"}],"author":"Jose Carlos Machado","twitter_card":"summary_large_image","twitter_misc":{"Escrito por":"Jose Carlos Machado","Tiempo de lectura":"3 minutos"},"schema":{"@context":"https:\/\/schema.org","@graph":[{"@type":"Article","@id":"https:\/\/digitalsantotome.com.ar\/?p=17275#article","isPartOf":{"@id":"https:\/\/digitalsantotome.com.ar\/?p=17275"},"author":{"name":"Jose Carlos Machado","@id":"https:\/\/digitalsantotome.com.ar\/#\/schema\/person\/8991d8822886fedd92ce7f03817e1bdf"},"headline":"De v\u00edctima del maltrato a s\u00edmbolo de esperanza: la nueva vida de \u00abPerla\u00bb","datePublished":"2026-09-03T12:17:51+00:00","dateModified":"2026-09-03T17:35:41+00:00","mainEntityOfPage":{"@id":"https:\/\/digitalsantotome.com.ar\/?p=17275"},"wordCount":416,"publisher":{"@id":"https:\/\/digitalsantotome.com.ar\/#organization"},"image":{"@id":"https:\/\/digitalsantotome.com.ar\/?p=17275#primaryimage"},"thumbnailUrl":"https:\/\/digitalsantotome.com.ar\/wp-content\/uploads\/2026\/09\/IMG-20260903-WA0015.jpg","articleSection":["Locales"],"inLanguage":"es"},{"@type":"WebPage","@id":"https:\/\/digitalsantotome.com.ar\/?p=17275","url":"https:\/\/digitalsantotome.com.ar\/?p=17275","name":"De v\u00edctima del maltrato a s\u00edmbolo de esperanza: la nueva vida de \"Perla\" - Digital Santo Tom\u00e9","isPartOf":{"@id":"https:\/\/digitalsantotome.com.ar\/#website"},"primaryImageOfPage":{"@id":"https:\/\/digitalsantotome.com.ar\/?p=17275#primaryimage"},"image":{"@id":"https:\/\/digitalsantotome.com.ar\/?p=17275#primaryimage"},"thumbnailUrl":"https:\/\/digitalsantotome.com.ar\/wp-content\/uploads\/2026\/09\/IMG-20260903-WA0015.jpg","datePublished":"2026-09-03T12:17:51+00:00","dateModified":"2026-09-03T17:35:41+00:00","breadcrumb":{"@id":"https:\/\/digitalsantotome.com.ar\/?p=17275#breadcrumb"},"inLanguage":"es","potentialAction":[{"@type":"ReadAction","target":["https:\/\/digitalsantotome.com.ar\/?p=17275"]}]},{"@type":"ImageObject","inLanguage":"es","@id":"https:\/\/digitalsantotome.com.ar\/?p=17275#primaryimage","url":"https:\/\/digitalsantotome.com.ar\/wp-content\/uploads\/2026\/09\/IMG-20260903-WA0015.jpg","contentUrl":"https:\/\/digitalsantotome.com.ar\/wp-content\/uploads\/2026\/09\/IMG-20260903-WA0015.jpg","width":1600,"height":719},{"@type":"BreadcrumbList","@id":"https:\/\/digitalsantotome.com.ar\/?p=17275#breadcrumb","itemListElement":[{"@type":"ListItem","position":1,"name":"Portada","item":"https:\/\/digitalsantotome.com.ar\/"},{"@type":"ListItem","position":2,"name":"De v\u00edctima del maltrato a s\u00edmbolo de esperanza: la nueva vida de \u00abPerla\u00bb"}]},{"@type":"WebSite","@id":"https:\/\/digitalsantotome.com.ar\/#website","url":"https:\/\/digitalsantotome.com.ar\/","name":"Digital Santo Tom\u00e9","description":"Noticias desde Santo Tom\u00e9 al Mundo \u2013 La informacion que decide","publisher":{"@id":"https:\/\/digitalsantotome.com.ar\/#organization"},"potentialAction":[{"@type":"SearchAction","target":{"@type":"EntryPoint","urlTemplate":"https:\/\/digitalsantotome.com.ar\/?s={search_term_string}"},"query-input":{"@type":"PropertyValueSpecification","valueRequired":true,"valueName":"search_term_string"}}],"inLanguage":"es"},{"@type":"Organization","@id":"https:\/\/digitalsantotome.com.ar\/#organization","name":"Digital Santo Tom\u00e9","url":"https:\/\/digitalsantotome.com.ar\/","logo":{"@type":"ImageObject","inLanguage":"es","@id":"https:\/\/digitalsantotome.com.ar\/#\/schema\/logo\/image\/","url":"https:\/\/digitalsantotome.com.ar\/wp-content\/uploads\/2023\/01\/facebook.jpg","contentUrl":"https:\/\/digitalsantotome.com.ar\/wp-content\/uploads\/2023\/01\/facebook.jpg","width":512,"height":376,"caption":"Digital Santo Tom\u00e9"},"image":{"@id":"https:\/\/digitalsantotome.com.ar\/#\/schema\/logo\/image\/"}},{"@type":"Person","@id":"https:\/\/digitalsantotome.com.ar\/#\/schema\/person\/8991d8822886fedd92ce7f03817e1bdf","name":"Jose Carlos Machado","url":"https:\/\/digitalsantotome.com.ar\/?author=2"}]}},"_links":{"self":[{"href":"https:\/\/digitalsantotome.com.ar\/index.php?rest_route=\/wp\/v2\/posts\/17275","targetHints":{"allow":["GET"]}}],"collection":[{"href":"https:\/\/digitalsantotome.com.ar\/index.php?rest_route=\/wp\/v2\/posts"}],"about":[{"href":"https:\/\/digitalsantotome.com.ar\/index.php?rest_route=\/wp\/v2\/types\/post"}],"author":[{"embeddable":true,"href":"https:\/\/digitalsantotome.com.ar\/index.php?rest_route=\/wp\/v2\/users\/2"}],"replies":[{"embeddable":true,"href":"https:\/\/digitalsantotome.com.ar\/index.php?rest_route=%2Fwp%2Fv2%2Fcomments&post=17275"}],"version-history":[{"count":2,"href":"https:\/\/digitalsantotome.com.ar\/index.php?rest_route=\/wp\/v2\/posts\/17275\/revisions"}],"predecessor-version":[{"id":17279,"href":"https:\/\/digitalsantotome.com.ar\/index.php?rest_route=\/wp\/v2\/posts\/17275\/revisions\/17279"}],"wp:featuredmedia":[{"embeddable":true,"href":"https:\/\/digitalsantotome.com.ar\/index.php?rest_route=\/wp\/v2\/media\/17276"}],"wp:attachment":[{"href":"https:\/\/digitalsantotome.com.ar\/index.php?rest_route=%2Fwp%2Fv2%2Fmedia&parent=17275"}],"wp:term":[{"taxonomy":"category","embeddable":true,"href":"https:\/\/digitalsantotome.com.ar\/index.php?rest_route=%2Fwp%2Fv2%2Fcategories&post=17275"},{"taxonomy":"post_tag","embeddable":true,"href":"https:\/\/digitalsantotome.com.ar\/index.php?rest_route=%2Fwp%2Fv2%2Ftags&post=17275"}],"curies":[{"name":"wp","href":"https:\/\/api.w.org\/{rel}","templated":true}]}}