{"id":17287,"date":"2026-09-03T14:34:56","date_gmt":"2026-09-03T17:34:56","guid":{"rendered":"https:\/\/digitalsantotome.com.ar\/?p=17287"},"modified":"2026-09-03T14:34:56","modified_gmt":"2026-09-03T17:34:56","slug":"gustavo-valdes-en-bella-vista-llamo-a-fortalecer-vamos-corrientes-y-profundizar-el-desarrollo-provincial","status":"publish","type":"post","link":"https:\/\/digitalsantotome.com.ar\/?p=17287","title":{"rendered":"Gustavo Vald\u00e9s: En Bella Vista llam\u00f3 a fortalecer Vamos Corrientes y profundizar el desarrollo provincial"},"content":{"rendered":"<div class=\"gs\">\n<div class=\"   \">\n<div id=\":2c\" class=\"ii gt\">\n<div id=\":2b\" class=\"a3s aiL \">\n<div id=\"avWBGd-115\">\n<div dir=\"auto\">BELLA VISTA. En la localidad de Bella Vista, Gustavo Vald\u00e9s particip\u00f3 de un encuentro de la agrupaci\u00f3n Vamos los Azules, espacio encabezado por Emilio Lanari e integrante de Vamos Corrientes, donde brind\u00f3 un discurso centrado en el desarrollo de la provincia, la defensa del federalismo y la necesidad de continuar construyendo un proyecto colectivo para el futuro de Corrientes.<\/p>\n<p>Durante su intervenci\u00f3n, Vald\u00e9s destac\u00f3 el respaldo que Vamos Corrientes viene recibiendo de la sociedad y sostuvo que ese acompa\u00f1amiento implica, al mismo tiempo, una enorme responsabilidad. \u201cTenemos el acompa\u00f1amiento de los correntinos y eso nos obliga a trabajar cada vez m\u00e1s, con seriedad y compromiso\u201d, expres\u00f3.<\/p>\n<p>En ese sentido, remarc\u00f3 que el proyecto pol\u00edtico de Vamos Corrientes debe estar siempre por encima de las aspiraciones individuales, se\u00f1alando que \u201ceste proyecto es mucho m\u00e1s importante que el proyecto de una sola persona\u201d. As\u00ed, convoc\u00f3 a fortalecer la unidad y a continuar trabajando de manera conjunta por los objetivos de la provincia.<\/p>\n<p>Vald\u00e9s tambi\u00e9n puso \u00e9nfasis en la defensa del federalismo, planteando la necesidad de que Corrientes siga defendiendo sus intereses y reclamando las condiciones necesarias para desarrollarse. Asegur\u00f3 que el crecimiento provincial requiere una mirada federal que permita generar oportunidades en cada localidad y aprovechar todo el potencial productivo de Corrientes.<\/p>\n<p>Al referirse a la administraci\u00f3n provincial, record\u00f3 que Corrientes alcanz\u00f3 hace muchos a\u00f1os el equilibrio fiscal, destacando la importancia de contar con cuentas p\u00fablicas ordenadas como base para proyectar inversiones, infraestructura y pol\u00edticas de desarrollo a largo plazo.<\/p>\n<p>Sin embargo, se\u00f1al\u00f3 que uno de los principales desaf\u00edos de la pr\u00f3xima etapa pasa por la generaci\u00f3n de empleo. \u201cTenemos que generar puestos de trabajo, porque nuestra gente quiere trabajar, quiere progresar y quiere tener oportunidades en su propia provincia\u201d, afirm\u00f3.<\/p>\n<p>Finalmente, Vald\u00e9s transmiti\u00f3 un mensaje de optimismo sobre el futuro de Corrientes y convoc\u00f3 a continuar fortaleciendo el trabajo conjunto. \u201cTenemos futuro. Tenemos que seguir trabajando juntos para lograr que Corrientes se desarrolle, siga creciendo y genere cada vez m\u00e1s oportunidades para todos los correntinos\u201d, concluy\u00f3.<\/p>\n<p>Del encuentro participaron dirigentes radicales y referentes de Vamos Azules de distintos puntos de la provincia. Entre ellos estuvieron Walter Ch\u00e1vez, Noelia Bazzi, Ana Amendola, Piki Salvarredy, Mart\u00edn Vera, Jorge Sladek, Jos\u00e9 Sand y Marcelo Quintana, adem\u00e1s de dirigentes provenientes de Goya, Bella Vista, It\u00e1 Ibat\u00e9, Ituzaing\u00f3, Capital, Saladas, San Roque y 3 de Abril.<\/p><\/div>\n<div class=\"yj6qo\"><\/div>\n<div class=\"adL\"><\/div>\n<\/div>\n<\/div>\n<\/div>\n<div id=\"avWBGd-116\" class=\"WhmR8e\" data-hash=\"0\"><\/div>\n<\/div>\n<\/div>\n","protected":false},"excerpt":{"rendered":"<p>BELLA VISTA. En la localidad de Bella Vista, Gustavo Vald\u00e9s particip\u00f3 de un encuentro de la agrupaci\u00f3n Vamos los Azules, espacio encabezado por Emilio Lanari e integrante de Vamos Corrientes, donde brind\u00f3 un discurso centrado en el desarrollo de la provincia, la defensa del federalismo y la necesidad de continuar construyendo un proyecto colectivo para&#8230;<\/p>\n","protected":false},"author":2,"featured_media":17288,"comment_status":"closed","ping_status":"closed","sticky":false,"template":"","format":"standard","meta":{"_kad_post_transparent":"default","_kad_post_title":"default","_kad_post_layout":"default","_kad_post_sidebar_id":"","_kad_post_content_style":"default","_kad_post_vertical_padding":"default","_kad_post_feature":"","_kad_post_feature_position":"","_kad_post_header":false,"_kad_post_footer":false,"_kad_post_classname":"","footnotes":""},"categories":[2],"tags":[],"class_list":["post-17287","post","type-post","status-publish","format-standard","has-post-thumbnail","hentry","category-provinciales"],"a3_pvc":{"activated":false,"total_views":0,"today_views":0},"yoast_head":"<!-- This site is optimized with the Yoast SEO plugin v28.4 - https:\/\/yoast.com\/product\/yoast-seo-wordpress\/ -->\n<title>Gustavo Vald\u00e9s: En Bella Vista llam\u00f3 a fortalecer Vamos Corrientes y profundizar el desarrollo provincial - Digital Santo Tom\u00e9<\/title>\n<meta name=\"robots\" content=\"index, follow, max-snippet:-1, max-image-preview:large, max-video-preview:-1\" \/>\n<link rel=\"canonical\" href=\"https:\/\/digitalsantotome.com.ar\/?p=17287\" \/>\n<meta property=\"og:locale\" content=\"es_ES\" \/>\n<meta property=\"og:type\" content=\"article\" \/>\n<meta property=\"og:title\" content=\"Gustavo Vald\u00e9s: En Bella Vista llam\u00f3 a fortalecer Vamos Corrientes y profundizar el desarrollo provincial - Digital Santo Tom\u00e9\" \/>\n<meta property=\"og:description\" content=\"BELLA VISTA. En la localidad de Bella Vista, Gustavo Vald\u00e9s particip\u00f3 de un encuentro de la agrupaci\u00f3n Vamos los Azules, espacio encabezado por Emilio Lanari e integrante de Vamos Corrientes, donde brind\u00f3 un discurso centrado en el desarrollo de la provincia, la defensa del federalismo y la necesidad de continuar construyendo un proyecto colectivo para...\" \/>\n<meta property=\"og:url\" content=\"https:\/\/digitalsantotome.com.ar\/?p=17287\" \/>\n<meta property=\"og:site_name\" content=\"Digital Santo Tom\u00e9\" \/>\n<meta property=\"article:published_time\" content=\"2026-09-03T17:34:56+00:00\" \/>\n<meta property=\"og:image\" content=\"https:\/\/digitalsantotome.com.ar\/wp-content\/uploads\/2026\/09\/IMG-20260903-WA0055-scaled.jpg\" \/>\n\t<meta property=\"og:image:width\" content=\"2560\" \/>\n\t<meta property=\"og:image:height\" content=\"1707\" \/>\n\t<meta property=\"og:image:type\" content=\"image\/jpeg\" \/>\n<meta name=\"author\" content=\"Jose Carlos Machado\" \/>\n<meta name=\"twitter:card\" content=\"summary_large_image\" \/>\n<meta name=\"twitter:label1\" content=\"Escrito por\" \/>\n\t<meta name=\"twitter:data1\" content=\"Jose Carlos Machado\" \/>\n\t<meta name=\"twitter:label2\" content=\"Tiempo de lectura\" \/>\n\t<meta name=\"twitter:data2\" content=\"2 minutos\" \/>\n<script type=\"application\/ld+json\" class=\"yoast-schema-graph\">{\"@context\":\"https:\\\/\\\/schema.org\",\"@graph\":[{\"@type\":\"Article\",\"@id\":\"https:\\\/\\\/digitalsantotome.com.ar\\\/?p=17287#article\",\"isPartOf\":{\"@id\":\"https:\\\/\\\/digitalsantotome.com.ar\\\/?p=17287\"},\"author\":{\"name\":\"Jose Carlos Machado\",\"@id\":\"https:\\\/\\\/digitalsantotome.com.ar\\\/#\\\/schema\\\/person\\\/8991d8822886fedd92ce7f03817e1bdf\"},\"headline\":\"Gustavo Vald\u00e9s: En Bella Vista llam\u00f3 a fortalecer Vamos Corrientes y profundizar el desarrollo provincial\",\"datePublished\":\"2026-09-03T17:34:56+00:00\",\"mainEntityOfPage\":{\"@id\":\"https:\\\/\\\/digitalsantotome.com.ar\\\/?p=17287\"},\"wordCount\":430,\"publisher\":{\"@id\":\"https:\\\/\\\/digitalsantotome.com.ar\\\/#organization\"},\"image\":{\"@id\":\"https:\\\/\\\/digitalsantotome.com.ar\\\/?p=17287#primaryimage\"},\"thumbnailUrl\":\"https:\\\/\\\/digitalsantotome.com.ar\\\/wp-content\\\/uploads\\\/2026\\\/09\\\/IMG-20260903-WA0055-scaled.jpg\",\"articleSection\":[\"Provinciales\"],\"inLanguage\":\"es\"},{\"@type\":\"WebPage\",\"@id\":\"https:\\\/\\\/digitalsantotome.com.ar\\\/?p=17287\",\"url\":\"https:\\\/\\\/digitalsantotome.com.ar\\\/?p=17287\",\"name\":\"Gustavo Vald\u00e9s: En Bella Vista llam\u00f3 a fortalecer Vamos Corrientes y profundizar el desarrollo provincial - Digital Santo Tom\u00e9\",\"isPartOf\":{\"@id\":\"https:\\\/\\\/digitalsantotome.com.ar\\\/#website\"},\"primaryImageOfPage\":{\"@id\":\"https:\\\/\\\/digitalsantotome.com.ar\\\/?p=17287#primaryimage\"},\"image\":{\"@id\":\"https:\\\/\\\/digitalsantotome.com.ar\\\/?p=17287#primaryimage\"},\"thumbnailUrl\":\"https:\\\/\\\/digitalsantotome.com.ar\\\/wp-content\\\/uploads\\\/2026\\\/09\\\/IMG-20260903-WA0055-scaled.jpg\",\"datePublished\":\"2026-09-03T17:34:56+00:00\",\"breadcrumb\":{\"@id\":\"https:\\\/\\\/digitalsantotome.com.ar\\\/?p=17287#breadcrumb\"},\"inLanguage\":\"es\",\"potentialAction\":[{\"@type\":\"ReadAction\",\"target\":[\"https:\\\/\\\/digitalsantotome.com.ar\\\/?p=17287\"]}]},{\"@type\":\"ImageObject\",\"inLanguage\":\"es\",\"@id\":\"https:\\\/\\\/digitalsantotome.com.ar\\\/?p=17287#primaryimage\",\"url\":\"https:\\\/\\\/digitalsantotome.com.ar\\\/wp-content\\\/uploads\\\/2026\\\/09\\\/IMG-20260903-WA0055-scaled.jpg\",\"contentUrl\":\"https:\\\/\\\/digitalsantotome.com.ar\\\/wp-content\\\/uploads\\\/2026\\\/09\\\/IMG-20260903-WA0055-scaled.jpg\",\"width\":2560,\"height\":1707},{\"@type\":\"BreadcrumbList\",\"@id\":\"https:\\\/\\\/digitalsantotome.com.ar\\\/?p=17287#breadcrumb\",\"itemListElement\":[{\"@type\":\"ListItem\",\"position\":1,\"name\":\"Portada\",\"item\":\"https:\\\/\\\/digitalsantotome.com.ar\\\/\"},{\"@type\":\"ListItem\",\"position\":2,\"name\":\"Gustavo Vald\u00e9s: En Bella Vista llam\u00f3 a fortalecer Vamos Corrientes y profundizar el desarrollo provincial\"}]},{\"@type\":\"WebSite\",\"@id\":\"https:\\\/\\\/digitalsantotome.com.ar\\\/#website\",\"url\":\"https:\\\/\\\/digitalsantotome.com.ar\\\/\",\"name\":\"Digital Santo Tom\u00e9\",\"description\":\"Noticias desde Santo Tom\u00e9 al Mundo \u2013 La informacion que decide\",\"publisher\":{\"@id\":\"https:\\\/\\\/digitalsantotome.com.ar\\\/#organization\"},\"potentialAction\":[{\"@type\":\"SearchAction\",\"target\":{\"@type\":\"EntryPoint\",\"urlTemplate\":\"https:\\\/\\\/digitalsantotome.com.ar\\\/?s={search_term_string}\"},\"query-input\":{\"@type\":\"PropertyValueSpecification\",\"valueRequired\":true,\"valueName\":\"search_term_string\"}}],\"inLanguage\":\"es\"},{\"@type\":\"Organization\",\"@id\":\"https:\\\/\\\/digitalsantotome.com.ar\\\/#organization\",\"name\":\"Digital Santo Tom\u00e9\",\"url\":\"https:\\\/\\\/digitalsantotome.com.ar\\\/\",\"logo\":{\"@type\":\"ImageObject\",\"inLanguage\":\"es\",\"@id\":\"https:\\\/\\\/digitalsantotome.com.ar\\\/#\\\/schema\\\/logo\\\/image\\\/\",\"url\":\"https:\\\/\\\/digitalsantotome.com.ar\\\/wp-content\\\/uploads\\\/2023\\\/01\\\/facebook.jpg\",\"contentUrl\":\"https:\\\/\\\/digitalsantotome.com.ar\\\/wp-content\\\/uploads\\\/2023\\\/01\\\/facebook.jpg\",\"width\":512,\"height\":376,\"caption\":\"Digital Santo Tom\u00e9\"},\"image\":{\"@id\":\"https:\\\/\\\/digitalsantotome.com.ar\\\/#\\\/schema\\\/logo\\\/image\\\/\"}},{\"@type\":\"Person\",\"@id\":\"https:\\\/\\\/digitalsantotome.com.ar\\\/#\\\/schema\\\/person\\\/8991d8822886fedd92ce7f03817e1bdf\",\"name\":\"Jose Carlos Machado\",\"url\":\"https:\\\/\\\/digitalsantotome.com.ar\\\/?author=2\"}]}<\/script>\n<!-- \/ Yoast SEO plugin. -->","yoast_head_json":{"title":"Gustavo Vald\u00e9s: En Bella Vista llam\u00f3 a fortalecer Vamos Corrientes y profundizar el desarrollo provincial - Digital Santo Tom\u00e9","robots":{"index":"index","follow":"follow","max-snippet":"max-snippet:-1","max-image-preview":"max-image-preview:large","max-video-preview":"max-video-preview:-1"},"canonical":"https:\/\/digitalsantotome.com.ar\/?p=17287","og_locale":"es_ES","og_type":"article","og_title":"Gustavo Vald\u00e9s: En Bella Vista llam\u00f3 a fortalecer Vamos Corrientes y profundizar el desarrollo provincial - Digital Santo Tom\u00e9","og_description":"BELLA VISTA. En la localidad de Bella Vista, Gustavo Vald\u00e9s particip\u00f3 de un encuentro de la agrupaci\u00f3n Vamos los Azules, espacio encabezado por Emilio Lanari e integrante de Vamos Corrientes, donde brind\u00f3 un discurso centrado en el desarrollo de la provincia, la defensa del federalismo y la necesidad de continuar construyendo un proyecto colectivo para...","og_url":"https:\/\/digitalsantotome.com.ar\/?p=17287","og_site_name":"Digital Santo Tom\u00e9","article_published_time":"2026-09-03T17:34:56+00:00","og_image":[{"width":2560,"height":1707,"url":"https:\/\/digitalsantotome.com.ar\/wp-content\/uploads\/2026\/09\/IMG-20260903-WA0055-scaled.jpg","type":"image\/jpeg"}],"author":"Jose Carlos Machado","twitter_card":"summary_large_image","twitter_misc":{"Escrito por":"Jose Carlos Machado","Tiempo de lectura":"2 minutos"},"schema":{"@context":"https:\/\/schema.org","@graph":[{"@type":"Article","@id":"https:\/\/digitalsantotome.com.ar\/?p=17287#article","isPartOf":{"@id":"https:\/\/digitalsantotome.com.ar\/?p=17287"},"author":{"name":"Jose Carlos Machado","@id":"https:\/\/digitalsantotome.com.ar\/#\/schema\/person\/8991d8822886fedd92ce7f03817e1bdf"},"headline":"Gustavo Vald\u00e9s: En Bella Vista llam\u00f3 a fortalecer Vamos Corrientes y profundizar el desarrollo provincial","datePublished":"2026-09-03T17:34:56+00:00","mainEntityOfPage":{"@id":"https:\/\/digitalsantotome.com.ar\/?p=17287"},"wordCount":430,"publisher":{"@id":"https:\/\/digitalsantotome.com.ar\/#organization"},"image":{"@id":"https:\/\/digitalsantotome.com.ar\/?p=17287#primaryimage"},"thumbnailUrl":"https:\/\/digitalsantotome.com.ar\/wp-content\/uploads\/2026\/09\/IMG-20260903-WA0055-scaled.jpg","articleSection":["Provinciales"],"inLanguage":"es"},{"@type":"WebPage","@id":"https:\/\/digitalsantotome.com.ar\/?p=17287","url":"https:\/\/digitalsantotome.com.ar\/?p=17287","name":"Gustavo Vald\u00e9s: En Bella Vista llam\u00f3 a fortalecer Vamos Corrientes y profundizar el desarrollo provincial - Digital Santo Tom\u00e9","isPartOf":{"@id":"https:\/\/digitalsantotome.com.ar\/#website"},"primaryImageOfPage":{"@id":"https:\/\/digitalsantotome.com.ar\/?p=17287#primaryimage"},"image":{"@id":"https:\/\/digitalsantotome.com.ar\/?p=17287#primaryimage"},"thumbnailUrl":"https:\/\/digitalsantotome.com.ar\/wp-content\/uploads\/2026\/09\/IMG-20260903-WA0055-scaled.jpg","datePublished":"2026-09-03T17:34:56+00:00","breadcrumb":{"@id":"https:\/\/digitalsantotome.com.ar\/?p=17287#breadcrumb"},"inLanguage":"es","potentialAction":[{"@type":"ReadAction","target":["https:\/\/digitalsantotome.com.ar\/?p=17287"]}]},{"@type":"ImageObject","inLanguage":"es","@id":"https:\/\/digitalsantotome.com.ar\/?p=17287#primaryimage","url":"https:\/\/digitalsantotome.com.ar\/wp-content\/uploads\/2026\/09\/IMG-20260903-WA0055-scaled.jpg","contentUrl":"https:\/\/digitalsantotome.com.ar\/wp-content\/uploads\/2026\/09\/IMG-20260903-WA0055-scaled.jpg","width":2560,"height":1707},{"@type":"BreadcrumbList","@id":"https:\/\/digitalsantotome.com.ar\/?p=17287#breadcrumb","itemListElement":[{"@type":"ListItem","position":1,"name":"Portada","item":"https:\/\/digitalsantotome.com.ar\/"},{"@type":"ListItem","position":2,"name":"Gustavo Vald\u00e9s: En Bella Vista llam\u00f3 a fortalecer Vamos Corrientes y profundizar el desarrollo provincial"}]},{"@type":"WebSite","@id":"https:\/\/digitalsantotome.com.ar\/#website","url":"https:\/\/digitalsantotome.com.ar\/","name":"Digital Santo Tom\u00e9","description":"Noticias desde Santo Tom\u00e9 al Mundo \u2013 La informacion que decide","publisher":{"@id":"https:\/\/digitalsantotome.com.ar\/#organization"},"potentialAction":[{"@type":"SearchAction","target":{"@type":"EntryPoint","urlTemplate":"https:\/\/digitalsantotome.com.ar\/?s={search_term_string}"},"query-input":{"@type":"PropertyValueSpecification","valueRequired":true,"valueName":"search_term_string"}}],"inLanguage":"es"},{"@type":"Organization","@id":"https:\/\/digitalsantotome.com.ar\/#organization","name":"Digital Santo Tom\u00e9","url":"https:\/\/digitalsantotome.com.ar\/","logo":{"@type":"ImageObject","inLanguage":"es","@id":"https:\/\/digitalsantotome.com.ar\/#\/schema\/logo\/image\/","url":"https:\/\/digitalsantotome.com.ar\/wp-content\/uploads\/2023\/01\/facebook.jpg","contentUrl":"https:\/\/digitalsantotome.com.ar\/wp-content\/uploads\/2023\/01\/facebook.jpg","width":512,"height":376,"caption":"Digital Santo Tom\u00e9"},"image":{"@id":"https:\/\/digitalsantotome.com.ar\/#\/schema\/logo\/image\/"}},{"@type":"Person","@id":"https:\/\/digitalsantotome.com.ar\/#\/schema\/person\/8991d8822886fedd92ce7f03817e1bdf","name":"Jose Carlos Machado","url":"https:\/\/digitalsantotome.com.ar\/?author=2"}]}},"_links":{"self":[{"href":"https:\/\/digitalsantotome.com.ar\/index.php?rest_route=\/wp\/v2\/posts\/17287","targetHints":{"allow":["GET"]}}],"collection":[{"href":"https:\/\/digitalsantotome.com.ar\/index.php?rest_route=\/wp\/v2\/posts"}],"about":[{"href":"https:\/\/digitalsantotome.com.ar\/index.php?rest_route=\/wp\/v2\/types\/post"}],"author":[{"embeddable":true,"href":"https:\/\/digitalsantotome.com.ar\/index.php?rest_route=\/wp\/v2\/users\/2"}],"replies":[{"embeddable":true,"href":"https:\/\/digitalsantotome.com.ar\/index.php?rest_route=%2Fwp%2Fv2%2Fcomments&post=17287"}],"version-history":[{"count":1,"href":"https:\/\/digitalsantotome.com.ar\/index.php?rest_route=\/wp\/v2\/posts\/17287\/revisions"}],"predecessor-version":[{"id":17289,"href":"https:\/\/digitalsantotome.com.ar\/index.php?rest_route=\/wp\/v2\/posts\/17287\/revisions\/17289"}],"wp:featuredmedia":[{"embeddable":true,"href":"https:\/\/digitalsantotome.com.ar\/index.php?rest_route=\/wp\/v2\/media\/17288"}],"wp:attachment":[{"href":"https:\/\/digitalsantotome.com.ar\/index.php?rest_route=%2Fwp%2Fv2%2Fmedia&parent=17287"}],"wp:term":[{"taxonomy":"category","embeddable":true,"href":"https:\/\/digitalsantotome.com.ar\/index.php?rest_route=%2Fwp%2Fv2%2Fcategories&post=17287"},{"taxonomy":"post_tag","embeddable":true,"href":"https:\/\/digitalsantotome.com.ar\/index.php?rest_route=%2Fwp%2Fv2%2Ftags&post=17287"}],"curies":[{"name":"wp","href":"https:\/\/api.w.org\/{rel}","templated":true}]}}