{"id":17290,"date":"2026-09-03T14:38:25","date_gmt":"2026-09-03T17:38:25","guid":{"rendered":"https:\/\/digitalsantotome.com.ar\/?p=17290"},"modified":"2026-09-03T14:40:56","modified_gmt":"2026-09-03T17:40:56","slug":"el-senado-dio-media-sancion-al-plan-provincial-de-conservacion-de-grandes-felinos","status":"publish","type":"post","link":"https:\/\/digitalsantotome.com.ar\/?p=17290","title":{"rendered":"El Senado dio media sanci\u00f3n al Plan Provincial de Conservaci\u00f3n de Grandes Felinos"},"content":{"rendered":"<div class=\"gs\">\n<div class=\" \">\n<div id=\":21\" class=\"ii gt\">\n<div id=\":20\" class=\"a3s aiL \">\n<div id=\"avWBGd-207\">\n<div dir=\"auto\">\n<p>CORRIENTES. En la 10ma Sesi\u00f3n Ordinaria de la C\u00e1mara de Senadores, presidida por el Vicegobernador Pedro Braillard Poccard, el jueves 3 de septiembre, se dio media sanci\u00f3n al proyecto de Ley presentado por los Senadores Sergio Mois\u00e9s Flinta, Gustavo Adolfo Vald\u00e9s, Noel Eugenio Breard, Henry Jorge Fick, Francisco Ignacio Osella y otros por el que se instituye el Plan Provincial de Conservaci\u00f3n de Grandes Felinos.<\/p>\n<p>Al respecto, el senador Flinta, aclar\u00f3 que ante la denuncia de algunos ataques de yaguaret\u00e9s y pumas a ganado que pertenece a productores locales, el Estado provincial, que tiene la potestad de regular fauna y flora, deber\u00e1 indemnizar en el t\u00e9rmino de 30 d\u00edas posteriores a la denuncia, a los perjudicados. Para ello se conformar\u00e1 un comit\u00e9 integrado por distintas fuerzas de seguridad y organismos estatales.<\/p>\n<p><img fetchpriority=\"high\" decoding=\"async\" class=\"alignnone size-full wp-image-17291\" src=\"https:\/\/digitalsantotome.com.ar\/wp-content\/uploads\/2026\/09\/IMG-20260903-WA0067.jpg\" alt=\"\" width=\"1599\" height=\"1066\" srcset=\"https:\/\/digitalsantotome.com.ar\/wp-content\/uploads\/2026\/09\/IMG-20260903-WA0067.jpg 1599w, https:\/\/digitalsantotome.com.ar\/wp-content\/uploads\/2026\/09\/IMG-20260903-WA0067-300x200.jpg 300w, https:\/\/digitalsantotome.com.ar\/wp-content\/uploads\/2026\/09\/IMG-20260903-WA0067-1024x683.jpg 1024w, https:\/\/digitalsantotome.com.ar\/wp-content\/uploads\/2026\/09\/IMG-20260903-WA0067-768x512.jpg 768w, https:\/\/digitalsantotome.com.ar\/wp-content\/uploads\/2026\/09\/IMG-20260903-WA0067-1536x1024.jpg 1536w\" sizes=\"(max-width: 1599px) 100vw, 1599px\" \/><\/p>\n<p>En cuanto a las solicitudes de acuerdo del Poder Ejecutivo Dr. Eugenio Ram\u00f3n Balbastro tuvo su audiencia p\u00fablica para su designaci\u00f3n en el cargo de Juez del Tribunal de Revisi\u00f3n de la Primera Circunscripci\u00f3n Judicial con asiento en la ciudad de Corrientes.<\/p>\n<p>En tanto que se aprobaron los pliegos para el cargo de Juez Civil, Comercial y Laboral de la Cuarta Circunscripci\u00f3n Judicial con asiento en la ciudad de Paso de los Libres para el Dr. Waldo Ra\u00fal Ojeda \u00c1lvarez as\u00ed como los pliegos para el cargo de Asesor de Menores e Incapaces de la Primera Circunscripci\u00f3n Judicial con asiento en la ciudad de Saladas para la Dra. Gladis Julia Aguirre; ambos tuvieron su audiencia p\u00fablica el 20 de agosto.<\/p>\n<p>*Proyectos de leyes*<\/p>\n<p>La Senadora L\u00e9rtora present\u00f3 el proyecto por el que se dispone la supresi\u00f3n de tratamientos honor\u00edficos en el \u00e1mbito p\u00fablico. (Comisi\u00f3n de Legislaci\u00f3n y Asuntos Constitucionales)<\/p>\n<p>La Senadora Quintana present\u00f3 el proyecto por el que se crea la \u201cSemana Provincial de Concientizaci\u00f3n y Acci\u00f3n sobre la Par\u00e1lisis Cerebral\u201d, que se desarrollar\u00e1 anualmente del 01 al 07 de octubre. (Salud P\u00fablica)<\/p>\n<p>*Proyectos venidos de Diputados*<\/p>\n<p>Honorable C\u00e1mara de Diputados remiti\u00f3 en revisi\u00f3n varios proyectos de Ley, uno por el que se declara Monumento Hist\u00f3rico e integrante del Patrimonio Cultural al edificio de la \u201cCasa Manos Correntinas\u201d ubicado en la ciudad de Mercedes. Adem\u00e1s, el proyecto por el que se dispone una se\u00f1alizaci\u00f3n conmemorativa de H\u00e9roes Nacionales fallecidos durante la Guerra de Malvinas, y el proyecto por el que se declara Fiesta Provincial a la Muestra de la Artesan\u00eda \u201cArand\u00fa P\u00f3 (Manos Sabias)\u201d que anualmente se realiza en la ciudad de Empedrado, los tres pasaron a la comisi\u00f3n de Educaci\u00f3n y Cultura.<\/p>\n<p>Luego pas\u00f3 a comisi\u00f3n de Legislaci\u00f3n y Asuntos Constitucionales, el proyecto por el que se adhiere la Provincia a la Ley Nacional N\u00ba 20561 (fija el 10 de junio como D\u00eda de la Afirmaci\u00f3n de los Derechos Argentinos sobre las Malvinas, Islas y Sector Ant\u00e1rtico)<\/p>\n<p>Y, por \u00faltimo, pas\u00f3 a comisi\u00f3n de Salud P\u00fablica el proyecto por el que se crea el Programa Provincial de Capacitaci\u00f3n y Concientizaci\u00f3n sobre la Epilepsia.<\/p>\n<p>*Declaraciones*<\/p>\n<p>El Senador Flinta present\u00f3 un proyecto por el que se expresa el inter\u00e9s legislativo por el \u201cIV\u00ba Congreso Nacional e Internacional Belgraniano\u201d, adem\u00e1s varios Senadores presentaron el proyecto por el que se expresa el inter\u00e9s legislativo por el \u201cCierre Festival Mozart\u201d &#8211; Concierto a beneficio del Instituto Oncol\u00f3gico \u201cPapa Francisco\u201d, que contar\u00e1 con la participaci\u00f3n de la Orquesta Sinf\u00f3nica de la Provincia y la pianista concertista Mirian Conti.<\/p>\n<p>En tanto que la Senadora Carballo present\u00f3 el proyecto por el que se expresa el inter\u00e9s legislativo por el Reconocimiento Libertador General San Mart\u00edn, otorgado a Do\u00f1a Juana Rodr\u00edguez, por su destacada trayectoria, dedicaci\u00f3n y aporte a la comunidad.<\/p>\n<p>Adem\u00e1s, la Senadora L\u00e9rtora present\u00f3 dos proyectos, uno por el que se expresa el inter\u00e9s legislativo por la \u201c42\u00ba Edici\u00f3n de la Fiesta Provincial del Agricultor\u201d, que se realizar\u00e1 en el Municipio de Carolina y otro por el que se expresa el inter\u00e9s legislativo por el \u201c86\u00ba Aniversario de la fundaci\u00f3n de Riachuelo\u201d, que se celebra el 28 de septiembre.<\/p>\n<p>Igualmente, el Senador Fick por el que se expresa el inter\u00e9s legislativo por el \u201c5\u00ba Encuentro de Autos Antiguos y Cl\u00e1sicos, que se realizar\u00e1 en la ciudad de Monte Caseros durante los d\u00edas 12 y 13 de septiembre del corriente a\u00f1o.<\/p>\n<p>Se incorpor\u00f3 al orden del d\u00eda, y se aprob\u00f3 sore tablas el proyecto presentado por el Senador Noel Eugenio Breard por el que se expresa el inter\u00e9s legislativo por las XXXVII Jornadas Argentinas de Taquigraf\u00eda Parlamentaria, a realizarse en Corrientes durante los d\u00edas 11, 12 y 13 de septiembre del corriente a\u00f1o.<\/p>\n<p>Al finalizar la sesi\u00f3n el vicegobernador Pedro Braillard Poccard hizo entrega de la distinci\u00f3n \u201cJoven Honorable\u201d a Luc\u00eda M\u00f3rtola, estudiante avanzada de Bioqu\u00edmica de la Universidad Nacional del Nordeste (UNNE), quien se destaca por su trayectoria acad\u00e9mica y cient\u00edfica.<\/p>\n<p>M\u00f3rtola cursa el sexto a\u00f1o de la carrera y realiza sus Pr\u00e1cticas Hospitalarias, con un promedio de 9,66, el m\u00e1s alto de su cohorte. Adem\u00e1s, es becaria de investigaci\u00f3n de pregrado en el Laboratorio de Investigaciones Bioqu\u00edmicas de la Facultad de Medicina (LIBIM-UNNE), donde integra un equipo interdisciplinario que estudia el papel de la inflamaci\u00f3n en el c\u00e1ncer colorrectal.<\/p>\n<p>Tambi\u00e9n, a trav\u00e9s de la Direcci\u00f3n de Senado Joven, presenciaron la 10ma Sesi\u00f3n Ordinaria, alumnos de las escuelas Portuaria y Regional.<\/p>\n<\/div>\n<div class=\"yj6qo\"><\/div>\n<div class=\"adL\"><\/div>\n<\/div>\n<\/div>\n<\/div>\n<div id=\"avWBGd-208\" class=\"WhmR8e\" data-hash=\"0\"><\/div>\n<\/div>\n<\/div>\n","protected":false},"excerpt":{"rendered":"<p>CORRIENTES. En la 10ma Sesi\u00f3n Ordinaria de la C\u00e1mara de Senadores, presidida por el Vicegobernador Pedro Braillard Poccard, el jueves 3 de septiembre, se dio media sanci\u00f3n al proyecto de Ley presentado por los Senadores Sergio Mois\u00e9s Flinta, Gustavo Adolfo Vald\u00e9s, Noel Eugenio Breard, Henry Jorge Fick, Francisco Ignacio Osella y otros por el que&#8230;<\/p>\n","protected":false},"author":2,"featured_media":17293,"comment_status":"closed","ping_status":"closed","sticky":false,"template":"","format":"standard","meta":{"_kad_post_transparent":"default","_kad_post_title":"default","_kad_post_layout":"default","_kad_post_sidebar_id":"","_kad_post_content_style":"default","_kad_post_vertical_padding":"default","_kad_post_feature":"","_kad_post_feature_position":"","_kad_post_header":false,"_kad_post_footer":false,"_kad_post_classname":"","footnotes":""},"categories":[2],"tags":[],"class_list":["post-17290","post","type-post","status-publish","format-standard","has-post-thumbnail","hentry","category-provinciales"],"a3_pvc":{"activated":false,"total_views":0,"today_views":0},"yoast_head":"<!-- This site is optimized with the Yoast SEO plugin v28.4 - https:\/\/yoast.com\/product\/yoast-seo-wordpress\/ -->\n<title>El Senado dio media sanci\u00f3n al Plan Provincial de Conservaci\u00f3n de Grandes Felinos - Digital Santo Tom\u00e9<\/title>\n<meta name=\"robots\" content=\"index, follow, max-snippet:-1, max-image-preview:large, max-video-preview:-1\" \/>\n<link rel=\"canonical\" href=\"https:\/\/digitalsantotome.com.ar\/?p=17290\" \/>\n<meta property=\"og:locale\" content=\"es_ES\" \/>\n<meta property=\"og:type\" content=\"article\" \/>\n<meta property=\"og:title\" content=\"El Senado dio media sanci\u00f3n al Plan Provincial de Conservaci\u00f3n de Grandes Felinos - Digital Santo Tom\u00e9\" \/>\n<meta property=\"og:description\" content=\"CORRIENTES. En la 10ma Sesi\u00f3n Ordinaria de la C\u00e1mara de Senadores, presidida por el Vicegobernador Pedro Braillard Poccard, el jueves 3 de septiembre, se dio media sanci\u00f3n al proyecto de Ley presentado por los Senadores Sergio Mois\u00e9s Flinta, Gustavo Adolfo Vald\u00e9s, Noel Eugenio Breard, Henry Jorge Fick, Francisco Ignacio Osella y otros por el que...\" \/>\n<meta property=\"og:url\" content=\"https:\/\/digitalsantotome.com.ar\/?p=17290\" \/>\n<meta property=\"og:site_name\" content=\"Digital Santo Tom\u00e9\" \/>\n<meta property=\"article:published_time\" content=\"2026-09-03T17:38:25+00:00\" \/>\n<meta property=\"article:modified_time\" content=\"2026-09-03T17:40:56+00:00\" \/>\n<meta property=\"og:image\" content=\"https:\/\/digitalsantotome.com.ar\/wp-content\/uploads\/2026\/09\/images-2.jpg\" \/>\n\t<meta property=\"og:image:width\" content=\"275\" \/>\n\t<meta property=\"og:image:height\" content=\"183\" \/>\n\t<meta property=\"og:image:type\" content=\"image\/jpeg\" \/>\n<meta name=\"author\" content=\"Jose Carlos Machado\" \/>\n<meta name=\"twitter:card\" content=\"summary_large_image\" \/>\n<meta name=\"twitter:label1\" content=\"Escrito por\" \/>\n\t<meta name=\"twitter:data1\" content=\"Jose Carlos Machado\" \/>\n\t<meta name=\"twitter:label2\" content=\"Tiempo de lectura\" \/>\n\t<meta name=\"twitter:data2\" content=\"5 minutos\" \/>\n<script type=\"application\/ld+json\" class=\"yoast-schema-graph\">{\"@context\":\"https:\\\/\\\/schema.org\",\"@graph\":[{\"@type\":\"Article\",\"@id\":\"https:\\\/\\\/digitalsantotome.com.ar\\\/?p=17290#article\",\"isPartOf\":{\"@id\":\"https:\\\/\\\/digitalsantotome.com.ar\\\/?p=17290\"},\"author\":{\"name\":\"Jose Carlos Machado\",\"@id\":\"https:\\\/\\\/digitalsantotome.com.ar\\\/#\\\/schema\\\/person\\\/8991d8822886fedd92ce7f03817e1bdf\"},\"headline\":\"El Senado dio media sanci\u00f3n al Plan Provincial de Conservaci\u00f3n de Grandes Felinos\",\"datePublished\":\"2026-09-03T17:38:25+00:00\",\"dateModified\":\"2026-09-03T17:40:56+00:00\",\"mainEntityOfPage\":{\"@id\":\"https:\\\/\\\/digitalsantotome.com.ar\\\/?p=17290\"},\"wordCount\":956,\"publisher\":{\"@id\":\"https:\\\/\\\/digitalsantotome.com.ar\\\/#organization\"},\"image\":{\"@id\":\"https:\\\/\\\/digitalsantotome.com.ar\\\/?p=17290#primaryimage\"},\"thumbnailUrl\":\"https:\\\/\\\/digitalsantotome.com.ar\\\/wp-content\\\/uploads\\\/2026\\\/09\\\/images-2.jpg\",\"articleSection\":[\"Provinciales\"],\"inLanguage\":\"es\"},{\"@type\":\"WebPage\",\"@id\":\"https:\\\/\\\/digitalsantotome.com.ar\\\/?p=17290\",\"url\":\"https:\\\/\\\/digitalsantotome.com.ar\\\/?p=17290\",\"name\":\"El Senado dio media sanci\u00f3n al Plan Provincial de Conservaci\u00f3n de Grandes Felinos - Digital Santo Tom\u00e9\",\"isPartOf\":{\"@id\":\"https:\\\/\\\/digitalsantotome.com.ar\\\/#website\"},\"primaryImageOfPage\":{\"@id\":\"https:\\\/\\\/digitalsantotome.com.ar\\\/?p=17290#primaryimage\"},\"image\":{\"@id\":\"https:\\\/\\\/digitalsantotome.com.ar\\\/?p=17290#primaryimage\"},\"thumbnailUrl\":\"https:\\\/\\\/digitalsantotome.com.ar\\\/wp-content\\\/uploads\\\/2026\\\/09\\\/images-2.jpg\",\"datePublished\":\"2026-09-03T17:38:25+00:00\",\"dateModified\":\"2026-09-03T17:40:56+00:00\",\"breadcrumb\":{\"@id\":\"https:\\\/\\\/digitalsantotome.com.ar\\\/?p=17290#breadcrumb\"},\"inLanguage\":\"es\",\"potentialAction\":[{\"@type\":\"ReadAction\",\"target\":[\"https:\\\/\\\/digitalsantotome.com.ar\\\/?p=17290\"]}]},{\"@type\":\"ImageObject\",\"inLanguage\":\"es\",\"@id\":\"https:\\\/\\\/digitalsantotome.com.ar\\\/?p=17290#primaryimage\",\"url\":\"https:\\\/\\\/digitalsantotome.com.ar\\\/wp-content\\\/uploads\\\/2026\\\/09\\\/images-2.jpg\",\"contentUrl\":\"https:\\\/\\\/digitalsantotome.com.ar\\\/wp-content\\\/uploads\\\/2026\\\/09\\\/images-2.jpg\",\"width\":275,\"height\":183},{\"@type\":\"BreadcrumbList\",\"@id\":\"https:\\\/\\\/digitalsantotome.com.ar\\\/?p=17290#breadcrumb\",\"itemListElement\":[{\"@type\":\"ListItem\",\"position\":1,\"name\":\"Portada\",\"item\":\"https:\\\/\\\/digitalsantotome.com.ar\\\/\"},{\"@type\":\"ListItem\",\"position\":2,\"name\":\"El Senado dio media sanci\u00f3n al Plan Provincial de Conservaci\u00f3n de Grandes Felinos\"}]},{\"@type\":\"WebSite\",\"@id\":\"https:\\\/\\\/digitalsantotome.com.ar\\\/#website\",\"url\":\"https:\\\/\\\/digitalsantotome.com.ar\\\/\",\"name\":\"Digital Santo Tom\u00e9\",\"description\":\"Noticias desde Santo Tom\u00e9 al Mundo \u2013 La informacion que decide\",\"publisher\":{\"@id\":\"https:\\\/\\\/digitalsantotome.com.ar\\\/#organization\"},\"potentialAction\":[{\"@type\":\"SearchAction\",\"target\":{\"@type\":\"EntryPoint\",\"urlTemplate\":\"https:\\\/\\\/digitalsantotome.com.ar\\\/?s={search_term_string}\"},\"query-input\":{\"@type\":\"PropertyValueSpecification\",\"valueRequired\":true,\"valueName\":\"search_term_string\"}}],\"inLanguage\":\"es\"},{\"@type\":\"Organization\",\"@id\":\"https:\\\/\\\/digitalsantotome.com.ar\\\/#organization\",\"name\":\"Digital Santo Tom\u00e9\",\"url\":\"https:\\\/\\\/digitalsantotome.com.ar\\\/\",\"logo\":{\"@type\":\"ImageObject\",\"inLanguage\":\"es\",\"@id\":\"https:\\\/\\\/digitalsantotome.com.ar\\\/#\\\/schema\\\/logo\\\/image\\\/\",\"url\":\"https:\\\/\\\/digitalsantotome.com.ar\\\/wp-content\\\/uploads\\\/2023\\\/01\\\/facebook.jpg\",\"contentUrl\":\"https:\\\/\\\/digitalsantotome.com.ar\\\/wp-content\\\/uploads\\\/2023\\\/01\\\/facebook.jpg\",\"width\":512,\"height\":376,\"caption\":\"Digital Santo Tom\u00e9\"},\"image\":{\"@id\":\"https:\\\/\\\/digitalsantotome.com.ar\\\/#\\\/schema\\\/logo\\\/image\\\/\"}},{\"@type\":\"Person\",\"@id\":\"https:\\\/\\\/digitalsantotome.com.ar\\\/#\\\/schema\\\/person\\\/8991d8822886fedd92ce7f03817e1bdf\",\"name\":\"Jose Carlos Machado\",\"url\":\"https:\\\/\\\/digitalsantotome.com.ar\\\/?author=2\"}]}<\/script>\n<!-- \/ Yoast SEO plugin. -->","yoast_head_json":{"title":"El Senado dio media sanci\u00f3n al Plan Provincial de Conservaci\u00f3n de Grandes Felinos - Digital Santo Tom\u00e9","robots":{"index":"index","follow":"follow","max-snippet":"max-snippet:-1","max-image-preview":"max-image-preview:large","max-video-preview":"max-video-preview:-1"},"canonical":"https:\/\/digitalsantotome.com.ar\/?p=17290","og_locale":"es_ES","og_type":"article","og_title":"El Senado dio media sanci\u00f3n al Plan Provincial de Conservaci\u00f3n de Grandes Felinos - Digital Santo Tom\u00e9","og_description":"CORRIENTES. En la 10ma Sesi\u00f3n Ordinaria de la C\u00e1mara de Senadores, presidida por el Vicegobernador Pedro Braillard Poccard, el jueves 3 de septiembre, se dio media sanci\u00f3n al proyecto de Ley presentado por los Senadores Sergio Mois\u00e9s Flinta, Gustavo Adolfo Vald\u00e9s, Noel Eugenio Breard, Henry Jorge Fick, Francisco Ignacio Osella y otros por el que...","og_url":"https:\/\/digitalsantotome.com.ar\/?p=17290","og_site_name":"Digital Santo Tom\u00e9","article_published_time":"2026-09-03T17:38:25+00:00","article_modified_time":"2026-09-03T17:40:56+00:00","og_image":[{"width":275,"height":183,"url":"https:\/\/digitalsantotome.com.ar\/wp-content\/uploads\/2026\/09\/images-2.jpg","type":"image\/jpeg"}],"author":"Jose Carlos Machado","twitter_card":"summary_large_image","twitter_misc":{"Escrito por":"Jose Carlos Machado","Tiempo de lectura":"5 minutos"},"schema":{"@context":"https:\/\/schema.org","@graph":[{"@type":"Article","@id":"https:\/\/digitalsantotome.com.ar\/?p=17290#article","isPartOf":{"@id":"https:\/\/digitalsantotome.com.ar\/?p=17290"},"author":{"name":"Jose Carlos Machado","@id":"https:\/\/digitalsantotome.com.ar\/#\/schema\/person\/8991d8822886fedd92ce7f03817e1bdf"},"headline":"El Senado dio media sanci\u00f3n al Plan Provincial de Conservaci\u00f3n de Grandes Felinos","datePublished":"2026-09-03T17:38:25+00:00","dateModified":"2026-09-03T17:40:56+00:00","mainEntityOfPage":{"@id":"https:\/\/digitalsantotome.com.ar\/?p=17290"},"wordCount":956,"publisher":{"@id":"https:\/\/digitalsantotome.com.ar\/#organization"},"image":{"@id":"https:\/\/digitalsantotome.com.ar\/?p=17290#primaryimage"},"thumbnailUrl":"https:\/\/digitalsantotome.com.ar\/wp-content\/uploads\/2026\/09\/images-2.jpg","articleSection":["Provinciales"],"inLanguage":"es"},{"@type":"WebPage","@id":"https:\/\/digitalsantotome.com.ar\/?p=17290","url":"https:\/\/digitalsantotome.com.ar\/?p=17290","name":"El Senado dio media sanci\u00f3n al Plan Provincial de Conservaci\u00f3n de Grandes Felinos - Digital Santo Tom\u00e9","isPartOf":{"@id":"https:\/\/digitalsantotome.com.ar\/#website"},"primaryImageOfPage":{"@id":"https:\/\/digitalsantotome.com.ar\/?p=17290#primaryimage"},"image":{"@id":"https:\/\/digitalsantotome.com.ar\/?p=17290#primaryimage"},"thumbnailUrl":"https:\/\/digitalsantotome.com.ar\/wp-content\/uploads\/2026\/09\/images-2.jpg","datePublished":"2026-09-03T17:38:25+00:00","dateModified":"2026-09-03T17:40:56+00:00","breadcrumb":{"@id":"https:\/\/digitalsantotome.com.ar\/?p=17290#breadcrumb"},"inLanguage":"es","potentialAction":[{"@type":"ReadAction","target":["https:\/\/digitalsantotome.com.ar\/?p=17290"]}]},{"@type":"ImageObject","inLanguage":"es","@id":"https:\/\/digitalsantotome.com.ar\/?p=17290#primaryimage","url":"https:\/\/digitalsantotome.com.ar\/wp-content\/uploads\/2026\/09\/images-2.jpg","contentUrl":"https:\/\/digitalsantotome.com.ar\/wp-content\/uploads\/2026\/09\/images-2.jpg","width":275,"height":183},{"@type":"BreadcrumbList","@id":"https:\/\/digitalsantotome.com.ar\/?p=17290#breadcrumb","itemListElement":[{"@type":"ListItem","position":1,"name":"Portada","item":"https:\/\/digitalsantotome.com.ar\/"},{"@type":"ListItem","position":2,"name":"El Senado dio media sanci\u00f3n al Plan Provincial de Conservaci\u00f3n de Grandes Felinos"}]},{"@type":"WebSite","@id":"https:\/\/digitalsantotome.com.ar\/#website","url":"https:\/\/digitalsantotome.com.ar\/","name":"Digital Santo Tom\u00e9","description":"Noticias desde Santo Tom\u00e9 al Mundo \u2013 La informacion que decide","publisher":{"@id":"https:\/\/digitalsantotome.com.ar\/#organization"},"potentialAction":[{"@type":"SearchAction","target":{"@type":"EntryPoint","urlTemplate":"https:\/\/digitalsantotome.com.ar\/?s={search_term_string}"},"query-input":{"@type":"PropertyValueSpecification","valueRequired":true,"valueName":"search_term_string"}}],"inLanguage":"es"},{"@type":"Organization","@id":"https:\/\/digitalsantotome.com.ar\/#organization","name":"Digital Santo Tom\u00e9","url":"https:\/\/digitalsantotome.com.ar\/","logo":{"@type":"ImageObject","inLanguage":"es","@id":"https:\/\/digitalsantotome.com.ar\/#\/schema\/logo\/image\/","url":"https:\/\/digitalsantotome.com.ar\/wp-content\/uploads\/2023\/01\/facebook.jpg","contentUrl":"https:\/\/digitalsantotome.com.ar\/wp-content\/uploads\/2023\/01\/facebook.jpg","width":512,"height":376,"caption":"Digital Santo Tom\u00e9"},"image":{"@id":"https:\/\/digitalsantotome.com.ar\/#\/schema\/logo\/image\/"}},{"@type":"Person","@id":"https:\/\/digitalsantotome.com.ar\/#\/schema\/person\/8991d8822886fedd92ce7f03817e1bdf","name":"Jose Carlos Machado","url":"https:\/\/digitalsantotome.com.ar\/?author=2"}]}},"_links":{"self":[{"href":"https:\/\/digitalsantotome.com.ar\/index.php?rest_route=\/wp\/v2\/posts\/17290","targetHints":{"allow":["GET"]}}],"collection":[{"href":"https:\/\/digitalsantotome.com.ar\/index.php?rest_route=\/wp\/v2\/posts"}],"about":[{"href":"https:\/\/digitalsantotome.com.ar\/index.php?rest_route=\/wp\/v2\/types\/post"}],"author":[{"embeddable":true,"href":"https:\/\/digitalsantotome.com.ar\/index.php?rest_route=\/wp\/v2\/users\/2"}],"replies":[{"embeddable":true,"href":"https:\/\/digitalsantotome.com.ar\/index.php?rest_route=%2Fwp%2Fv2%2Fcomments&post=17290"}],"version-history":[{"count":3,"href":"https:\/\/digitalsantotome.com.ar\/index.php?rest_route=\/wp\/v2\/posts\/17290\/revisions"}],"predecessor-version":[{"id":17295,"href":"https:\/\/digitalsantotome.com.ar\/index.php?rest_route=\/wp\/v2\/posts\/17290\/revisions\/17295"}],"wp:featuredmedia":[{"embeddable":true,"href":"https:\/\/digitalsantotome.com.ar\/index.php?rest_route=\/wp\/v2\/media\/17293"}],"wp:attachment":[{"href":"https:\/\/digitalsantotome.com.ar\/index.php?rest_route=%2Fwp%2Fv2%2Fmedia&parent=17290"}],"wp:term":[{"taxonomy":"category","embeddable":true,"href":"https:\/\/digitalsantotome.com.ar\/index.php?rest_route=%2Fwp%2Fv2%2Fcategories&post=17290"},{"taxonomy":"post_tag","embeddable":true,"href":"https:\/\/digitalsantotome.com.ar\/index.php?rest_route=%2Fwp%2Fv2%2Ftags&post=17290"}],"curies":[{"name":"wp","href":"https:\/\/api.w.org\/{rel}","templated":true}]}}