{"id":17296,"date":"2026-09-03T14:45:06","date_gmt":"2026-09-03T17:45:06","guid":{"rendered":"https:\/\/digitalsantotome.com.ar\/?p=17296"},"modified":"2026-09-03T14:48:22","modified_gmt":"2026-09-03T17:48:22","slug":"el-gobernador-confirmo-que-corrientes-desdoblara-las-elecciones","status":"publish","type":"post","link":"https:\/\/digitalsantotome.com.ar\/?p=17296","title":{"rendered":"El gobernador confirm\u00f3 que Corrientes desdoblar\u00e1 las elecciones"},"content":{"rendered":"<div class=\"row\">\n<div id=\"conte\" class=\"span6 base\">\n<p>CORRIENTES. El gobernador Juan Pablo Vald\u00e9s confirm\u00f3 que el Gobierno provincial avanzar\u00e1 con el desdoblamiento de las elecciones. Ante la consulta sobre su posici\u00f3n, respondi\u00f3: \u00abS\u00ed, seguramente que nosotros vamos a desdoblar, no como no es una novedad, lo hicimos siempre, vamos a estar avisando seguramente cuando tenga la decisi\u00f3n en qu\u00e9 fecha va a ser\u00bb.<\/p>\n<p>De esta manera, ratific\u00f3 que Corrientes mantendr\u00e1 el esquema de separar sus comicios provinciales de otras instancias electorales, aunque indic\u00f3 que todav\u00eda no se comunic\u00f3 la fecha en la que se realizar\u00e1n.<\/p>\n<p>En relaci\u00f3n con las PASO, el gobernador se\u00f1al\u00f3 que Corrientes no puede eliminarlas porque actualmente no cuenta con ese mecanismo, pero sostuvo que, si existiera, tambi\u00e9n promover\u00edan su eliminaci\u00f3n. \u00abEn corriente no podemos dar debajo las paso porque no tenemos paso, pero pero si no las eliminar\u00edamos tambi\u00e9n\u00bb, afirm\u00f3. Luego explic\u00f3 la posici\u00f3n que sostiene el oficialismo provincial en el \u00e1mbito nacional y manifest\u00f3 que \u00abnuestra posici\u00f3n a nivel nacional sigue siendo la misma de siempre. Nosotros estamos a favor de la eliminaci\u00f3n de las PAZO porque creemos que es una elecci\u00f3n que est\u00e1 adem\u00e1s donde los partidos pol\u00edticos nos deber\u00edamos poder poner de acuerdo para decidir qui\u00e9nes son los candidatos al igual que lo hace el espacio Vamos corrientes hace tanto tiempo\u00bb.<\/p>\n<p>El gobernador tambi\u00e9n se refiri\u00f3 a la posibilidad de construir un espacio pol\u00edtico por fuera de la polarizaci\u00f3n nacional entre el kirchnerismo y el sector libertario. En ese sentido, reconoci\u00f3 que existe una conversaci\u00f3n inicial sobre el futuro pol\u00edtico y sostuvo que \u00absiempre siempre hay lugar para m\u00e1s espacio\u00bb.<\/p>\n<p>Vald\u00e9s describi\u00f3 el escenario actual como una \u00abpolarizaci\u00f3n clara entre entre el quisnerismo y y los y el espacio libertario\u00bb y se\u00f1al\u00f3 que el espacio provincial se encuentra conversando sobre los pasos a seguir. Al mismo tiempo, remarc\u00f3 que todav\u00eda restan meses para finalizar el a\u00f1o y que \u00abhoy la mayor atenci\u00f3n est\u00e1 puesta en la gesti\u00f3n\u00bb.<\/p>\n<p><strong>ECONOM\u00cdA Y RELACI\u00d3N CON NACI\u00d3N<\/strong><\/p>\n<p>En materia econ\u00f3mica, Vald\u00e9s manifest\u00f3 su expectativa respecto de las proyecciones formuladas por el Ministerio de Econom\u00eda de la Naci\u00f3n y plante\u00f3 la necesidad de que una eventual recuperaci\u00f3n alcance a las provincias y a los trabajadores. \u00abLa protecci\u00f3n econ\u00f3mica es que ojal\u00e1 se cumplan los pron\u00f3sticos que tiene el Ministerio de Econom\u00eda de Naci\u00f3n, donde ellos dicen que va a haber una leve recuperaci\u00f3n a lo largo de estos casi 16 meses que quedan para completar el primer mandato del presidente Javier Miley\u00bb, expres\u00f3.<\/p>\n<p>El mandatario agreg\u00f3 que espera que \u00abesta proyecci\u00f3n sea la correcta por el bien de todos los argentinos, por la recuperaci\u00f3n de las provincias y por el bienestar de cada argentino que hoy eh le cuesta y tiene dificultad para llegar a fin de mes\u00bb.<\/p>\n<p>Respecto de la pol\u00edtica salarial provincial, Vald\u00e9s ratific\u00f3 que la administraci\u00f3n correntina continuar\u00e1 procurando acompa\u00f1ar los \u00edndices de inflaci\u00f3n para evitar una p\u00e9rdida del poder adquisitivo de los empleados estatales. \u00abSiempre siempre va a ser esa la postura y siempre vamos a a trabajar para tratar de acompa\u00f1ar los \u00edndices de inflaci\u00f3n y sobre todo de que el salario no termine perdiendo, el salario de nuestros empleados estatales no no termine perdiendo con la inflaci\u00f3n\u00bb, afirm\u00f3.<\/p>\n<p>En cuanto a las cuentas provinciales, asegur\u00f3 que la administraci\u00f3n trabaja con equilibrio y con un resultado positivo. \u00abBueno, nosotros hoy venimos trabajando en equilibrio con un peque\u00f1o super\u00e1it y trabajamos para seguir sosteni\u00e9ndolo hoy y cerrar as\u00ed el a\u00f1o\u00bb, se\u00f1al\u00f3, y precis\u00f3 posteriormente que \u00abson cinco a hoy estamos arriba de cuatro o cinco puntos\u00bb, sostuvo.<\/p>\n<p>El mandatario tambi\u00e9n inform\u00f3 que la provincia contin\u00faa realizando gestiones vinculadas con una modificaci\u00f3n de la Carta Org\u00e1nica del Banco Central y con el r\u00e9gimen fiscal.<\/p>\n<p>Al respecto, indic\u00f3 que el Gobierno provincial trabaja junto con sus senadores y con el presidente del bloque de la Uni\u00f3n C\u00edvica Radical, adem\u00e1s de haber solicitado celeridad a Patricia Bullrich. Seg\u00fan explic\u00f3, el tratamiento podr\u00eda avanzar pr\u00f3ximamente y estim\u00f3 que \u00aben no m\u00e1s de 15 d\u00edas podr\u00eda estar trat\u00e1ndose y tener el dictamen para aprobar\u00bb.<\/p>\n<p>Sobre el respaldo pol\u00edtico al proyecto, sostuvo que \u00abesta es una ley que es transversal a los partidos pol\u00edticos\u00bb y se\u00f1al\u00f3 que tambi\u00e9n conversaron con Camau Esp\u00ednola para solicitar acompa\u00f1amiento.<\/p>\n<p><strong>PRODUCCI\u00d3N, TURISMO E INFRAESTRUCTURA<\/strong><\/p>\n<p>En el plano productivo, Vald\u00e9s destac\u00f3 la llegada de containers al puerto de Corrientes, que vincul\u00f3 con la instalaci\u00f3n de una nueva industria. \u00abAyer un hecho hist\u00f3rico que que que la verdad nos pone muy muy contentos.<\/p>\n<p>El puerto de Corrientes por primera vez en su historia empieza no solamente a exportar trabajo correntino, sino a recibir por el puerto plantas industriales, maquinarias que van a permitir que los correntinos tengan much\u00edsimos m\u00e1s puestos de trabajo genuinos\u00bb, afirm\u00f3.<\/p>\n<p>Explic\u00f3 que se trata de una planta destinada a la producci\u00f3n de madera contralaminada, conocida como CLT, que permitir\u00e1 fabricar casas, muebles y molduras, y asegur\u00f3 que ser\u00e1 la primera de estas caracter\u00edsticas en el pa\u00eds. Tambi\u00e9n indic\u00f3 que las obras ya comenzaron en Virasoro y que el empresario prev\u00e9 iniciar la producci\u00f3n en marzo.<\/p>\n<p>Vald\u00e9s se\u00f1al\u00f3 adem\u00e1s que Corrientes presentar\u00e1 en Iguaz\u00fa sus principales oportunidades de inversi\u00f3n y producci\u00f3n, con \u00e9nfasis en las actividades forestal, arrocera y ganadera. \u00abNosotros vamos a destacar el potencial que tiene la provincia en materia forestal, en materia rocera, en materia ganadera, una provincia que est\u00e1 en pleno crecimiento en una etapa de desarrollo\u00bb, afirm\u00f3.<\/p>\n<p>En ese marco, destac\u00f3 la existencia de un marco legal para respaldar inversiones, un plan de incentivos fiscales para industrializar materias primas y 18 parques industriales. Tambi\u00e9n confirm\u00f3 que el Plan Ma\u00edz formar\u00e1 parte de la presentaci\u00f3n y se\u00f1al\u00f3 que la provincia buscar\u00e1 atraer inversores forestales y capitales provenientes de Brasil.<\/p>\n<p>En cuanto al corredor Belgrano, el gobernador inform\u00f3 que la pr\u00f3xima semana est\u00e1 prevista una primera reuni\u00f3n con el concesionario para avanzar en la definici\u00f3n de las obras y condiciones de mantenimiento. Explic\u00f3 que el objetivo provincial es incorporar a la avenida 3 de Abril dentro del esquema de intervenci\u00f3n y que todav\u00eda resta determinar el costo, dado que depender\u00e1 de las obras que finalmente sean solicitadas.<\/p>\n<p>\u00abNo, todav\u00eda eso es algo que nosotros lo vamos a ver porque bueno, depende depende mucho el agregado de las obras que nosotros solicitemos\u00bb, manifest\u00f3. Adem\u00e1s, plante\u00f3 la necesidad de ensanchar las calzadas desde la ruta 118 hacia Corrientes, en el tramo correspondiente a Riachuelo y El Sombrero, y se\u00f1al\u00f3 que se prev\u00e9n dos nuevos peajes, San Roque y Ber\u00f3n de Astrada.<\/p>\n<p>Finalmente, Vald\u00e9s sostuvo que Corrientes no pretende que la Naci\u00f3n financie el mantenimiento del corredor, sino que las obras sean contempladas dentro de la tarifa que abonar\u00e1n los usuarios. \u00abNo, no. Nosotros no buscamos que la naci\u00f3n aporte\u00bb, afirm\u00f3.<\/p>\n<p>Explic\u00f3 que la posici\u00f3n provincial consiste en que el concesionario que cobre por el mantenimiento del corredor Belgrano tambi\u00e9n ejecute las obras necesarias sobre la avenida 3 de Abril, debido al tr\u00e1nsito que concentra esa arteria. \u00abLo que nosotros buscamos es que un concesionario que est\u00e1 cobrando por el mantenimiento del corredor Belgrano por 7 km m\u00e1s haga las obras por el mismo tr\u00e1nsito y tr\u00e1fico que tiene el corredor Belgrano a partir de la ciudad del Puente\u00bb, sostuvo.<\/p>\n<p>En esa l\u00ednea, concluy\u00f3 que \u00abla idea no es que la naci\u00f3n ponga ni que nadie ponga, que se sostenga con los usuarios que utilizan este corredor, que son los mismos que pasan por la 3 de Abril\u00bb.<\/p>\n<\/div>\n<div><\/div>\n<\/div>\n<div>Fuente: Momarandu.com<\/div>\n<p>&nbsp;<\/p>\n","protected":false},"excerpt":{"rendered":"<p>CORRIENTES. El gobernador Juan Pablo Vald\u00e9s confirm\u00f3 que el Gobierno provincial avanzar\u00e1 con el desdoblamiento de las elecciones. Ante la consulta sobre su posici\u00f3n, respondi\u00f3: \u00abS\u00ed, seguramente que nosotros vamos a desdoblar, no como no es una novedad, lo hicimos siempre, vamos a estar avisando seguramente cuando tenga la decisi\u00f3n en qu\u00e9 fecha va a&#8230;<\/p>\n","protected":false},"author":2,"featured_media":17297,"comment_status":"closed","ping_status":"closed","sticky":false,"template":"","format":"standard","meta":{"_kad_post_transparent":"default","_kad_post_title":"default","_kad_post_layout":"default","_kad_post_sidebar_id":"","_kad_post_content_style":"default","_kad_post_vertical_padding":"default","_kad_post_feature":"","_kad_post_feature_position":"","_kad_post_header":false,"_kad_post_footer":false,"_kad_post_classname":"","footnotes":""},"categories":[3],"tags":[],"class_list":["post-17296","post","type-post","status-publish","format-standard","has-post-thumbnail","hentry","category-noticias-breves"],"a3_pvc":{"activated":false,"total_views":0,"today_views":0},"yoast_head":"<!-- This site is optimized with the Yoast SEO plugin v28.4 - https:\/\/yoast.com\/product\/yoast-seo-wordpress\/ -->\n<title>El gobernador confirm\u00f3 que Corrientes desdoblar\u00e1 las elecciones - Digital Santo Tom\u00e9<\/title>\n<meta name=\"robots\" content=\"index, follow, max-snippet:-1, max-image-preview:large, max-video-preview:-1\" \/>\n<link rel=\"canonical\" href=\"https:\/\/digitalsantotome.com.ar\/?p=17296\" \/>\n<meta property=\"og:locale\" content=\"es_ES\" \/>\n<meta property=\"og:type\" content=\"article\" \/>\n<meta property=\"og:title\" content=\"El gobernador confirm\u00f3 que Corrientes desdoblar\u00e1 las elecciones - Digital Santo Tom\u00e9\" \/>\n<meta property=\"og:description\" content=\"CORRIENTES. El gobernador Juan Pablo Vald\u00e9s confirm\u00f3 que el Gobierno provincial avanzar\u00e1 con el desdoblamiento de las elecciones. Ante la consulta sobre su posici\u00f3n, respondi\u00f3: \u00abS\u00ed, seguramente que nosotros vamos a desdoblar, no como no es una novedad, lo hicimos siempre, vamos a estar avisando seguramente cuando tenga la decisi\u00f3n en qu\u00e9 fecha va a...\" \/>\n<meta property=\"og:url\" content=\"https:\/\/digitalsantotome.com.ar\/?p=17296\" \/>\n<meta property=\"og:site_name\" content=\"Digital Santo Tom\u00e9\" \/>\n<meta property=\"article:published_time\" content=\"2026-09-03T17:45:06+00:00\" \/>\n<meta property=\"article:modified_time\" content=\"2026-09-03T17:48:22+00:00\" \/>\n<meta property=\"og:image\" content=\"https:\/\/digitalsantotome.com.ar\/wp-content\/uploads\/2026\/09\/Juan-Pablo-Valdez.jpg\" \/>\n\t<meta property=\"og:image:width\" content=\"992\" \/>\n\t<meta property=\"og:image:height\" content=\"744\" \/>\n\t<meta property=\"og:image:type\" content=\"image\/jpeg\" \/>\n<meta name=\"author\" content=\"Jose Carlos Machado\" \/>\n<meta name=\"twitter:card\" content=\"summary_large_image\" \/>\n<meta name=\"twitter:label1\" content=\"Escrito por\" \/>\n\t<meta name=\"twitter:data1\" content=\"Jose Carlos Machado\" \/>\n\t<meta name=\"twitter:label2\" content=\"Tiempo de lectura\" \/>\n\t<meta name=\"twitter:data2\" content=\"6 minutos\" \/>\n<script type=\"application\/ld+json\" class=\"yoast-schema-graph\">{\"@context\":\"https:\\\/\\\/schema.org\",\"@graph\":[{\"@type\":\"Article\",\"@id\":\"https:\\\/\\\/digitalsantotome.com.ar\\\/?p=17296#article\",\"isPartOf\":{\"@id\":\"https:\\\/\\\/digitalsantotome.com.ar\\\/?p=17296\"},\"author\":{\"name\":\"Jose Carlos Machado\",\"@id\":\"https:\\\/\\\/digitalsantotome.com.ar\\\/#\\\/schema\\\/person\\\/8991d8822886fedd92ce7f03817e1bdf\"},\"headline\":\"El gobernador confirm\u00f3 que Corrientes desdoblar\u00e1 las elecciones\",\"datePublished\":\"2026-09-03T17:45:06+00:00\",\"dateModified\":\"2026-09-03T17:48:22+00:00\",\"mainEntityOfPage\":{\"@id\":\"https:\\\/\\\/digitalsantotome.com.ar\\\/?p=17296\"},\"wordCount\":1357,\"publisher\":{\"@id\":\"https:\\\/\\\/digitalsantotome.com.ar\\\/#organization\"},\"image\":{\"@id\":\"https:\\\/\\\/digitalsantotome.com.ar\\\/?p=17296#primaryimage\"},\"thumbnailUrl\":\"https:\\\/\\\/digitalsantotome.com.ar\\\/wp-content\\\/uploads\\\/2026\\\/09\\\/Juan-Pablo-Valdez.jpg\",\"articleSection\":[\"Noticias breves\"],\"inLanguage\":\"es\"},{\"@type\":\"WebPage\",\"@id\":\"https:\\\/\\\/digitalsantotome.com.ar\\\/?p=17296\",\"url\":\"https:\\\/\\\/digitalsantotome.com.ar\\\/?p=17296\",\"name\":\"El gobernador confirm\u00f3 que Corrientes desdoblar\u00e1 las elecciones - Digital Santo Tom\u00e9\",\"isPartOf\":{\"@id\":\"https:\\\/\\\/digitalsantotome.com.ar\\\/#website\"},\"primaryImageOfPage\":{\"@id\":\"https:\\\/\\\/digitalsantotome.com.ar\\\/?p=17296#primaryimage\"},\"image\":{\"@id\":\"https:\\\/\\\/digitalsantotome.com.ar\\\/?p=17296#primaryimage\"},\"thumbnailUrl\":\"https:\\\/\\\/digitalsantotome.com.ar\\\/wp-content\\\/uploads\\\/2026\\\/09\\\/Juan-Pablo-Valdez.jpg\",\"datePublished\":\"2026-09-03T17:45:06+00:00\",\"dateModified\":\"2026-09-03T17:48:22+00:00\",\"breadcrumb\":{\"@id\":\"https:\\\/\\\/digitalsantotome.com.ar\\\/?p=17296#breadcrumb\"},\"inLanguage\":\"es\",\"potentialAction\":[{\"@type\":\"ReadAction\",\"target\":[\"https:\\\/\\\/digitalsantotome.com.ar\\\/?p=17296\"]}]},{\"@type\":\"ImageObject\",\"inLanguage\":\"es\",\"@id\":\"https:\\\/\\\/digitalsantotome.com.ar\\\/?p=17296#primaryimage\",\"url\":\"https:\\\/\\\/digitalsantotome.com.ar\\\/wp-content\\\/uploads\\\/2026\\\/09\\\/Juan-Pablo-Valdez.jpg\",\"contentUrl\":\"https:\\\/\\\/digitalsantotome.com.ar\\\/wp-content\\\/uploads\\\/2026\\\/09\\\/Juan-Pablo-Valdez.jpg\",\"width\":992,\"height\":744},{\"@type\":\"BreadcrumbList\",\"@id\":\"https:\\\/\\\/digitalsantotome.com.ar\\\/?p=17296#breadcrumb\",\"itemListElement\":[{\"@type\":\"ListItem\",\"position\":1,\"name\":\"Portada\",\"item\":\"https:\\\/\\\/digitalsantotome.com.ar\\\/\"},{\"@type\":\"ListItem\",\"position\":2,\"name\":\"El gobernador confirm\u00f3 que Corrientes desdoblar\u00e1 las elecciones\"}]},{\"@type\":\"WebSite\",\"@id\":\"https:\\\/\\\/digitalsantotome.com.ar\\\/#website\",\"url\":\"https:\\\/\\\/digitalsantotome.com.ar\\\/\",\"name\":\"Digital Santo Tom\u00e9\",\"description\":\"Noticias desde Santo Tom\u00e9 al Mundo \u2013 La informacion que decide\",\"publisher\":{\"@id\":\"https:\\\/\\\/digitalsantotome.com.ar\\\/#organization\"},\"potentialAction\":[{\"@type\":\"SearchAction\",\"target\":{\"@type\":\"EntryPoint\",\"urlTemplate\":\"https:\\\/\\\/digitalsantotome.com.ar\\\/?s={search_term_string}\"},\"query-input\":{\"@type\":\"PropertyValueSpecification\",\"valueRequired\":true,\"valueName\":\"search_term_string\"}}],\"inLanguage\":\"es\"},{\"@type\":\"Organization\",\"@id\":\"https:\\\/\\\/digitalsantotome.com.ar\\\/#organization\",\"name\":\"Digital Santo Tom\u00e9\",\"url\":\"https:\\\/\\\/digitalsantotome.com.ar\\\/\",\"logo\":{\"@type\":\"ImageObject\",\"inLanguage\":\"es\",\"@id\":\"https:\\\/\\\/digitalsantotome.com.ar\\\/#\\\/schema\\\/logo\\\/image\\\/\",\"url\":\"https:\\\/\\\/digitalsantotome.com.ar\\\/wp-content\\\/uploads\\\/2023\\\/01\\\/facebook.jpg\",\"contentUrl\":\"https:\\\/\\\/digitalsantotome.com.ar\\\/wp-content\\\/uploads\\\/2023\\\/01\\\/facebook.jpg\",\"width\":512,\"height\":376,\"caption\":\"Digital Santo Tom\u00e9\"},\"image\":{\"@id\":\"https:\\\/\\\/digitalsantotome.com.ar\\\/#\\\/schema\\\/logo\\\/image\\\/\"}},{\"@type\":\"Person\",\"@id\":\"https:\\\/\\\/digitalsantotome.com.ar\\\/#\\\/schema\\\/person\\\/8991d8822886fedd92ce7f03817e1bdf\",\"name\":\"Jose Carlos Machado\",\"url\":\"https:\\\/\\\/digitalsantotome.com.ar\\\/?author=2\"}]}<\/script>\n<!-- \/ Yoast SEO plugin. -->","yoast_head_json":{"title":"El gobernador confirm\u00f3 que Corrientes desdoblar\u00e1 las elecciones - Digital Santo Tom\u00e9","robots":{"index":"index","follow":"follow","max-snippet":"max-snippet:-1","max-image-preview":"max-image-preview:large","max-video-preview":"max-video-preview:-1"},"canonical":"https:\/\/digitalsantotome.com.ar\/?p=17296","og_locale":"es_ES","og_type":"article","og_title":"El gobernador confirm\u00f3 que Corrientes desdoblar\u00e1 las elecciones - Digital Santo Tom\u00e9","og_description":"CORRIENTES. El gobernador Juan Pablo Vald\u00e9s confirm\u00f3 que el Gobierno provincial avanzar\u00e1 con el desdoblamiento de las elecciones. Ante la consulta sobre su posici\u00f3n, respondi\u00f3: \u00abS\u00ed, seguramente que nosotros vamos a desdoblar, no como no es una novedad, lo hicimos siempre, vamos a estar avisando seguramente cuando tenga la decisi\u00f3n en qu\u00e9 fecha va a...","og_url":"https:\/\/digitalsantotome.com.ar\/?p=17296","og_site_name":"Digital Santo Tom\u00e9","article_published_time":"2026-09-03T17:45:06+00:00","article_modified_time":"2026-09-03T17:48:22+00:00","og_image":[{"width":992,"height":744,"url":"https:\/\/digitalsantotome.com.ar\/wp-content\/uploads\/2026\/09\/Juan-Pablo-Valdez.jpg","type":"image\/jpeg"}],"author":"Jose Carlos Machado","twitter_card":"summary_large_image","twitter_misc":{"Escrito por":"Jose Carlos Machado","Tiempo de lectura":"6 minutos"},"schema":{"@context":"https:\/\/schema.org","@graph":[{"@type":"Article","@id":"https:\/\/digitalsantotome.com.ar\/?p=17296#article","isPartOf":{"@id":"https:\/\/digitalsantotome.com.ar\/?p=17296"},"author":{"name":"Jose Carlos Machado","@id":"https:\/\/digitalsantotome.com.ar\/#\/schema\/person\/8991d8822886fedd92ce7f03817e1bdf"},"headline":"El gobernador confirm\u00f3 que Corrientes desdoblar\u00e1 las elecciones","datePublished":"2026-09-03T17:45:06+00:00","dateModified":"2026-09-03T17:48:22+00:00","mainEntityOfPage":{"@id":"https:\/\/digitalsantotome.com.ar\/?p=17296"},"wordCount":1357,"publisher":{"@id":"https:\/\/digitalsantotome.com.ar\/#organization"},"image":{"@id":"https:\/\/digitalsantotome.com.ar\/?p=17296#primaryimage"},"thumbnailUrl":"https:\/\/digitalsantotome.com.ar\/wp-content\/uploads\/2026\/09\/Juan-Pablo-Valdez.jpg","articleSection":["Noticias breves"],"inLanguage":"es"},{"@type":"WebPage","@id":"https:\/\/digitalsantotome.com.ar\/?p=17296","url":"https:\/\/digitalsantotome.com.ar\/?p=17296","name":"El gobernador confirm\u00f3 que Corrientes desdoblar\u00e1 las elecciones - Digital Santo Tom\u00e9","isPartOf":{"@id":"https:\/\/digitalsantotome.com.ar\/#website"},"primaryImageOfPage":{"@id":"https:\/\/digitalsantotome.com.ar\/?p=17296#primaryimage"},"image":{"@id":"https:\/\/digitalsantotome.com.ar\/?p=17296#primaryimage"},"thumbnailUrl":"https:\/\/digitalsantotome.com.ar\/wp-content\/uploads\/2026\/09\/Juan-Pablo-Valdez.jpg","datePublished":"2026-09-03T17:45:06+00:00","dateModified":"2026-09-03T17:48:22+00:00","breadcrumb":{"@id":"https:\/\/digitalsantotome.com.ar\/?p=17296#breadcrumb"},"inLanguage":"es","potentialAction":[{"@type":"ReadAction","target":["https:\/\/digitalsantotome.com.ar\/?p=17296"]}]},{"@type":"ImageObject","inLanguage":"es","@id":"https:\/\/digitalsantotome.com.ar\/?p=17296#primaryimage","url":"https:\/\/digitalsantotome.com.ar\/wp-content\/uploads\/2026\/09\/Juan-Pablo-Valdez.jpg","contentUrl":"https:\/\/digitalsantotome.com.ar\/wp-content\/uploads\/2026\/09\/Juan-Pablo-Valdez.jpg","width":992,"height":744},{"@type":"BreadcrumbList","@id":"https:\/\/digitalsantotome.com.ar\/?p=17296#breadcrumb","itemListElement":[{"@type":"ListItem","position":1,"name":"Portada","item":"https:\/\/digitalsantotome.com.ar\/"},{"@type":"ListItem","position":2,"name":"El gobernador confirm\u00f3 que Corrientes desdoblar\u00e1 las elecciones"}]},{"@type":"WebSite","@id":"https:\/\/digitalsantotome.com.ar\/#website","url":"https:\/\/digitalsantotome.com.ar\/","name":"Digital Santo Tom\u00e9","description":"Noticias desde Santo Tom\u00e9 al Mundo \u2013 La informacion que decide","publisher":{"@id":"https:\/\/digitalsantotome.com.ar\/#organization"},"potentialAction":[{"@type":"SearchAction","target":{"@type":"EntryPoint","urlTemplate":"https:\/\/digitalsantotome.com.ar\/?s={search_term_string}"},"query-input":{"@type":"PropertyValueSpecification","valueRequired":true,"valueName":"search_term_string"}}],"inLanguage":"es"},{"@type":"Organization","@id":"https:\/\/digitalsantotome.com.ar\/#organization","name":"Digital Santo Tom\u00e9","url":"https:\/\/digitalsantotome.com.ar\/","logo":{"@type":"ImageObject","inLanguage":"es","@id":"https:\/\/digitalsantotome.com.ar\/#\/schema\/logo\/image\/","url":"https:\/\/digitalsantotome.com.ar\/wp-content\/uploads\/2023\/01\/facebook.jpg","contentUrl":"https:\/\/digitalsantotome.com.ar\/wp-content\/uploads\/2023\/01\/facebook.jpg","width":512,"height":376,"caption":"Digital Santo Tom\u00e9"},"image":{"@id":"https:\/\/digitalsantotome.com.ar\/#\/schema\/logo\/image\/"}},{"@type":"Person","@id":"https:\/\/digitalsantotome.com.ar\/#\/schema\/person\/8991d8822886fedd92ce7f03817e1bdf","name":"Jose Carlos Machado","url":"https:\/\/digitalsantotome.com.ar\/?author=2"}]}},"_links":{"self":[{"href":"https:\/\/digitalsantotome.com.ar\/index.php?rest_route=\/wp\/v2\/posts\/17296","targetHints":{"allow":["GET"]}}],"collection":[{"href":"https:\/\/digitalsantotome.com.ar\/index.php?rest_route=\/wp\/v2\/posts"}],"about":[{"href":"https:\/\/digitalsantotome.com.ar\/index.php?rest_route=\/wp\/v2\/types\/post"}],"author":[{"embeddable":true,"href":"https:\/\/digitalsantotome.com.ar\/index.php?rest_route=\/wp\/v2\/users\/2"}],"replies":[{"embeddable":true,"href":"https:\/\/digitalsantotome.com.ar\/index.php?rest_route=%2Fwp%2Fv2%2Fcomments&post=17296"}],"version-history":[{"count":2,"href":"https:\/\/digitalsantotome.com.ar\/index.php?rest_route=\/wp\/v2\/posts\/17296\/revisions"}],"predecessor-version":[{"id":17299,"href":"https:\/\/digitalsantotome.com.ar\/index.php?rest_route=\/wp\/v2\/posts\/17296\/revisions\/17299"}],"wp:featuredmedia":[{"embeddable":true,"href":"https:\/\/digitalsantotome.com.ar\/index.php?rest_route=\/wp\/v2\/media\/17297"}],"wp:attachment":[{"href":"https:\/\/digitalsantotome.com.ar\/index.php?rest_route=%2Fwp%2Fv2%2Fmedia&parent=17296"}],"wp:term":[{"taxonomy":"category","embeddable":true,"href":"https:\/\/digitalsantotome.com.ar\/index.php?rest_route=%2Fwp%2Fv2%2Fcategories&post=17296"},{"taxonomy":"post_tag","embeddable":true,"href":"https:\/\/digitalsantotome.com.ar\/index.php?rest_route=%2Fwp%2Fv2%2Ftags&post=17296"}],"curies":[{"name":"wp","href":"https:\/\/api.w.org\/{rel}","templated":true}]}}