{"id":17311,"date":"2026-09-04T08:41:55","date_gmt":"2026-09-04T11:41:55","guid":{"rendered":"https:\/\/digitalsantotome.com.ar\/?p=17311"},"modified":"2026-09-04T08:42:22","modified_gmt":"2026-09-04T11:42:22","slug":"se-presento-la-guia-teorica-introduccion-al-conocimiento-del-derecho-en-la-biblioteca-de-la-legislatura","status":"publish","type":"post","link":"https:\/\/digitalsantotome.com.ar\/?p=17311","title":{"rendered":"Se present\u00f3 la Gu\u00eda Te\u00f3rica \u201cIntroducci\u00f3n al conocimiento del Derecho\u201d en la Biblioteca de la Legislatura"},"content":{"rendered":"<p>CORRIENTES. La obra del doctor Daniel Gualberto G\u00f3mez fue presentada ante una sala colmada, en un acto impulsado por el vicegobernador Pedro Braillard Poccard y coordinado por la Biblioteca de la Legislatura._<\/p>\n<p>Con el impulso del vicegobernador Pedro Braillard Poccard y la coordinaci\u00f3n de la Biblioteca de la Legislatura, se present\u00f3 la segunda edici\u00f3n de la obra Introducci\u00f3n al conocimiento del Derecho, del doctor Daniel Gualberto G\u00f3mez.<\/p>\n<p>La actividad, realizada en el marco del programa \u201cTodas las letras\u201d, cont\u00f3 con la participaci\u00f3n del doctor Enrique Eduardo Galiana, quien destac\u00f3 la trayectoria del autor y el aporte de la publicaci\u00f3n a la formaci\u00f3n jur\u00eddica. Ante estudiantes, docentes, colegas y p\u00fablico en general, valor\u00f3 el contenido de la gu\u00eda y su abordaje sobre las distintas interpretaciones del Derecho, la justicia y las valoraciones jur\u00eddicas.<\/p>\n<p><img fetchpriority=\"high\" decoding=\"async\" class=\"alignnone size-full wp-image-17313\" src=\"https:\/\/digitalsantotome.com.ar\/wp-content\/uploads\/2026\/09\/IMG-20260903-WA0093.jpg\" alt=\"\" width=\"1620\" height=\"1080\" srcset=\"https:\/\/digitalsantotome.com.ar\/wp-content\/uploads\/2026\/09\/IMG-20260903-WA0093.jpg 1620w, https:\/\/digitalsantotome.com.ar\/wp-content\/uploads\/2026\/09\/IMG-20260903-WA0093-300x200.jpg 300w, https:\/\/digitalsantotome.com.ar\/wp-content\/uploads\/2026\/09\/IMG-20260903-WA0093-1024x683.jpg 1024w, https:\/\/digitalsantotome.com.ar\/wp-content\/uploads\/2026\/09\/IMG-20260903-WA0093-768x512.jpg 768w, https:\/\/digitalsantotome.com.ar\/wp-content\/uploads\/2026\/09\/IMG-20260903-WA0093-1536x1024.jpg 1536w\" sizes=\"(max-width: 1620px) 100vw, 1620px\" \/><\/p>\n<p><strong>*El agradecimiento del autor*<\/strong><\/p>\n<p>El doctor Daniel Gualberto G\u00f3mez manifest\u00f3 en primera instancia \u201cquiero agradecer profundamente a la Biblioteca, que hace poco cumpli\u00f3 99 a\u00f1os, y la presencia de mis queridos estudiantes, que espont\u00e1neamente siempre vienen. Quiero agradecer la presencia de mis colegas, de todos los que componemos la C\u00e1tedra de Introducci\u00f3n al Derecho de nuestra querida Universidad del Sol\u201d, expres\u00f3.<\/p>\n<p>Tambi\u00e9n repas\u00f3 el proceso de elaboraci\u00f3n de la obra, iniciado en 2005 y continuado con distintas publicaciones, cursos y tesis. En ese marco, record\u00f3 que en 2020 obtuvo el t\u00edtulo de doctor por la Facultad de Derecho, instituci\u00f3n con la que mantiene un v\u00ednculo desde 1975.<\/p>\n<p><strong>*Una biblioteca ligada a su historia personal*<\/strong><\/p>\n<p>G\u00f3mez record\u00f3 que, como estudiante, acudi\u00f3 a la Biblioteca de la Legislatura para continuar su formaci\u00f3n durante los a\u00f1os de interrupci\u00f3n de las actividades acad\u00e9micas tras el golpe de Estado de 1976.<\/p>\n<p>Se\u00f1al\u00f3 que ese espacio lo acompa\u00f1\u00f3 desde su llegada a Corrientes hasta su graduaci\u00f3n como abogado, en 1981, y que posteriormente continu\u00f3 vinculado con la instituci\u00f3n, a la que considera su \u201ccasa\u201d y su \u201cmorada\u201d.<\/p>\n<p><strong>*La amistad como eje de la presentaci\u00f3n*<\/strong><\/p>\n<p>El autor explic\u00f3 que no se referir\u00eda puntualmente al contenido del libro, sino que centrar\u00eda su exposici\u00f3n en la amistad y en los v\u00ednculos construidos durante su trayectoria.<\/p>\n<p>En ese contexto, sostuvo que los sentimientos y la amistad no pueden ser regulados por el Derecho, y se refiri\u00f3 a su pr\u00f3xima jubilaci\u00f3n como una etapa de despedida de la Facultad de Derecho. \u201cMe quedar\u00e1n dos a\u00f1os. Por eso, hace un tiempo, cuando dije \u2018empiezo mi despedida\u2019, es verdad. Quiero despedirme de todos y cada uno de ustedes, porque seguramente dentro de dos a\u00f1os ya pasar\u00e9 a ser aposentado, como dicen los brasileros, o m\u00e1s llanamente, pasar\u00e9 a ser un profesor jubilado\u201d.<\/p>\n<p>Finalmente, destac\u00f3 la importancia de la pasi\u00f3n, la fe, el esfuerzo y los sentimientos por encima de una mirada exclusivamente racionalista. Concluy\u00f3 que el tiempo, la confianza y el sentimiento son elementos esenciales para construir v\u00ednculos de amistad duraderos.<\/p>\n","protected":false},"excerpt":{"rendered":"<p>CORRIENTES. La obra del doctor Daniel Gualberto G\u00f3mez fue presentada ante una sala colmada, en un acto impulsado por el vicegobernador Pedro Braillard Poccard y coordinado por la Biblioteca de la Legislatura._ Con el impulso del vicegobernador Pedro Braillard Poccard y la coordinaci\u00f3n de la Biblioteca de la Legislatura, se present\u00f3 la segunda edici\u00f3n de&#8230;<\/p>\n","protected":false},"author":2,"featured_media":17312,"comment_status":"closed","ping_status":"closed","sticky":false,"template":"","format":"standard","meta":{"_kad_post_transparent":"default","_kad_post_title":"default","_kad_post_layout":"default","_kad_post_sidebar_id":"","_kad_post_content_style":"default","_kad_post_vertical_padding":"default","_kad_post_feature":"","_kad_post_feature_position":"","_kad_post_header":false,"_kad_post_footer":false,"_kad_post_classname":"","footnotes":""},"categories":[2],"tags":[],"class_list":["post-17311","post","type-post","status-publish","format-standard","has-post-thumbnail","hentry","category-provinciales"],"a3_pvc":{"activated":false,"total_views":0,"today_views":0},"yoast_head":"<!-- This site is optimized with the Yoast SEO plugin v28.4 - https:\/\/yoast.com\/product\/yoast-seo-wordpress\/ -->\n<title>Se present\u00f3 la Gu\u00eda Te\u00f3rica \u201cIntroducci\u00f3n al conocimiento del Derecho\u201d en la Biblioteca de la Legislatura - Digital Santo Tom\u00e9<\/title>\n<meta name=\"robots\" content=\"index, follow, max-snippet:-1, max-image-preview:large, max-video-preview:-1\" \/>\n<link rel=\"canonical\" href=\"https:\/\/digitalsantotome.com.ar\/?p=17311\" \/>\n<meta property=\"og:locale\" content=\"es_ES\" \/>\n<meta property=\"og:type\" content=\"article\" \/>\n<meta property=\"og:title\" content=\"Se present\u00f3 la Gu\u00eda Te\u00f3rica \u201cIntroducci\u00f3n al conocimiento del Derecho\u201d en la Biblioteca de la Legislatura - Digital Santo Tom\u00e9\" \/>\n<meta property=\"og:description\" content=\"CORRIENTES. La obra del doctor Daniel Gualberto G\u00f3mez fue presentada ante una sala colmada, en un acto impulsado por el vicegobernador Pedro Braillard Poccard y coordinado por la Biblioteca de la Legislatura._ Con el impulso del vicegobernador Pedro Braillard Poccard y la coordinaci\u00f3n de la Biblioteca de la Legislatura, se present\u00f3 la segunda edici\u00f3n de...\" \/>\n<meta property=\"og:url\" content=\"https:\/\/digitalsantotome.com.ar\/?p=17311\" \/>\n<meta property=\"og:site_name\" content=\"Digital Santo Tom\u00e9\" \/>\n<meta property=\"article:published_time\" content=\"2026-09-04T11:41:55+00:00\" \/>\n<meta property=\"article:modified_time\" content=\"2026-09-04T11:42:22+00:00\" \/>\n<meta property=\"og:image\" content=\"https:\/\/digitalsantotome.com.ar\/wp-content\/uploads\/2026\/09\/IMG-20260903-WA0092.jpg\" \/>\n\t<meta property=\"og:image:width\" content=\"1620\" \/>\n\t<meta property=\"og:image:height\" content=\"1080\" \/>\n\t<meta property=\"og:image:type\" content=\"image\/jpeg\" \/>\n<meta name=\"author\" content=\"Jose Carlos Machado\" \/>\n<meta name=\"twitter:card\" content=\"summary_large_image\" \/>\n<meta name=\"twitter:label1\" content=\"Escrito por\" \/>\n\t<meta name=\"twitter:data1\" content=\"Jose Carlos Machado\" \/>\n\t<meta name=\"twitter:label2\" content=\"Tiempo de lectura\" \/>\n\t<meta name=\"twitter:data2\" content=\"3 minutos\" \/>\n<script type=\"application\/ld+json\" class=\"yoast-schema-graph\">{\"@context\":\"https:\\\/\\\/schema.org\",\"@graph\":[{\"@type\":\"Article\",\"@id\":\"https:\\\/\\\/digitalsantotome.com.ar\\\/?p=17311#article\",\"isPartOf\":{\"@id\":\"https:\\\/\\\/digitalsantotome.com.ar\\\/?p=17311\"},\"author\":{\"name\":\"Jose Carlos Machado\",\"@id\":\"https:\\\/\\\/digitalsantotome.com.ar\\\/#\\\/schema\\\/person\\\/8991d8822886fedd92ce7f03817e1bdf\"},\"headline\":\"Se present\u00f3 la Gu\u00eda Te\u00f3rica \u201cIntroducci\u00f3n al conocimiento del Derecho\u201d en la Biblioteca de la Legislatura\",\"datePublished\":\"2026-09-04T11:41:55+00:00\",\"dateModified\":\"2026-09-04T11:42:22+00:00\",\"mainEntityOfPage\":{\"@id\":\"https:\\\/\\\/digitalsantotome.com.ar\\\/?p=17311\"},\"wordCount\":526,\"publisher\":{\"@id\":\"https:\\\/\\\/digitalsantotome.com.ar\\\/#organization\"},\"image\":{\"@id\":\"https:\\\/\\\/digitalsantotome.com.ar\\\/?p=17311#primaryimage\"},\"thumbnailUrl\":\"https:\\\/\\\/digitalsantotome.com.ar\\\/wp-content\\\/uploads\\\/2026\\\/09\\\/IMG-20260903-WA0092.jpg\",\"articleSection\":[\"Provinciales\"],\"inLanguage\":\"es\"},{\"@type\":\"WebPage\",\"@id\":\"https:\\\/\\\/digitalsantotome.com.ar\\\/?p=17311\",\"url\":\"https:\\\/\\\/digitalsantotome.com.ar\\\/?p=17311\",\"name\":\"Se present\u00f3 la Gu\u00eda Te\u00f3rica \u201cIntroducci\u00f3n al conocimiento del Derecho\u201d en la Biblioteca de la Legislatura - Digital Santo Tom\u00e9\",\"isPartOf\":{\"@id\":\"https:\\\/\\\/digitalsantotome.com.ar\\\/#website\"},\"primaryImageOfPage\":{\"@id\":\"https:\\\/\\\/digitalsantotome.com.ar\\\/?p=17311#primaryimage\"},\"image\":{\"@id\":\"https:\\\/\\\/digitalsantotome.com.ar\\\/?p=17311#primaryimage\"},\"thumbnailUrl\":\"https:\\\/\\\/digitalsantotome.com.ar\\\/wp-content\\\/uploads\\\/2026\\\/09\\\/IMG-20260903-WA0092.jpg\",\"datePublished\":\"2026-09-04T11:41:55+00:00\",\"dateModified\":\"2026-09-04T11:42:22+00:00\",\"breadcrumb\":{\"@id\":\"https:\\\/\\\/digitalsantotome.com.ar\\\/?p=17311#breadcrumb\"},\"inLanguage\":\"es\",\"potentialAction\":[{\"@type\":\"ReadAction\",\"target\":[\"https:\\\/\\\/digitalsantotome.com.ar\\\/?p=17311\"]}]},{\"@type\":\"ImageObject\",\"inLanguage\":\"es\",\"@id\":\"https:\\\/\\\/digitalsantotome.com.ar\\\/?p=17311#primaryimage\",\"url\":\"https:\\\/\\\/digitalsantotome.com.ar\\\/wp-content\\\/uploads\\\/2026\\\/09\\\/IMG-20260903-WA0092.jpg\",\"contentUrl\":\"https:\\\/\\\/digitalsantotome.com.ar\\\/wp-content\\\/uploads\\\/2026\\\/09\\\/IMG-20260903-WA0092.jpg\",\"width\":1620,\"height\":1080},{\"@type\":\"BreadcrumbList\",\"@id\":\"https:\\\/\\\/digitalsantotome.com.ar\\\/?p=17311#breadcrumb\",\"itemListElement\":[{\"@type\":\"ListItem\",\"position\":1,\"name\":\"Portada\",\"item\":\"https:\\\/\\\/digitalsantotome.com.ar\\\/\"},{\"@type\":\"ListItem\",\"position\":2,\"name\":\"Se present\u00f3 la Gu\u00eda Te\u00f3rica \u201cIntroducci\u00f3n al conocimiento del Derecho\u201d en la Biblioteca de la Legislatura\"}]},{\"@type\":\"WebSite\",\"@id\":\"https:\\\/\\\/digitalsantotome.com.ar\\\/#website\",\"url\":\"https:\\\/\\\/digitalsantotome.com.ar\\\/\",\"name\":\"Digital Santo Tom\u00e9\",\"description\":\"Noticias desde Santo Tom\u00e9 al Mundo \u2013 La informacion que decide\",\"publisher\":{\"@id\":\"https:\\\/\\\/digitalsantotome.com.ar\\\/#organization\"},\"potentialAction\":[{\"@type\":\"SearchAction\",\"target\":{\"@type\":\"EntryPoint\",\"urlTemplate\":\"https:\\\/\\\/digitalsantotome.com.ar\\\/?s={search_term_string}\"},\"query-input\":{\"@type\":\"PropertyValueSpecification\",\"valueRequired\":true,\"valueName\":\"search_term_string\"}}],\"inLanguage\":\"es\"},{\"@type\":\"Organization\",\"@id\":\"https:\\\/\\\/digitalsantotome.com.ar\\\/#organization\",\"name\":\"Digital Santo Tom\u00e9\",\"url\":\"https:\\\/\\\/digitalsantotome.com.ar\\\/\",\"logo\":{\"@type\":\"ImageObject\",\"inLanguage\":\"es\",\"@id\":\"https:\\\/\\\/digitalsantotome.com.ar\\\/#\\\/schema\\\/logo\\\/image\\\/\",\"url\":\"https:\\\/\\\/digitalsantotome.com.ar\\\/wp-content\\\/uploads\\\/2023\\\/01\\\/facebook.jpg\",\"contentUrl\":\"https:\\\/\\\/digitalsantotome.com.ar\\\/wp-content\\\/uploads\\\/2023\\\/01\\\/facebook.jpg\",\"width\":512,\"height\":376,\"caption\":\"Digital Santo Tom\u00e9\"},\"image\":{\"@id\":\"https:\\\/\\\/digitalsantotome.com.ar\\\/#\\\/schema\\\/logo\\\/image\\\/\"}},{\"@type\":\"Person\",\"@id\":\"https:\\\/\\\/digitalsantotome.com.ar\\\/#\\\/schema\\\/person\\\/8991d8822886fedd92ce7f03817e1bdf\",\"name\":\"Jose Carlos Machado\",\"url\":\"https:\\\/\\\/digitalsantotome.com.ar\\\/?author=2\"}]}<\/script>\n<!-- \/ Yoast SEO plugin. -->","yoast_head_json":{"title":"Se present\u00f3 la Gu\u00eda Te\u00f3rica \u201cIntroducci\u00f3n al conocimiento del Derecho\u201d en la Biblioteca de la Legislatura - Digital Santo Tom\u00e9","robots":{"index":"index","follow":"follow","max-snippet":"max-snippet:-1","max-image-preview":"max-image-preview:large","max-video-preview":"max-video-preview:-1"},"canonical":"https:\/\/digitalsantotome.com.ar\/?p=17311","og_locale":"es_ES","og_type":"article","og_title":"Se present\u00f3 la Gu\u00eda Te\u00f3rica \u201cIntroducci\u00f3n al conocimiento del Derecho\u201d en la Biblioteca de la Legislatura - Digital Santo Tom\u00e9","og_description":"CORRIENTES. La obra del doctor Daniel Gualberto G\u00f3mez fue presentada ante una sala colmada, en un acto impulsado por el vicegobernador Pedro Braillard Poccard y coordinado por la Biblioteca de la Legislatura._ Con el impulso del vicegobernador Pedro Braillard Poccard y la coordinaci\u00f3n de la Biblioteca de la Legislatura, se present\u00f3 la segunda edici\u00f3n de...","og_url":"https:\/\/digitalsantotome.com.ar\/?p=17311","og_site_name":"Digital Santo Tom\u00e9","article_published_time":"2026-09-04T11:41:55+00:00","article_modified_time":"2026-09-04T11:42:22+00:00","og_image":[{"width":1620,"height":1080,"url":"https:\/\/digitalsantotome.com.ar\/wp-content\/uploads\/2026\/09\/IMG-20260903-WA0092.jpg","type":"image\/jpeg"}],"author":"Jose Carlos Machado","twitter_card":"summary_large_image","twitter_misc":{"Escrito por":"Jose Carlos Machado","Tiempo de lectura":"3 minutos"},"schema":{"@context":"https:\/\/schema.org","@graph":[{"@type":"Article","@id":"https:\/\/digitalsantotome.com.ar\/?p=17311#article","isPartOf":{"@id":"https:\/\/digitalsantotome.com.ar\/?p=17311"},"author":{"name":"Jose Carlos Machado","@id":"https:\/\/digitalsantotome.com.ar\/#\/schema\/person\/8991d8822886fedd92ce7f03817e1bdf"},"headline":"Se present\u00f3 la Gu\u00eda Te\u00f3rica \u201cIntroducci\u00f3n al conocimiento del Derecho\u201d en la Biblioteca de la Legislatura","datePublished":"2026-09-04T11:41:55+00:00","dateModified":"2026-09-04T11:42:22+00:00","mainEntityOfPage":{"@id":"https:\/\/digitalsantotome.com.ar\/?p=17311"},"wordCount":526,"publisher":{"@id":"https:\/\/digitalsantotome.com.ar\/#organization"},"image":{"@id":"https:\/\/digitalsantotome.com.ar\/?p=17311#primaryimage"},"thumbnailUrl":"https:\/\/digitalsantotome.com.ar\/wp-content\/uploads\/2026\/09\/IMG-20260903-WA0092.jpg","articleSection":["Provinciales"],"inLanguage":"es"},{"@type":"WebPage","@id":"https:\/\/digitalsantotome.com.ar\/?p=17311","url":"https:\/\/digitalsantotome.com.ar\/?p=17311","name":"Se present\u00f3 la Gu\u00eda Te\u00f3rica \u201cIntroducci\u00f3n al conocimiento del Derecho\u201d en la Biblioteca de la Legislatura - Digital Santo Tom\u00e9","isPartOf":{"@id":"https:\/\/digitalsantotome.com.ar\/#website"},"primaryImageOfPage":{"@id":"https:\/\/digitalsantotome.com.ar\/?p=17311#primaryimage"},"image":{"@id":"https:\/\/digitalsantotome.com.ar\/?p=17311#primaryimage"},"thumbnailUrl":"https:\/\/digitalsantotome.com.ar\/wp-content\/uploads\/2026\/09\/IMG-20260903-WA0092.jpg","datePublished":"2026-09-04T11:41:55+00:00","dateModified":"2026-09-04T11:42:22+00:00","breadcrumb":{"@id":"https:\/\/digitalsantotome.com.ar\/?p=17311#breadcrumb"},"inLanguage":"es","potentialAction":[{"@type":"ReadAction","target":["https:\/\/digitalsantotome.com.ar\/?p=17311"]}]},{"@type":"ImageObject","inLanguage":"es","@id":"https:\/\/digitalsantotome.com.ar\/?p=17311#primaryimage","url":"https:\/\/digitalsantotome.com.ar\/wp-content\/uploads\/2026\/09\/IMG-20260903-WA0092.jpg","contentUrl":"https:\/\/digitalsantotome.com.ar\/wp-content\/uploads\/2026\/09\/IMG-20260903-WA0092.jpg","width":1620,"height":1080},{"@type":"BreadcrumbList","@id":"https:\/\/digitalsantotome.com.ar\/?p=17311#breadcrumb","itemListElement":[{"@type":"ListItem","position":1,"name":"Portada","item":"https:\/\/digitalsantotome.com.ar\/"},{"@type":"ListItem","position":2,"name":"Se present\u00f3 la Gu\u00eda Te\u00f3rica \u201cIntroducci\u00f3n al conocimiento del Derecho\u201d en la Biblioteca de la Legislatura"}]},{"@type":"WebSite","@id":"https:\/\/digitalsantotome.com.ar\/#website","url":"https:\/\/digitalsantotome.com.ar\/","name":"Digital Santo Tom\u00e9","description":"Noticias desde Santo Tom\u00e9 al Mundo \u2013 La informacion que decide","publisher":{"@id":"https:\/\/digitalsantotome.com.ar\/#organization"},"potentialAction":[{"@type":"SearchAction","target":{"@type":"EntryPoint","urlTemplate":"https:\/\/digitalsantotome.com.ar\/?s={search_term_string}"},"query-input":{"@type":"PropertyValueSpecification","valueRequired":true,"valueName":"search_term_string"}}],"inLanguage":"es"},{"@type":"Organization","@id":"https:\/\/digitalsantotome.com.ar\/#organization","name":"Digital Santo Tom\u00e9","url":"https:\/\/digitalsantotome.com.ar\/","logo":{"@type":"ImageObject","inLanguage":"es","@id":"https:\/\/digitalsantotome.com.ar\/#\/schema\/logo\/image\/","url":"https:\/\/digitalsantotome.com.ar\/wp-content\/uploads\/2023\/01\/facebook.jpg","contentUrl":"https:\/\/digitalsantotome.com.ar\/wp-content\/uploads\/2023\/01\/facebook.jpg","width":512,"height":376,"caption":"Digital Santo Tom\u00e9"},"image":{"@id":"https:\/\/digitalsantotome.com.ar\/#\/schema\/logo\/image\/"}},{"@type":"Person","@id":"https:\/\/digitalsantotome.com.ar\/#\/schema\/person\/8991d8822886fedd92ce7f03817e1bdf","name":"Jose Carlos Machado","url":"https:\/\/digitalsantotome.com.ar\/?author=2"}]}},"_links":{"self":[{"href":"https:\/\/digitalsantotome.com.ar\/index.php?rest_route=\/wp\/v2\/posts\/17311","targetHints":{"allow":["GET"]}}],"collection":[{"href":"https:\/\/digitalsantotome.com.ar\/index.php?rest_route=\/wp\/v2\/posts"}],"about":[{"href":"https:\/\/digitalsantotome.com.ar\/index.php?rest_route=\/wp\/v2\/types\/post"}],"author":[{"embeddable":true,"href":"https:\/\/digitalsantotome.com.ar\/index.php?rest_route=\/wp\/v2\/users\/2"}],"replies":[{"embeddable":true,"href":"https:\/\/digitalsantotome.com.ar\/index.php?rest_route=%2Fwp%2Fv2%2Fcomments&post=17311"}],"version-history":[{"count":1,"href":"https:\/\/digitalsantotome.com.ar\/index.php?rest_route=\/wp\/v2\/posts\/17311\/revisions"}],"predecessor-version":[{"id":17314,"href":"https:\/\/digitalsantotome.com.ar\/index.php?rest_route=\/wp\/v2\/posts\/17311\/revisions\/17314"}],"wp:featuredmedia":[{"embeddable":true,"href":"https:\/\/digitalsantotome.com.ar\/index.php?rest_route=\/wp\/v2\/media\/17312"}],"wp:attachment":[{"href":"https:\/\/digitalsantotome.com.ar\/index.php?rest_route=%2Fwp%2Fv2%2Fmedia&parent=17311"}],"wp:term":[{"taxonomy":"category","embeddable":true,"href":"https:\/\/digitalsantotome.com.ar\/index.php?rest_route=%2Fwp%2Fv2%2Fcategories&post=17311"},{"taxonomy":"post_tag","embeddable":true,"href":"https:\/\/digitalsantotome.com.ar\/index.php?rest_route=%2Fwp%2Fv2%2Ftags&post=17311"}],"curies":[{"name":"wp","href":"https:\/\/api.w.org\/{rel}","templated":true}]}}