{"id":17321,"date":"2026-09-04T15:21:31","date_gmt":"2026-09-04T18:21:31","guid":{"rendered":"https:\/\/digitalsantotome.com.ar\/?p=17321"},"modified":"2026-09-04T15:25:30","modified_gmt":"2026-09-04T18:25:30","slug":"condenaron-a-un-conocido-medico-por-asesinar-a-balazos-al-perro-de-su-vecino","status":"publish","type":"post","link":"https:\/\/digitalsantotome.com.ar\/?p=17321","title":{"rendered":"Condenaron a un conocido m\u00e9dico por matar a balazos al perro de su vecino"},"content":{"rendered":"<p><strong>SANTO TOME.<\/strong> el m\u00e9dico <strong>Ram\u00f3n Virgilio G\u00f3mez<\/strong> fue hallado penalmente responsable del delito de crueldad animal y tenencia ilegal de arma de fuego. El tr\u00e1gico hecho ocurri\u00f3 en el Paraje <strong>\u201cLa Curtiembre\u201d<\/strong> en diciembre de 2025. El due\u00f1o de la mascota, un enfermero del mismo hospital, hab\u00eda terminado detenido tras reclamarle por el ataque. <strong>Hist\u00f3rico fallo por maltrato animal en la provincia de Corrientes.<\/strong><\/p>\n<p>En un fallo judicial sin precedentes para la regi\u00f3n, la sala del <strong>Tribunal Oral Penal<\/strong> de esta ciudad declar\u00f3 culpable al m\u00e9dico <strong>Ram\u00f3n Virgilio G\u00f3mez<\/strong> por haber matado a tiros a <strong>\u00abRocko\u00bb,<\/strong> el perro de su vecino. La sentencia, dictada por el juez <strong>Dr. Sergio Ramos<\/strong>, le impuso al profesional de la salud una condena de <strong>1 a\u00f1o y 5 meses de prisi\u00f3n de ejecuci\u00f3n en suspenso<\/strong> tras ser hallado responsable del delito de infracci\u00f3n a la Ley de Maltrato Animal (Ley 14.346) en concurso real con tenencia ilegal de arma de fuego. El caso gener\u00f3 fuerte repercusi\u00f3n local debido a que tanto el victimario como el due\u00f1o del can se desempe\u00f1an en el <strong>Hospital \u00abSan Juan Bautista\u00bb<\/strong>.<\/p>\n<p>El debate l\u00fadico y procesal se extendi\u00f3 durante dos intensas jornadas de audiencias, con una acusaci\u00f3n firmemente sostenida por el Fiscal Rural y Ambiental, <strong>Dr. Mart\u00edn Leiva<\/strong>, mientras que la defensa t\u00e9cnica del imputado estuvo a cargo del abogado H\u00e9ctor Vincenti. Tras la rueda de alegatos de ambas partes, el magistrado resolvi\u00f3 aplicar la condena bas\u00e1ndose en las pruebas que demostraron el ensa\u00f1amiento contra el animal en el sector rural conocido como <strong>Paraje \u201cLa Curtiembre\u201d<\/strong>.<\/p>\n<p><strong>El calvario de Rocko y un conflicto entre colegas<\/strong><\/p>\n<p>La investigaci\u00f3n criminal e hist\u00f3rico derrotero de la causa determinaron que \u00abRocko\u00bb sufri\u00f3 <strong>dos ataques con armas de fuego<\/strong> a lo largo del a\u00f1o pasado. El primer episodio ocurri\u00f3 en julio de 2025, cuando el perro recibi\u00f3 un impacto de bala en la cabeza; milagrosamente sobrevivi\u00f3 tras quedar internado en una cl\u00ednica veterinaria. Sin embargo, el segundo y definitivo ataque se perpetr\u00f3 el <strong>24 de diciembre de 2025<\/strong>, en plena v\u00edspera navide\u00f1a, caus\u00e1ndole heridas que le provocaron la muerte.<\/p>\n<p>El crimen desat\u00f3 un violento conflicto vecinal. Al enterarse de la nueva agresi\u00f3n, los propietarios del can acudieron a la vivienda del m\u00e9dico G\u00f3mez para exigir explicaciones. En ese momento, el profesional se encontraba cortando el c\u00e9sped de su propiedad con una motoguada\u00f1a, lo que deriv\u00f3 en una acalorada discusi\u00f3n y posteriores agresiones f\u00edsicas, inclusive se hab\u00eda dejado trascender que de las palabras entre G\u00f3mez y Arce, <strong>pasaron a las acciones y el enfermero le aplic\u00f3 unos planazos con un machete en la cabeza del m\u00e9dico. Un altercado que pudo haber terminado con un hecho de sangre con consecuencias impredecibles.<\/strong><\/p>\n<p>El due\u00f1o de Rocko, un enfermero de apellido <strong>Arce<\/strong>, mantuvo un severo altercado con el m\u00e9dico que culmin\u00f3 con una denuncia y la posterior <strong>detenci\u00f3n del propio enfermero<\/strong>. Finalmente, la intervenci\u00f3n de la Fiscal\u00eda Ambiental permiti\u00f3 elevar la causa a juicio y dictar la sentencia condenatoria contra el tirador.<\/p>\n<p><strong>Fuente: Digital Santo Tom\u00e9<\/strong><\/p>\n<p>&nbsp;<\/p>\n<p>&nbsp;<\/p>\n<p>&nbsp;<\/p>\n","protected":false},"excerpt":{"rendered":"<p>SANTO TOME. el m\u00e9dico Ram\u00f3n Virgilio G\u00f3mez fue hallado penalmente responsable del delito de crueldad animal y tenencia ilegal de arma de fuego. El tr\u00e1gico hecho ocurri\u00f3 en el Paraje \u201cLa Curtiembre\u201d en diciembre de 2025. El due\u00f1o de la mascota, un enfermero del mismo hospital, hab\u00eda terminado detenido tras reclamarle por el ataque. Hist\u00f3rico&#8230;<\/p>\n","protected":false},"author":2,"featured_media":17322,"comment_status":"closed","ping_status":"closed","sticky":false,"template":"","format":"standard","meta":{"_kad_post_transparent":"default","_kad_post_title":"default","_kad_post_layout":"default","_kad_post_sidebar_id":"","_kad_post_content_style":"default","_kad_post_vertical_padding":"default","_kad_post_feature":"","_kad_post_feature_position":"","_kad_post_header":false,"_kad_post_footer":false,"_kad_post_classname":"","footnotes":""},"categories":[5],"tags":[],"class_list":["post-17321","post","type-post","status-publish","format-standard","has-post-thumbnail","hentry","category-destacadas"],"a3_pvc":{"activated":false,"total_views":0,"today_views":0},"yoast_head":"<!-- This site is optimized with the Yoast SEO plugin v28.4 - https:\/\/yoast.com\/product\/yoast-seo-wordpress\/ -->\n<title>Condenaron a un conocido m\u00e9dico por matar a balazos al perro de su vecino - Digital Santo Tom\u00e9<\/title>\n<meta name=\"robots\" content=\"index, follow, max-snippet:-1, max-image-preview:large, max-video-preview:-1\" \/>\n<link rel=\"canonical\" href=\"https:\/\/digitalsantotome.com.ar\/?p=17321\" \/>\n<meta property=\"og:locale\" content=\"es_ES\" \/>\n<meta property=\"og:type\" content=\"article\" \/>\n<meta property=\"og:title\" content=\"Condenaron a un conocido m\u00e9dico por matar a balazos al perro de su vecino - Digital Santo Tom\u00e9\" \/>\n<meta property=\"og:description\" content=\"SANTO TOME. el m\u00e9dico Ram\u00f3n Virgilio G\u00f3mez fue hallado penalmente responsable del delito de crueldad animal y tenencia ilegal de arma de fuego. El tr\u00e1gico hecho ocurri\u00f3 en el Paraje \u201cLa Curtiembre\u201d en diciembre de 2025. El due\u00f1o de la mascota, un enfermero del mismo hospital, hab\u00eda terminado detenido tras reclamarle por el ataque. Hist\u00f3rico...\" \/>\n<meta property=\"og:url\" content=\"https:\/\/digitalsantotome.com.ar\/?p=17321\" \/>\n<meta property=\"og:site_name\" content=\"Digital Santo Tom\u00e9\" \/>\n<meta property=\"article:published_time\" content=\"2026-09-04T18:21:31+00:00\" \/>\n<meta property=\"article:modified_time\" content=\"2026-09-04T18:25:30+00:00\" \/>\n<meta property=\"og:image\" content=\"https:\/\/digitalsantotome.com.ar\/wp-content\/uploads\/2026\/09\/IMG-20260108-WA0048.jpg\" \/>\n\t<meta property=\"og:image:width\" content=\"960\" \/>\n\t<meta property=\"og:image:height\" content=\"770\" \/>\n\t<meta property=\"og:image:type\" content=\"image\/jpeg\" \/>\n<meta name=\"author\" content=\"Jose Carlos Machado\" \/>\n<meta name=\"twitter:card\" content=\"summary_large_image\" \/>\n<meta name=\"twitter:label1\" content=\"Escrito por\" \/>\n\t<meta name=\"twitter:data1\" content=\"Jose Carlos Machado\" \/>\n\t<meta name=\"twitter:label2\" content=\"Tiempo de lectura\" \/>\n\t<meta name=\"twitter:data2\" content=\"3 minutos\" \/>\n<script type=\"application\/ld+json\" class=\"yoast-schema-graph\">{\"@context\":\"https:\\\/\\\/schema.org\",\"@graph\":[{\"@type\":\"Article\",\"@id\":\"https:\\\/\\\/digitalsantotome.com.ar\\\/?p=17321#article\",\"isPartOf\":{\"@id\":\"https:\\\/\\\/digitalsantotome.com.ar\\\/?p=17321\"},\"author\":{\"name\":\"Jose Carlos Machado\",\"@id\":\"https:\\\/\\\/digitalsantotome.com.ar\\\/#\\\/schema\\\/person\\\/8991d8822886fedd92ce7f03817e1bdf\"},\"headline\":\"Condenaron a un conocido m\u00e9dico por matar a balazos al perro de su vecino\",\"datePublished\":\"2026-09-04T18:21:31+00:00\",\"dateModified\":\"2026-09-04T18:25:30+00:00\",\"mainEntityOfPage\":{\"@id\":\"https:\\\/\\\/digitalsantotome.com.ar\\\/?p=17321\"},\"wordCount\":556,\"publisher\":{\"@id\":\"https:\\\/\\\/digitalsantotome.com.ar\\\/#organization\"},\"image\":{\"@id\":\"https:\\\/\\\/digitalsantotome.com.ar\\\/?p=17321#primaryimage\"},\"thumbnailUrl\":\"https:\\\/\\\/digitalsantotome.com.ar\\\/wp-content\\\/uploads\\\/2026\\\/09\\\/IMG-20260108-WA0048.jpg\",\"articleSection\":[\"Destacadas\"],\"inLanguage\":\"es\"},{\"@type\":\"WebPage\",\"@id\":\"https:\\\/\\\/digitalsantotome.com.ar\\\/?p=17321\",\"url\":\"https:\\\/\\\/digitalsantotome.com.ar\\\/?p=17321\",\"name\":\"Condenaron a un conocido m\u00e9dico por matar a balazos al perro de su vecino - Digital Santo Tom\u00e9\",\"isPartOf\":{\"@id\":\"https:\\\/\\\/digitalsantotome.com.ar\\\/#website\"},\"primaryImageOfPage\":{\"@id\":\"https:\\\/\\\/digitalsantotome.com.ar\\\/?p=17321#primaryimage\"},\"image\":{\"@id\":\"https:\\\/\\\/digitalsantotome.com.ar\\\/?p=17321#primaryimage\"},\"thumbnailUrl\":\"https:\\\/\\\/digitalsantotome.com.ar\\\/wp-content\\\/uploads\\\/2026\\\/09\\\/IMG-20260108-WA0048.jpg\",\"datePublished\":\"2026-09-04T18:21:31+00:00\",\"dateModified\":\"2026-09-04T18:25:30+00:00\",\"breadcrumb\":{\"@id\":\"https:\\\/\\\/digitalsantotome.com.ar\\\/?p=17321#breadcrumb\"},\"inLanguage\":\"es\",\"potentialAction\":[{\"@type\":\"ReadAction\",\"target\":[\"https:\\\/\\\/digitalsantotome.com.ar\\\/?p=17321\"]}]},{\"@type\":\"ImageObject\",\"inLanguage\":\"es\",\"@id\":\"https:\\\/\\\/digitalsantotome.com.ar\\\/?p=17321#primaryimage\",\"url\":\"https:\\\/\\\/digitalsantotome.com.ar\\\/wp-content\\\/uploads\\\/2026\\\/09\\\/IMG-20260108-WA0048.jpg\",\"contentUrl\":\"https:\\\/\\\/digitalsantotome.com.ar\\\/wp-content\\\/uploads\\\/2026\\\/09\\\/IMG-20260108-WA0048.jpg\",\"width\":960,\"height\":770},{\"@type\":\"BreadcrumbList\",\"@id\":\"https:\\\/\\\/digitalsantotome.com.ar\\\/?p=17321#breadcrumb\",\"itemListElement\":[{\"@type\":\"ListItem\",\"position\":1,\"name\":\"Portada\",\"item\":\"https:\\\/\\\/digitalsantotome.com.ar\\\/\"},{\"@type\":\"ListItem\",\"position\":2,\"name\":\"Condenaron a un conocido m\u00e9dico por matar a balazos al perro de su vecino\"}]},{\"@type\":\"WebSite\",\"@id\":\"https:\\\/\\\/digitalsantotome.com.ar\\\/#website\",\"url\":\"https:\\\/\\\/digitalsantotome.com.ar\\\/\",\"name\":\"Digital Santo Tom\u00e9\",\"description\":\"Noticias desde Santo Tom\u00e9 al Mundo \u2013 La informacion que decide\",\"publisher\":{\"@id\":\"https:\\\/\\\/digitalsantotome.com.ar\\\/#organization\"},\"potentialAction\":[{\"@type\":\"SearchAction\",\"target\":{\"@type\":\"EntryPoint\",\"urlTemplate\":\"https:\\\/\\\/digitalsantotome.com.ar\\\/?s={search_term_string}\"},\"query-input\":{\"@type\":\"PropertyValueSpecification\",\"valueRequired\":true,\"valueName\":\"search_term_string\"}}],\"inLanguage\":\"es\"},{\"@type\":\"Organization\",\"@id\":\"https:\\\/\\\/digitalsantotome.com.ar\\\/#organization\",\"name\":\"Digital Santo Tom\u00e9\",\"url\":\"https:\\\/\\\/digitalsantotome.com.ar\\\/\",\"logo\":{\"@type\":\"ImageObject\",\"inLanguage\":\"es\",\"@id\":\"https:\\\/\\\/digitalsantotome.com.ar\\\/#\\\/schema\\\/logo\\\/image\\\/\",\"url\":\"https:\\\/\\\/digitalsantotome.com.ar\\\/wp-content\\\/uploads\\\/2023\\\/01\\\/facebook.jpg\",\"contentUrl\":\"https:\\\/\\\/digitalsantotome.com.ar\\\/wp-content\\\/uploads\\\/2023\\\/01\\\/facebook.jpg\",\"width\":512,\"height\":376,\"caption\":\"Digital Santo Tom\u00e9\"},\"image\":{\"@id\":\"https:\\\/\\\/digitalsantotome.com.ar\\\/#\\\/schema\\\/logo\\\/image\\\/\"}},{\"@type\":\"Person\",\"@id\":\"https:\\\/\\\/digitalsantotome.com.ar\\\/#\\\/schema\\\/person\\\/8991d8822886fedd92ce7f03817e1bdf\",\"name\":\"Jose Carlos Machado\",\"url\":\"https:\\\/\\\/digitalsantotome.com.ar\\\/?author=2\"}]}<\/script>\n<!-- \/ Yoast SEO plugin. -->","yoast_head_json":{"title":"Condenaron a un conocido m\u00e9dico por matar a balazos al perro de su vecino - Digital Santo Tom\u00e9","robots":{"index":"index","follow":"follow","max-snippet":"max-snippet:-1","max-image-preview":"max-image-preview:large","max-video-preview":"max-video-preview:-1"},"canonical":"https:\/\/digitalsantotome.com.ar\/?p=17321","og_locale":"es_ES","og_type":"article","og_title":"Condenaron a un conocido m\u00e9dico por matar a balazos al perro de su vecino - Digital Santo Tom\u00e9","og_description":"SANTO TOME. el m\u00e9dico Ram\u00f3n Virgilio G\u00f3mez fue hallado penalmente responsable del delito de crueldad animal y tenencia ilegal de arma de fuego. El tr\u00e1gico hecho ocurri\u00f3 en el Paraje \u201cLa Curtiembre\u201d en diciembre de 2025. El due\u00f1o de la mascota, un enfermero del mismo hospital, hab\u00eda terminado detenido tras reclamarle por el ataque. Hist\u00f3rico...","og_url":"https:\/\/digitalsantotome.com.ar\/?p=17321","og_site_name":"Digital Santo Tom\u00e9","article_published_time":"2026-09-04T18:21:31+00:00","article_modified_time":"2026-09-04T18:25:30+00:00","og_image":[{"width":960,"height":770,"url":"https:\/\/digitalsantotome.com.ar\/wp-content\/uploads\/2026\/09\/IMG-20260108-WA0048.jpg","type":"image\/jpeg"}],"author":"Jose Carlos Machado","twitter_card":"summary_large_image","twitter_misc":{"Escrito por":"Jose Carlos Machado","Tiempo de lectura":"3 minutos"},"schema":{"@context":"https:\/\/schema.org","@graph":[{"@type":"Article","@id":"https:\/\/digitalsantotome.com.ar\/?p=17321#article","isPartOf":{"@id":"https:\/\/digitalsantotome.com.ar\/?p=17321"},"author":{"name":"Jose Carlos Machado","@id":"https:\/\/digitalsantotome.com.ar\/#\/schema\/person\/8991d8822886fedd92ce7f03817e1bdf"},"headline":"Condenaron a un conocido m\u00e9dico por matar a balazos al perro de su vecino","datePublished":"2026-09-04T18:21:31+00:00","dateModified":"2026-09-04T18:25:30+00:00","mainEntityOfPage":{"@id":"https:\/\/digitalsantotome.com.ar\/?p=17321"},"wordCount":556,"publisher":{"@id":"https:\/\/digitalsantotome.com.ar\/#organization"},"image":{"@id":"https:\/\/digitalsantotome.com.ar\/?p=17321#primaryimage"},"thumbnailUrl":"https:\/\/digitalsantotome.com.ar\/wp-content\/uploads\/2026\/09\/IMG-20260108-WA0048.jpg","articleSection":["Destacadas"],"inLanguage":"es"},{"@type":"WebPage","@id":"https:\/\/digitalsantotome.com.ar\/?p=17321","url":"https:\/\/digitalsantotome.com.ar\/?p=17321","name":"Condenaron a un conocido m\u00e9dico por matar a balazos al perro de su vecino - Digital Santo Tom\u00e9","isPartOf":{"@id":"https:\/\/digitalsantotome.com.ar\/#website"},"primaryImageOfPage":{"@id":"https:\/\/digitalsantotome.com.ar\/?p=17321#primaryimage"},"image":{"@id":"https:\/\/digitalsantotome.com.ar\/?p=17321#primaryimage"},"thumbnailUrl":"https:\/\/digitalsantotome.com.ar\/wp-content\/uploads\/2026\/09\/IMG-20260108-WA0048.jpg","datePublished":"2026-09-04T18:21:31+00:00","dateModified":"2026-09-04T18:25:30+00:00","breadcrumb":{"@id":"https:\/\/digitalsantotome.com.ar\/?p=17321#breadcrumb"},"inLanguage":"es","potentialAction":[{"@type":"ReadAction","target":["https:\/\/digitalsantotome.com.ar\/?p=17321"]}]},{"@type":"ImageObject","inLanguage":"es","@id":"https:\/\/digitalsantotome.com.ar\/?p=17321#primaryimage","url":"https:\/\/digitalsantotome.com.ar\/wp-content\/uploads\/2026\/09\/IMG-20260108-WA0048.jpg","contentUrl":"https:\/\/digitalsantotome.com.ar\/wp-content\/uploads\/2026\/09\/IMG-20260108-WA0048.jpg","width":960,"height":770},{"@type":"BreadcrumbList","@id":"https:\/\/digitalsantotome.com.ar\/?p=17321#breadcrumb","itemListElement":[{"@type":"ListItem","position":1,"name":"Portada","item":"https:\/\/digitalsantotome.com.ar\/"},{"@type":"ListItem","position":2,"name":"Condenaron a un conocido m\u00e9dico por matar a balazos al perro de su vecino"}]},{"@type":"WebSite","@id":"https:\/\/digitalsantotome.com.ar\/#website","url":"https:\/\/digitalsantotome.com.ar\/","name":"Digital Santo Tom\u00e9","description":"Noticias desde Santo Tom\u00e9 al Mundo \u2013 La informacion que decide","publisher":{"@id":"https:\/\/digitalsantotome.com.ar\/#organization"},"potentialAction":[{"@type":"SearchAction","target":{"@type":"EntryPoint","urlTemplate":"https:\/\/digitalsantotome.com.ar\/?s={search_term_string}"},"query-input":{"@type":"PropertyValueSpecification","valueRequired":true,"valueName":"search_term_string"}}],"inLanguage":"es"},{"@type":"Organization","@id":"https:\/\/digitalsantotome.com.ar\/#organization","name":"Digital Santo Tom\u00e9","url":"https:\/\/digitalsantotome.com.ar\/","logo":{"@type":"ImageObject","inLanguage":"es","@id":"https:\/\/digitalsantotome.com.ar\/#\/schema\/logo\/image\/","url":"https:\/\/digitalsantotome.com.ar\/wp-content\/uploads\/2023\/01\/facebook.jpg","contentUrl":"https:\/\/digitalsantotome.com.ar\/wp-content\/uploads\/2023\/01\/facebook.jpg","width":512,"height":376,"caption":"Digital Santo Tom\u00e9"},"image":{"@id":"https:\/\/digitalsantotome.com.ar\/#\/schema\/logo\/image\/"}},{"@type":"Person","@id":"https:\/\/digitalsantotome.com.ar\/#\/schema\/person\/8991d8822886fedd92ce7f03817e1bdf","name":"Jose Carlos Machado","url":"https:\/\/digitalsantotome.com.ar\/?author=2"}]}},"_links":{"self":[{"href":"https:\/\/digitalsantotome.com.ar\/index.php?rest_route=\/wp\/v2\/posts\/17321","targetHints":{"allow":["GET"]}}],"collection":[{"href":"https:\/\/digitalsantotome.com.ar\/index.php?rest_route=\/wp\/v2\/posts"}],"about":[{"href":"https:\/\/digitalsantotome.com.ar\/index.php?rest_route=\/wp\/v2\/types\/post"}],"author":[{"embeddable":true,"href":"https:\/\/digitalsantotome.com.ar\/index.php?rest_route=\/wp\/v2\/users\/2"}],"replies":[{"embeddable":true,"href":"https:\/\/digitalsantotome.com.ar\/index.php?rest_route=%2Fwp%2Fv2%2Fcomments&post=17321"}],"version-history":[{"count":3,"href":"https:\/\/digitalsantotome.com.ar\/index.php?rest_route=\/wp\/v2\/posts\/17321\/revisions"}],"predecessor-version":[{"id":17325,"href":"https:\/\/digitalsantotome.com.ar\/index.php?rest_route=\/wp\/v2\/posts\/17321\/revisions\/17325"}],"wp:featuredmedia":[{"embeddable":true,"href":"https:\/\/digitalsantotome.com.ar\/index.php?rest_route=\/wp\/v2\/media\/17322"}],"wp:attachment":[{"href":"https:\/\/digitalsantotome.com.ar\/index.php?rest_route=%2Fwp%2Fv2%2Fmedia&parent=17321"}],"wp:term":[{"taxonomy":"category","embeddable":true,"href":"https:\/\/digitalsantotome.com.ar\/index.php?rest_route=%2Fwp%2Fv2%2Fcategories&post=17321"},{"taxonomy":"post_tag","embeddable":true,"href":"https:\/\/digitalsantotome.com.ar\/index.php?rest_route=%2Fwp%2Fv2%2Ftags&post=17321"}],"curies":[{"name":"wp","href":"https:\/\/api.w.org\/{rel}","templated":true}]}}