{"id":17326,"date":"2026-09-05T09:15:39","date_gmt":"2026-09-05T12:15:39","guid":{"rendered":"https:\/\/digitalsantotome.com.ar\/?p=17326"},"modified":"2026-09-05T09:18:04","modified_gmt":"2026-09-05T12:18:04","slug":"la-justicia-rechazo-el-amparo-presentado-por-declarantes-que-pretendian-actuar-como-apoderados-de-despachantes-de-aduana","status":"publish","type":"post","link":"https:\/\/digitalsantotome.com.ar\/?p=17326","title":{"rendered":"La Justicia rechaz\u00f3 el amparo presentado por declarantes que pretend\u00edan actuar como apoderados de Despachantes de Aduana"},"content":{"rendered":"<p>PASO DE LOS LIBRES y SANTO TOME. El Juzgado Federal de Paso de los Libres rechaz\u00f3 este viernes la acci\u00f3n de amparo promovida por tres declarantes que cuestionaban la exigencia de contar con el\u00a0<strong>Certificado de Capacitaci\u00f3n (t\u00edtulo de idoneidad)<\/strong>\u00a0para poder desempe\u00f1arse como\u00a0<strong>Apoderados de Despachantes de Aduana<\/strong>.<\/p>\n<p>La presentaci\u00f3n judicial hab\u00eda sido realizada contra la\u00a0<strong>Agencia de Recaudaci\u00f3n y Control Aduanero (ARCA)<\/strong>, luego de que los declarantes recibieran notificaciones mediante las cuales se les inform\u00f3 que no pod\u00edan documentar operaciones como apoderados al no contar con el certificado requerido.<\/p>\n<p>En su resoluci\u00f3n, el Juzgado sostuvo que la exigencia de acreditar conocimientos espec\u00edficos para actuar como Apoderado se encuentra respaldada por el\u00a0<strong>art\u00edculo 76 del C\u00f3digo Aduanero<\/strong>\u00a0y reglamentada por la\u00a0<strong>Resoluci\u00f3n General AFIP N\u00b0 5472\/2023<\/strong>. Asimismo, destac\u00f3 que el r\u00e9gimen de capacitaci\u00f3n y certificaci\u00f3n se encontraba vigente y operativo al momento de la presentaci\u00f3n del amparo.<\/p>\n<p>La sentencia tambi\u00e9n se\u00f1al\u00f3 que los actores hab\u00edan realizado su alta bajo la figura de\u00a0<strong>\u201cDeclarante\u201d<\/strong>, incorporada por el DNU 70\/2023, y que no contaban con el certificado de capacitaci\u00f3n exigido para desempe\u00f1arse como apoderados.<\/p>\n<p><strong>En s\u00edntesis, la resoluci\u00f3n ratifica que quienes pretendan actuar como Apoderados de Despachantes de Aduana deben cumplir con los requisitos establecidos por la normativa vigente, entre ellos la acreditaci\u00f3n de los conocimientos espec\u00edficos mediante el correspondiente certificado de capacitaci\u00f3n.<\/strong><\/p>\n<p><strong>Dias atr\u00e1s, representantes de la entidad que nuclea a los despachantes de aduana de todo el pa\u00eds, mantuvieron una reuni\u00f3n en el Centro Unificado de Frontera de Santo Tom\u00e9 donde expusieron lo perjudicial que podr\u00eda significar para los despachantes en caso que avance el decreto recientemente puesto en vigencia por el Ministerio de Desregulaci\u00f3n de la Naci\u00f3n que preside el ministro Federico Stturzeneger que habilita la actividad de los \u201cdeclarantes\u201d en operaciones de comercio exterior, en este caso en las distintas aduanas de todo el pa\u00eds.<\/strong><\/p>\n<p>&nbsp;<\/p>\n<p>&nbsp;<\/p>\n","protected":false},"excerpt":{"rendered":"<p>PASO DE LOS LIBRES y SANTO TOME. El Juzgado Federal de Paso de los Libres rechaz\u00f3 este viernes la acci\u00f3n de amparo promovida por tres declarantes que cuestionaban la exigencia de contar con el\u00a0Certificado de Capacitaci\u00f3n (t\u00edtulo de idoneidad)\u00a0para poder desempe\u00f1arse como\u00a0Apoderados de Despachantes de Aduana. La presentaci\u00f3n judicial hab\u00eda sido realizada contra la\u00a0Agencia de&#8230;<\/p>\n","protected":false},"author":2,"featured_media":17327,"comment_status":"closed","ping_status":"closed","sticky":false,"template":"","format":"standard","meta":{"_kad_post_transparent":"default","_kad_post_title":"default","_kad_post_layout":"default","_kad_post_sidebar_id":"","_kad_post_content_style":"default","_kad_post_vertical_padding":"default","_kad_post_feature":"","_kad_post_feature_position":"","_kad_post_header":false,"_kad_post_footer":false,"_kad_post_classname":"","footnotes":""},"categories":[5],"tags":[],"class_list":["post-17326","post","type-post","status-publish","format-standard","has-post-thumbnail","hentry","category-destacadas"],"a3_pvc":{"activated":false,"total_views":0,"today_views":0},"yoast_head":"<!-- This site is optimized with the Yoast SEO plugin v28.4 - https:\/\/yoast.com\/product\/yoast-seo-wordpress\/ -->\n<title>La Justicia rechaz\u00f3 el amparo presentado por declarantes que pretend\u00edan actuar como apoderados de Despachantes de Aduana - Digital Santo Tom\u00e9<\/title>\n<meta name=\"robots\" content=\"index, follow, max-snippet:-1, max-image-preview:large, max-video-preview:-1\" \/>\n<link rel=\"canonical\" href=\"https:\/\/digitalsantotome.com.ar\/?p=17326\" \/>\n<meta property=\"og:locale\" content=\"es_ES\" \/>\n<meta property=\"og:type\" content=\"article\" \/>\n<meta property=\"og:title\" content=\"La Justicia rechaz\u00f3 el amparo presentado por declarantes que pretend\u00edan actuar como apoderados de Despachantes de Aduana - Digital Santo Tom\u00e9\" \/>\n<meta property=\"og:description\" content=\"PASO DE LOS LIBRES y SANTO TOME. El Juzgado Federal de Paso de los Libres rechaz\u00f3 este viernes la acci\u00f3n de amparo promovida por tres declarantes que cuestionaban la exigencia de contar con el\u00a0Certificado de Capacitaci\u00f3n (t\u00edtulo de idoneidad)\u00a0para poder desempe\u00f1arse como\u00a0Apoderados de Despachantes de Aduana. La presentaci\u00f3n judicial hab\u00eda sido realizada contra la\u00a0Agencia de...\" \/>\n<meta property=\"og:url\" content=\"https:\/\/digitalsantotome.com.ar\/?p=17326\" \/>\n<meta property=\"og:site_name\" content=\"Digital Santo Tom\u00e9\" \/>\n<meta property=\"article:published_time\" content=\"2026-09-05T12:15:39+00:00\" \/>\n<meta property=\"article:modified_time\" content=\"2026-09-05T12:18:04+00:00\" \/>\n<meta property=\"og:image\" content=\"https:\/\/digitalsantotome.com.ar\/wp-content\/uploads\/2026\/09\/puente-1.jpg\" \/>\n\t<meta property=\"og:image:width\" content=\"800\" \/>\n\t<meta property=\"og:image:height\" content=\"476\" \/>\n\t<meta property=\"og:image:type\" content=\"image\/jpeg\" \/>\n<meta name=\"author\" content=\"Jose Carlos Machado\" \/>\n<meta name=\"twitter:card\" content=\"summary_large_image\" \/>\n<meta name=\"twitter:label1\" content=\"Escrito por\" \/>\n\t<meta name=\"twitter:data1\" content=\"Jose Carlos Machado\" \/>\n\t<meta name=\"twitter:label2\" content=\"Tiempo de lectura\" \/>\n\t<meta name=\"twitter:data2\" content=\"2 minutos\" \/>\n<script type=\"application\/ld+json\" class=\"yoast-schema-graph\">{\"@context\":\"https:\\\/\\\/schema.org\",\"@graph\":[{\"@type\":\"Article\",\"@id\":\"https:\\\/\\\/digitalsantotome.com.ar\\\/?p=17326#article\",\"isPartOf\":{\"@id\":\"https:\\\/\\\/digitalsantotome.com.ar\\\/?p=17326\"},\"author\":{\"name\":\"Jose Carlos Machado\",\"@id\":\"https:\\\/\\\/digitalsantotome.com.ar\\\/#\\\/schema\\\/person\\\/8991d8822886fedd92ce7f03817e1bdf\"},\"headline\":\"La Justicia rechaz\u00f3 el amparo presentado por declarantes que pretend\u00edan actuar como apoderados de Despachantes de Aduana\",\"datePublished\":\"2026-09-05T12:15:39+00:00\",\"dateModified\":\"2026-09-05T12:18:04+00:00\",\"mainEntityOfPage\":{\"@id\":\"https:\\\/\\\/digitalsantotome.com.ar\\\/?p=17326\"},\"wordCount\":359,\"publisher\":{\"@id\":\"https:\\\/\\\/digitalsantotome.com.ar\\\/#organization\"},\"image\":{\"@id\":\"https:\\\/\\\/digitalsantotome.com.ar\\\/?p=17326#primaryimage\"},\"thumbnailUrl\":\"https:\\\/\\\/digitalsantotome.com.ar\\\/wp-content\\\/uploads\\\/2026\\\/09\\\/puente-1.jpg\",\"articleSection\":[\"Destacadas\"],\"inLanguage\":\"es\"},{\"@type\":\"WebPage\",\"@id\":\"https:\\\/\\\/digitalsantotome.com.ar\\\/?p=17326\",\"url\":\"https:\\\/\\\/digitalsantotome.com.ar\\\/?p=17326\",\"name\":\"La Justicia rechaz\u00f3 el amparo presentado por declarantes que pretend\u00edan actuar como apoderados de Despachantes de Aduana - Digital Santo Tom\u00e9\",\"isPartOf\":{\"@id\":\"https:\\\/\\\/digitalsantotome.com.ar\\\/#website\"},\"primaryImageOfPage\":{\"@id\":\"https:\\\/\\\/digitalsantotome.com.ar\\\/?p=17326#primaryimage\"},\"image\":{\"@id\":\"https:\\\/\\\/digitalsantotome.com.ar\\\/?p=17326#primaryimage\"},\"thumbnailUrl\":\"https:\\\/\\\/digitalsantotome.com.ar\\\/wp-content\\\/uploads\\\/2026\\\/09\\\/puente-1.jpg\",\"datePublished\":\"2026-09-05T12:15:39+00:00\",\"dateModified\":\"2026-09-05T12:18:04+00:00\",\"breadcrumb\":{\"@id\":\"https:\\\/\\\/digitalsantotome.com.ar\\\/?p=17326#breadcrumb\"},\"inLanguage\":\"es\",\"potentialAction\":[{\"@type\":\"ReadAction\",\"target\":[\"https:\\\/\\\/digitalsantotome.com.ar\\\/?p=17326\"]}]},{\"@type\":\"ImageObject\",\"inLanguage\":\"es\",\"@id\":\"https:\\\/\\\/digitalsantotome.com.ar\\\/?p=17326#primaryimage\",\"url\":\"https:\\\/\\\/digitalsantotome.com.ar\\\/wp-content\\\/uploads\\\/2026\\\/09\\\/puente-1.jpg\",\"contentUrl\":\"https:\\\/\\\/digitalsantotome.com.ar\\\/wp-content\\\/uploads\\\/2026\\\/09\\\/puente-1.jpg\",\"width\":800,\"height\":476,\"caption\":\"DCIM100MEDIADJI_0897.JPG\"},{\"@type\":\"BreadcrumbList\",\"@id\":\"https:\\\/\\\/digitalsantotome.com.ar\\\/?p=17326#breadcrumb\",\"itemListElement\":[{\"@type\":\"ListItem\",\"position\":1,\"name\":\"Portada\",\"item\":\"https:\\\/\\\/digitalsantotome.com.ar\\\/\"},{\"@type\":\"ListItem\",\"position\":2,\"name\":\"La Justicia rechaz\u00f3 el amparo presentado por declarantes que pretend\u00edan actuar como apoderados de Despachantes de Aduana\"}]},{\"@type\":\"WebSite\",\"@id\":\"https:\\\/\\\/digitalsantotome.com.ar\\\/#website\",\"url\":\"https:\\\/\\\/digitalsantotome.com.ar\\\/\",\"name\":\"Digital Santo Tom\u00e9\",\"description\":\"Noticias desde Santo Tom\u00e9 al Mundo \u2013 La informacion que decide\",\"publisher\":{\"@id\":\"https:\\\/\\\/digitalsantotome.com.ar\\\/#organization\"},\"potentialAction\":[{\"@type\":\"SearchAction\",\"target\":{\"@type\":\"EntryPoint\",\"urlTemplate\":\"https:\\\/\\\/digitalsantotome.com.ar\\\/?s={search_term_string}\"},\"query-input\":{\"@type\":\"PropertyValueSpecification\",\"valueRequired\":true,\"valueName\":\"search_term_string\"}}],\"inLanguage\":\"es\"},{\"@type\":\"Organization\",\"@id\":\"https:\\\/\\\/digitalsantotome.com.ar\\\/#organization\",\"name\":\"Digital Santo Tom\u00e9\",\"url\":\"https:\\\/\\\/digitalsantotome.com.ar\\\/\",\"logo\":{\"@type\":\"ImageObject\",\"inLanguage\":\"es\",\"@id\":\"https:\\\/\\\/digitalsantotome.com.ar\\\/#\\\/schema\\\/logo\\\/image\\\/\",\"url\":\"https:\\\/\\\/digitalsantotome.com.ar\\\/wp-content\\\/uploads\\\/2023\\\/01\\\/facebook.jpg\",\"contentUrl\":\"https:\\\/\\\/digitalsantotome.com.ar\\\/wp-content\\\/uploads\\\/2023\\\/01\\\/facebook.jpg\",\"width\":512,\"height\":376,\"caption\":\"Digital Santo Tom\u00e9\"},\"image\":{\"@id\":\"https:\\\/\\\/digitalsantotome.com.ar\\\/#\\\/schema\\\/logo\\\/image\\\/\"}},{\"@type\":\"Person\",\"@id\":\"https:\\\/\\\/digitalsantotome.com.ar\\\/#\\\/schema\\\/person\\\/8991d8822886fedd92ce7f03817e1bdf\",\"name\":\"Jose Carlos Machado\",\"url\":\"https:\\\/\\\/digitalsantotome.com.ar\\\/?author=2\"}]}<\/script>\n<!-- \/ Yoast SEO plugin. -->","yoast_head_json":{"title":"La Justicia rechaz\u00f3 el amparo presentado por declarantes que pretend\u00edan actuar como apoderados de Despachantes de Aduana - Digital Santo Tom\u00e9","robots":{"index":"index","follow":"follow","max-snippet":"max-snippet:-1","max-image-preview":"max-image-preview:large","max-video-preview":"max-video-preview:-1"},"canonical":"https:\/\/digitalsantotome.com.ar\/?p=17326","og_locale":"es_ES","og_type":"article","og_title":"La Justicia rechaz\u00f3 el amparo presentado por declarantes que pretend\u00edan actuar como apoderados de Despachantes de Aduana - Digital Santo Tom\u00e9","og_description":"PASO DE LOS LIBRES y SANTO TOME. El Juzgado Federal de Paso de los Libres rechaz\u00f3 este viernes la acci\u00f3n de amparo promovida por tres declarantes que cuestionaban la exigencia de contar con el\u00a0Certificado de Capacitaci\u00f3n (t\u00edtulo de idoneidad)\u00a0para poder desempe\u00f1arse como\u00a0Apoderados de Despachantes de Aduana. La presentaci\u00f3n judicial hab\u00eda sido realizada contra la\u00a0Agencia de...","og_url":"https:\/\/digitalsantotome.com.ar\/?p=17326","og_site_name":"Digital Santo Tom\u00e9","article_published_time":"2026-09-05T12:15:39+00:00","article_modified_time":"2026-09-05T12:18:04+00:00","og_image":[{"width":800,"height":476,"url":"https:\/\/digitalsantotome.com.ar\/wp-content\/uploads\/2026\/09\/puente-1.jpg","type":"image\/jpeg"}],"author":"Jose Carlos Machado","twitter_card":"summary_large_image","twitter_misc":{"Escrito por":"Jose Carlos Machado","Tiempo de lectura":"2 minutos"},"schema":{"@context":"https:\/\/schema.org","@graph":[{"@type":"Article","@id":"https:\/\/digitalsantotome.com.ar\/?p=17326#article","isPartOf":{"@id":"https:\/\/digitalsantotome.com.ar\/?p=17326"},"author":{"name":"Jose Carlos Machado","@id":"https:\/\/digitalsantotome.com.ar\/#\/schema\/person\/8991d8822886fedd92ce7f03817e1bdf"},"headline":"La Justicia rechaz\u00f3 el amparo presentado por declarantes que pretend\u00edan actuar como apoderados de Despachantes de Aduana","datePublished":"2026-09-05T12:15:39+00:00","dateModified":"2026-09-05T12:18:04+00:00","mainEntityOfPage":{"@id":"https:\/\/digitalsantotome.com.ar\/?p=17326"},"wordCount":359,"publisher":{"@id":"https:\/\/digitalsantotome.com.ar\/#organization"},"image":{"@id":"https:\/\/digitalsantotome.com.ar\/?p=17326#primaryimage"},"thumbnailUrl":"https:\/\/digitalsantotome.com.ar\/wp-content\/uploads\/2026\/09\/puente-1.jpg","articleSection":["Destacadas"],"inLanguage":"es"},{"@type":"WebPage","@id":"https:\/\/digitalsantotome.com.ar\/?p=17326","url":"https:\/\/digitalsantotome.com.ar\/?p=17326","name":"La Justicia rechaz\u00f3 el amparo presentado por declarantes que pretend\u00edan actuar como apoderados de Despachantes de Aduana - Digital Santo Tom\u00e9","isPartOf":{"@id":"https:\/\/digitalsantotome.com.ar\/#website"},"primaryImageOfPage":{"@id":"https:\/\/digitalsantotome.com.ar\/?p=17326#primaryimage"},"image":{"@id":"https:\/\/digitalsantotome.com.ar\/?p=17326#primaryimage"},"thumbnailUrl":"https:\/\/digitalsantotome.com.ar\/wp-content\/uploads\/2026\/09\/puente-1.jpg","datePublished":"2026-09-05T12:15:39+00:00","dateModified":"2026-09-05T12:18:04+00:00","breadcrumb":{"@id":"https:\/\/digitalsantotome.com.ar\/?p=17326#breadcrumb"},"inLanguage":"es","potentialAction":[{"@type":"ReadAction","target":["https:\/\/digitalsantotome.com.ar\/?p=17326"]}]},{"@type":"ImageObject","inLanguage":"es","@id":"https:\/\/digitalsantotome.com.ar\/?p=17326#primaryimage","url":"https:\/\/digitalsantotome.com.ar\/wp-content\/uploads\/2026\/09\/puente-1.jpg","contentUrl":"https:\/\/digitalsantotome.com.ar\/wp-content\/uploads\/2026\/09\/puente-1.jpg","width":800,"height":476,"caption":"DCIM100MEDIADJI_0897.JPG"},{"@type":"BreadcrumbList","@id":"https:\/\/digitalsantotome.com.ar\/?p=17326#breadcrumb","itemListElement":[{"@type":"ListItem","position":1,"name":"Portada","item":"https:\/\/digitalsantotome.com.ar\/"},{"@type":"ListItem","position":2,"name":"La Justicia rechaz\u00f3 el amparo presentado por declarantes que pretend\u00edan actuar como apoderados de Despachantes de Aduana"}]},{"@type":"WebSite","@id":"https:\/\/digitalsantotome.com.ar\/#website","url":"https:\/\/digitalsantotome.com.ar\/","name":"Digital Santo Tom\u00e9","description":"Noticias desde Santo Tom\u00e9 al Mundo \u2013 La informacion que decide","publisher":{"@id":"https:\/\/digitalsantotome.com.ar\/#organization"},"potentialAction":[{"@type":"SearchAction","target":{"@type":"EntryPoint","urlTemplate":"https:\/\/digitalsantotome.com.ar\/?s={search_term_string}"},"query-input":{"@type":"PropertyValueSpecification","valueRequired":true,"valueName":"search_term_string"}}],"inLanguage":"es"},{"@type":"Organization","@id":"https:\/\/digitalsantotome.com.ar\/#organization","name":"Digital Santo Tom\u00e9","url":"https:\/\/digitalsantotome.com.ar\/","logo":{"@type":"ImageObject","inLanguage":"es","@id":"https:\/\/digitalsantotome.com.ar\/#\/schema\/logo\/image\/","url":"https:\/\/digitalsantotome.com.ar\/wp-content\/uploads\/2023\/01\/facebook.jpg","contentUrl":"https:\/\/digitalsantotome.com.ar\/wp-content\/uploads\/2023\/01\/facebook.jpg","width":512,"height":376,"caption":"Digital Santo Tom\u00e9"},"image":{"@id":"https:\/\/digitalsantotome.com.ar\/#\/schema\/logo\/image\/"}},{"@type":"Person","@id":"https:\/\/digitalsantotome.com.ar\/#\/schema\/person\/8991d8822886fedd92ce7f03817e1bdf","name":"Jose Carlos Machado","url":"https:\/\/digitalsantotome.com.ar\/?author=2"}]}},"_links":{"self":[{"href":"https:\/\/digitalsantotome.com.ar\/index.php?rest_route=\/wp\/v2\/posts\/17326","targetHints":{"allow":["GET"]}}],"collection":[{"href":"https:\/\/digitalsantotome.com.ar\/index.php?rest_route=\/wp\/v2\/posts"}],"about":[{"href":"https:\/\/digitalsantotome.com.ar\/index.php?rest_route=\/wp\/v2\/types\/post"}],"author":[{"embeddable":true,"href":"https:\/\/digitalsantotome.com.ar\/index.php?rest_route=\/wp\/v2\/users\/2"}],"replies":[{"embeddable":true,"href":"https:\/\/digitalsantotome.com.ar\/index.php?rest_route=%2Fwp%2Fv2%2Fcomments&post=17326"}],"version-history":[{"count":1,"href":"https:\/\/digitalsantotome.com.ar\/index.php?rest_route=\/wp\/v2\/posts\/17326\/revisions"}],"predecessor-version":[{"id":17328,"href":"https:\/\/digitalsantotome.com.ar\/index.php?rest_route=\/wp\/v2\/posts\/17326\/revisions\/17328"}],"wp:featuredmedia":[{"embeddable":true,"href":"https:\/\/digitalsantotome.com.ar\/index.php?rest_route=\/wp\/v2\/media\/17327"}],"wp:attachment":[{"href":"https:\/\/digitalsantotome.com.ar\/index.php?rest_route=%2Fwp%2Fv2%2Fmedia&parent=17326"}],"wp:term":[{"taxonomy":"category","embeddable":true,"href":"https:\/\/digitalsantotome.com.ar\/index.php?rest_route=%2Fwp%2Fv2%2Fcategories&post=17326"},{"taxonomy":"post_tag","embeddable":true,"href":"https:\/\/digitalsantotome.com.ar\/index.php?rest_route=%2Fwp%2Fv2%2Ftags&post=17326"}],"curies":[{"name":"wp","href":"https:\/\/api.w.org\/{rel}","templated":true}]}}