{"id":17333,"date":"2026-09-05T12:28:08","date_gmt":"2026-09-05T15:28:08","guid":{"rendered":"https:\/\/digitalsantotome.com.ar\/?p=17333"},"modified":"2026-09-05T12:28:47","modified_gmt":"2026-09-05T15:28:47","slug":"clima-extremo-el-nino-suma-presion-a-una-industria-maderera-al-limite-pymes-advierten-por-suspensiones-y-paralizacion-productiva-a-fin-de-ano","status":"publish","type":"post","link":"https:\/\/digitalsantotome.com.ar\/?p=17333","title":{"rendered":"\u00abEl Ni\u00f1o\u00bb suma presi\u00f3n a una industria maderera al l\u00edmite: PyMEs advierten por suspensiones y paralizaci\u00f3n productiva a fin de a\u00f1o"},"content":{"rendered":"<p>MISIONES. La ca\u00edda de las ventas, la falta de rentabilidad y el fuerte incremento de los costos \u2013principalmente la tarifa el\u00e9ctrica- \u00a0mantienen al l\u00edmite a los aserraderos y empresas foresto-industriales de Misiones. En una reuni\u00f3n con el Ministerio de Trabajo y representantes del Sindicato de la Madera (SOIMP), APICOFOM plante\u00f3 que las lluvias y temporales previstos para el \u00faltimo trimestre del a\u00f1o podr\u00edan complicar a\u00fan m\u00e1s el abastecimiento de materia prima y agotar el margen que todav\u00eda tienen las empresas para sostener el empleo.<\/p>\n<p><em><strong>Por Patricia Escobar<\/strong><\/em><\/p>\n<p><em><strong>@argentinaforest\u00a0<\/strong><\/em><\/p>\n<p>\u201cNecesitamos planificar acciones y pensar en herramientas para enfrentar lo que se viene\u201d, dijo el empresario Guillermo Sato, de la APICOFOM, tras la reuni\u00f3n en el Ministerio de Trabajo de Posadas.<\/p>\n<p>En un contexto en que las PyMEs madereras de Misiones atraviesan una situaci\u00f3n de fuerte presi\u00f3n econ\u00f3mica, advierten que, al deterioro del mercado interno y el incremento de los costos, se suma ahora un factor externo que podr\u00eda profundizar las dificultades durante los \u00faltimos meses del a\u00f1o: las condiciones clim\u00e1ticas previstas para la regi\u00f3n por el fen\u00f3meno de El Ni\u00f1o.<\/p>\n<p>El escenario fue planteado este viernes 4 de septiembre durante una reuni\u00f3n entre representantes de la Asociaci\u00f3n de Productores, Industriales y Comerciantes Forestales de Misiones y Norte de Corrientes (APICOFOM), el Sindicato de la Madera y la ministra de Trabajo de Misiones, Silvana Gim\u00e9nez.<\/p>\n<p>El sector llev\u00f3 a la mesa de di\u00e1logo su preocupaci\u00f3n por el impacto que podr\u00edan tener las lluvias abundantes y los temporales previstos para el \u00faltimo trimestre sobre el abastecimiento de madera, en un contexto en el que numerosas empresas ya trabajan con niveles reducidos de actividad.<\/p>\n<p>\u201cHabr\u00e1 suspensiones de personal y paralizaci\u00f3n de la industria entre noviembre y enero frente a las condiciones clim\u00e1ticas previstas. Esto nos llev\u00f3 a reunirnos con los gremios y la ministra de Trabajo, ya que se trata de una situaci\u00f3n extrema que terminar\u00e1 por agotar el poco ox\u00edgeno que les queda a las empresas\u201d, explic\u00f3\u00a0<strong>Guillermo Sato,<\/strong>\u00a0integrante de APICOFOM y de CEM Joven, en di\u00e1logo con\u00a0<em><strong>ArgentinaForestal.com.<\/strong><\/em><\/p>\n<p><img fetchpriority=\"high\" decoding=\"async\" class=\"size-full wp-image-100043 aligncenter lazy entered td-animation-stack-type0-2 loaded\" src=\"https:\/\/www.argentinaforestal.com\/wp-content\/uploads\/2026\/09\/APICOFOM-en-el-Ministerio-de-Trabajo.jpg?x67155\" sizes=\"(max-width: 1138px) 100vw, 1138px\" srcset=\"https:\/\/www.argentinaforestal.com\/wp-content\/uploads\/2026\/09\/APICOFOM-en-el-Ministerio-de-Trabajo.jpg 1138w, https:\/\/www.argentinaforestal.com\/wp-content\/uploads\/2026\/09\/APICOFOM-en-el-Ministerio-de-Trabajo-300x201.jpg 300w, https:\/\/www.argentinaforestal.com\/wp-content\/uploads\/2026\/09\/APICOFOM-en-el-Ministerio-de-Trabajo-1024x687.jpg 1024w, https:\/\/www.argentinaforestal.com\/wp-content\/uploads\/2026\/09\/APICOFOM-en-el-Ministerio-de-Trabajo-768x515.jpg 768w, https:\/\/www.argentinaforestal.com\/wp-content\/uploads\/2026\/09\/APICOFOM-en-el-Ministerio-de-Trabajo-150x101.jpg 150w, https:\/\/www.argentinaforestal.com\/wp-content\/uploads\/2026\/09\/APICOFOM-en-el-Ministerio-de-Trabajo-696x467.jpg 696w, https:\/\/www.argentinaforestal.com\/wp-content\/uploads\/2026\/09\/APICOFOM-en-el-Ministerio-de-Trabajo-1068x716.jpg 1068w\" alt=\"\" width=\"1138\" height=\"763\" data-src=\"https:\/\/www.argentinaforestal.com\/wp-content\/uploads\/2026\/09\/APICOFOM-en-el-Ministerio-de-Trabajo.jpg?x67155\" data-srcset=\"https:\/\/www.argentinaforestal.com\/wp-content\/uploads\/2026\/09\/APICOFOM-en-el-Ministerio-de-Trabajo.jpg 1138w, https:\/\/www.argentinaforestal.com\/wp-content\/uploads\/2026\/09\/APICOFOM-en-el-Ministerio-de-Trabajo-300x201.jpg 300w, https:\/\/www.argentinaforestal.com\/wp-content\/uploads\/2026\/09\/APICOFOM-en-el-Ministerio-de-Trabajo-1024x687.jpg 1024w, https:\/\/www.argentinaforestal.com\/wp-content\/uploads\/2026\/09\/APICOFOM-en-el-Ministerio-de-Trabajo-768x515.jpg 768w, https:\/\/www.argentinaforestal.com\/wp-content\/uploads\/2026\/09\/APICOFOM-en-el-Ministerio-de-Trabajo-150x101.jpg 150w, https:\/\/www.argentinaforestal.com\/wp-content\/uploads\/2026\/09\/APICOFOM-en-el-Ministerio-de-Trabajo-696x467.jpg 696w, https:\/\/www.argentinaforestal.com\/wp-content\/uploads\/2026\/09\/APICOFOM-en-el-Ministerio-de-Trabajo-1068x716.jpg 1068w\" data-sizes=\"(max-width: 1138px) 100vw, 1138px\" data-ll-status=\"loaded\" \/><\/p>\n<h3><strong>Dos crisis que se superponen: mercado y abastecimiento<\/strong><\/h3>\n<p>Seg\u00fan plante\u00f3 Sato, la p\u00e9rdida de competitividad de la industria forestal se viene produciendo progresivamente desde hace m\u00e1s de dos a\u00f1os. A este proceso se sum\u00f3 un escenario econ\u00f3mico nacional en el que, seg\u00fan la mirada del sector, el consumo interno no logra recuperarse, mientras la paralizaci\u00f3n de la obra p\u00fablica y privada afect\u00f3 directamente a la construcci\u00f3n, una de las actividades que hist\u00f3ricamente moviliz\u00f3 la demanda de madera.<\/p>\n<p>\u201cLa realidad es que hay angustia en las empresas madereras porque estamos sin margen, muchos vendiendo sus cosas, quemando sus ahorros, o el capital que ten\u00edan para poder seguir en actividad, y no hay soluciones a futuro de que la cosa cambie\u201d, sostuvo el empresario.<\/p>\n<p>En ese contexto, las c\u00e1maras empresarias del sector vienen desarrollando durante 2026 un trabajo de di\u00e1logo con distintos actores de la comunidad, c\u00e1maras empresariales, representantes de los gobiernos municipal, provincial y nacional y organizaciones vinculadas a la actividad.<\/p>\n<p>El objetivo, seg\u00fan explicaron, es exponer peri\u00f3dicamente la situaci\u00f3n que atraviesan las empresas y el esfuerzo realizado por los empresarios para evitar el cierre de establecimientos y sostener los puestos de trabajo.<\/p>\n<p>A la ca\u00edda del mercado interno se agregan, seg\u00fan el planteo de APICOFOM, la presi\u00f3n impositiva, las facturas de energ\u00eda el\u00e9ctrica \u2014que registraron fuertes incrementos aun manteniendo niveles similares de consumo\u2014, los aumentos de los combustibles, la log\u00edstica y los costos laborales.<\/p>\n<h3><strong>El temor por la falta de madera<\/strong><\/h3>\n<p>La preocupaci\u00f3n que motiv\u00f3 el encuentro con el Ministerio de Trabajo est\u00e1 vinculada particularmente con el abastecimiento de materia prima.<\/p>\n<p>Sato explic\u00f3 que las lluvias ya generaron dificultades para el ingreso de madera a las industrias y que los pron\u00f3sticos de abundantes precipitaciones y temporales durante el \u00faltimo trimestre podr\u00edan profundizar el problema.<\/p>\n<p>\u201cHemos enfrentado problemas por las lluvias en el abastecimiento de la materia prima de la industria, y los pron\u00f3sticos en torno al impacto del fen\u00f3meno de El Ni\u00f1o que se espera para el \u00faltimo trimestre del a\u00f1o, con abundantes lluvias y severos temporales, dificultar\u00e1n la provisi\u00f3n de materia prima. Advertimos, que esto tambi\u00e9n nos llevar\u00e1n a parar la actividad y a suspender personal\u201d, se\u00f1al\u00f3.<\/p>\n<p>Desde el sector estiman que algunas industrias podr\u00edan no disponer de suficiente madera para sostener incluso los actuales niveles, ya reducidos, de producci\u00f3n.<\/p>\n<p>La combinaci\u00f3n resulta particularmente compleja para empresas que, seg\u00fan describi\u00f3 Sato, tienen dificultades para afrontar los salarios, el presentismo y las facturas de energ\u00eda el\u00e9ctrica, que en algunos casos alcanzan cifras millonarias que no pueden cubrir.<\/p>\n<p><img decoding=\"async\" class=\"size-full wp-image-100044 aligncenter lazy entered loaded td-animation-stack-type0-2\" src=\"https:\/\/www.argentinaforestal.com\/wp-content\/uploads\/2026\/09\/APICOFOM-en-el-Ministerio-de-Trabajo-3.jpg?x67155\" sizes=\"(max-width: 1148px) 100vw, 1148px\" srcset=\"https:\/\/www.argentinaforestal.com\/wp-content\/uploads\/2026\/09\/APICOFOM-en-el-Ministerio-de-Trabajo-3.jpg 1148w, https:\/\/www.argentinaforestal.com\/wp-content\/uploads\/2026\/09\/APICOFOM-en-el-Ministerio-de-Trabajo-3-300x206.jpg 300w, https:\/\/www.argentinaforestal.com\/wp-content\/uploads\/2026\/09\/APICOFOM-en-el-Ministerio-de-Trabajo-3-1024x702.jpg 1024w, https:\/\/www.argentinaforestal.com\/wp-content\/uploads\/2026\/09\/APICOFOM-en-el-Ministerio-de-Trabajo-3-768x526.jpg 768w, https:\/\/www.argentinaforestal.com\/wp-content\/uploads\/2026\/09\/APICOFOM-en-el-Ministerio-de-Trabajo-3-150x103.jpg 150w, https:\/\/www.argentinaforestal.com\/wp-content\/uploads\/2026\/09\/APICOFOM-en-el-Ministerio-de-Trabajo-3-218x150.jpg 218w, https:\/\/www.argentinaforestal.com\/wp-content\/uploads\/2026\/09\/APICOFOM-en-el-Ministerio-de-Trabajo-3-696x477.jpg 696w, https:\/\/www.argentinaforestal.com\/wp-content\/uploads\/2026\/09\/APICOFOM-en-el-Ministerio-de-Trabajo-3-1068x732.jpg 1068w\" alt=\"\" width=\"1148\" height=\"787\" data-src=\"https:\/\/www.argentinaforestal.com\/wp-content\/uploads\/2026\/09\/APICOFOM-en-el-Ministerio-de-Trabajo-3.jpg?x67155\" data-srcset=\"https:\/\/www.argentinaforestal.com\/wp-content\/uploads\/2026\/09\/APICOFOM-en-el-Ministerio-de-Trabajo-3.jpg 1148w, https:\/\/www.argentinaforestal.com\/wp-content\/uploads\/2026\/09\/APICOFOM-en-el-Ministerio-de-Trabajo-3-300x206.jpg 300w, https:\/\/www.argentinaforestal.com\/wp-content\/uploads\/2026\/09\/APICOFOM-en-el-Ministerio-de-Trabajo-3-1024x702.jpg 1024w, https:\/\/www.argentinaforestal.com\/wp-content\/uploads\/2026\/09\/APICOFOM-en-el-Ministerio-de-Trabajo-3-768x526.jpg 768w, https:\/\/www.argentinaforestal.com\/wp-content\/uploads\/2026\/09\/APICOFOM-en-el-Ministerio-de-Trabajo-3-150x103.jpg 150w, https:\/\/www.argentinaforestal.com\/wp-content\/uploads\/2026\/09\/APICOFOM-en-el-Ministerio-de-Trabajo-3-218x150.jpg 218w, https:\/\/www.argentinaforestal.com\/wp-content\/uploads\/2026\/09\/APICOFOM-en-el-Ministerio-de-Trabajo-3-696x477.jpg 696w, https:\/\/www.argentinaforestal.com\/wp-content\/uploads\/2026\/09\/APICOFOM-en-el-Ministerio-de-Trabajo-3-1068x732.jpg 1068w\" data-sizes=\"(max-width: 1148px) 100vw, 1148px\" data-ll-status=\"loaded\" \/><\/p>\n<h3><strong>El di\u00e1logo con el gremio y el Estado<\/strong><\/h3>\n<p>Durante la reuni\u00f3n, la ministra de Trabajo recibi\u00f3 a empresarios y representantes de los trabajadores para analizar la situaci\u00f3n socioecon\u00f3mica de la actividad y avanzar en acciones y herramientas destinadas a evitar la p\u00e9rdida de puestos de trabajo.<\/p>\n<p>Desde el gremio manifestaron comprensi\u00f3n frente a las dificultades empresarias, aunque contin\u00faan realizando reclamos formales ante incumplimientos laborales.<\/p>\n<p>\u201c\u00bfCu\u00e1nto m\u00e1s se puede hacer para sostener el nivel de empleo y las industrias funcionando sin cambios en la econom\u00eda?\u201d, plante\u00f3 Sato al describir el l\u00edmite financiero en el que se encuentran muchas empresas.<\/p>\n<p>El empresario destac\u00f3 que las medidas de apoyo implementadas hasta el momento fueron recibidas favorablemente por el sector.<\/p>\n<p>Entre ellas mencion\u00f3 la posibilidad otorgada por EMSA a algunas empresas foresto-industriales de abonar las facturas de energ\u00eda el\u00e9ctrica a 90 d\u00edas, una herramienta que, seg\u00fan sostuvo, permiti\u00f3 a algunas firmas continuar funcionando.<\/p>\n<p>Tambi\u00e9n se\u00f1al\u00f3 que las PyMEs solicitan cr\u00e9ditos para afrontar el pago de salarios y que algunas empresas est\u00e1n recurriendo al pago en cuotas, mientras otras ya redujeron su personal.<\/p>\n<p>\u201cHay mucha presi\u00f3n y se vienen tiempos a\u00fan m\u00e1s complejos por el clima\u201d, advirti\u00f3.<\/p>\n<p>Por APICOFOM participaron de la reuni\u00f3n su presidente, Guillermo Fachinello, integrantes de la Comisi\u00f3n Directiva \u2014Silvina Oliva, Gustavo Rodr\u00edguez, Guillermo Sato y Gabriel Nowosad\u2014 y la gerente institucional, Cristina Ryndycz.<\/p>\n<p>&nbsp;<\/p>\n","protected":false},"excerpt":{"rendered":"<p>MISIONES. La ca\u00edda de las ventas, la falta de rentabilidad y el fuerte incremento de los costos \u2013principalmente la tarifa el\u00e9ctrica- \u00a0mantienen al l\u00edmite a los aserraderos y empresas foresto-industriales de Misiones. En una reuni\u00f3n con el Ministerio de Trabajo y representantes del Sindicato de la Madera (SOIMP), APICOFOM plante\u00f3 que las lluvias y temporales&#8230;<\/p>\n","protected":false},"author":2,"featured_media":17334,"comment_status":"closed","ping_status":"closed","sticky":false,"template":"","format":"standard","meta":{"_kad_post_transparent":"default","_kad_post_title":"default","_kad_post_layout":"default","_kad_post_sidebar_id":"","_kad_post_content_style":"default","_kad_post_vertical_padding":"default","_kad_post_feature":"","_kad_post_feature_position":"","_kad_post_header":false,"_kad_post_footer":false,"_kad_post_classname":"","footnotes":""},"categories":[2],"tags":[],"class_list":["post-17333","post","type-post","status-publish","format-standard","has-post-thumbnail","hentry","category-provinciales"],"a3_pvc":{"activated":false,"total_views":0,"today_views":0},"yoast_head":"<!-- This site is optimized with the Yoast SEO plugin v28.4 - https:\/\/yoast.com\/product\/yoast-seo-wordpress\/ -->\n<title>&quot;El Ni\u00f1o&quot; suma presi\u00f3n a una industria maderera al l\u00edmite: PyMEs advierten por suspensiones y paralizaci\u00f3n productiva a fin de a\u00f1o - Digital Santo Tom\u00e9<\/title>\n<meta name=\"robots\" content=\"index, follow, max-snippet:-1, max-image-preview:large, max-video-preview:-1\" \/>\n<link rel=\"canonical\" href=\"https:\/\/digitalsantotome.com.ar\/?p=17333\" \/>\n<meta property=\"og:locale\" content=\"es_ES\" \/>\n<meta property=\"og:type\" content=\"article\" \/>\n<meta property=\"og:title\" content=\"&quot;El Ni\u00f1o&quot; suma presi\u00f3n a una industria maderera al l\u00edmite: PyMEs advierten por suspensiones y paralizaci\u00f3n productiva a fin de a\u00f1o - Digital Santo Tom\u00e9\" \/>\n<meta property=\"og:description\" content=\"MISIONES. La ca\u00edda de las ventas, la falta de rentabilidad y el fuerte incremento de los costos \u2013principalmente la tarifa el\u00e9ctrica- \u00a0mantienen al l\u00edmite a los aserraderos y empresas foresto-industriales de Misiones. En una reuni\u00f3n con el Ministerio de Trabajo y representantes del Sindicato de la Madera (SOIMP), APICOFOM plante\u00f3 que las lluvias y temporales...\" \/>\n<meta property=\"og:url\" content=\"https:\/\/digitalsantotome.com.ar\/?p=17333\" \/>\n<meta property=\"og:site_name\" content=\"Digital Santo Tom\u00e9\" \/>\n<meta property=\"article:published_time\" content=\"2026-09-05T15:28:08+00:00\" \/>\n<meta property=\"article:modified_time\" content=\"2026-09-05T15:28:47+00:00\" \/>\n<meta property=\"og:image\" content=\"https:\/\/digitalsantotome.com.ar\/wp-content\/uploads\/2026\/09\/APICOFOM-en-el-Ministerio-de-Trabajo-1.jpg\" \/>\n\t<meta property=\"og:image:width\" content=\"1182\" \/>\n\t<meta property=\"og:image:height\" content=\"768\" \/>\n\t<meta property=\"og:image:type\" content=\"image\/jpeg\" \/>\n<meta name=\"author\" content=\"Jose Carlos Machado\" \/>\n<meta name=\"twitter:card\" content=\"summary_large_image\" \/>\n<meta name=\"twitter:label1\" content=\"Escrito por\" \/>\n\t<meta name=\"twitter:data1\" content=\"Jose Carlos Machado\" \/>\n\t<meta name=\"twitter:label2\" content=\"Tiempo de lectura\" \/>\n\t<meta name=\"twitter:data2\" content=\"6 minutos\" \/>\n<script type=\"application\/ld+json\" class=\"yoast-schema-graph\">{\"@context\":\"https:\\\/\\\/schema.org\",\"@graph\":[{\"@type\":\"Article\",\"@id\":\"https:\\\/\\\/digitalsantotome.com.ar\\\/?p=17333#article\",\"isPartOf\":{\"@id\":\"https:\\\/\\\/digitalsantotome.com.ar\\\/?p=17333\"},\"author\":{\"name\":\"Jose Carlos Machado\",\"@id\":\"https:\\\/\\\/digitalsantotome.com.ar\\\/#\\\/schema\\\/person\\\/8991d8822886fedd92ce7f03817e1bdf\"},\"headline\":\"\u00abEl Ni\u00f1o\u00bb suma presi\u00f3n a una industria maderera al l\u00edmite: PyMEs advierten por suspensiones y paralizaci\u00f3n productiva a fin de a\u00f1o\",\"datePublished\":\"2026-09-05T15:28:08+00:00\",\"dateModified\":\"2026-09-05T15:28:47+00:00\",\"mainEntityOfPage\":{\"@id\":\"https:\\\/\\\/digitalsantotome.com.ar\\\/?p=17333\"},\"wordCount\":1097,\"publisher\":{\"@id\":\"https:\\\/\\\/digitalsantotome.com.ar\\\/#organization\"},\"image\":{\"@id\":\"https:\\\/\\\/digitalsantotome.com.ar\\\/?p=17333#primaryimage\"},\"thumbnailUrl\":\"https:\\\/\\\/digitalsantotome.com.ar\\\/wp-content\\\/uploads\\\/2026\\\/09\\\/APICOFOM-en-el-Ministerio-de-Trabajo-1.jpg\",\"articleSection\":[\"Provinciales\"],\"inLanguage\":\"es\"},{\"@type\":\"WebPage\",\"@id\":\"https:\\\/\\\/digitalsantotome.com.ar\\\/?p=17333\",\"url\":\"https:\\\/\\\/digitalsantotome.com.ar\\\/?p=17333\",\"name\":\"\\\"El Ni\u00f1o\\\" suma presi\u00f3n a una industria maderera al l\u00edmite: PyMEs advierten por suspensiones y paralizaci\u00f3n productiva a fin de a\u00f1o - Digital Santo Tom\u00e9\",\"isPartOf\":{\"@id\":\"https:\\\/\\\/digitalsantotome.com.ar\\\/#website\"},\"primaryImageOfPage\":{\"@id\":\"https:\\\/\\\/digitalsantotome.com.ar\\\/?p=17333#primaryimage\"},\"image\":{\"@id\":\"https:\\\/\\\/digitalsantotome.com.ar\\\/?p=17333#primaryimage\"},\"thumbnailUrl\":\"https:\\\/\\\/digitalsantotome.com.ar\\\/wp-content\\\/uploads\\\/2026\\\/09\\\/APICOFOM-en-el-Ministerio-de-Trabajo-1.jpg\",\"datePublished\":\"2026-09-05T15:28:08+00:00\",\"dateModified\":\"2026-09-05T15:28:47+00:00\",\"breadcrumb\":{\"@id\":\"https:\\\/\\\/digitalsantotome.com.ar\\\/?p=17333#breadcrumb\"},\"inLanguage\":\"es\",\"potentialAction\":[{\"@type\":\"ReadAction\",\"target\":[\"https:\\\/\\\/digitalsantotome.com.ar\\\/?p=17333\"]}]},{\"@type\":\"ImageObject\",\"inLanguage\":\"es\",\"@id\":\"https:\\\/\\\/digitalsantotome.com.ar\\\/?p=17333#primaryimage\",\"url\":\"https:\\\/\\\/digitalsantotome.com.ar\\\/wp-content\\\/uploads\\\/2026\\\/09\\\/APICOFOM-en-el-Ministerio-de-Trabajo-1.jpg\",\"contentUrl\":\"https:\\\/\\\/digitalsantotome.com.ar\\\/wp-content\\\/uploads\\\/2026\\\/09\\\/APICOFOM-en-el-Ministerio-de-Trabajo-1.jpg\",\"width\":1182,\"height\":768},{\"@type\":\"BreadcrumbList\",\"@id\":\"https:\\\/\\\/digitalsantotome.com.ar\\\/?p=17333#breadcrumb\",\"itemListElement\":[{\"@type\":\"ListItem\",\"position\":1,\"name\":\"Portada\",\"item\":\"https:\\\/\\\/digitalsantotome.com.ar\\\/\"},{\"@type\":\"ListItem\",\"position\":2,\"name\":\"\u00abEl Ni\u00f1o\u00bb suma presi\u00f3n a una industria maderera al l\u00edmite: PyMEs advierten por suspensiones y paralizaci\u00f3n productiva a fin de a\u00f1o\"}]},{\"@type\":\"WebSite\",\"@id\":\"https:\\\/\\\/digitalsantotome.com.ar\\\/#website\",\"url\":\"https:\\\/\\\/digitalsantotome.com.ar\\\/\",\"name\":\"Digital Santo Tom\u00e9\",\"description\":\"Noticias desde Santo Tom\u00e9 al Mundo \u2013 La informacion que decide\",\"publisher\":{\"@id\":\"https:\\\/\\\/digitalsantotome.com.ar\\\/#organization\"},\"potentialAction\":[{\"@type\":\"SearchAction\",\"target\":{\"@type\":\"EntryPoint\",\"urlTemplate\":\"https:\\\/\\\/digitalsantotome.com.ar\\\/?s={search_term_string}\"},\"query-input\":{\"@type\":\"PropertyValueSpecification\",\"valueRequired\":true,\"valueName\":\"search_term_string\"}}],\"inLanguage\":\"es\"},{\"@type\":\"Organization\",\"@id\":\"https:\\\/\\\/digitalsantotome.com.ar\\\/#organization\",\"name\":\"Digital Santo Tom\u00e9\",\"url\":\"https:\\\/\\\/digitalsantotome.com.ar\\\/\",\"logo\":{\"@type\":\"ImageObject\",\"inLanguage\":\"es\",\"@id\":\"https:\\\/\\\/digitalsantotome.com.ar\\\/#\\\/schema\\\/logo\\\/image\\\/\",\"url\":\"https:\\\/\\\/digitalsantotome.com.ar\\\/wp-content\\\/uploads\\\/2023\\\/01\\\/facebook.jpg\",\"contentUrl\":\"https:\\\/\\\/digitalsantotome.com.ar\\\/wp-content\\\/uploads\\\/2023\\\/01\\\/facebook.jpg\",\"width\":512,\"height\":376,\"caption\":\"Digital Santo Tom\u00e9\"},\"image\":{\"@id\":\"https:\\\/\\\/digitalsantotome.com.ar\\\/#\\\/schema\\\/logo\\\/image\\\/\"}},{\"@type\":\"Person\",\"@id\":\"https:\\\/\\\/digitalsantotome.com.ar\\\/#\\\/schema\\\/person\\\/8991d8822886fedd92ce7f03817e1bdf\",\"name\":\"Jose Carlos Machado\",\"url\":\"https:\\\/\\\/digitalsantotome.com.ar\\\/?author=2\"}]}<\/script>\n<!-- \/ Yoast SEO plugin. -->","yoast_head_json":{"title":"\"El Ni\u00f1o\" suma presi\u00f3n a una industria maderera al l\u00edmite: PyMEs advierten por suspensiones y paralizaci\u00f3n productiva a fin de a\u00f1o - Digital Santo Tom\u00e9","robots":{"index":"index","follow":"follow","max-snippet":"max-snippet:-1","max-image-preview":"max-image-preview:large","max-video-preview":"max-video-preview:-1"},"canonical":"https:\/\/digitalsantotome.com.ar\/?p=17333","og_locale":"es_ES","og_type":"article","og_title":"\"El Ni\u00f1o\" suma presi\u00f3n a una industria maderera al l\u00edmite: PyMEs advierten por suspensiones y paralizaci\u00f3n productiva a fin de a\u00f1o - Digital Santo Tom\u00e9","og_description":"MISIONES. La ca\u00edda de las ventas, la falta de rentabilidad y el fuerte incremento de los costos \u2013principalmente la tarifa el\u00e9ctrica- \u00a0mantienen al l\u00edmite a los aserraderos y empresas foresto-industriales de Misiones. En una reuni\u00f3n con el Ministerio de Trabajo y representantes del Sindicato de la Madera (SOIMP), APICOFOM plante\u00f3 que las lluvias y temporales...","og_url":"https:\/\/digitalsantotome.com.ar\/?p=17333","og_site_name":"Digital Santo Tom\u00e9","article_published_time":"2026-09-05T15:28:08+00:00","article_modified_time":"2026-09-05T15:28:47+00:00","og_image":[{"width":1182,"height":768,"url":"https:\/\/digitalsantotome.com.ar\/wp-content\/uploads\/2026\/09\/APICOFOM-en-el-Ministerio-de-Trabajo-1.jpg","type":"image\/jpeg"}],"author":"Jose Carlos Machado","twitter_card":"summary_large_image","twitter_misc":{"Escrito por":"Jose Carlos Machado","Tiempo de lectura":"6 minutos"},"schema":{"@context":"https:\/\/schema.org","@graph":[{"@type":"Article","@id":"https:\/\/digitalsantotome.com.ar\/?p=17333#article","isPartOf":{"@id":"https:\/\/digitalsantotome.com.ar\/?p=17333"},"author":{"name":"Jose Carlos Machado","@id":"https:\/\/digitalsantotome.com.ar\/#\/schema\/person\/8991d8822886fedd92ce7f03817e1bdf"},"headline":"\u00abEl Ni\u00f1o\u00bb suma presi\u00f3n a una industria maderera al l\u00edmite: PyMEs advierten por suspensiones y paralizaci\u00f3n productiva a fin de a\u00f1o","datePublished":"2026-09-05T15:28:08+00:00","dateModified":"2026-09-05T15:28:47+00:00","mainEntityOfPage":{"@id":"https:\/\/digitalsantotome.com.ar\/?p=17333"},"wordCount":1097,"publisher":{"@id":"https:\/\/digitalsantotome.com.ar\/#organization"},"image":{"@id":"https:\/\/digitalsantotome.com.ar\/?p=17333#primaryimage"},"thumbnailUrl":"https:\/\/digitalsantotome.com.ar\/wp-content\/uploads\/2026\/09\/APICOFOM-en-el-Ministerio-de-Trabajo-1.jpg","articleSection":["Provinciales"],"inLanguage":"es"},{"@type":"WebPage","@id":"https:\/\/digitalsantotome.com.ar\/?p=17333","url":"https:\/\/digitalsantotome.com.ar\/?p=17333","name":"\"El Ni\u00f1o\" suma presi\u00f3n a una industria maderera al l\u00edmite: PyMEs advierten por suspensiones y paralizaci\u00f3n productiva a fin de a\u00f1o - Digital Santo Tom\u00e9","isPartOf":{"@id":"https:\/\/digitalsantotome.com.ar\/#website"},"primaryImageOfPage":{"@id":"https:\/\/digitalsantotome.com.ar\/?p=17333#primaryimage"},"image":{"@id":"https:\/\/digitalsantotome.com.ar\/?p=17333#primaryimage"},"thumbnailUrl":"https:\/\/digitalsantotome.com.ar\/wp-content\/uploads\/2026\/09\/APICOFOM-en-el-Ministerio-de-Trabajo-1.jpg","datePublished":"2026-09-05T15:28:08+00:00","dateModified":"2026-09-05T15:28:47+00:00","breadcrumb":{"@id":"https:\/\/digitalsantotome.com.ar\/?p=17333#breadcrumb"},"inLanguage":"es","potentialAction":[{"@type":"ReadAction","target":["https:\/\/digitalsantotome.com.ar\/?p=17333"]}]},{"@type":"ImageObject","inLanguage":"es","@id":"https:\/\/digitalsantotome.com.ar\/?p=17333#primaryimage","url":"https:\/\/digitalsantotome.com.ar\/wp-content\/uploads\/2026\/09\/APICOFOM-en-el-Ministerio-de-Trabajo-1.jpg","contentUrl":"https:\/\/digitalsantotome.com.ar\/wp-content\/uploads\/2026\/09\/APICOFOM-en-el-Ministerio-de-Trabajo-1.jpg","width":1182,"height":768},{"@type":"BreadcrumbList","@id":"https:\/\/digitalsantotome.com.ar\/?p=17333#breadcrumb","itemListElement":[{"@type":"ListItem","position":1,"name":"Portada","item":"https:\/\/digitalsantotome.com.ar\/"},{"@type":"ListItem","position":2,"name":"\u00abEl Ni\u00f1o\u00bb suma presi\u00f3n a una industria maderera al l\u00edmite: PyMEs advierten por suspensiones y paralizaci\u00f3n productiva a fin de a\u00f1o"}]},{"@type":"WebSite","@id":"https:\/\/digitalsantotome.com.ar\/#website","url":"https:\/\/digitalsantotome.com.ar\/","name":"Digital Santo Tom\u00e9","description":"Noticias desde Santo Tom\u00e9 al Mundo \u2013 La informacion que decide","publisher":{"@id":"https:\/\/digitalsantotome.com.ar\/#organization"},"potentialAction":[{"@type":"SearchAction","target":{"@type":"EntryPoint","urlTemplate":"https:\/\/digitalsantotome.com.ar\/?s={search_term_string}"},"query-input":{"@type":"PropertyValueSpecification","valueRequired":true,"valueName":"search_term_string"}}],"inLanguage":"es"},{"@type":"Organization","@id":"https:\/\/digitalsantotome.com.ar\/#organization","name":"Digital Santo Tom\u00e9","url":"https:\/\/digitalsantotome.com.ar\/","logo":{"@type":"ImageObject","inLanguage":"es","@id":"https:\/\/digitalsantotome.com.ar\/#\/schema\/logo\/image\/","url":"https:\/\/digitalsantotome.com.ar\/wp-content\/uploads\/2023\/01\/facebook.jpg","contentUrl":"https:\/\/digitalsantotome.com.ar\/wp-content\/uploads\/2023\/01\/facebook.jpg","width":512,"height":376,"caption":"Digital Santo Tom\u00e9"},"image":{"@id":"https:\/\/digitalsantotome.com.ar\/#\/schema\/logo\/image\/"}},{"@type":"Person","@id":"https:\/\/digitalsantotome.com.ar\/#\/schema\/person\/8991d8822886fedd92ce7f03817e1bdf","name":"Jose Carlos Machado","url":"https:\/\/digitalsantotome.com.ar\/?author=2"}]}},"_links":{"self":[{"href":"https:\/\/digitalsantotome.com.ar\/index.php?rest_route=\/wp\/v2\/posts\/17333","targetHints":{"allow":["GET"]}}],"collection":[{"href":"https:\/\/digitalsantotome.com.ar\/index.php?rest_route=\/wp\/v2\/posts"}],"about":[{"href":"https:\/\/digitalsantotome.com.ar\/index.php?rest_route=\/wp\/v2\/types\/post"}],"author":[{"embeddable":true,"href":"https:\/\/digitalsantotome.com.ar\/index.php?rest_route=\/wp\/v2\/users\/2"}],"replies":[{"embeddable":true,"href":"https:\/\/digitalsantotome.com.ar\/index.php?rest_route=%2Fwp%2Fv2%2Fcomments&post=17333"}],"version-history":[{"count":2,"href":"https:\/\/digitalsantotome.com.ar\/index.php?rest_route=\/wp\/v2\/posts\/17333\/revisions"}],"predecessor-version":[{"id":17336,"href":"https:\/\/digitalsantotome.com.ar\/index.php?rest_route=\/wp\/v2\/posts\/17333\/revisions\/17336"}],"wp:featuredmedia":[{"embeddable":true,"href":"https:\/\/digitalsantotome.com.ar\/index.php?rest_route=\/wp\/v2\/media\/17334"}],"wp:attachment":[{"href":"https:\/\/digitalsantotome.com.ar\/index.php?rest_route=%2Fwp%2Fv2%2Fmedia&parent=17333"}],"wp:term":[{"taxonomy":"category","embeddable":true,"href":"https:\/\/digitalsantotome.com.ar\/index.php?rest_route=%2Fwp%2Fv2%2Fcategories&post=17333"},{"taxonomy":"post_tag","embeddable":true,"href":"https:\/\/digitalsantotome.com.ar\/index.php?rest_route=%2Fwp%2Fv2%2Ftags&post=17333"}],"curies":[{"name":"wp","href":"https:\/\/api.w.org\/{rel}","templated":true}]}}