{"id":17337,"date":"2026-09-05T16:42:17","date_gmt":"2026-09-05T19:42:17","guid":{"rendered":"https:\/\/digitalsantotome.com.ar\/?p=17337"},"modified":"2026-09-05T16:53:17","modified_gmt":"2026-09-05T19:53:17","slug":"impulsan-un-torneo-local-de-mountain-bike-para-fortalecer-el-ciclismo-en-santo-tome","status":"publish","type":"post","link":"https:\/\/digitalsantotome.com.ar\/?p=17337","title":{"rendered":"Impulsan un torneo local de mountain bike para fortalecer el ciclismo en Santo Tom\u00e9"},"content":{"rendered":"<p><strong>SANTO TOM\u00c9.<\/strong>\u00a0 La Municipalidad de Santo Tom\u00e9, a trav\u00e9s de su \u00e1rea de Deportes, avanza en el dise\u00f1o de un <strong>campeonato corto de mountain bike (MTB)<\/strong> con el objetivo de revitalizar el ciclismo competitivo en la ciudad. El proyecto, que contempla un calendario de cuatro fechas, surge como respuesta a las limitaciones econ\u00f3micas y log\u00edsticas que frenaron la actividad en el \u00faltimo tiempo. Desde el Concejo Deliberante cursaron una invitaci\u00f3n al director de Deportes <strong>Gustavo Cardoso<\/strong> para analizar alternativas para poder volver a organizar la prueba <strong>\u00abDesaf\u00edo Iber\u00e1\u00bb.<\/strong><\/p>\n<p><strong>El \u00e1rea de Deportes municipal proyecta un campeonato regional de cuatro fechas. Buscan potenciar a los atletas locales y reducir los costos de traslado. Adem\u00e1s, eval\u00faan la log\u00edstica de grandes eventos y reprograman la marat\u00f3n del pueblo.<\/strong><\/p>\n<p>El profesor <strong>Gustavo Cardoso<\/strong>, Director de Deportes municipal, confirm\u00f3 que ya se encuentra en di\u00e1logo directo con un grupo de ciclistas locales que se acercaron a proponer la iniciativa. \u00abEstamos tratando de impulsar la actividad y esperamos este a\u00f1o poder concretar este campeonato corto\u00bb, explic\u00f3 el funcionario en declaraciones radiales al programa <strong>\u00abAgenda Abierta\u00bb<\/strong> que se emite por <strong>FM Ciudad,<\/strong> quien destac\u00f3 el valor de que los propios atletas aporten su conocimiento t\u00e9cnico para el desarrollo de los eventos.<\/p>\n<p><strong>Un circuito regional estrat\u00e9gico<\/strong><\/p>\n<p>La propuesta no solo apunta a los ciclistas santotome\u00f1os, sino que busca aprovechar la ubicaci\u00f3n de la localidad para convocar a deportistas de la regi\u00f3n. Se espera la participaci\u00f3n de competidores de <strong>Alvear, Virasoro, La Cruz, Paso de los Libres y de la provincia de Misiones<\/strong>.<\/p>\n<p>El beneficio principal de este formato es el factor econ\u00f3mico. \u00abQueremos que Santo Tom\u00e9 tenga su propio torneo local para que el ciclista de ac\u00e1 <strong>no tenga que viajar largas distancias debido a los altos costos<\/strong>\u00ab, se\u00f1al\u00f3 Cardoso. El funcionario record\u00f3 como antecedente exitoso la reciente fecha del Torneo Correntino de MTB realizada en la ciudad bajo la organizaci\u00f3n del ciclista Mario Silva.<\/p>\n<p><strong>Log\u00edstica y aprendizaje: el balance del Desaf\u00edo Iber\u00e1<\/strong><\/p>\n<p>Al ser consultado sobre eventos de mayor magnitud, Cardoso analiz\u00f3 la experiencia de la tradicional y exigente competencia <strong>Desaf\u00edo Iber\u00e1<\/strong>, una competencia que tiene un recorrido de casi cien km desde la zona conocida como \u201cEl Empalme\u201d en Ruta 14 hasta Paraje Galarza por Ruta 40 y que la \u00faltima vez que se realizara que fue al inicio de la actual gesti\u00f3n comunal y que demand\u00f3 un despliegue masivo pero que dej\u00f3 ense\u00f1anzas operativas.<\/p>\n<p>El funcionario detall\u00f3 que la carrera realizada a\u00f1os atr\u00e1s requiri\u00f3 la movilizaci\u00f3n de al menos <strong>50 agentes municipales<\/strong>, especialmente para cubrir \u00e1reas cr\u00edticas como los puestos de hidrataci\u00f3n. \u00abEl deportista analiza el circuito y tiene medido cada cu\u00e1nto debe tomar agua. El a\u00f1o pasado se invirti\u00f3 demasiado para un evento que por ah\u00ed no dio el resultado esperado\u00bb, reconoci\u00f3 de forma autocr\u00edtica, remarcando que la prioridad actual es consolidar las bases locales antes de volver a la gran escala.<\/p>\n<p>Precisamente, el Concejo Deliberante curs\u00f3 una invitaci\u00f3n al director de Deportes para hablar acerca del tema y buscar la posibilidad de volver a poder organizar la tradicional competencia a la cual ven\u00edan a competir corredores de distintas provincias y de pa\u00edses vecinos como ser Brasil, Paraguay y Uruguay.<\/p>\n<p><strong>Reprogramaci\u00f3n de la marat\u00f3n del pueblo<\/strong><\/p>\n<p>Finalmente, desde el \u00e1rea de Deportes anticiparon cambios para la tradicional <strong>marat\u00f3n del pueblo<\/strong>, que habitualmente coincide con el aniversario de Santo Tom\u00e9 el 27 de agosto.<\/p>\n<p>Este a\u00f1o, la competencia <strong>ser\u00e1 postergada para una fecha posterior a los festejos centrales<\/strong>. Seg\u00fan explic\u00f3 Cardoso, la decisi\u00f3n busca corregir los inconvenientes organizativos de la edici\u00f3n anterior y garantizar un evento seguro y de calidad para todos los corredores de la regi\u00f3n.<\/p>\n<p><strong>ESTADISTICAS DE LA \u00abDESAFIO IBERA\u00bb<\/strong><\/p>\n<div class=\"n6owBd awi2gc\" data-sfc-cp=\"\" data-sfc-root=\"ep\" data-hveid=\"CAAIDBAA\" data-complete=\"true\" data-processed=\"true\" data-copy-service-computed-style=\"font-family: &quot;Google Sans&quot;, Arial, sans-serif; font-size: 16px; font-weight: 400; margin: 12px 0px 16px; text-decoration: none; border-bottom: 0px rgb(230, 232, 240);\">El <strong class=\"rQesXe MPyX\" data-sfc-cp=\"\" data-sfc-root=\"ep\" data-complete=\"true\" data-processed=\"true\" data-copy-service-computed-style=\"font-family: &quot;Google Sans&quot;, Arial, sans-serif; font-size: 16px; font-weight: 700; margin: 0px; text-decoration: none; border-bottom: 0px rgb(230, 232, 240);\">Desaf\u00edo Iber\u00e1 de Rural Bike<!--TgQPHd|||[]--><\/strong> que tiene como epicentro a <strong class=\"rQesXe MPyX\" data-sfc-cp=\"\" data-sfc-root=\"ep\" data-complete=\"true\" data-processed=\"true\" data-copy-service-computed-style=\"font-family: &quot;Google Sans&quot;, Arial, sans-serif; font-size: 16px; font-weight: 700; margin: 0px; text-decoration: none; border-bottom: 0px rgb(230, 232, 240);\">Santo Tom\u00e9, Corrientes<!--TgQPHd|||[]--><\/strong>, es una de las pruebas de resistencia m\u00e1s exigentes de la regi\u00f3n. El circuito de 100 kil\u00f3metros (en su categor\u00eda Elite) conecta el cruce de las Rutas 14 y 40 con el Paraje Galarza, atravesando terrenos sumamente duros.\u00a0<!--TgQPHd|||[]--><\/div>\n<div data-sfc-cp=\"\" data-sfc-root=\"ep\" data-hveid=\"CAAIDBAA\" data-complete=\"true\" data-processed=\"true\" data-copy-service-computed-style=\"font-family: &quot;Google Sans&quot;, Arial, sans-serif; font-size: 16px; font-weight: 400; margin: 12px 0px 16px; text-decoration: none; border-bottom: 0px rgb(230, 232, 240);\"><\/div>\n<div class=\"n6owBd awi2gc\" data-sfc-cp=\"\" data-sfc-root=\"ep\" data-hveid=\"CAAIDRAA\" data-complete=\"true\" data-processed=\"true\" data-copy-service-computed-style=\"font-family: &quot;Google Sans&quot;, Arial, sans-serif; font-size: 16px; font-weight: 400; margin: 12px 0px 16px; text-decoration: none; border-bottom: 0px rgb(230, 232, 240);\">Debido a su complejidad organizativa, factores presupuestarios y las inclemencias clim\u00e1ticas, la competencia sufri\u00f3 varias interrupciones a lo largo de los a\u00f1os (como ocurri\u00f3 en 2020 tras dudas de continuidad y los posteriores a\u00f1os de pandemia). [<a href=\"https:\/\/www.corrienteshoy.com\/deportes\/el-desafio-ibera-tiene-su-fecha-de-realizacion.htm\">1<\/a>]<!--TgQPHd|||[]--><\/div>\n<div class=\"n6owBd awi2gc\" data-sfc-cp=\"\" data-sfc-root=\"ep\" data-hveid=\"CAAIDhAA\" data-complete=\"true\" data-processed=\"true\" aria-owns=\"action-menu-parent-container\" data-copy-service-computed-style=\"font-family: &quot;Google Sans&quot;, Arial, sans-serif; font-size: 16px; font-weight: 400; margin: 12px 0px 16px; text-decoration: none; border-bottom: 0px rgb(230, 232, 240);\">Los ganadores masculinos y femeninos de la clasificaci\u00f3n General o de la m\u00e1xima categor\u00eda (Elite) en sus ediciones m\u00e1s destacadas fueron:<!--TgQPHd|||[]--><\/div>\n<div tabindex=\"0\" data-os-fs=\"\" aria-hidden=\"true\" data-copy-service-computed-style=\"font-family: &quot;Google Sans&quot;, Arial, sans-serif; font-size: 14px; font-weight: 400; margin: -1px; text-decoration: none; border-bottom: 0px rgb(230, 232, 240);\"><\/div>\n<div class=\"yhAwj\" data-sfc-cp=\"\" data-sfc-root=\"ep\" data-complete=\"true\" data-processed=\"true\" data-sfc-inited=\"2\" data-copy-service-computed-style=\"font-family: &quot;Google Sans&quot;, Arial, sans-serif; font-size: 14px; font-weight: 400; margin: 0px; text-decoration: none; border-bottom: 0px rgb(230, 232, 240);\"><!--TgQPHd|||[]--><\/div>\n<div class=\"otQkpb\" role=\"heading\" aria-level=\"3\" data-animation-nesting=\"\" data-sfc-cp=\"\" data-wiz-attrbind=\"aria-level=O9usy_1g\/fLk2Md\" data-sfc-root=\"ep\" data-complete=\"true\" data-processed=\"true\" data-sae=\"\" data-copy-service-computed-style=\"font-family: &quot;Google Sans&quot;, Arial, sans-serif; font-size: 20px; font-weight: 600; margin: 24px 0px 12px; text-decoration: none; border-bottom: 0px rgb(230, 232, 240);\">Edici\u00f3n Inaugural (2014)<!--TgQPHd|||[]--><\/div>\n<ul class=\"KsbFXc U6u95\" data-sfc-cp=\"\" data-sfc-root=\"ep\" data-ved=\"2ahUKEwj7zvrlmtiWAxU4LbkGHV2jAt4Q-7AUegYIAAgQEAA\" data-hveid=\"CAAIEBAA\" data-complete=\"true\" data-processed=\"true\" data-copy-service-computed-style=\"font-family: &quot;Google Sans&quot;, Arial, sans-serif; font-size: 16px; font-weight: 400; margin: 12px 0px 16px; text-decoration: none; border-bottom: 0px rgb(230, 232, 240);\">\n<li style=\"list-style-type: none;\">\n<ul class=\"KsbFXc U6u95\" data-sfc-cp=\"\" data-sfc-root=\"ep\" data-ved=\"2ahUKEwj7zvrlmtiWAxU4LbkGHV2jAt4Q-7AUegYIAAgQEAA\" data-hveid=\"CAAIEBAA\" data-complete=\"true\" data-processed=\"true\" data-copy-service-computed-style=\"font-family: &quot;Google Sans&quot;, Arial, sans-serif; font-size: 16px; font-weight: 400; margin: 12px 0px 16px; text-decoration: none; border-bottom: 0px rgb(230, 232, 240);\">\n<li class=\"Z1qcYe\" data-sfc-cp=\"\" data-sfc-root=\"ep\" data-hveid=\"CAAIEBAC\" data-complete=\"true\" data-sae=\"\" data-copy-service-computed-style=\"font-family: &quot;Google Sans&quot;, Arial, sans-serif; font-size: 16px; font-weight: 400; margin: 0px 0px 12px; text-decoration: none; border-bottom: 0px rgb(230, 232, 240);\"><span class=\"iNqyIf\" data-sfc-cp=\"\" data-sfc-root=\"ep\" data-complete=\"true\" data-copy-service-computed-style=\"font-family: &quot;Google Sans&quot;, Arial, sans-serif; font-size: 16px; font-weight: 400; margin: 0px; text-decoration: none; border-bottom: 0px rgb(230, 232, 240);\"><strong class=\"rQesXe MPyX\" data-sfc-cp=\"\" data-sfc-root=\"ep\" data-complete=\"true\" data-copy-service-computed-style=\"font-family: &quot;Google Sans&quot;, Arial, sans-serif; font-size: 16px; font-weight: 700; margin: 0px; text-decoration: none; border-bottom: 0px rgb(230, 232, 240);\">Caballeros:<!--TgQPHd|||[]--><\/strong> <strong class=\"rQesXe MPyX\" data-sfc-cp=\"\" data-sfc-root=\"ep\" data-complete=\"true\" data-copy-service-computed-style=\"font-family: &quot;Google Sans&quot;, Arial, sans-serif; font-size: 16px; font-weight: 700; margin: 0px; text-decoration: none; border-bottom: 0px rgb(230, 232, 240);\"><span data-sfc-cp=\"\" data-sfc-root=\"ep\" data-complete=\"true\" data-copy-service-computed-style=\"font-family: &quot;Google Sans&quot;, Arial, sans-serif; font-size: 16px; font-weight: 700; margin: 0px; text-decoration: none; border-bottom: 0px rgb(230, 232, 240);\"><span class=\"\" data-sfc-cp=\"\" data-sfc-root=\"c\" data-ved=\"2ahUKEwj7zvrlmtiWAxU4LbkGHV2jAt4Q0fERegYIAAgQEAM\" data-complete=\"true\" data-copy-service-computed-style=\"font-family: &quot;Google Sans&quot;, Arial, sans-serif; font-size: 16px; font-weight: 700; margin: 0px; text-decoration: none; border-bottom: 0px rgb(230, 232, 240);\">Luis Su\u00e1rez<!--TgQPHd|||[]--><!--TgQPHd|||[false,&quot;&quot;,false,{&quot;u&quot;:0}]--><\/span><!--TgQPHd|||[]--><!--TgQPHd|||[]--><\/span><!--TgQPHd|||[]--><!--TgQPHd|||[]--><\/strong> (Eldorado, Misiones). Se consagr\u00f3 en la carrera fundacional del circuito.<!--TgQPHd|||[]--><\/span><span data-copy-service-computed-style=\"font-family: &quot;Google Sans&quot;, Arial, sans-serif; font-size: 16px; font-weight: 400; margin: 0px; text-decoration: none; border-bottom: 0px rgb(230, 232, 240);\"><!--TgQPHd|||[]--><\/span><!--TgQPHd|||[]--><\/li>\n<\/ul>\n<\/li>\n<\/ul>\n<p><!--TgQPHd|||[]--><\/p>\n<div class=\"yhAwj\" data-sfc-cp=\"\" data-sfc-root=\"ep\" data-complete=\"true\" data-processed=\"true\" data-sfc-inited=\"2\" data-copy-service-computed-style=\"font-family: &quot;Google Sans&quot;, Arial, sans-serif; font-size: 14px; font-weight: 400; margin: 0px; text-decoration: none; border-bottom: 0px rgb(230, 232, 240);\"><!--TgQPHd|||[]--><\/div>\n<div class=\"otQkpb\" role=\"heading\" aria-level=\"3\" data-animation-nesting=\"\" data-sfc-cp=\"\" data-wiz-attrbind=\"aria-level=O9usy_22\/fLk2Md\" data-sfc-root=\"ep\" data-complete=\"true\" data-processed=\"true\" data-sae=\"\" data-copy-service-computed-style=\"font-family: &quot;Google Sans&quot;, Arial, sans-serif; font-size: 20px; font-weight: 600; margin: 24px 0px 12px; text-decoration: none; border-bottom: 0px rgb(230, 232, 240);\">Edici\u00f3n 2015 (2\u00aa Edici\u00f3n)<!--TgQPHd|||[]--><\/div>\n<ul class=\"KsbFXc U6u95\" data-sfc-cp=\"\" data-sfc-root=\"ep\" data-ved=\"2ahUKEwj7zvrlmtiWAxU4LbkGHV2jAt4Q-7AUegYIAAgSEAA\" data-hveid=\"CAAIEhAA\" data-complete=\"true\" data-processed=\"true\" data-copy-service-computed-style=\"font-family: &quot;Google Sans&quot;, Arial, sans-serif; font-size: 16px; font-weight: 400; margin: 12px 0px 16px; text-decoration: none; border-bottom: 0px rgb(230, 232, 240);\">\n<li style=\"list-style-type: none;\">\n<ul class=\"KsbFXc U6u95\" data-sfc-cp=\"\" data-sfc-root=\"ep\" data-ved=\"2ahUKEwj7zvrlmtiWAxU4LbkGHV2jAt4Q-7AUegYIAAgSEAA\" data-hveid=\"CAAIEhAA\" data-complete=\"true\" data-processed=\"true\" data-copy-service-computed-style=\"font-family: &quot;Google Sans&quot;, Arial, sans-serif; font-size: 16px; font-weight: 400; margin: 12px 0px 16px; text-decoration: none; border-bottom: 0px rgb(230, 232, 240);\">\n<li class=\"Z1qcYe\" data-sfc-cp=\"\" data-sfc-root=\"ep\" data-hveid=\"CAAIEhAC\" data-complete=\"true\" data-sae=\"\" data-copy-service-computed-style=\"font-family: &quot;Google Sans&quot;, Arial, sans-serif; font-size: 16px; font-weight: 400; margin: 0px 0px 12px; text-decoration: none; border-bottom: 0px rgb(230, 232, 240);\"><span class=\"iNqyIf\" data-sfc-cp=\"\" data-sfc-root=\"ep\" data-complete=\"true\" data-copy-service-computed-style=\"font-family: &quot;Google Sans&quot;, Arial, sans-serif; font-size: 16px; font-weight: 400; margin: 0px; text-decoration: none; border-bottom: 0px rgb(230, 232, 240);\"><strong class=\"rQesXe MPyX\" data-sfc-cp=\"\" data-sfc-root=\"ep\" data-complete=\"true\" data-copy-service-computed-style=\"font-family: &quot;Google Sans&quot;, Arial, sans-serif; font-size: 16px; font-weight: 700; margin: 0px; text-decoration: none; border-bottom: 0px rgb(230, 232, 240);\">Caballeros:<!--TgQPHd|||[]--><\/strong> <strong class=\"rQesXe MPyX\" data-sfc-cp=\"\" data-sfc-root=\"ep\" data-complete=\"true\" data-copy-service-computed-style=\"font-family: &quot;Google Sans&quot;, Arial, sans-serif; font-size: 16px; font-weight: 700; margin: 0px; text-decoration: none; border-bottom: 0px rgb(230, 232, 240);\"><span data-sfc-cp=\"\" data-sfc-root=\"ep\" data-complete=\"true\" data-copy-service-computed-style=\"font-family: &quot;Google Sans&quot;, Arial, sans-serif; font-size: 16px; font-weight: 700; margin: 0px; text-decoration: none; border-bottom: 0px rgb(230, 232, 240);\"><span class=\"\" data-sfc-cp=\"\" data-sfc-root=\"c\" data-ved=\"2ahUKEwj7zvrlmtiWAxU4LbkGHV2jAt4Q0fERegYIAAgSEAM\" data-complete=\"true\" data-copy-service-computed-style=\"font-family: &quot;Google Sans&quot;, Arial, sans-serif; font-size: 16px; font-weight: 700; margin: 0px; text-decoration: none; border-bottom: 0px rgb(230, 232, 240);\">Diego Sant\u00e1ngelo<!--TgQPHd|||[]--><!--TgQPHd|||[false,&quot;&quot;,false,{&quot;u&quot;:0}]--><\/span><!--TgQPHd|||[]--><!--TgQPHd|||[]--><\/span><!--TgQPHd|||[]--><!--TgQPHd|||[]--><\/strong> (Corrientes Capital). Se adjudic\u00f3 la victoria tras un sprint muy re\u00f1ido en los caminos rurales santotome\u00f1os. Sant\u00e1ngelo gan\u00f3 tres veces esta exigente prueba.<!--TgQPHd|||[]--><\/span><span data-copy-service-computed-style=\"font-family: &quot;Google Sans&quot;, Arial, sans-serif; font-size: 16px; font-weight: 400; margin: 0px; text-decoration: none; border-bottom: 0px rgb(230, 232, 240);\"><!--TgQPHd|||[]--><\/span><!--TgQPHd|||[]--><\/li>\n<\/ul>\n<\/li>\n<\/ul>\n<p><!--TgQPHd|||[]--><\/p>\n<div class=\"yhAwj\" data-sfc-cp=\"\" data-sfc-root=\"ep\" data-complete=\"true\" data-processed=\"true\" data-sfc-inited=\"2\" data-copy-service-computed-style=\"font-family: &quot;Google Sans&quot;, Arial, sans-serif; font-size: 14px; font-weight: 400; margin: 0px; text-decoration: none; border-bottom: 0px rgb(230, 232, 240);\"><!--TgQPHd|||[]--><\/div>\n<div class=\"otQkpb\" role=\"heading\" aria-level=\"3\" data-animation-nesting=\"\" data-sfc-cp=\"\" data-wiz-attrbind=\"aria-level=O9usy_2o\/fLk2Md\" data-sfc-root=\"ep\" data-complete=\"true\" data-processed=\"true\" data-sae=\"\" data-copy-service-computed-style=\"font-family: &quot;Google Sans&quot;, Arial, sans-serif; font-size: 20px; font-weight: 600; margin: 24px 0px 12px; text-decoration: none; border-bottom: 0px rgb(230, 232, 240);\"><\/div>\n<p>&nbsp;<\/p>\n<p>&nbsp;<\/p>\n","protected":false},"excerpt":{"rendered":"<p>SANTO TOM\u00c9.\u00a0 La Municipalidad de Santo Tom\u00e9, a trav\u00e9s de su \u00e1rea de Deportes, avanza en el dise\u00f1o de un campeonato corto de mountain bike (MTB) con el objetivo de revitalizar el ciclismo competitivo en la ciudad. El proyecto, que contempla un calendario de cuatro fechas, surge como respuesta a las limitaciones econ\u00f3micas y log\u00edsticas&#8230;<\/p>\n","protected":false},"author":2,"featured_media":17338,"comment_status":"closed","ping_status":"closed","sticky":false,"template":"","format":"standard","meta":{"_kad_post_transparent":"default","_kad_post_title":"default","_kad_post_layout":"default","_kad_post_sidebar_id":"","_kad_post_content_style":"default","_kad_post_vertical_padding":"default","_kad_post_feature":"","_kad_post_feature_position":"","_kad_post_header":false,"_kad_post_footer":false,"_kad_post_classname":"","footnotes":""},"categories":[5],"tags":[],"class_list":["post-17337","post","type-post","status-publish","format-standard","has-post-thumbnail","hentry","category-destacadas"],"a3_pvc":{"activated":false,"total_views":0,"today_views":0},"yoast_head":"<!-- This site is optimized with the Yoast SEO plugin v28.4 - https:\/\/yoast.com\/product\/yoast-seo-wordpress\/ -->\n<title>Impulsan un torneo local de mountain bike para fortalecer el ciclismo en Santo Tom\u00e9 - Digital Santo Tom\u00e9<\/title>\n<meta name=\"robots\" content=\"index, follow, max-snippet:-1, max-image-preview:large, max-video-preview:-1\" \/>\n<link rel=\"canonical\" href=\"https:\/\/digitalsantotome.com.ar\/?p=17337\" \/>\n<meta property=\"og:locale\" content=\"es_ES\" \/>\n<meta property=\"og:type\" content=\"article\" \/>\n<meta property=\"og:title\" content=\"Impulsan un torneo local de mountain bike para fortalecer el ciclismo en Santo Tom\u00e9 - Digital Santo Tom\u00e9\" \/>\n<meta property=\"og:description\" content=\"SANTO TOM\u00c9.\u00a0 La Municipalidad de Santo Tom\u00e9, a trav\u00e9s de su \u00e1rea de Deportes, avanza en el dise\u00f1o de un campeonato corto de mountain bike (MTB) con el objetivo de revitalizar el ciclismo competitivo en la ciudad. El proyecto, que contempla un calendario de cuatro fechas, surge como respuesta a las limitaciones econ\u00f3micas y log\u00edsticas...\" \/>\n<meta property=\"og:url\" content=\"https:\/\/digitalsantotome.com.ar\/?p=17337\" \/>\n<meta property=\"og:site_name\" content=\"Digital Santo Tom\u00e9\" \/>\n<meta property=\"article:published_time\" content=\"2026-09-05T19:42:17+00:00\" \/>\n<meta property=\"article:modified_time\" content=\"2026-09-05T19:53:17+00:00\" \/>\n<meta property=\"og:image\" content=\"https:\/\/digitalsantotome.com.ar\/wp-content\/uploads\/2026\/09\/garza-se-viene-la-primera-carrera-de-rural-bike-720x500-1.jpg\" \/>\n\t<meta property=\"og:image:width\" content=\"720\" \/>\n\t<meta property=\"og:image:height\" content=\"500\" \/>\n\t<meta property=\"og:image:type\" content=\"image\/jpeg\" \/>\n<meta name=\"author\" content=\"Jose Carlos Machado\" \/>\n<meta name=\"twitter:card\" content=\"summary_large_image\" \/>\n<meta name=\"twitter:label1\" content=\"Escrito por\" \/>\n\t<meta name=\"twitter:data1\" content=\"Jose Carlos Machado\" \/>\n\t<meta name=\"twitter:label2\" content=\"Tiempo de lectura\" \/>\n\t<meta name=\"twitter:data2\" content=\"4 minutos\" \/>\n<script type=\"application\/ld+json\" class=\"yoast-schema-graph\">{\"@context\":\"https:\\\/\\\/schema.org\",\"@graph\":[{\"@type\":\"Article\",\"@id\":\"https:\\\/\\\/digitalsantotome.com.ar\\\/?p=17337#article\",\"isPartOf\":{\"@id\":\"https:\\\/\\\/digitalsantotome.com.ar\\\/?p=17337\"},\"author\":{\"name\":\"Jose Carlos Machado\",\"@id\":\"https:\\\/\\\/digitalsantotome.com.ar\\\/#\\\/schema\\\/person\\\/8991d8822886fedd92ce7f03817e1bdf\"},\"headline\":\"Impulsan un torneo local de mountain bike para fortalecer el ciclismo en Santo Tom\u00e9\",\"datePublished\":\"2026-09-05T19:42:17+00:00\",\"dateModified\":\"2026-09-05T19:53:17+00:00\",\"mainEntityOfPage\":{\"@id\":\"https:\\\/\\\/digitalsantotome.com.ar\\\/?p=17337\"},\"wordCount\":832,\"publisher\":{\"@id\":\"https:\\\/\\\/digitalsantotome.com.ar\\\/#organization\"},\"image\":{\"@id\":\"https:\\\/\\\/digitalsantotome.com.ar\\\/?p=17337#primaryimage\"},\"thumbnailUrl\":\"https:\\\/\\\/digitalsantotome.com.ar\\\/wp-content\\\/uploads\\\/2026\\\/09\\\/garza-se-viene-la-primera-carrera-de-rural-bike-720x500-1.jpg\",\"articleSection\":[\"Destacadas\"],\"inLanguage\":\"es\"},{\"@type\":\"WebPage\",\"@id\":\"https:\\\/\\\/digitalsantotome.com.ar\\\/?p=17337\",\"url\":\"https:\\\/\\\/digitalsantotome.com.ar\\\/?p=17337\",\"name\":\"Impulsan un torneo local de mountain bike para fortalecer el ciclismo en Santo Tom\u00e9 - Digital Santo Tom\u00e9\",\"isPartOf\":{\"@id\":\"https:\\\/\\\/digitalsantotome.com.ar\\\/#website\"},\"primaryImageOfPage\":{\"@id\":\"https:\\\/\\\/digitalsantotome.com.ar\\\/?p=17337#primaryimage\"},\"image\":{\"@id\":\"https:\\\/\\\/digitalsantotome.com.ar\\\/?p=17337#primaryimage\"},\"thumbnailUrl\":\"https:\\\/\\\/digitalsantotome.com.ar\\\/wp-content\\\/uploads\\\/2026\\\/09\\\/garza-se-viene-la-primera-carrera-de-rural-bike-720x500-1.jpg\",\"datePublished\":\"2026-09-05T19:42:17+00:00\",\"dateModified\":\"2026-09-05T19:53:17+00:00\",\"breadcrumb\":{\"@id\":\"https:\\\/\\\/digitalsantotome.com.ar\\\/?p=17337#breadcrumb\"},\"inLanguage\":\"es\",\"potentialAction\":[{\"@type\":\"ReadAction\",\"target\":[\"https:\\\/\\\/digitalsantotome.com.ar\\\/?p=17337\"]}]},{\"@type\":\"ImageObject\",\"inLanguage\":\"es\",\"@id\":\"https:\\\/\\\/digitalsantotome.com.ar\\\/?p=17337#primaryimage\",\"url\":\"https:\\\/\\\/digitalsantotome.com.ar\\\/wp-content\\\/uploads\\\/2026\\\/09\\\/garza-se-viene-la-primera-carrera-de-rural-bike-720x500-1.jpg\",\"contentUrl\":\"https:\\\/\\\/digitalsantotome.com.ar\\\/wp-content\\\/uploads\\\/2026\\\/09\\\/garza-se-viene-la-primera-carrera-de-rural-bike-720x500-1.jpg\",\"width\":720,\"height\":500},{\"@type\":\"BreadcrumbList\",\"@id\":\"https:\\\/\\\/digitalsantotome.com.ar\\\/?p=17337#breadcrumb\",\"itemListElement\":[{\"@type\":\"ListItem\",\"position\":1,\"name\":\"Portada\",\"item\":\"https:\\\/\\\/digitalsantotome.com.ar\\\/\"},{\"@type\":\"ListItem\",\"position\":2,\"name\":\"Impulsan un torneo local de mountain bike para fortalecer el ciclismo en Santo Tom\u00e9\"}]},{\"@type\":\"WebSite\",\"@id\":\"https:\\\/\\\/digitalsantotome.com.ar\\\/#website\",\"url\":\"https:\\\/\\\/digitalsantotome.com.ar\\\/\",\"name\":\"Digital Santo Tom\u00e9\",\"description\":\"Noticias desde Santo Tom\u00e9 al Mundo \u2013 La informacion que decide\",\"publisher\":{\"@id\":\"https:\\\/\\\/digitalsantotome.com.ar\\\/#organization\"},\"potentialAction\":[{\"@type\":\"SearchAction\",\"target\":{\"@type\":\"EntryPoint\",\"urlTemplate\":\"https:\\\/\\\/digitalsantotome.com.ar\\\/?s={search_term_string}\"},\"query-input\":{\"@type\":\"PropertyValueSpecification\",\"valueRequired\":true,\"valueName\":\"search_term_string\"}}],\"inLanguage\":\"es\"},{\"@type\":\"Organization\",\"@id\":\"https:\\\/\\\/digitalsantotome.com.ar\\\/#organization\",\"name\":\"Digital Santo Tom\u00e9\",\"url\":\"https:\\\/\\\/digitalsantotome.com.ar\\\/\",\"logo\":{\"@type\":\"ImageObject\",\"inLanguage\":\"es\",\"@id\":\"https:\\\/\\\/digitalsantotome.com.ar\\\/#\\\/schema\\\/logo\\\/image\\\/\",\"url\":\"https:\\\/\\\/digitalsantotome.com.ar\\\/wp-content\\\/uploads\\\/2023\\\/01\\\/facebook.jpg\",\"contentUrl\":\"https:\\\/\\\/digitalsantotome.com.ar\\\/wp-content\\\/uploads\\\/2023\\\/01\\\/facebook.jpg\",\"width\":512,\"height\":376,\"caption\":\"Digital Santo Tom\u00e9\"},\"image\":{\"@id\":\"https:\\\/\\\/digitalsantotome.com.ar\\\/#\\\/schema\\\/logo\\\/image\\\/\"}},{\"@type\":\"Person\",\"@id\":\"https:\\\/\\\/digitalsantotome.com.ar\\\/#\\\/schema\\\/person\\\/8991d8822886fedd92ce7f03817e1bdf\",\"name\":\"Jose Carlos Machado\",\"url\":\"https:\\\/\\\/digitalsantotome.com.ar\\\/?author=2\"}]}<\/script>\n<!-- \/ Yoast SEO plugin. -->","yoast_head_json":{"title":"Impulsan un torneo local de mountain bike para fortalecer el ciclismo en Santo Tom\u00e9 - Digital Santo Tom\u00e9","robots":{"index":"index","follow":"follow","max-snippet":"max-snippet:-1","max-image-preview":"max-image-preview:large","max-video-preview":"max-video-preview:-1"},"canonical":"https:\/\/digitalsantotome.com.ar\/?p=17337","og_locale":"es_ES","og_type":"article","og_title":"Impulsan un torneo local de mountain bike para fortalecer el ciclismo en Santo Tom\u00e9 - Digital Santo Tom\u00e9","og_description":"SANTO TOM\u00c9.\u00a0 La Municipalidad de Santo Tom\u00e9, a trav\u00e9s de su \u00e1rea de Deportes, avanza en el dise\u00f1o de un campeonato corto de mountain bike (MTB) con el objetivo de revitalizar el ciclismo competitivo en la ciudad. El proyecto, que contempla un calendario de cuatro fechas, surge como respuesta a las limitaciones econ\u00f3micas y log\u00edsticas...","og_url":"https:\/\/digitalsantotome.com.ar\/?p=17337","og_site_name":"Digital Santo Tom\u00e9","article_published_time":"2026-09-05T19:42:17+00:00","article_modified_time":"2026-09-05T19:53:17+00:00","og_image":[{"width":720,"height":500,"url":"https:\/\/digitalsantotome.com.ar\/wp-content\/uploads\/2026\/09\/garza-se-viene-la-primera-carrera-de-rural-bike-720x500-1.jpg","type":"image\/jpeg"}],"author":"Jose Carlos Machado","twitter_card":"summary_large_image","twitter_misc":{"Escrito por":"Jose Carlos Machado","Tiempo de lectura":"4 minutos"},"schema":{"@context":"https:\/\/schema.org","@graph":[{"@type":"Article","@id":"https:\/\/digitalsantotome.com.ar\/?p=17337#article","isPartOf":{"@id":"https:\/\/digitalsantotome.com.ar\/?p=17337"},"author":{"name":"Jose Carlos Machado","@id":"https:\/\/digitalsantotome.com.ar\/#\/schema\/person\/8991d8822886fedd92ce7f03817e1bdf"},"headline":"Impulsan un torneo local de mountain bike para fortalecer el ciclismo en Santo Tom\u00e9","datePublished":"2026-09-05T19:42:17+00:00","dateModified":"2026-09-05T19:53:17+00:00","mainEntityOfPage":{"@id":"https:\/\/digitalsantotome.com.ar\/?p=17337"},"wordCount":832,"publisher":{"@id":"https:\/\/digitalsantotome.com.ar\/#organization"},"image":{"@id":"https:\/\/digitalsantotome.com.ar\/?p=17337#primaryimage"},"thumbnailUrl":"https:\/\/digitalsantotome.com.ar\/wp-content\/uploads\/2026\/09\/garza-se-viene-la-primera-carrera-de-rural-bike-720x500-1.jpg","articleSection":["Destacadas"],"inLanguage":"es"},{"@type":"WebPage","@id":"https:\/\/digitalsantotome.com.ar\/?p=17337","url":"https:\/\/digitalsantotome.com.ar\/?p=17337","name":"Impulsan un torneo local de mountain bike para fortalecer el ciclismo en Santo Tom\u00e9 - Digital Santo Tom\u00e9","isPartOf":{"@id":"https:\/\/digitalsantotome.com.ar\/#website"},"primaryImageOfPage":{"@id":"https:\/\/digitalsantotome.com.ar\/?p=17337#primaryimage"},"image":{"@id":"https:\/\/digitalsantotome.com.ar\/?p=17337#primaryimage"},"thumbnailUrl":"https:\/\/digitalsantotome.com.ar\/wp-content\/uploads\/2026\/09\/garza-se-viene-la-primera-carrera-de-rural-bike-720x500-1.jpg","datePublished":"2026-09-05T19:42:17+00:00","dateModified":"2026-09-05T19:53:17+00:00","breadcrumb":{"@id":"https:\/\/digitalsantotome.com.ar\/?p=17337#breadcrumb"},"inLanguage":"es","potentialAction":[{"@type":"ReadAction","target":["https:\/\/digitalsantotome.com.ar\/?p=17337"]}]},{"@type":"ImageObject","inLanguage":"es","@id":"https:\/\/digitalsantotome.com.ar\/?p=17337#primaryimage","url":"https:\/\/digitalsantotome.com.ar\/wp-content\/uploads\/2026\/09\/garza-se-viene-la-primera-carrera-de-rural-bike-720x500-1.jpg","contentUrl":"https:\/\/digitalsantotome.com.ar\/wp-content\/uploads\/2026\/09\/garza-se-viene-la-primera-carrera-de-rural-bike-720x500-1.jpg","width":720,"height":500},{"@type":"BreadcrumbList","@id":"https:\/\/digitalsantotome.com.ar\/?p=17337#breadcrumb","itemListElement":[{"@type":"ListItem","position":1,"name":"Portada","item":"https:\/\/digitalsantotome.com.ar\/"},{"@type":"ListItem","position":2,"name":"Impulsan un torneo local de mountain bike para fortalecer el ciclismo en Santo Tom\u00e9"}]},{"@type":"WebSite","@id":"https:\/\/digitalsantotome.com.ar\/#website","url":"https:\/\/digitalsantotome.com.ar\/","name":"Digital Santo Tom\u00e9","description":"Noticias desde Santo Tom\u00e9 al Mundo \u2013 La informacion que decide","publisher":{"@id":"https:\/\/digitalsantotome.com.ar\/#organization"},"potentialAction":[{"@type":"SearchAction","target":{"@type":"EntryPoint","urlTemplate":"https:\/\/digitalsantotome.com.ar\/?s={search_term_string}"},"query-input":{"@type":"PropertyValueSpecification","valueRequired":true,"valueName":"search_term_string"}}],"inLanguage":"es"},{"@type":"Organization","@id":"https:\/\/digitalsantotome.com.ar\/#organization","name":"Digital Santo Tom\u00e9","url":"https:\/\/digitalsantotome.com.ar\/","logo":{"@type":"ImageObject","inLanguage":"es","@id":"https:\/\/digitalsantotome.com.ar\/#\/schema\/logo\/image\/","url":"https:\/\/digitalsantotome.com.ar\/wp-content\/uploads\/2023\/01\/facebook.jpg","contentUrl":"https:\/\/digitalsantotome.com.ar\/wp-content\/uploads\/2023\/01\/facebook.jpg","width":512,"height":376,"caption":"Digital Santo Tom\u00e9"},"image":{"@id":"https:\/\/digitalsantotome.com.ar\/#\/schema\/logo\/image\/"}},{"@type":"Person","@id":"https:\/\/digitalsantotome.com.ar\/#\/schema\/person\/8991d8822886fedd92ce7f03817e1bdf","name":"Jose Carlos Machado","url":"https:\/\/digitalsantotome.com.ar\/?author=2"}]}},"_links":{"self":[{"href":"https:\/\/digitalsantotome.com.ar\/index.php?rest_route=\/wp\/v2\/posts\/17337","targetHints":{"allow":["GET"]}}],"collection":[{"href":"https:\/\/digitalsantotome.com.ar\/index.php?rest_route=\/wp\/v2\/posts"}],"about":[{"href":"https:\/\/digitalsantotome.com.ar\/index.php?rest_route=\/wp\/v2\/types\/post"}],"author":[{"embeddable":true,"href":"https:\/\/digitalsantotome.com.ar\/index.php?rest_route=\/wp\/v2\/users\/2"}],"replies":[{"embeddable":true,"href":"https:\/\/digitalsantotome.com.ar\/index.php?rest_route=%2Fwp%2Fv2%2Fcomments&post=17337"}],"version-history":[{"count":4,"href":"https:\/\/digitalsantotome.com.ar\/index.php?rest_route=\/wp\/v2\/posts\/17337\/revisions"}],"predecessor-version":[{"id":17342,"href":"https:\/\/digitalsantotome.com.ar\/index.php?rest_route=\/wp\/v2\/posts\/17337\/revisions\/17342"}],"wp:featuredmedia":[{"embeddable":true,"href":"https:\/\/digitalsantotome.com.ar\/index.php?rest_route=\/wp\/v2\/media\/17338"}],"wp:attachment":[{"href":"https:\/\/digitalsantotome.com.ar\/index.php?rest_route=%2Fwp%2Fv2%2Fmedia&parent=17337"}],"wp:term":[{"taxonomy":"category","embeddable":true,"href":"https:\/\/digitalsantotome.com.ar\/index.php?rest_route=%2Fwp%2Fv2%2Fcategories&post=17337"},{"taxonomy":"post_tag","embeddable":true,"href":"https:\/\/digitalsantotome.com.ar\/index.php?rest_route=%2Fwp%2Fv2%2Ftags&post=17337"}],"curies":[{"name":"wp","href":"https:\/\/api.w.org\/{rel}","templated":true}]}}