{"id":3413,"date":"2023-07-28T07:03:03","date_gmt":"2023-07-28T10:03:03","guid":{"rendered":"https:\/\/digitalsantotome.com.ar\/?p=3413"},"modified":"2023-07-28T07:03:21","modified_gmt":"2023-07-28T10:03:21","slug":"inicio-la-capacitacion-en-delitos-rurales-y-ambientales-para-efectivos-de-la-policia-de-corrientes","status":"publish","type":"post","link":"https:\/\/digitalsantotome.com.ar\/?p=3413","title":{"rendered":"Inici\u00f3 la Capacitaci\u00f3n en Delitos Rurales y Ambientales para efectivos de la Polic\u00eda de Corrientes"},"content":{"rendered":"<p><span lang=\"ES-AR\">CORRIENTES. Con la presencia de autoridades del Ministerio de Seguridad y la Polic\u00eda de Corrientes, se realiz\u00f3 la apertura de la formaci\u00f3n destinada a cadetes de la Escuela de Polic\u00eda y efectivos abocados a puestos de control sobre rutas provinciales y nacionales.<\/span><\/p>\n<p><span lang=\"ES-AR\">Se realiz\u00f3 el primer encuentro de la Capacitaci\u00f3n en Delitos Rurales y Ambientales, aprobada por resoluci\u00f3n de la Jefatura de Polic\u00eda 754\/23, en el C\u00edrculo de Oficiales de la Polic\u00eda de Corrientes. \u201cCuanta m\u00e1s capacitaci\u00f3n tenemos, mejor prevenci\u00f3n podemos hacer\u201d, resalt\u00f3 el ministro Dr. Buenaventura Duarte. \u00a0<\/span><\/p>\n<p><span lang=\"ES-AR\">La capacitaci\u00f3n est\u00e1 destinada a efectivos policiales que se desempe\u00f1an en puestos de control a cargo de la Direcci\u00f3n General de Seguridad Vial y de la Direcci\u00f3n General de Seguridad Rural y Ecol\u00f3gica, con jurisdicci\u00f3n en diferentes unidades regionales situadas sobre rutas nacionales y provinciales. Adem\u00e1s, participaron cadetes del cuarto a\u00f1o de la Escuela de Polic\u00eda \u00abGeneral Jos\u00e9 Francisco de San Mart\u00edn\u00bb.<\/span><\/p>\n<p><span lang=\"ES-AR\">El titular de la cartera de Seguridad se\u00f1al\u00f3 la importancia de la formaci\u00f3n, especialmente del trabajo interministerial para la gesti\u00f3n. \u201cCorrientes est\u00e1 en el coraz\u00f3n del Mercosur, por ac\u00e1 pasan muchos veh\u00edculos que transportan productos\u201d, afirm\u00f3 el ministro Dr. Buenaventura Duarte. \u201cPor eso, nuestra polic\u00eda se preocupa d\u00eda a d\u00eda por la capacitaci\u00f3n\u201d, continu\u00f3.<\/span><\/p>\n<p><span lang=\"ES-AR\">La disertaci\u00f3n estuvo a cargo del fiscal rural y ambiental de Mercedes Dr. Gerardo Cabral, acompa\u00f1ado por el Ing. Agr\u00f3nomo N\u00e9stor Ibarra, el perito veterinario Federico Lotero, el jefe del \u00e1rea de Bosques Nativos Ing. Walter S\u00e1nchez y el Ing. Mat\u00edas Serrudo.<\/span><\/p>\n<p><span lang=\"ES-AR\">El segundo encuentro se realizar\u00e1 el 30 de agosto en el complejo del Aeroclub de Curuz\u00fa Cuati\u00e1, donde participar\u00e1n comisar\u00edas con jurisdicci\u00f3n sobre rutas nacionales y provinciales dentro del \u00e1mbito de las unidades regionales III y IV, y estudiantes del Curso de Cabos e Interfuerzas.<\/span><\/p>\n<p><span lang=\"ES-AR\">Participaron en el acto el ministro Dr. Buenaventura Duarte, el jefe de la Polic\u00eda de Corrientes Crio. Gral. Alberto Arnaldo Molina, Sres. Directores Generales de la Polic\u00eda de Corrientes, personal policial superior y subalterno.<\/span><\/p>\n","protected":false},"excerpt":{"rendered":"<p>CORRIENTES. Con la presencia de autoridades del Ministerio de Seguridad y la Polic\u00eda de Corrientes, se realiz\u00f3 la apertura de la formaci\u00f3n destinada a cadetes de la Escuela de Polic\u00eda y efectivos abocados a puestos de control sobre rutas provinciales y nacionales. Se realiz\u00f3 el primer encuentro de la Capacitaci\u00f3n en Delitos Rurales y Ambientales,&#8230;<\/p>\n","protected":false},"author":2,"featured_media":3414,"comment_status":"closed","ping_status":"closed","sticky":false,"template":"","format":"standard","meta":{"_kad_post_transparent":"default","_kad_post_title":"default","_kad_post_layout":"default","_kad_post_sidebar_id":"","_kad_post_content_style":"default","_kad_post_vertical_padding":"default","_kad_post_feature":"","_kad_post_feature_position":"","_kad_post_header":false,"_kad_post_footer":false,"_kad_post_classname":"","footnotes":""},"categories":[2],"tags":[],"class_list":["post-3413","post","type-post","status-publish","format-standard","has-post-thumbnail","hentry","category-provinciales"],"a3_pvc":{"activated":false,"total_views":0,"today_views":0},"yoast_head":"<!-- This site is optimized with the Yoast SEO plugin v27.5 - https:\/\/yoast.com\/product\/yoast-seo-wordpress\/ -->\n<title>Inici\u00f3 la Capacitaci\u00f3n en Delitos Rurales y Ambientales para efectivos de la Polic\u00eda de Corrientes - Digital Santo Tom\u00e9<\/title>\n<meta name=\"robots\" content=\"index, follow, max-snippet:-1, max-image-preview:large, max-video-preview:-1\" \/>\n<link rel=\"canonical\" href=\"https:\/\/digitalsantotome.com.ar\/?p=3413\" \/>\n<meta property=\"og:locale\" content=\"es_ES\" \/>\n<meta property=\"og:type\" content=\"article\" \/>\n<meta property=\"og:title\" content=\"Inici\u00f3 la Capacitaci\u00f3n en Delitos Rurales y Ambientales para efectivos de la Polic\u00eda de Corrientes - Digital Santo Tom\u00e9\" \/>\n<meta property=\"og:description\" content=\"CORRIENTES. Con la presencia de autoridades del Ministerio de Seguridad y la Polic\u00eda de Corrientes, se realiz\u00f3 la apertura de la formaci\u00f3n destinada a cadetes de la Escuela de Polic\u00eda y efectivos abocados a puestos de control sobre rutas provinciales y nacionales. Se realiz\u00f3 el primer encuentro de la Capacitaci\u00f3n en Delitos Rurales y Ambientales,...\" \/>\n<meta property=\"og:url\" content=\"https:\/\/digitalsantotome.com.ar\/?p=3413\" \/>\n<meta property=\"og:site_name\" content=\"Digital Santo Tom\u00e9\" \/>\n<meta property=\"article:published_time\" content=\"2023-07-28T10:03:03+00:00\" \/>\n<meta property=\"article:modified_time\" content=\"2023-07-28T10:03:21+00:00\" \/>\n<meta property=\"og:image\" content=\"https:\/\/digitalsantotome.com.ar\/wp-content\/uploads\/2023\/07\/imagen-47564.jpg\" \/>\n\t<meta property=\"og:image:width\" content=\"800\" \/>\n\t<meta property=\"og:image:height\" content=\"445\" \/>\n\t<meta property=\"og:image:type\" content=\"image\/jpeg\" \/>\n<meta name=\"author\" content=\"Jose Carlos Machado\" \/>\n<meta name=\"twitter:card\" content=\"summary_large_image\" \/>\n<meta name=\"twitter:label1\" content=\"Escrito por\" \/>\n\t<meta name=\"twitter:data1\" content=\"Jose Carlos Machado\" \/>\n\t<meta name=\"twitter:label2\" content=\"Tiempo de lectura\" \/>\n\t<meta name=\"twitter:data2\" content=\"2 minutos\" \/>\n<script type=\"application\/ld+json\" class=\"yoast-schema-graph\">{\"@context\":\"https:\\\/\\\/schema.org\",\"@graph\":[{\"@type\":\"Article\",\"@id\":\"https:\\\/\\\/digitalsantotome.com.ar\\\/?p=3413#article\",\"isPartOf\":{\"@id\":\"https:\\\/\\\/digitalsantotome.com.ar\\\/?p=3413\"},\"author\":{\"name\":\"Jose Carlos Machado\",\"@id\":\"https:\\\/\\\/digitalsantotome.com.ar\\\/#\\\/schema\\\/person\\\/8991d8822886fedd92ce7f03817e1bdf\"},\"headline\":\"Inici\u00f3 la Capacitaci\u00f3n en Delitos Rurales y Ambientales para efectivos de la Polic\u00eda de Corrientes\",\"datePublished\":\"2023-07-28T10:03:03+00:00\",\"dateModified\":\"2023-07-28T10:03:21+00:00\",\"mainEntityOfPage\":{\"@id\":\"https:\\\/\\\/digitalsantotome.com.ar\\\/?p=3413\"},\"wordCount\":381,\"publisher\":{\"@id\":\"https:\\\/\\\/digitalsantotome.com.ar\\\/#organization\"},\"image\":{\"@id\":\"https:\\\/\\\/digitalsantotome.com.ar\\\/?p=3413#primaryimage\"},\"thumbnailUrl\":\"https:\\\/\\\/digitalsantotome.com.ar\\\/wp-content\\\/uploads\\\/2023\\\/07\\\/imagen-47564.jpg\",\"articleSection\":[\"Provinciales\"],\"inLanguage\":\"es\"},{\"@type\":\"WebPage\",\"@id\":\"https:\\\/\\\/digitalsantotome.com.ar\\\/?p=3413\",\"url\":\"https:\\\/\\\/digitalsantotome.com.ar\\\/?p=3413\",\"name\":\"Inici\u00f3 la Capacitaci\u00f3n en Delitos Rurales y Ambientales para efectivos de la Polic\u00eda de Corrientes - Digital Santo Tom\u00e9\",\"isPartOf\":{\"@id\":\"https:\\\/\\\/digitalsantotome.com.ar\\\/#website\"},\"primaryImageOfPage\":{\"@id\":\"https:\\\/\\\/digitalsantotome.com.ar\\\/?p=3413#primaryimage\"},\"image\":{\"@id\":\"https:\\\/\\\/digitalsantotome.com.ar\\\/?p=3413#primaryimage\"},\"thumbnailUrl\":\"https:\\\/\\\/digitalsantotome.com.ar\\\/wp-content\\\/uploads\\\/2023\\\/07\\\/imagen-47564.jpg\",\"datePublished\":\"2023-07-28T10:03:03+00:00\",\"dateModified\":\"2023-07-28T10:03:21+00:00\",\"breadcrumb\":{\"@id\":\"https:\\\/\\\/digitalsantotome.com.ar\\\/?p=3413#breadcrumb\"},\"inLanguage\":\"es\",\"potentialAction\":[{\"@type\":\"ReadAction\",\"target\":[\"https:\\\/\\\/digitalsantotome.com.ar\\\/?p=3413\"]}]},{\"@type\":\"ImageObject\",\"inLanguage\":\"es\",\"@id\":\"https:\\\/\\\/digitalsantotome.com.ar\\\/?p=3413#primaryimage\",\"url\":\"https:\\\/\\\/digitalsantotome.com.ar\\\/wp-content\\\/uploads\\\/2023\\\/07\\\/imagen-47564.jpg\",\"contentUrl\":\"https:\\\/\\\/digitalsantotome.com.ar\\\/wp-content\\\/uploads\\\/2023\\\/07\\\/imagen-47564.jpg\",\"width\":800,\"height\":445},{\"@type\":\"BreadcrumbList\",\"@id\":\"https:\\\/\\\/digitalsantotome.com.ar\\\/?p=3413#breadcrumb\",\"itemListElement\":[{\"@type\":\"ListItem\",\"position\":1,\"name\":\"Portada\",\"item\":\"https:\\\/\\\/digitalsantotome.com.ar\\\/\"},{\"@type\":\"ListItem\",\"position\":2,\"name\":\"Inici\u00f3 la Capacitaci\u00f3n en Delitos Rurales y Ambientales para efectivos de la Polic\u00eda de Corrientes\"}]},{\"@type\":\"WebSite\",\"@id\":\"https:\\\/\\\/digitalsantotome.com.ar\\\/#website\",\"url\":\"https:\\\/\\\/digitalsantotome.com.ar\\\/\",\"name\":\"Digital Santo Tom\u00e9\",\"description\":\"Noticias desde Santo Tom\u00e9 al Mundo \u2013 La informacion que decide\",\"publisher\":{\"@id\":\"https:\\\/\\\/digitalsantotome.com.ar\\\/#organization\"},\"potentialAction\":[{\"@type\":\"SearchAction\",\"target\":{\"@type\":\"EntryPoint\",\"urlTemplate\":\"https:\\\/\\\/digitalsantotome.com.ar\\\/?s={search_term_string}\"},\"query-input\":{\"@type\":\"PropertyValueSpecification\",\"valueRequired\":true,\"valueName\":\"search_term_string\"}}],\"inLanguage\":\"es\"},{\"@type\":\"Organization\",\"@id\":\"https:\\\/\\\/digitalsantotome.com.ar\\\/#organization\",\"name\":\"Digital Santo Tom\u00e9\",\"url\":\"https:\\\/\\\/digitalsantotome.com.ar\\\/\",\"logo\":{\"@type\":\"ImageObject\",\"inLanguage\":\"es\",\"@id\":\"https:\\\/\\\/digitalsantotome.com.ar\\\/#\\\/schema\\\/logo\\\/image\\\/\",\"url\":\"https:\\\/\\\/digitalsantotome.com.ar\\\/wp-content\\\/uploads\\\/2023\\\/01\\\/facebook.jpg\",\"contentUrl\":\"https:\\\/\\\/digitalsantotome.com.ar\\\/wp-content\\\/uploads\\\/2023\\\/01\\\/facebook.jpg\",\"width\":512,\"height\":376,\"caption\":\"Digital Santo Tom\u00e9\"},\"image\":{\"@id\":\"https:\\\/\\\/digitalsantotome.com.ar\\\/#\\\/schema\\\/logo\\\/image\\\/\"}},{\"@type\":\"Person\",\"@id\":\"https:\\\/\\\/digitalsantotome.com.ar\\\/#\\\/schema\\\/person\\\/8991d8822886fedd92ce7f03817e1bdf\",\"name\":\"Jose Carlos Machado\",\"url\":\"https:\\\/\\\/digitalsantotome.com.ar\\\/?author=2\"}]}<\/script>\n<!-- \/ Yoast SEO plugin. -->","yoast_head_json":{"title":"Inici\u00f3 la Capacitaci\u00f3n en Delitos Rurales y Ambientales para efectivos de la Polic\u00eda de Corrientes - Digital Santo Tom\u00e9","robots":{"index":"index","follow":"follow","max-snippet":"max-snippet:-1","max-image-preview":"max-image-preview:large","max-video-preview":"max-video-preview:-1"},"canonical":"https:\/\/digitalsantotome.com.ar\/?p=3413","og_locale":"es_ES","og_type":"article","og_title":"Inici\u00f3 la Capacitaci\u00f3n en Delitos Rurales y Ambientales para efectivos de la Polic\u00eda de Corrientes - Digital Santo Tom\u00e9","og_description":"CORRIENTES. Con la presencia de autoridades del Ministerio de Seguridad y la Polic\u00eda de Corrientes, se realiz\u00f3 la apertura de la formaci\u00f3n destinada a cadetes de la Escuela de Polic\u00eda y efectivos abocados a puestos de control sobre rutas provinciales y nacionales. Se realiz\u00f3 el primer encuentro de la Capacitaci\u00f3n en Delitos Rurales y Ambientales,...","og_url":"https:\/\/digitalsantotome.com.ar\/?p=3413","og_site_name":"Digital Santo Tom\u00e9","article_published_time":"2023-07-28T10:03:03+00:00","article_modified_time":"2023-07-28T10:03:21+00:00","og_image":[{"width":800,"height":445,"url":"https:\/\/digitalsantotome.com.ar\/wp-content\/uploads\/2023\/07\/imagen-47564.jpg","type":"image\/jpeg"}],"author":"Jose Carlos Machado","twitter_card":"summary_large_image","twitter_misc":{"Escrito por":"Jose Carlos Machado","Tiempo de lectura":"2 minutos"},"schema":{"@context":"https:\/\/schema.org","@graph":[{"@type":"Article","@id":"https:\/\/digitalsantotome.com.ar\/?p=3413#article","isPartOf":{"@id":"https:\/\/digitalsantotome.com.ar\/?p=3413"},"author":{"name":"Jose Carlos Machado","@id":"https:\/\/digitalsantotome.com.ar\/#\/schema\/person\/8991d8822886fedd92ce7f03817e1bdf"},"headline":"Inici\u00f3 la Capacitaci\u00f3n en Delitos Rurales y Ambientales para efectivos de la Polic\u00eda de Corrientes","datePublished":"2023-07-28T10:03:03+00:00","dateModified":"2023-07-28T10:03:21+00:00","mainEntityOfPage":{"@id":"https:\/\/digitalsantotome.com.ar\/?p=3413"},"wordCount":381,"publisher":{"@id":"https:\/\/digitalsantotome.com.ar\/#organization"},"image":{"@id":"https:\/\/digitalsantotome.com.ar\/?p=3413#primaryimage"},"thumbnailUrl":"https:\/\/digitalsantotome.com.ar\/wp-content\/uploads\/2023\/07\/imagen-47564.jpg","articleSection":["Provinciales"],"inLanguage":"es"},{"@type":"WebPage","@id":"https:\/\/digitalsantotome.com.ar\/?p=3413","url":"https:\/\/digitalsantotome.com.ar\/?p=3413","name":"Inici\u00f3 la Capacitaci\u00f3n en Delitos Rurales y Ambientales para efectivos de la Polic\u00eda de Corrientes - Digital Santo Tom\u00e9","isPartOf":{"@id":"https:\/\/digitalsantotome.com.ar\/#website"},"primaryImageOfPage":{"@id":"https:\/\/digitalsantotome.com.ar\/?p=3413#primaryimage"},"image":{"@id":"https:\/\/digitalsantotome.com.ar\/?p=3413#primaryimage"},"thumbnailUrl":"https:\/\/digitalsantotome.com.ar\/wp-content\/uploads\/2023\/07\/imagen-47564.jpg","datePublished":"2023-07-28T10:03:03+00:00","dateModified":"2023-07-28T10:03:21+00:00","breadcrumb":{"@id":"https:\/\/digitalsantotome.com.ar\/?p=3413#breadcrumb"},"inLanguage":"es","potentialAction":[{"@type":"ReadAction","target":["https:\/\/digitalsantotome.com.ar\/?p=3413"]}]},{"@type":"ImageObject","inLanguage":"es","@id":"https:\/\/digitalsantotome.com.ar\/?p=3413#primaryimage","url":"https:\/\/digitalsantotome.com.ar\/wp-content\/uploads\/2023\/07\/imagen-47564.jpg","contentUrl":"https:\/\/digitalsantotome.com.ar\/wp-content\/uploads\/2023\/07\/imagen-47564.jpg","width":800,"height":445},{"@type":"BreadcrumbList","@id":"https:\/\/digitalsantotome.com.ar\/?p=3413#breadcrumb","itemListElement":[{"@type":"ListItem","position":1,"name":"Portada","item":"https:\/\/digitalsantotome.com.ar\/"},{"@type":"ListItem","position":2,"name":"Inici\u00f3 la Capacitaci\u00f3n en Delitos Rurales y Ambientales para efectivos de la Polic\u00eda de Corrientes"}]},{"@type":"WebSite","@id":"https:\/\/digitalsantotome.com.ar\/#website","url":"https:\/\/digitalsantotome.com.ar\/","name":"Digital Santo Tom\u00e9","description":"Noticias desde Santo Tom\u00e9 al Mundo \u2013 La informacion que decide","publisher":{"@id":"https:\/\/digitalsantotome.com.ar\/#organization"},"potentialAction":[{"@type":"SearchAction","target":{"@type":"EntryPoint","urlTemplate":"https:\/\/digitalsantotome.com.ar\/?s={search_term_string}"},"query-input":{"@type":"PropertyValueSpecification","valueRequired":true,"valueName":"search_term_string"}}],"inLanguage":"es"},{"@type":"Organization","@id":"https:\/\/digitalsantotome.com.ar\/#organization","name":"Digital Santo Tom\u00e9","url":"https:\/\/digitalsantotome.com.ar\/","logo":{"@type":"ImageObject","inLanguage":"es","@id":"https:\/\/digitalsantotome.com.ar\/#\/schema\/logo\/image\/","url":"https:\/\/digitalsantotome.com.ar\/wp-content\/uploads\/2023\/01\/facebook.jpg","contentUrl":"https:\/\/digitalsantotome.com.ar\/wp-content\/uploads\/2023\/01\/facebook.jpg","width":512,"height":376,"caption":"Digital Santo Tom\u00e9"},"image":{"@id":"https:\/\/digitalsantotome.com.ar\/#\/schema\/logo\/image\/"}},{"@type":"Person","@id":"https:\/\/digitalsantotome.com.ar\/#\/schema\/person\/8991d8822886fedd92ce7f03817e1bdf","name":"Jose Carlos Machado","url":"https:\/\/digitalsantotome.com.ar\/?author=2"}]}},"_links":{"self":[{"href":"https:\/\/digitalsantotome.com.ar\/index.php?rest_route=\/wp\/v2\/posts\/3413","targetHints":{"allow":["GET"]}}],"collection":[{"href":"https:\/\/digitalsantotome.com.ar\/index.php?rest_route=\/wp\/v2\/posts"}],"about":[{"href":"https:\/\/digitalsantotome.com.ar\/index.php?rest_route=\/wp\/v2\/types\/post"}],"author":[{"embeddable":true,"href":"https:\/\/digitalsantotome.com.ar\/index.php?rest_route=\/wp\/v2\/users\/2"}],"replies":[{"embeddable":true,"href":"https:\/\/digitalsantotome.com.ar\/index.php?rest_route=%2Fwp%2Fv2%2Fcomments&post=3413"}],"version-history":[{"count":1,"href":"https:\/\/digitalsantotome.com.ar\/index.php?rest_route=\/wp\/v2\/posts\/3413\/revisions"}],"predecessor-version":[{"id":3415,"href":"https:\/\/digitalsantotome.com.ar\/index.php?rest_route=\/wp\/v2\/posts\/3413\/revisions\/3415"}],"wp:featuredmedia":[{"embeddable":true,"href":"https:\/\/digitalsantotome.com.ar\/index.php?rest_route=\/wp\/v2\/media\/3414"}],"wp:attachment":[{"href":"https:\/\/digitalsantotome.com.ar\/index.php?rest_route=%2Fwp%2Fv2%2Fmedia&parent=3413"}],"wp:term":[{"taxonomy":"category","embeddable":true,"href":"https:\/\/digitalsantotome.com.ar\/index.php?rest_route=%2Fwp%2Fv2%2Fcategories&post=3413"},{"taxonomy":"post_tag","embeddable":true,"href":"https:\/\/digitalsantotome.com.ar\/index.php?rest_route=%2Fwp%2Fv2%2Ftags&post=3413"}],"curies":[{"name":"wp","href":"https:\/\/api.w.org\/{rel}","templated":true}]}}