{"id":3941,"date":"2023-09-14T08:15:30","date_gmt":"2023-09-14T11:15:30","guid":{"rendered":"https:\/\/digitalsantotome.com.ar\/?p=3941"},"modified":"2023-09-14T08:16:25","modified_gmt":"2023-09-14T11:16:25","slug":"colombi-milei-confunde-con-un-discurso-muy-perverso-y-que-la-ucr-no-deber-ir-detras-de-nadie","status":"publish","type":"post","link":"https:\/\/digitalsantotome.com.ar\/?p=3941","title":{"rendered":"Colombi: \u00abMilei confunde con un discurso muy perverso\u00bb y dice que la UCR no deber ir detr\u00e1s de nadie"},"content":{"rendered":"<p>CORRIENTES. El senador provincial, Ricardo Colombi no cesa con sus cr\u00edticas observaciones al l\u00edder de La Libertad Avanza, Javier Milei, que se podr\u00eda convertir en el pr\u00f3ximo presidente de la Naci\u00f3n.<br \/>\n\u00abSi ganara (Milei), est\u00e1 bien. Lo que yo digo es que para gobernar se necesita tener el respaldo necesario en el Congreso de la Naci\u00f3n. Si no, no hay ninguna ley que pueda avanzar. Y si no hay ninguna ley que pueda avanzar, ninguna de las cosas que se han hecho se van a pagar con el Estado\u00bb, explic\u00f3 el ex Gobernador de la Provincia.<\/p>\n<p>\u00abNo va a poder porque va en contra de lo que mayoritariamente est\u00e1 conformado. Ac\u00e1 se habla de libertad, pero para tener libertad tenemos que tener vida. Y la vida es mucho m\u00e1s importante que la libertad porque con vida podemos hacer muchas cosas. Sin vida no hay libertad. No nos confundamos. Tiene un mensaje muy inteligente pero que es perverso. Que no se deje confundir la ciudadan\u00eda\u00bb, remarc\u00f3.<\/p>\n<p>Al referirse a la actualidad de la Uni\u00f3n C\u00edvica Radical, el mercede\u00f1o puntualiz\u00f3: \u00abEs importante ganar Mendoza, ganar Chaco y en ese sentido empezar a forjar un polo de poder del radicalismo a partir de 2025, 2027, sea cabeza de f\u00f3rmula. Nadie detr\u00e1s de nadie. No queremos ser furg\u00f3n de cola de nadie. El replanteo del radicalismo se va a dar s\u00ed o s\u00ed, sin importar los resultados, s\u00f3lo que el efecto podr\u00eda ser con mayores repercusiones si no gana Juntos por el Cambio\u00bb.<\/p>\n<p>Cabe recordar que el ex hombre fuerte de Corrientes ya hab\u00eda manifestado una visi\u00f3n cr\u00edtica en caso que el referente libertario llegue al Sill\u00f3n de Rivadavia. \u00abLo peor que puede ocurrir es que la ciudadan\u00eda vaya a votar con bronca, porque puede ser peor el remedio que la enfermedad y a los seis meses del a\u00f1o que viene estemos eligiendo de nuevo presidente. Hay que hacer un voto muy racional y tranquilo, haciendo los an\u00e1lisis de la situaci\u00f3n y pensando a futuro\u00bb, agreg\u00f3.<br \/>\nEn este aspecto, tambi\u00e9n inst\u00f3 un mayor compromiso para las fuerzas provinciales y al PRO, de cara a octubre.<\/p>\n<p>Fuente: EL LIBERTADOR<\/p>\n","protected":false},"excerpt":{"rendered":"<p>CORRIENTES. El senador provincial, Ricardo Colombi no cesa con sus cr\u00edticas observaciones al l\u00edder de La Libertad Avanza, Javier Milei, que se podr\u00eda convertir en el pr\u00f3ximo presidente de la Naci\u00f3n. \u00abSi ganara (Milei), est\u00e1 bien. Lo que yo digo es que para gobernar se necesita tener el respaldo necesario en el Congreso de la&#8230;<\/p>\n","protected":false},"author":2,"featured_media":3942,"comment_status":"closed","ping_status":"closed","sticky":false,"template":"","format":"standard","meta":{"_kad_post_transparent":"default","_kad_post_title":"default","_kad_post_layout":"default","_kad_post_sidebar_id":"","_kad_post_content_style":"default","_kad_post_vertical_padding":"default","_kad_post_feature":"","_kad_post_feature_position":"","_kad_post_header":false,"_kad_post_footer":false,"_kad_post_classname":"","footnotes":""},"categories":[2],"tags":[],"class_list":["post-3941","post","type-post","status-publish","format-standard","has-post-thumbnail","hentry","category-provinciales"],"a3_pvc":{"activated":false,"total_views":0,"today_views":0},"yoast_head":"<!-- This site is optimized with the Yoast SEO plugin v27.5 - https:\/\/yoast.com\/product\/yoast-seo-wordpress\/ -->\n<title>Colombi: \u00abMilei confunde con un discurso muy perverso\u00bb y dice que la UCR no deber ir detr\u00e1s de nadie - Digital Santo Tom\u00e9<\/title>\n<meta name=\"robots\" content=\"index, follow, max-snippet:-1, max-image-preview:large, max-video-preview:-1\" \/>\n<link rel=\"canonical\" href=\"https:\/\/digitalsantotome.com.ar\/?p=3941\" \/>\n<meta property=\"og:locale\" content=\"es_ES\" \/>\n<meta property=\"og:type\" content=\"article\" \/>\n<meta property=\"og:title\" content=\"Colombi: \u00abMilei confunde con un discurso muy perverso\u00bb y dice que la UCR no deber ir detr\u00e1s de nadie - Digital Santo Tom\u00e9\" \/>\n<meta property=\"og:description\" content=\"CORRIENTES. El senador provincial, Ricardo Colombi no cesa con sus cr\u00edticas observaciones al l\u00edder de La Libertad Avanza, Javier Milei, que se podr\u00eda convertir en el pr\u00f3ximo presidente de la Naci\u00f3n. \u00abSi ganara (Milei), est\u00e1 bien. Lo que yo digo es que para gobernar se necesita tener el respaldo necesario en el Congreso de la...\" \/>\n<meta property=\"og:url\" content=\"https:\/\/digitalsantotome.com.ar\/?p=3941\" \/>\n<meta property=\"og:site_name\" content=\"Digital Santo Tom\u00e9\" \/>\n<meta property=\"article:published_time\" content=\"2023-09-14T11:15:30+00:00\" \/>\n<meta property=\"article:modified_time\" content=\"2023-09-14T11:16:25+00:00\" \/>\n<meta property=\"og:image\" content=\"https:\/\/digitalsantotome.com.ar\/wp-content\/uploads\/2023\/09\/02-FOTO-20-UCR.jpg\" \/>\n\t<meta property=\"og:image:width\" content=\"800\" \/>\n\t<meta property=\"og:image:height\" content=\"529\" \/>\n\t<meta property=\"og:image:type\" content=\"image\/jpeg\" \/>\n<meta name=\"author\" content=\"Jose Carlos Machado\" \/>\n<meta name=\"twitter:card\" content=\"summary_large_image\" \/>\n<meta name=\"twitter:label1\" content=\"Escrito por\" \/>\n\t<meta name=\"twitter:data1\" content=\"Jose Carlos Machado\" \/>\n\t<meta name=\"twitter:label2\" content=\"Tiempo de lectura\" \/>\n\t<meta name=\"twitter:data2\" content=\"2 minutos\" \/>\n<script type=\"application\/ld+json\" class=\"yoast-schema-graph\">{\"@context\":\"https:\\\/\\\/schema.org\",\"@graph\":[{\"@type\":\"Article\",\"@id\":\"https:\\\/\\\/digitalsantotome.com.ar\\\/?p=3941#article\",\"isPartOf\":{\"@id\":\"https:\\\/\\\/digitalsantotome.com.ar\\\/?p=3941\"},\"author\":{\"name\":\"Jose Carlos Machado\",\"@id\":\"https:\\\/\\\/digitalsantotome.com.ar\\\/#\\\/schema\\\/person\\\/8991d8822886fedd92ce7f03817e1bdf\"},\"headline\":\"Colombi: \u00abMilei confunde con un discurso muy perverso\u00bb y dice que la UCR no deber ir detr\u00e1s de nadie\",\"datePublished\":\"2023-09-14T11:15:30+00:00\",\"dateModified\":\"2023-09-14T11:16:25+00:00\",\"mainEntityOfPage\":{\"@id\":\"https:\\\/\\\/digitalsantotome.com.ar\\\/?p=3941\"},\"wordCount\":397,\"publisher\":{\"@id\":\"https:\\\/\\\/digitalsantotome.com.ar\\\/#organization\"},\"image\":{\"@id\":\"https:\\\/\\\/digitalsantotome.com.ar\\\/?p=3941#primaryimage\"},\"thumbnailUrl\":\"https:\\\/\\\/digitalsantotome.com.ar\\\/wp-content\\\/uploads\\\/2023\\\/09\\\/02-FOTO-20-UCR.jpg\",\"articleSection\":[\"Provinciales\"],\"inLanguage\":\"es\"},{\"@type\":\"WebPage\",\"@id\":\"https:\\\/\\\/digitalsantotome.com.ar\\\/?p=3941\",\"url\":\"https:\\\/\\\/digitalsantotome.com.ar\\\/?p=3941\",\"name\":\"Colombi: \u00abMilei confunde con un discurso muy perverso\u00bb y dice que la UCR no deber ir detr\u00e1s de nadie - Digital Santo Tom\u00e9\",\"isPartOf\":{\"@id\":\"https:\\\/\\\/digitalsantotome.com.ar\\\/#website\"},\"primaryImageOfPage\":{\"@id\":\"https:\\\/\\\/digitalsantotome.com.ar\\\/?p=3941#primaryimage\"},\"image\":{\"@id\":\"https:\\\/\\\/digitalsantotome.com.ar\\\/?p=3941#primaryimage\"},\"thumbnailUrl\":\"https:\\\/\\\/digitalsantotome.com.ar\\\/wp-content\\\/uploads\\\/2023\\\/09\\\/02-FOTO-20-UCR.jpg\",\"datePublished\":\"2023-09-14T11:15:30+00:00\",\"dateModified\":\"2023-09-14T11:16:25+00:00\",\"breadcrumb\":{\"@id\":\"https:\\\/\\\/digitalsantotome.com.ar\\\/?p=3941#breadcrumb\"},\"inLanguage\":\"es\",\"potentialAction\":[{\"@type\":\"ReadAction\",\"target\":[\"https:\\\/\\\/digitalsantotome.com.ar\\\/?p=3941\"]}]},{\"@type\":\"ImageObject\",\"inLanguage\":\"es\",\"@id\":\"https:\\\/\\\/digitalsantotome.com.ar\\\/?p=3941#primaryimage\",\"url\":\"https:\\\/\\\/digitalsantotome.com.ar\\\/wp-content\\\/uploads\\\/2023\\\/09\\\/02-FOTO-20-UCR.jpg\",\"contentUrl\":\"https:\\\/\\\/digitalsantotome.com.ar\\\/wp-content\\\/uploads\\\/2023\\\/09\\\/02-FOTO-20-UCR.jpg\",\"width\":800,\"height\":529},{\"@type\":\"BreadcrumbList\",\"@id\":\"https:\\\/\\\/digitalsantotome.com.ar\\\/?p=3941#breadcrumb\",\"itemListElement\":[{\"@type\":\"ListItem\",\"position\":1,\"name\":\"Portada\",\"item\":\"https:\\\/\\\/digitalsantotome.com.ar\\\/\"},{\"@type\":\"ListItem\",\"position\":2,\"name\":\"Colombi: \u00abMilei confunde con un discurso muy perverso\u00bb y dice que la UCR no deber ir detr\u00e1s de nadie\"}]},{\"@type\":\"WebSite\",\"@id\":\"https:\\\/\\\/digitalsantotome.com.ar\\\/#website\",\"url\":\"https:\\\/\\\/digitalsantotome.com.ar\\\/\",\"name\":\"Digital Santo Tom\u00e9\",\"description\":\"Noticias desde Santo Tom\u00e9 al Mundo \u2013 La informacion que decide\",\"publisher\":{\"@id\":\"https:\\\/\\\/digitalsantotome.com.ar\\\/#organization\"},\"potentialAction\":[{\"@type\":\"SearchAction\",\"target\":{\"@type\":\"EntryPoint\",\"urlTemplate\":\"https:\\\/\\\/digitalsantotome.com.ar\\\/?s={search_term_string}\"},\"query-input\":{\"@type\":\"PropertyValueSpecification\",\"valueRequired\":true,\"valueName\":\"search_term_string\"}}],\"inLanguage\":\"es\"},{\"@type\":\"Organization\",\"@id\":\"https:\\\/\\\/digitalsantotome.com.ar\\\/#organization\",\"name\":\"Digital Santo Tom\u00e9\",\"url\":\"https:\\\/\\\/digitalsantotome.com.ar\\\/\",\"logo\":{\"@type\":\"ImageObject\",\"inLanguage\":\"es\",\"@id\":\"https:\\\/\\\/digitalsantotome.com.ar\\\/#\\\/schema\\\/logo\\\/image\\\/\",\"url\":\"https:\\\/\\\/digitalsantotome.com.ar\\\/wp-content\\\/uploads\\\/2023\\\/01\\\/facebook.jpg\",\"contentUrl\":\"https:\\\/\\\/digitalsantotome.com.ar\\\/wp-content\\\/uploads\\\/2023\\\/01\\\/facebook.jpg\",\"width\":512,\"height\":376,\"caption\":\"Digital Santo Tom\u00e9\"},\"image\":{\"@id\":\"https:\\\/\\\/digitalsantotome.com.ar\\\/#\\\/schema\\\/logo\\\/image\\\/\"}},{\"@type\":\"Person\",\"@id\":\"https:\\\/\\\/digitalsantotome.com.ar\\\/#\\\/schema\\\/person\\\/8991d8822886fedd92ce7f03817e1bdf\",\"name\":\"Jose Carlos Machado\",\"url\":\"https:\\\/\\\/digitalsantotome.com.ar\\\/?author=2\"}]}<\/script>\n<!-- \/ Yoast SEO plugin. -->","yoast_head_json":{"title":"Colombi: \u00abMilei confunde con un discurso muy perverso\u00bb y dice que la UCR no deber ir detr\u00e1s de nadie - Digital Santo Tom\u00e9","robots":{"index":"index","follow":"follow","max-snippet":"max-snippet:-1","max-image-preview":"max-image-preview:large","max-video-preview":"max-video-preview:-1"},"canonical":"https:\/\/digitalsantotome.com.ar\/?p=3941","og_locale":"es_ES","og_type":"article","og_title":"Colombi: \u00abMilei confunde con un discurso muy perverso\u00bb y dice que la UCR no deber ir detr\u00e1s de nadie - Digital Santo Tom\u00e9","og_description":"CORRIENTES. El senador provincial, Ricardo Colombi no cesa con sus cr\u00edticas observaciones al l\u00edder de La Libertad Avanza, Javier Milei, que se podr\u00eda convertir en el pr\u00f3ximo presidente de la Naci\u00f3n. \u00abSi ganara (Milei), est\u00e1 bien. Lo que yo digo es que para gobernar se necesita tener el respaldo necesario en el Congreso de la...","og_url":"https:\/\/digitalsantotome.com.ar\/?p=3941","og_site_name":"Digital Santo Tom\u00e9","article_published_time":"2023-09-14T11:15:30+00:00","article_modified_time":"2023-09-14T11:16:25+00:00","og_image":[{"width":800,"height":529,"url":"https:\/\/digitalsantotome.com.ar\/wp-content\/uploads\/2023\/09\/02-FOTO-20-UCR.jpg","type":"image\/jpeg"}],"author":"Jose Carlos Machado","twitter_card":"summary_large_image","twitter_misc":{"Escrito por":"Jose Carlos Machado","Tiempo de lectura":"2 minutos"},"schema":{"@context":"https:\/\/schema.org","@graph":[{"@type":"Article","@id":"https:\/\/digitalsantotome.com.ar\/?p=3941#article","isPartOf":{"@id":"https:\/\/digitalsantotome.com.ar\/?p=3941"},"author":{"name":"Jose Carlos Machado","@id":"https:\/\/digitalsantotome.com.ar\/#\/schema\/person\/8991d8822886fedd92ce7f03817e1bdf"},"headline":"Colombi: \u00abMilei confunde con un discurso muy perverso\u00bb y dice que la UCR no deber ir detr\u00e1s de nadie","datePublished":"2023-09-14T11:15:30+00:00","dateModified":"2023-09-14T11:16:25+00:00","mainEntityOfPage":{"@id":"https:\/\/digitalsantotome.com.ar\/?p=3941"},"wordCount":397,"publisher":{"@id":"https:\/\/digitalsantotome.com.ar\/#organization"},"image":{"@id":"https:\/\/digitalsantotome.com.ar\/?p=3941#primaryimage"},"thumbnailUrl":"https:\/\/digitalsantotome.com.ar\/wp-content\/uploads\/2023\/09\/02-FOTO-20-UCR.jpg","articleSection":["Provinciales"],"inLanguage":"es"},{"@type":"WebPage","@id":"https:\/\/digitalsantotome.com.ar\/?p=3941","url":"https:\/\/digitalsantotome.com.ar\/?p=3941","name":"Colombi: \u00abMilei confunde con un discurso muy perverso\u00bb y dice que la UCR no deber ir detr\u00e1s de nadie - Digital Santo Tom\u00e9","isPartOf":{"@id":"https:\/\/digitalsantotome.com.ar\/#website"},"primaryImageOfPage":{"@id":"https:\/\/digitalsantotome.com.ar\/?p=3941#primaryimage"},"image":{"@id":"https:\/\/digitalsantotome.com.ar\/?p=3941#primaryimage"},"thumbnailUrl":"https:\/\/digitalsantotome.com.ar\/wp-content\/uploads\/2023\/09\/02-FOTO-20-UCR.jpg","datePublished":"2023-09-14T11:15:30+00:00","dateModified":"2023-09-14T11:16:25+00:00","breadcrumb":{"@id":"https:\/\/digitalsantotome.com.ar\/?p=3941#breadcrumb"},"inLanguage":"es","potentialAction":[{"@type":"ReadAction","target":["https:\/\/digitalsantotome.com.ar\/?p=3941"]}]},{"@type":"ImageObject","inLanguage":"es","@id":"https:\/\/digitalsantotome.com.ar\/?p=3941#primaryimage","url":"https:\/\/digitalsantotome.com.ar\/wp-content\/uploads\/2023\/09\/02-FOTO-20-UCR.jpg","contentUrl":"https:\/\/digitalsantotome.com.ar\/wp-content\/uploads\/2023\/09\/02-FOTO-20-UCR.jpg","width":800,"height":529},{"@type":"BreadcrumbList","@id":"https:\/\/digitalsantotome.com.ar\/?p=3941#breadcrumb","itemListElement":[{"@type":"ListItem","position":1,"name":"Portada","item":"https:\/\/digitalsantotome.com.ar\/"},{"@type":"ListItem","position":2,"name":"Colombi: \u00abMilei confunde con un discurso muy perverso\u00bb y dice que la UCR no deber ir detr\u00e1s de nadie"}]},{"@type":"WebSite","@id":"https:\/\/digitalsantotome.com.ar\/#website","url":"https:\/\/digitalsantotome.com.ar\/","name":"Digital Santo Tom\u00e9","description":"Noticias desde Santo Tom\u00e9 al Mundo \u2013 La informacion que decide","publisher":{"@id":"https:\/\/digitalsantotome.com.ar\/#organization"},"potentialAction":[{"@type":"SearchAction","target":{"@type":"EntryPoint","urlTemplate":"https:\/\/digitalsantotome.com.ar\/?s={search_term_string}"},"query-input":{"@type":"PropertyValueSpecification","valueRequired":true,"valueName":"search_term_string"}}],"inLanguage":"es"},{"@type":"Organization","@id":"https:\/\/digitalsantotome.com.ar\/#organization","name":"Digital Santo Tom\u00e9","url":"https:\/\/digitalsantotome.com.ar\/","logo":{"@type":"ImageObject","inLanguage":"es","@id":"https:\/\/digitalsantotome.com.ar\/#\/schema\/logo\/image\/","url":"https:\/\/digitalsantotome.com.ar\/wp-content\/uploads\/2023\/01\/facebook.jpg","contentUrl":"https:\/\/digitalsantotome.com.ar\/wp-content\/uploads\/2023\/01\/facebook.jpg","width":512,"height":376,"caption":"Digital Santo Tom\u00e9"},"image":{"@id":"https:\/\/digitalsantotome.com.ar\/#\/schema\/logo\/image\/"}},{"@type":"Person","@id":"https:\/\/digitalsantotome.com.ar\/#\/schema\/person\/8991d8822886fedd92ce7f03817e1bdf","name":"Jose Carlos Machado","url":"https:\/\/digitalsantotome.com.ar\/?author=2"}]}},"_links":{"self":[{"href":"https:\/\/digitalsantotome.com.ar\/index.php?rest_route=\/wp\/v2\/posts\/3941","targetHints":{"allow":["GET"]}}],"collection":[{"href":"https:\/\/digitalsantotome.com.ar\/index.php?rest_route=\/wp\/v2\/posts"}],"about":[{"href":"https:\/\/digitalsantotome.com.ar\/index.php?rest_route=\/wp\/v2\/types\/post"}],"author":[{"embeddable":true,"href":"https:\/\/digitalsantotome.com.ar\/index.php?rest_route=\/wp\/v2\/users\/2"}],"replies":[{"embeddable":true,"href":"https:\/\/digitalsantotome.com.ar\/index.php?rest_route=%2Fwp%2Fv2%2Fcomments&post=3941"}],"version-history":[{"count":2,"href":"https:\/\/digitalsantotome.com.ar\/index.php?rest_route=\/wp\/v2\/posts\/3941\/revisions"}],"predecessor-version":[{"id":3944,"href":"https:\/\/digitalsantotome.com.ar\/index.php?rest_route=\/wp\/v2\/posts\/3941\/revisions\/3944"}],"wp:featuredmedia":[{"embeddable":true,"href":"https:\/\/digitalsantotome.com.ar\/index.php?rest_route=\/wp\/v2\/media\/3942"}],"wp:attachment":[{"href":"https:\/\/digitalsantotome.com.ar\/index.php?rest_route=%2Fwp%2Fv2%2Fmedia&parent=3941"}],"wp:term":[{"taxonomy":"category","embeddable":true,"href":"https:\/\/digitalsantotome.com.ar\/index.php?rest_route=%2Fwp%2Fv2%2Fcategories&post=3941"},{"taxonomy":"post_tag","embeddable":true,"href":"https:\/\/digitalsantotome.com.ar\/index.php?rest_route=%2Fwp%2Fv2%2Ftags&post=3941"}],"curies":[{"name":"wp","href":"https:\/\/api.w.org\/{rel}","templated":true}]}}