{"id":4039,"date":"2023-09-24T08:48:47","date_gmt":"2023-09-24T11:48:47","guid":{"rendered":"https:\/\/digitalsantotome.com.ar\/?p=4039"},"modified":"2023-09-27T08:27:13","modified_gmt":"2023-09-27T11:27:13","slug":"tras-un-proceso-de-normalizacion-institucional-quedo-conformada-la-nueva-comision-de-la-sociedad-espanola","status":"publish","type":"post","link":"https:\/\/digitalsantotome.com.ar\/?p=4039","title":{"rendered":"Tras un proceso de normalizaci\u00f3n institucional, qued\u00f3 conformada la nueva comisi\u00f3n de la Sociedad Espa\u00f1ola"},"content":{"rendered":"<p>SANTO TOME. Qued\u00f3 conformada la nueva Comisi\u00f3n Normalizadora de la Sociedad Espa\u00f1ola de Socorros Mutuos de Santo Tom\u00e9. As\u00ed lo inform\u00f3 el Dr. Gustavo Fajardo, flamante presidente de la entidad; quien adem\u00e1s brind\u00f3 detalles del proceso de reconstrucci\u00f3n que proyectan llevar adelante. En la oportunidad dej\u00f3 trascender que dicha tarea se realizar\u00e1 en cuatro etapas y que la primera de ellas prev\u00e9 la recuperaci\u00f3n del teatro de \u201cLa Espa\u00f1ola\u201d con un auditorio de usos m\u00faltiples que sea de utilidad p\u00fablica, como as\u00ed tambi\u00e9n que se pretende conservar la fachada original por ser considerada patrimonio hist\u00f3rico de la ciudad, y que estar\u00edan recuperables, a pesar del estado de abandono en que se encuentran, las dos canchas de b\u00e1squet existentes en el lugar. Fajardo valor\u00f3 el aporte que viene realizando el Dr. Julio Naya en materia de asesoramiento hist\u00f3rico, y el apoyo del gobierno de la provincia que aportar\u00e1 lo necesario para esta ardua tarea.<\/p>\n<p><img fetchpriority=\"high\" decoding=\"async\" class=\"alignnone size-full wp-image-4041\" src=\"https:\/\/digitalsantotome.com.ar\/wp-content\/uploads\/2023\/09\/FAJARDO2.jpg\" alt=\"\" width=\"800\" height=\"451\" srcset=\"https:\/\/digitalsantotome.com.ar\/wp-content\/uploads\/2023\/09\/FAJARDO2.jpg 800w, https:\/\/digitalsantotome.com.ar\/wp-content\/uploads\/2023\/09\/FAJARDO2-300x169.jpg 300w, https:\/\/digitalsantotome.com.ar\/wp-content\/uploads\/2023\/09\/FAJARDO2-768x433.jpg 768w\" sizes=\"(max-width: 800px) 100vw, 800px\" \/><\/p>\n<p>\u201cNos han aprobado desde Personer\u00eda Jur\u00eddica de la Provincia de Corrientes una Comisi\u00f3n Normalizadora por dos a\u00f1os, es decir, hay una comisi\u00f3n legalmente constituida que esta conformada por vecinos de Santo Tom\u00e9\u00bb se\u00f1al\u00f3 Fajardo.<\/p>\n<p>REUNIONES<\/p>\n<p>Luego a\u00f1adi\u00f3: \u201cVenimos realizando reuniones todos los s\u00e1bados en el predio de la Sociedad Espa\u00f1ola y somos conscientes que es un desaf\u00edo muy grande el que tenemos por delante, pero gracias al apoyo del municipio y del gobierno de la provincia hemos iniciado un plan de mejora y vamos a hacer una nueva Espa\u00f1ola tratando de conservar la fachada original para lo cual ya se hicieron los planos de mensura correspondiente en el marco de la primera de las cuatro etapas planificadas\u201d.<\/p>\n<p>PRIMER OBJETIVO<\/p>\n<p>Seguidamente, Fajardo sostuvo que \u201cen la primera etapa vamos a restaurar el antiguo teatro que exist\u00eda en la Sociedad Espa\u00f1ola porque fue lo m\u00e1s emblem\u00e1tico de esta instituci\u00f3n ya que fue el \u00fanico teatro en Santo Tom\u00e9, por lo que es un proyecto que ya est\u00e1 en v\u00eda de estudio por parte de los arquitectos e ingenieros del Gobierno de la Provincia de Corrientes y creemos que es una obra que va a ser muy importante para nuestra ciudad porque permitir\u00e1 volver a revalorizar nuestra querida Sociedad Espa\u00f1ola lo que para nosotros es muy importante porque la mitad de los santotome\u00f1os llevamos apellidos espa\u00f1oles y es claramente una comunidad muy fuerte en Santo Tom\u00e9, hay realmente muchos descendientes de espa\u00f1oles\u201d, advirti\u00f3.<\/p>\n<p>Seguidamente agreg\u00f3: \u201cLas otras tres etapas depender\u00e1 de las necesidades que vayamos detectando en el proceso de reconstrucci\u00f3n, pero ya hemos observado que necesitamos, por ejemplo, de un sal\u00f3n auditorio que ser\u00e1 en este caso el teatro espacio que tambi\u00e9n servir\u00e1 para actividades m\u00faltiples como pueden ser: conferencias, charlas, etc.\u201d, explic\u00f3.<\/p>\n<p>Dicho esto, record\u00f3 que esta instituci\u00f3n tiene mucha historia en Santo Tom\u00e9, y que por eso tratar\u00e1n de preservar la fachada el edificio, \u201ces un espacio muy caro a nuestros afectos\u201d, sostuvo, a la vez que mencion\u00f3 que dicha estructura tiene m\u00e1s de 100 a\u00f1os de existencia. \u201cEl que tiene toda la informaci\u00f3n del edificio es el Dr. Julio Naya pero f\u00e1cilmente esa estructura tiene m\u00e1s de 100 a\u00f1os. Hay que tener en cuenta que el primer Festival del Folclore Correntino se realiz\u00f3 en la Sociedad Espa\u00f1ola en 1964, e incre\u00edblemente a pesar del estado de deterioro en que se encuentra todav\u00eda se preserva algo del escenario de ese Festival, es justamente el sector que da hacia el muro de la casa del Dr. Naya\u201d, coment\u00f3.<\/p>\n<p>En otra parte de la entrevista, el Dr. Fajardo dej\u00f3 entrever que estar\u00eda recuperables tambi\u00e9n los espacios donde estaban las dos canchas de b\u00e1squet, aunque esta en estado de abandono desde hace 20 a\u00f1os.<\/p>\n<p>\u201cEsta iniciativa empez\u00f3 como un desaf\u00edo personal que desencaden\u00f3 en una comisi\u00f3n, y contamos con el aporte que va a realizar el gobierno provincial y tambi\u00e9n tenemos el apoyo del intendente local, pero el envi\u00f3n principal nos va a dar el gobierno provincial\u201d, asegur\u00f3.<\/p>\n<p>Consultado cuando van a comenzar con las obras, el odont\u00f3logo indic\u00f3: \u201cPrimero se tiene que hacer el plan donde se especifique qu\u00e9 es lo que se va a hacer, lo que ya esta es estudio en la parte de arquitectura de la provincia, reci\u00e9n posteriormente se van a iniciar los trabajos, pero estamos muy expectantes y orgullosos de formar parte de esta comisi\u00f3n, de este equipo de trabajo, de la participaci\u00f3n activa del Dr. Julio Naya que es quien nos asesora y gu\u00eda en esta tarea porque para reconstruir esta instituci\u00f3n es necesario ir a las bases y respetar la historia detr\u00e1s de la Sociedad Espa\u00f1ola, tanto es as\u00ed, que integran la comisi\u00f3n sus sobrinas con quienes queremos darle seguimiento a este proyecto\u201d, enfatiz\u00f3.<\/p>\n<p><strong>INTEGRANTES COMISI\u00d3N DIRECTIVA<\/strong><\/p>\n<ul>\n<li><strong>Presidente, Gustavo Fajardo<\/strong><\/li>\n<li><strong>Secretario, Sebasti\u00e1n Ram\u00edrez<\/strong><\/li>\n<li><strong>Tesorero, Carlos Molina<\/strong><\/li>\n<li><strong>Vocales titulares: Ang\u00e9lica Vignoles, Maria Catalina Silvano, Nadir Naya, Herminda Da Silva,<\/strong><\/li>\n<li><strong>Vocales Suplentes: Graciela Montenegro, Fabiana Soto.<\/strong><\/li>\n<li><strong>JUNTA FISCALIZADORA<\/strong><\/li>\n<li><strong>Titulares: Julio Naya, Evangelina Mi\u00f1o, Arguello Francisco<\/strong><\/li>\n<li><strong>Suplentes: Ra\u00fal Omar Fern\u00e1ndez, Esteban Adaro, Florencia Naya.<\/strong><\/li>\n<\/ul>\n","protected":false},"excerpt":{"rendered":"<p>SANTO TOME. Qued\u00f3 conformada la nueva Comisi\u00f3n Normalizadora de la Sociedad Espa\u00f1ola de Socorros Mutuos de Santo Tom\u00e9. As\u00ed lo inform\u00f3 el Dr. Gustavo Fajardo, flamante presidente de la entidad; quien adem\u00e1s brind\u00f3 detalles del proceso de reconstrucci\u00f3n que proyectan llevar adelante. En la oportunidad dej\u00f3 trascender que dicha tarea se realizar\u00e1 en cuatro etapas&#8230;<\/p>\n","protected":false},"author":2,"featured_media":4040,"comment_status":"closed","ping_status":"closed","sticky":false,"template":"","format":"standard","meta":{"_kad_post_transparent":"default","_kad_post_title":"default","_kad_post_layout":"default","_kad_post_sidebar_id":"","_kad_post_content_style":"default","_kad_post_vertical_padding":"default","_kad_post_feature":"","_kad_post_feature_position":"","_kad_post_header":false,"_kad_post_footer":false,"_kad_post_classname":"","footnotes":""},"categories":[1],"tags":[],"class_list":["post-4039","post","type-post","status-publish","format-standard","has-post-thumbnail","hentry","category-locales"],"a3_pvc":{"activated":false,"total_views":0,"today_views":0},"yoast_head":"<!-- This site is optimized with the Yoast SEO plugin v27.5 - https:\/\/yoast.com\/product\/yoast-seo-wordpress\/ -->\n<title>Tras un proceso de normalizaci\u00f3n institucional, qued\u00f3 conformada la nueva comisi\u00f3n de la Sociedad Espa\u00f1ola - Digital Santo Tom\u00e9<\/title>\n<meta name=\"robots\" content=\"index, follow, max-snippet:-1, max-image-preview:large, max-video-preview:-1\" \/>\n<link rel=\"canonical\" href=\"https:\/\/digitalsantotome.com.ar\/?p=4039\" \/>\n<meta property=\"og:locale\" content=\"es_ES\" \/>\n<meta property=\"og:type\" content=\"article\" \/>\n<meta property=\"og:title\" content=\"Tras un proceso de normalizaci\u00f3n institucional, qued\u00f3 conformada la nueva comisi\u00f3n de la Sociedad Espa\u00f1ola - Digital Santo Tom\u00e9\" \/>\n<meta property=\"og:description\" content=\"SANTO TOME. Qued\u00f3 conformada la nueva Comisi\u00f3n Normalizadora de la Sociedad Espa\u00f1ola de Socorros Mutuos de Santo Tom\u00e9. As\u00ed lo inform\u00f3 el Dr. Gustavo Fajardo, flamante presidente de la entidad; quien adem\u00e1s brind\u00f3 detalles del proceso de reconstrucci\u00f3n que proyectan llevar adelante. En la oportunidad dej\u00f3 trascender que dicha tarea se realizar\u00e1 en cuatro etapas...\" \/>\n<meta property=\"og:url\" content=\"https:\/\/digitalsantotome.com.ar\/?p=4039\" \/>\n<meta property=\"og:site_name\" content=\"Digital Santo Tom\u00e9\" \/>\n<meta property=\"article:published_time\" content=\"2023-09-24T11:48:47+00:00\" \/>\n<meta property=\"article:modified_time\" content=\"2023-09-27T11:27:13+00:00\" \/>\n<meta property=\"og:image\" content=\"https:\/\/digitalsantotome.com.ar\/wp-content\/uploads\/2023\/09\/20230920_122818.jpg\" \/>\n\t<meta property=\"og:image:width\" content=\"800\" \/>\n\t<meta property=\"og:image:height\" content=\"522\" \/>\n\t<meta property=\"og:image:type\" content=\"image\/jpeg\" \/>\n<meta name=\"author\" content=\"Jose Carlos Machado\" \/>\n<meta name=\"twitter:card\" content=\"summary_large_image\" \/>\n<meta name=\"twitter:label1\" content=\"Escrito por\" \/>\n\t<meta name=\"twitter:data1\" content=\"Jose Carlos Machado\" \/>\n\t<meta name=\"twitter:label2\" content=\"Tiempo de lectura\" \/>\n\t<meta name=\"twitter:data2\" content=\"4 minutos\" \/>\n<script type=\"application\/ld+json\" class=\"yoast-schema-graph\">{\"@context\":\"https:\\\/\\\/schema.org\",\"@graph\":[{\"@type\":\"Article\",\"@id\":\"https:\\\/\\\/digitalsantotome.com.ar\\\/?p=4039#article\",\"isPartOf\":{\"@id\":\"https:\\\/\\\/digitalsantotome.com.ar\\\/?p=4039\"},\"author\":{\"name\":\"Jose Carlos Machado\",\"@id\":\"https:\\\/\\\/digitalsantotome.com.ar\\\/#\\\/schema\\\/person\\\/8991d8822886fedd92ce7f03817e1bdf\"},\"headline\":\"Tras un proceso de normalizaci\u00f3n institucional, qued\u00f3 conformada la nueva comisi\u00f3n de la Sociedad Espa\u00f1ola\",\"datePublished\":\"2023-09-24T11:48:47+00:00\",\"dateModified\":\"2023-09-27T11:27:13+00:00\",\"mainEntityOfPage\":{\"@id\":\"https:\\\/\\\/digitalsantotome.com.ar\\\/?p=4039\"},\"wordCount\":906,\"publisher\":{\"@id\":\"https:\\\/\\\/digitalsantotome.com.ar\\\/#organization\"},\"image\":{\"@id\":\"https:\\\/\\\/digitalsantotome.com.ar\\\/?p=4039#primaryimage\"},\"thumbnailUrl\":\"https:\\\/\\\/digitalsantotome.com.ar\\\/wp-content\\\/uploads\\\/2023\\\/09\\\/20230920_122818.jpg\",\"articleSection\":[\"Locales\"],\"inLanguage\":\"es\"},{\"@type\":\"WebPage\",\"@id\":\"https:\\\/\\\/digitalsantotome.com.ar\\\/?p=4039\",\"url\":\"https:\\\/\\\/digitalsantotome.com.ar\\\/?p=4039\",\"name\":\"Tras un proceso de normalizaci\u00f3n institucional, qued\u00f3 conformada la nueva comisi\u00f3n de la Sociedad Espa\u00f1ola - Digital Santo Tom\u00e9\",\"isPartOf\":{\"@id\":\"https:\\\/\\\/digitalsantotome.com.ar\\\/#website\"},\"primaryImageOfPage\":{\"@id\":\"https:\\\/\\\/digitalsantotome.com.ar\\\/?p=4039#primaryimage\"},\"image\":{\"@id\":\"https:\\\/\\\/digitalsantotome.com.ar\\\/?p=4039#primaryimage\"},\"thumbnailUrl\":\"https:\\\/\\\/digitalsantotome.com.ar\\\/wp-content\\\/uploads\\\/2023\\\/09\\\/20230920_122818.jpg\",\"datePublished\":\"2023-09-24T11:48:47+00:00\",\"dateModified\":\"2023-09-27T11:27:13+00:00\",\"breadcrumb\":{\"@id\":\"https:\\\/\\\/digitalsantotome.com.ar\\\/?p=4039#breadcrumb\"},\"inLanguage\":\"es\",\"potentialAction\":[{\"@type\":\"ReadAction\",\"target\":[\"https:\\\/\\\/digitalsantotome.com.ar\\\/?p=4039\"]}]},{\"@type\":\"ImageObject\",\"inLanguage\":\"es\",\"@id\":\"https:\\\/\\\/digitalsantotome.com.ar\\\/?p=4039#primaryimage\",\"url\":\"https:\\\/\\\/digitalsantotome.com.ar\\\/wp-content\\\/uploads\\\/2023\\\/09\\\/20230920_122818.jpg\",\"contentUrl\":\"https:\\\/\\\/digitalsantotome.com.ar\\\/wp-content\\\/uploads\\\/2023\\\/09\\\/20230920_122818.jpg\",\"width\":800,\"height\":522},{\"@type\":\"BreadcrumbList\",\"@id\":\"https:\\\/\\\/digitalsantotome.com.ar\\\/?p=4039#breadcrumb\",\"itemListElement\":[{\"@type\":\"ListItem\",\"position\":1,\"name\":\"Portada\",\"item\":\"https:\\\/\\\/digitalsantotome.com.ar\\\/\"},{\"@type\":\"ListItem\",\"position\":2,\"name\":\"Tras un proceso de normalizaci\u00f3n institucional, qued\u00f3 conformada la nueva comisi\u00f3n de la Sociedad Espa\u00f1ola\"}]},{\"@type\":\"WebSite\",\"@id\":\"https:\\\/\\\/digitalsantotome.com.ar\\\/#website\",\"url\":\"https:\\\/\\\/digitalsantotome.com.ar\\\/\",\"name\":\"Digital Santo Tom\u00e9\",\"description\":\"Noticias desde Santo Tom\u00e9 al Mundo \u2013 La informacion que decide\",\"publisher\":{\"@id\":\"https:\\\/\\\/digitalsantotome.com.ar\\\/#organization\"},\"potentialAction\":[{\"@type\":\"SearchAction\",\"target\":{\"@type\":\"EntryPoint\",\"urlTemplate\":\"https:\\\/\\\/digitalsantotome.com.ar\\\/?s={search_term_string}\"},\"query-input\":{\"@type\":\"PropertyValueSpecification\",\"valueRequired\":true,\"valueName\":\"search_term_string\"}}],\"inLanguage\":\"es\"},{\"@type\":\"Organization\",\"@id\":\"https:\\\/\\\/digitalsantotome.com.ar\\\/#organization\",\"name\":\"Digital Santo Tom\u00e9\",\"url\":\"https:\\\/\\\/digitalsantotome.com.ar\\\/\",\"logo\":{\"@type\":\"ImageObject\",\"inLanguage\":\"es\",\"@id\":\"https:\\\/\\\/digitalsantotome.com.ar\\\/#\\\/schema\\\/logo\\\/image\\\/\",\"url\":\"https:\\\/\\\/digitalsantotome.com.ar\\\/wp-content\\\/uploads\\\/2023\\\/01\\\/facebook.jpg\",\"contentUrl\":\"https:\\\/\\\/digitalsantotome.com.ar\\\/wp-content\\\/uploads\\\/2023\\\/01\\\/facebook.jpg\",\"width\":512,\"height\":376,\"caption\":\"Digital Santo Tom\u00e9\"},\"image\":{\"@id\":\"https:\\\/\\\/digitalsantotome.com.ar\\\/#\\\/schema\\\/logo\\\/image\\\/\"}},{\"@type\":\"Person\",\"@id\":\"https:\\\/\\\/digitalsantotome.com.ar\\\/#\\\/schema\\\/person\\\/8991d8822886fedd92ce7f03817e1bdf\",\"name\":\"Jose Carlos Machado\",\"url\":\"https:\\\/\\\/digitalsantotome.com.ar\\\/?author=2\"}]}<\/script>\n<!-- \/ Yoast SEO plugin. -->","yoast_head_json":{"title":"Tras un proceso de normalizaci\u00f3n institucional, qued\u00f3 conformada la nueva comisi\u00f3n de la Sociedad Espa\u00f1ola - Digital Santo Tom\u00e9","robots":{"index":"index","follow":"follow","max-snippet":"max-snippet:-1","max-image-preview":"max-image-preview:large","max-video-preview":"max-video-preview:-1"},"canonical":"https:\/\/digitalsantotome.com.ar\/?p=4039","og_locale":"es_ES","og_type":"article","og_title":"Tras un proceso de normalizaci\u00f3n institucional, qued\u00f3 conformada la nueva comisi\u00f3n de la Sociedad Espa\u00f1ola - Digital Santo Tom\u00e9","og_description":"SANTO TOME. Qued\u00f3 conformada la nueva Comisi\u00f3n Normalizadora de la Sociedad Espa\u00f1ola de Socorros Mutuos de Santo Tom\u00e9. As\u00ed lo inform\u00f3 el Dr. Gustavo Fajardo, flamante presidente de la entidad; quien adem\u00e1s brind\u00f3 detalles del proceso de reconstrucci\u00f3n que proyectan llevar adelante. En la oportunidad dej\u00f3 trascender que dicha tarea se realizar\u00e1 en cuatro etapas...","og_url":"https:\/\/digitalsantotome.com.ar\/?p=4039","og_site_name":"Digital Santo Tom\u00e9","article_published_time":"2023-09-24T11:48:47+00:00","article_modified_time":"2023-09-27T11:27:13+00:00","og_image":[{"width":800,"height":522,"url":"https:\/\/digitalsantotome.com.ar\/wp-content\/uploads\/2023\/09\/20230920_122818.jpg","type":"image\/jpeg"}],"author":"Jose Carlos Machado","twitter_card":"summary_large_image","twitter_misc":{"Escrito por":"Jose Carlos Machado","Tiempo de lectura":"4 minutos"},"schema":{"@context":"https:\/\/schema.org","@graph":[{"@type":"Article","@id":"https:\/\/digitalsantotome.com.ar\/?p=4039#article","isPartOf":{"@id":"https:\/\/digitalsantotome.com.ar\/?p=4039"},"author":{"name":"Jose Carlos Machado","@id":"https:\/\/digitalsantotome.com.ar\/#\/schema\/person\/8991d8822886fedd92ce7f03817e1bdf"},"headline":"Tras un proceso de normalizaci\u00f3n institucional, qued\u00f3 conformada la nueva comisi\u00f3n de la Sociedad Espa\u00f1ola","datePublished":"2023-09-24T11:48:47+00:00","dateModified":"2023-09-27T11:27:13+00:00","mainEntityOfPage":{"@id":"https:\/\/digitalsantotome.com.ar\/?p=4039"},"wordCount":906,"publisher":{"@id":"https:\/\/digitalsantotome.com.ar\/#organization"},"image":{"@id":"https:\/\/digitalsantotome.com.ar\/?p=4039#primaryimage"},"thumbnailUrl":"https:\/\/digitalsantotome.com.ar\/wp-content\/uploads\/2023\/09\/20230920_122818.jpg","articleSection":["Locales"],"inLanguage":"es"},{"@type":"WebPage","@id":"https:\/\/digitalsantotome.com.ar\/?p=4039","url":"https:\/\/digitalsantotome.com.ar\/?p=4039","name":"Tras un proceso de normalizaci\u00f3n institucional, qued\u00f3 conformada la nueva comisi\u00f3n de la Sociedad Espa\u00f1ola - Digital Santo Tom\u00e9","isPartOf":{"@id":"https:\/\/digitalsantotome.com.ar\/#website"},"primaryImageOfPage":{"@id":"https:\/\/digitalsantotome.com.ar\/?p=4039#primaryimage"},"image":{"@id":"https:\/\/digitalsantotome.com.ar\/?p=4039#primaryimage"},"thumbnailUrl":"https:\/\/digitalsantotome.com.ar\/wp-content\/uploads\/2023\/09\/20230920_122818.jpg","datePublished":"2023-09-24T11:48:47+00:00","dateModified":"2023-09-27T11:27:13+00:00","breadcrumb":{"@id":"https:\/\/digitalsantotome.com.ar\/?p=4039#breadcrumb"},"inLanguage":"es","potentialAction":[{"@type":"ReadAction","target":["https:\/\/digitalsantotome.com.ar\/?p=4039"]}]},{"@type":"ImageObject","inLanguage":"es","@id":"https:\/\/digitalsantotome.com.ar\/?p=4039#primaryimage","url":"https:\/\/digitalsantotome.com.ar\/wp-content\/uploads\/2023\/09\/20230920_122818.jpg","contentUrl":"https:\/\/digitalsantotome.com.ar\/wp-content\/uploads\/2023\/09\/20230920_122818.jpg","width":800,"height":522},{"@type":"BreadcrumbList","@id":"https:\/\/digitalsantotome.com.ar\/?p=4039#breadcrumb","itemListElement":[{"@type":"ListItem","position":1,"name":"Portada","item":"https:\/\/digitalsantotome.com.ar\/"},{"@type":"ListItem","position":2,"name":"Tras un proceso de normalizaci\u00f3n institucional, qued\u00f3 conformada la nueva comisi\u00f3n de la Sociedad Espa\u00f1ola"}]},{"@type":"WebSite","@id":"https:\/\/digitalsantotome.com.ar\/#website","url":"https:\/\/digitalsantotome.com.ar\/","name":"Digital Santo Tom\u00e9","description":"Noticias desde Santo Tom\u00e9 al Mundo \u2013 La informacion que decide","publisher":{"@id":"https:\/\/digitalsantotome.com.ar\/#organization"},"potentialAction":[{"@type":"SearchAction","target":{"@type":"EntryPoint","urlTemplate":"https:\/\/digitalsantotome.com.ar\/?s={search_term_string}"},"query-input":{"@type":"PropertyValueSpecification","valueRequired":true,"valueName":"search_term_string"}}],"inLanguage":"es"},{"@type":"Organization","@id":"https:\/\/digitalsantotome.com.ar\/#organization","name":"Digital Santo Tom\u00e9","url":"https:\/\/digitalsantotome.com.ar\/","logo":{"@type":"ImageObject","inLanguage":"es","@id":"https:\/\/digitalsantotome.com.ar\/#\/schema\/logo\/image\/","url":"https:\/\/digitalsantotome.com.ar\/wp-content\/uploads\/2023\/01\/facebook.jpg","contentUrl":"https:\/\/digitalsantotome.com.ar\/wp-content\/uploads\/2023\/01\/facebook.jpg","width":512,"height":376,"caption":"Digital Santo Tom\u00e9"},"image":{"@id":"https:\/\/digitalsantotome.com.ar\/#\/schema\/logo\/image\/"}},{"@type":"Person","@id":"https:\/\/digitalsantotome.com.ar\/#\/schema\/person\/8991d8822886fedd92ce7f03817e1bdf","name":"Jose Carlos Machado","url":"https:\/\/digitalsantotome.com.ar\/?author=2"}]}},"_links":{"self":[{"href":"https:\/\/digitalsantotome.com.ar\/index.php?rest_route=\/wp\/v2\/posts\/4039","targetHints":{"allow":["GET"]}}],"collection":[{"href":"https:\/\/digitalsantotome.com.ar\/index.php?rest_route=\/wp\/v2\/posts"}],"about":[{"href":"https:\/\/digitalsantotome.com.ar\/index.php?rest_route=\/wp\/v2\/types\/post"}],"author":[{"embeddable":true,"href":"https:\/\/digitalsantotome.com.ar\/index.php?rest_route=\/wp\/v2\/users\/2"}],"replies":[{"embeddable":true,"href":"https:\/\/digitalsantotome.com.ar\/index.php?rest_route=%2Fwp%2Fv2%2Fcomments&post=4039"}],"version-history":[{"count":1,"href":"https:\/\/digitalsantotome.com.ar\/index.php?rest_route=\/wp\/v2\/posts\/4039\/revisions"}],"predecessor-version":[{"id":4042,"href":"https:\/\/digitalsantotome.com.ar\/index.php?rest_route=\/wp\/v2\/posts\/4039\/revisions\/4042"}],"wp:featuredmedia":[{"embeddable":true,"href":"https:\/\/digitalsantotome.com.ar\/index.php?rest_route=\/wp\/v2\/media\/4040"}],"wp:attachment":[{"href":"https:\/\/digitalsantotome.com.ar\/index.php?rest_route=%2Fwp%2Fv2%2Fmedia&parent=4039"}],"wp:term":[{"taxonomy":"category","embeddable":true,"href":"https:\/\/digitalsantotome.com.ar\/index.php?rest_route=%2Fwp%2Fv2%2Fcategories&post=4039"},{"taxonomy":"post_tag","embeddable":true,"href":"https:\/\/digitalsantotome.com.ar\/index.php?rest_route=%2Fwp%2Fv2%2Ftags&post=4039"}],"curies":[{"name":"wp","href":"https:\/\/api.w.org\/{rel}","templated":true}]}}