{"id":4116,"date":"2023-10-05T15:53:37","date_gmt":"2023-10-05T18:53:37","guid":{"rendered":"https:\/\/digitalsantotome.com.ar\/?p=4116"},"modified":"2023-10-06T16:22:32","modified_gmt":"2023-10-06T19:22:32","slug":"el-concejo-deliberante-declaro-ciudadana-destacada-a-carina-becha-nunez","status":"publish","type":"post","link":"https:\/\/digitalsantotome.com.ar\/?p=4116","title":{"rendered":"El Concejo Deliberante declar\u00f3 \u201cCiudadana Destacada\u201d a Carina \u201cBecha\u201d Nu\u00f1ez"},"content":{"rendered":"<p>SANTO TOME. Este mi\u00e9rcoles en horas de la tarde, el vice presidente primero del Concejo Deliberante, concejal Santiago Saucedo y la edil Carmen Bra\u00f1a, hicieron entrega de la correspondienre resoluci\u00f3n donde el Concejo Deliberante declara \u201cCIUDADANA DESTACADA\u201d a la futbolista santotome\u00f1a y capitana del seleccionado argentino Carina \u201cBecha\u201d Nu\u00f1ez, quien actualmente juega en el equipo Naval Carneiros en Madrid Espa\u00f1a. Hija de este pueblo, Becha una vez concluida la Copa Am\u00e9rica recientemente en Buenos Aires, viaj\u00f3 a Santo Tom\u00e9 por unos pocos d\u00edas para visitar a sus familiares y amigos. Tuvo un destacado reconocimiento institucional y de la comunidad toda.<\/p>\n<p><img fetchpriority=\"high\" decoding=\"async\" class=\"alignnone wp-image-4118\" src=\"https:\/\/digitalsantotome.com.ar\/wp-content\/uploads\/2023\/10\/IMG-20231005-WA0037.jpg\" alt=\"\" width=\"725\" height=\"483\" srcset=\"https:\/\/digitalsantotome.com.ar\/wp-content\/uploads\/2023\/10\/IMG-20231005-WA0037.jpg 1124w, https:\/\/digitalsantotome.com.ar\/wp-content\/uploads\/2023\/10\/IMG-20231005-WA0037-300x200.jpg 300w, https:\/\/digitalsantotome.com.ar\/wp-content\/uploads\/2023\/10\/IMG-20231005-WA0037-1024x683.jpg 1024w, https:\/\/digitalsantotome.com.ar\/wp-content\/uploads\/2023\/10\/IMG-20231005-WA0037-768x512.jpg 768w\" sizes=\"(max-width: 725px) 100vw, 725px\" \/><\/p>\n<p>RESOLUCI\u00d3N N\u00ba61 \/2023<\/p>\n<p>VISTO:<\/p>\n<p>La importancia de realizar un merecido reconocimiento a la deportista Santotome\u00f1a Carina Solange \u00abBecha\u00bb N\u00fa\u00f1ez: y,<\/p>\n<p>CONSIDERANDO:<\/p>\n<p>Que, esta importante ciudadana se ha destacado por su desempe\u00f1o, dedicaci\u00f3n y trayectoria deportiva enalteciendo y colmando de orgullo a toda la comunidad.<\/p>\n<p>Que, la nombrada es oriunda de Santo Tom\u00e9, Corrientes, nacida el 11 de junio de 1991 en Barrio Cerro, quien a los 16 a\u00f1os es elegida para participar en los \u201c<em>Juegos Evita<\/em>\u201d en Mar del Plata en representaci\u00f3n de esta ciudad, es all\u00ed donde fue seleccionada para ingresar al Club \u201cSan Lorenzo de Almagro\u201d, donde se destac\u00f3 jugando en f\u00fatbol de campo y en futsal, en un per\u00edodo de cinco a\u00f1os. Posteriormente, por su magn\u00edfica labor deportiva ingresa al f\u00fatbol \u201cprofesional\u201d, convocada por la Selecci\u00f3n Argentina para participar en el Torneo Sudamericano sub 17 de Futsal.<\/p>\n<p>Que, actualmente es jugadora profesional de futsal de la Selecci\u00f3n Argentina y capitana, considerada actualmente como la: \u201c<em>Mejor jugadora del Mundo<\/em>\u201d.<\/p>\n<p>Que, siendo capitana de la Selecci\u00f3n de Futsal, nos ha representado en varios torneos y competencias internacionales, en la que podemos citar \u201cCopa Am\u00e9rica\u201d, donde ha logrado el subcampeonato de la misma.<\/p>\n<p>Que, a lo largo de su trayectoria ha participado y obtenido diversos logros en diferentes Clubes deportivos: jugadora en el Club Futsi Navalcarnero de Espa\u00f1a, donde se coron\u00f3 campeona en la Liga Espa\u00f1ola de Futsal en su segunda temporada en el pa\u00eds europeo y el Celemaster de Brasil, donde tambi\u00e9n obtuvo t\u00edtulos.<\/p>\n<p>Que, adem\u00e1s por su talento y desempe\u00f1o en el futsal en reiteradas ocasiones tuvo diversos reconocimientos y nominaciones: \u00a0En 2017, fue nominada a los premios Futsal Planet como mejor jugadora de futsal y ocup\u00f3 el noveno lugar en la clasificaci\u00f3n mundial. Premios como el Jorge Newbery y el Alumni en Argentina.<\/p>\n<p>Que, el Honorable Concejo Deliberante no puede permanecer ajeno a tan importante reconocimiento a una hija directa de Santo Tom\u00e9 que a trav\u00e9s de su labor deportiva y trayectoria a lo largo de los a\u00f1os ha colmado de orgullo no solo a su ciudad natal, sino a la provincia y la Naci\u00f3n.<\/p>\n<p>Por ello:<\/p>\n<p>EL HONORABLE CONCEJO DELIBERANTE DE SANTO TOME (CTES.), AD- REFERENDUM DEL CUERPO SANCIONA CON FUERZA DE<\/p>\n<p>RESOLUCI\u00d3N<\/p>\n<p>Art\u00edculo 1\u00b0 \u00a0DECLARAR CIUDADANA DESTACADA a la deportista Santotome\u00f1a Carina Solange \u00abBecha\u00bb N\u00fa\u00f1ez, por su labor deportiva distinguida\u00a0 y trayectoria realizada.<\/p>\n<p>Art\u00edculo 2\u00b0: EL\u00c9VESE copia original de la presente a la Ciudadana Destacada<\/p>\n<p>Art\u00edculo 3\u00b0: LA presente Resoluci\u00f3n, ser\u00e1 refrendada por la Secretaria Legislativa del Honorable Concejo Deliberante de Santo Tom\u00e9, Corrientes.<\/p>\n<p>Art\u00edculo 4\u00ba: COMUN\u00cdQUESE, el\u00e9vese copia de la presente al D.E.M y a sus efectos arch\u00edvese.<\/p>\n<p>Santo Tom\u00e9, Corrientes, 04 de octubre de 2023<\/p>\n<p>GIULIANA DAL VECCHIO\u00a0\u00a0\u00a0\u00a0\u00a0\u00a0\u00a0\u00a0\u00a0\u00a0\u00a0\u00a0\u00a0\u00a0\u00a0\u00a0\u00a0\u00a0\u00a0\u00a0\u00a0\u00a0\u00a0\u00a0\u00a0\u00a0\u00a0\u00a0\u00a0\u00a0\u00a0\u00a0\u00a0\u00a0\u00a0\u00a0\u00a0\u00a0\u00a0\u00a0\u00a0\u00a0\u00a0\u00a0\u00a0\u00a0\u00a0\u00a0\u00a0\u00a0\u00a0\u00a0\u00a0\u00a0\u00a0\u00a0\u00a0\u00a0\u00a0\u00a0\u00a0\u00a0\u00a0\u00a0\u00a0\u00a0\u00a0\u00a0\u00a0\u00a0\u00a0\u00a0\u00a0\u00a0\u00a0\u00a0\u00a0\u00a0\u00a0\u00a0\u00a0 SANTIAGO SAUCEDO<\/p>\n<p>SECRETARIA LEGISLATIVA H.C.D\u00a0\u00a0\u00a0\u00a0\u00a0\u00a0\u00a0\u00a0\u00a0\u00a0\u00a0\u00a0\u00a0\u00a0\u00a0\u00a0\u00a0\u00a0\u00a0\u00a0\u00a0\u00a0\u00a0\u00a0\u00a0\u00a0\u00a0\u00a0\u00a0\u00a0\u00a0\u00a0\u00a0\u00a0\u00a0\u00a0\u00a0\u00a0\u00a0\u00a0\u00a0\u00a0\u00a0\u00a0\u00a0\u00a0\u00a0\u00a0\u00a0\u00a0\u00a0\u00a0\u00a0\u00a0\u00a0\u00a0\u00a0\u00a0\u00a0\u00a0\u00a0\u00a0\u00a0\u00a0\u00a0\u00a0\u00a0 VICEPRESIDENTE 1\u00ba H .C. D<\/p>\n<p>SANTO\u00a0 TOME (CTES.)\u00a0\u00a0\u00a0\u00a0\u00a0\u00a0\u00a0\u00a0\u00a0\u00a0\u00a0\u00a0\u00a0\u00a0\u00a0 \u00a0\u00a0\u00a0\u00a0\u00a0\u00a0\u00a0\u00a0\u00a0\u00a0\u00a0\u00a0\u00a0\u00a0\u00a0\u00a0\u00a0\u00a0\u00a0\u00a0\u00a0\u00a0\u00a0\u00a0\u00a0\u00a0\u00a0\u00a0\u00a0\u00a0\u00a0\u00a0\u00a0\u00a0\u00a0\u00a0\u00a0\u00a0\u00a0\u00a0\u00a0\u00a0\u00a0\u00a0\u00a0\u00a0\u00a0\u00a0\u00a0\u00a0\u00a0\u00a0\u00a0\u00a0\u00a0\u00a0\u00a0\u00a0\u00a0\u00a0\u00a0\u00a0\u00a0\u00a0\u00a0\u00a0\u00a0\u00a0\u00a0\u00a0\u00a0\u00a0\u00a0\u00a0\u00a0\u00a0SANTO TOM\u00c9 (CTES)<\/p>\n<p><img decoding=\"async\" class=\"alignnone wp-image-4119\" src=\"https:\/\/digitalsantotome.com.ar\/wp-content\/uploads\/2023\/10\/IMG-20231005-WA0038.jpg\" alt=\"\" width=\"723\" height=\"482\" srcset=\"https:\/\/digitalsantotome.com.ar\/wp-content\/uploads\/2023\/10\/IMG-20231005-WA0038.jpg 1124w, https:\/\/digitalsantotome.com.ar\/wp-content\/uploads\/2023\/10\/IMG-20231005-WA0038-300x200.jpg 300w, https:\/\/digitalsantotome.com.ar\/wp-content\/uploads\/2023\/10\/IMG-20231005-WA0038-1024x683.jpg 1024w, https:\/\/digitalsantotome.com.ar\/wp-content\/uploads\/2023\/10\/IMG-20231005-WA0038-768x512.jpg 768w\" sizes=\"(max-width: 723px) 100vw, 723px\" \/><\/p>\n","protected":false},"excerpt":{"rendered":"<p>SANTO TOME. Este mi\u00e9rcoles en horas de la tarde, el vice presidente primero del Concejo Deliberante, concejal Santiago Saucedo y la edil Carmen Bra\u00f1a, hicieron entrega de la correspondienre resoluci\u00f3n donde el Concejo Deliberante declara \u201cCIUDADANA DESTACADA\u201d a la futbolista santotome\u00f1a y capitana del seleccionado argentino Carina \u201cBecha\u201d Nu\u00f1ez, quien actualmente juega en el equipo&#8230;<\/p>\n","protected":false},"author":2,"featured_media":4117,"comment_status":"closed","ping_status":"closed","sticky":false,"template":"","format":"standard","meta":{"_kad_post_transparent":"default","_kad_post_title":"default","_kad_post_layout":"default","_kad_post_sidebar_id":"","_kad_post_content_style":"default","_kad_post_vertical_padding":"default","_kad_post_feature":"","_kad_post_feature_position":"","_kad_post_header":false,"_kad_post_footer":false,"_kad_post_classname":"","footnotes":""},"categories":[1],"tags":[],"class_list":["post-4116","post","type-post","status-publish","format-standard","has-post-thumbnail","hentry","category-locales"],"a3_pvc":{"activated":false,"total_views":0,"today_views":0},"yoast_head":"<!-- This site is optimized with the Yoast SEO plugin v27.5 - https:\/\/yoast.com\/product\/yoast-seo-wordpress\/ -->\n<title>El Concejo Deliberante declar\u00f3 \u201cCiudadana Destacada\u201d a Carina \u201cBecha\u201d Nu\u00f1ez - Digital Santo Tom\u00e9<\/title>\n<meta name=\"robots\" content=\"index, follow, max-snippet:-1, max-image-preview:large, max-video-preview:-1\" \/>\n<link rel=\"canonical\" href=\"https:\/\/digitalsantotome.com.ar\/?p=4116\" \/>\n<meta property=\"og:locale\" content=\"es_ES\" \/>\n<meta property=\"og:type\" content=\"article\" \/>\n<meta property=\"og:title\" content=\"El Concejo Deliberante declar\u00f3 \u201cCiudadana Destacada\u201d a Carina \u201cBecha\u201d Nu\u00f1ez - Digital Santo Tom\u00e9\" \/>\n<meta property=\"og:description\" content=\"SANTO TOME. Este mi\u00e9rcoles en horas de la tarde, el vice presidente primero del Concejo Deliberante, concejal Santiago Saucedo y la edil Carmen Bra\u00f1a, hicieron entrega de la correspondienre resoluci\u00f3n donde el Concejo Deliberante declara \u201cCIUDADANA DESTACADA\u201d a la futbolista santotome\u00f1a y capitana del seleccionado argentino Carina \u201cBecha\u201d Nu\u00f1ez, quien actualmente juega en el equipo...\" \/>\n<meta property=\"og:url\" content=\"https:\/\/digitalsantotome.com.ar\/?p=4116\" \/>\n<meta property=\"og:site_name\" content=\"Digital Santo Tom\u00e9\" \/>\n<meta property=\"article:published_time\" content=\"2023-10-05T18:53:37+00:00\" \/>\n<meta property=\"article:modified_time\" content=\"2023-10-06T19:22:32+00:00\" \/>\n<meta property=\"og:image\" content=\"https:\/\/digitalsantotome.com.ar\/wp-content\/uploads\/2023\/10\/IMG-20231005-WA0036.jpg\" \/>\n\t<meta property=\"og:image:width\" content=\"1124\" \/>\n\t<meta property=\"og:image:height\" content=\"750\" \/>\n\t<meta property=\"og:image:type\" content=\"image\/jpeg\" \/>\n<meta name=\"author\" content=\"Jose Carlos Machado\" \/>\n<meta name=\"twitter:card\" content=\"summary_large_image\" \/>\n<meta name=\"twitter:label1\" content=\"Escrito por\" \/>\n\t<meta name=\"twitter:data1\" content=\"Jose Carlos Machado\" \/>\n\t<meta name=\"twitter:label2\" content=\"Tiempo de lectura\" \/>\n\t<meta name=\"twitter:data2\" content=\"3 minutos\" \/>\n<script type=\"application\/ld+json\" class=\"yoast-schema-graph\">{\"@context\":\"https:\\\/\\\/schema.org\",\"@graph\":[{\"@type\":\"Article\",\"@id\":\"https:\\\/\\\/digitalsantotome.com.ar\\\/?p=4116#article\",\"isPartOf\":{\"@id\":\"https:\\\/\\\/digitalsantotome.com.ar\\\/?p=4116\"},\"author\":{\"name\":\"Jose Carlos Machado\",\"@id\":\"https:\\\/\\\/digitalsantotome.com.ar\\\/#\\\/schema\\\/person\\\/8991d8822886fedd92ce7f03817e1bdf\"},\"headline\":\"El Concejo Deliberante declar\u00f3 \u201cCiudadana Destacada\u201d a Carina \u201cBecha\u201d Nu\u00f1ez\",\"datePublished\":\"2023-10-05T18:53:37+00:00\",\"dateModified\":\"2023-10-06T19:22:32+00:00\",\"mainEntityOfPage\":{\"@id\":\"https:\\\/\\\/digitalsantotome.com.ar\\\/?p=4116\"},\"wordCount\":610,\"publisher\":{\"@id\":\"https:\\\/\\\/digitalsantotome.com.ar\\\/#organization\"},\"image\":{\"@id\":\"https:\\\/\\\/digitalsantotome.com.ar\\\/?p=4116#primaryimage\"},\"thumbnailUrl\":\"https:\\\/\\\/digitalsantotome.com.ar\\\/wp-content\\\/uploads\\\/2023\\\/10\\\/IMG-20231005-WA0036.jpg\",\"articleSection\":[\"Locales\"],\"inLanguage\":\"es\"},{\"@type\":\"WebPage\",\"@id\":\"https:\\\/\\\/digitalsantotome.com.ar\\\/?p=4116\",\"url\":\"https:\\\/\\\/digitalsantotome.com.ar\\\/?p=4116\",\"name\":\"El Concejo Deliberante declar\u00f3 \u201cCiudadana Destacada\u201d a Carina \u201cBecha\u201d Nu\u00f1ez - Digital Santo Tom\u00e9\",\"isPartOf\":{\"@id\":\"https:\\\/\\\/digitalsantotome.com.ar\\\/#website\"},\"primaryImageOfPage\":{\"@id\":\"https:\\\/\\\/digitalsantotome.com.ar\\\/?p=4116#primaryimage\"},\"image\":{\"@id\":\"https:\\\/\\\/digitalsantotome.com.ar\\\/?p=4116#primaryimage\"},\"thumbnailUrl\":\"https:\\\/\\\/digitalsantotome.com.ar\\\/wp-content\\\/uploads\\\/2023\\\/10\\\/IMG-20231005-WA0036.jpg\",\"datePublished\":\"2023-10-05T18:53:37+00:00\",\"dateModified\":\"2023-10-06T19:22:32+00:00\",\"breadcrumb\":{\"@id\":\"https:\\\/\\\/digitalsantotome.com.ar\\\/?p=4116#breadcrumb\"},\"inLanguage\":\"es\",\"potentialAction\":[{\"@type\":\"ReadAction\",\"target\":[\"https:\\\/\\\/digitalsantotome.com.ar\\\/?p=4116\"]}]},{\"@type\":\"ImageObject\",\"inLanguage\":\"es\",\"@id\":\"https:\\\/\\\/digitalsantotome.com.ar\\\/?p=4116#primaryimage\",\"url\":\"https:\\\/\\\/digitalsantotome.com.ar\\\/wp-content\\\/uploads\\\/2023\\\/10\\\/IMG-20231005-WA0036.jpg\",\"contentUrl\":\"https:\\\/\\\/digitalsantotome.com.ar\\\/wp-content\\\/uploads\\\/2023\\\/10\\\/IMG-20231005-WA0036.jpg\",\"width\":1124,\"height\":750},{\"@type\":\"BreadcrumbList\",\"@id\":\"https:\\\/\\\/digitalsantotome.com.ar\\\/?p=4116#breadcrumb\",\"itemListElement\":[{\"@type\":\"ListItem\",\"position\":1,\"name\":\"Portada\",\"item\":\"https:\\\/\\\/digitalsantotome.com.ar\\\/\"},{\"@type\":\"ListItem\",\"position\":2,\"name\":\"El Concejo Deliberante declar\u00f3 \u201cCiudadana Destacada\u201d a Carina \u201cBecha\u201d Nu\u00f1ez\"}]},{\"@type\":\"WebSite\",\"@id\":\"https:\\\/\\\/digitalsantotome.com.ar\\\/#website\",\"url\":\"https:\\\/\\\/digitalsantotome.com.ar\\\/\",\"name\":\"Digital Santo Tom\u00e9\",\"description\":\"Noticias desde Santo Tom\u00e9 al Mundo \u2013 La informacion que decide\",\"publisher\":{\"@id\":\"https:\\\/\\\/digitalsantotome.com.ar\\\/#organization\"},\"potentialAction\":[{\"@type\":\"SearchAction\",\"target\":{\"@type\":\"EntryPoint\",\"urlTemplate\":\"https:\\\/\\\/digitalsantotome.com.ar\\\/?s={search_term_string}\"},\"query-input\":{\"@type\":\"PropertyValueSpecification\",\"valueRequired\":true,\"valueName\":\"search_term_string\"}}],\"inLanguage\":\"es\"},{\"@type\":\"Organization\",\"@id\":\"https:\\\/\\\/digitalsantotome.com.ar\\\/#organization\",\"name\":\"Digital Santo Tom\u00e9\",\"url\":\"https:\\\/\\\/digitalsantotome.com.ar\\\/\",\"logo\":{\"@type\":\"ImageObject\",\"inLanguage\":\"es\",\"@id\":\"https:\\\/\\\/digitalsantotome.com.ar\\\/#\\\/schema\\\/logo\\\/image\\\/\",\"url\":\"https:\\\/\\\/digitalsantotome.com.ar\\\/wp-content\\\/uploads\\\/2023\\\/01\\\/facebook.jpg\",\"contentUrl\":\"https:\\\/\\\/digitalsantotome.com.ar\\\/wp-content\\\/uploads\\\/2023\\\/01\\\/facebook.jpg\",\"width\":512,\"height\":376,\"caption\":\"Digital Santo Tom\u00e9\"},\"image\":{\"@id\":\"https:\\\/\\\/digitalsantotome.com.ar\\\/#\\\/schema\\\/logo\\\/image\\\/\"}},{\"@type\":\"Person\",\"@id\":\"https:\\\/\\\/digitalsantotome.com.ar\\\/#\\\/schema\\\/person\\\/8991d8822886fedd92ce7f03817e1bdf\",\"name\":\"Jose Carlos Machado\",\"url\":\"https:\\\/\\\/digitalsantotome.com.ar\\\/?author=2\"}]}<\/script>\n<!-- \/ Yoast SEO plugin. -->","yoast_head_json":{"title":"El Concejo Deliberante declar\u00f3 \u201cCiudadana Destacada\u201d a Carina \u201cBecha\u201d Nu\u00f1ez - Digital Santo Tom\u00e9","robots":{"index":"index","follow":"follow","max-snippet":"max-snippet:-1","max-image-preview":"max-image-preview:large","max-video-preview":"max-video-preview:-1"},"canonical":"https:\/\/digitalsantotome.com.ar\/?p=4116","og_locale":"es_ES","og_type":"article","og_title":"El Concejo Deliberante declar\u00f3 \u201cCiudadana Destacada\u201d a Carina \u201cBecha\u201d Nu\u00f1ez - Digital Santo Tom\u00e9","og_description":"SANTO TOME. Este mi\u00e9rcoles en horas de la tarde, el vice presidente primero del Concejo Deliberante, concejal Santiago Saucedo y la edil Carmen Bra\u00f1a, hicieron entrega de la correspondienre resoluci\u00f3n donde el Concejo Deliberante declara \u201cCIUDADANA DESTACADA\u201d a la futbolista santotome\u00f1a y capitana del seleccionado argentino Carina \u201cBecha\u201d Nu\u00f1ez, quien actualmente juega en el equipo...","og_url":"https:\/\/digitalsantotome.com.ar\/?p=4116","og_site_name":"Digital Santo Tom\u00e9","article_published_time":"2023-10-05T18:53:37+00:00","article_modified_time":"2023-10-06T19:22:32+00:00","og_image":[{"width":1124,"height":750,"url":"https:\/\/digitalsantotome.com.ar\/wp-content\/uploads\/2023\/10\/IMG-20231005-WA0036.jpg","type":"image\/jpeg"}],"author":"Jose Carlos Machado","twitter_card":"summary_large_image","twitter_misc":{"Escrito por":"Jose Carlos Machado","Tiempo de lectura":"3 minutos"},"schema":{"@context":"https:\/\/schema.org","@graph":[{"@type":"Article","@id":"https:\/\/digitalsantotome.com.ar\/?p=4116#article","isPartOf":{"@id":"https:\/\/digitalsantotome.com.ar\/?p=4116"},"author":{"name":"Jose Carlos Machado","@id":"https:\/\/digitalsantotome.com.ar\/#\/schema\/person\/8991d8822886fedd92ce7f03817e1bdf"},"headline":"El Concejo Deliberante declar\u00f3 \u201cCiudadana Destacada\u201d a Carina \u201cBecha\u201d Nu\u00f1ez","datePublished":"2023-10-05T18:53:37+00:00","dateModified":"2023-10-06T19:22:32+00:00","mainEntityOfPage":{"@id":"https:\/\/digitalsantotome.com.ar\/?p=4116"},"wordCount":610,"publisher":{"@id":"https:\/\/digitalsantotome.com.ar\/#organization"},"image":{"@id":"https:\/\/digitalsantotome.com.ar\/?p=4116#primaryimage"},"thumbnailUrl":"https:\/\/digitalsantotome.com.ar\/wp-content\/uploads\/2023\/10\/IMG-20231005-WA0036.jpg","articleSection":["Locales"],"inLanguage":"es"},{"@type":"WebPage","@id":"https:\/\/digitalsantotome.com.ar\/?p=4116","url":"https:\/\/digitalsantotome.com.ar\/?p=4116","name":"El Concejo Deliberante declar\u00f3 \u201cCiudadana Destacada\u201d a Carina \u201cBecha\u201d Nu\u00f1ez - Digital Santo Tom\u00e9","isPartOf":{"@id":"https:\/\/digitalsantotome.com.ar\/#website"},"primaryImageOfPage":{"@id":"https:\/\/digitalsantotome.com.ar\/?p=4116#primaryimage"},"image":{"@id":"https:\/\/digitalsantotome.com.ar\/?p=4116#primaryimage"},"thumbnailUrl":"https:\/\/digitalsantotome.com.ar\/wp-content\/uploads\/2023\/10\/IMG-20231005-WA0036.jpg","datePublished":"2023-10-05T18:53:37+00:00","dateModified":"2023-10-06T19:22:32+00:00","breadcrumb":{"@id":"https:\/\/digitalsantotome.com.ar\/?p=4116#breadcrumb"},"inLanguage":"es","potentialAction":[{"@type":"ReadAction","target":["https:\/\/digitalsantotome.com.ar\/?p=4116"]}]},{"@type":"ImageObject","inLanguage":"es","@id":"https:\/\/digitalsantotome.com.ar\/?p=4116#primaryimage","url":"https:\/\/digitalsantotome.com.ar\/wp-content\/uploads\/2023\/10\/IMG-20231005-WA0036.jpg","contentUrl":"https:\/\/digitalsantotome.com.ar\/wp-content\/uploads\/2023\/10\/IMG-20231005-WA0036.jpg","width":1124,"height":750},{"@type":"BreadcrumbList","@id":"https:\/\/digitalsantotome.com.ar\/?p=4116#breadcrumb","itemListElement":[{"@type":"ListItem","position":1,"name":"Portada","item":"https:\/\/digitalsantotome.com.ar\/"},{"@type":"ListItem","position":2,"name":"El Concejo Deliberante declar\u00f3 \u201cCiudadana Destacada\u201d a Carina \u201cBecha\u201d Nu\u00f1ez"}]},{"@type":"WebSite","@id":"https:\/\/digitalsantotome.com.ar\/#website","url":"https:\/\/digitalsantotome.com.ar\/","name":"Digital Santo Tom\u00e9","description":"Noticias desde Santo Tom\u00e9 al Mundo \u2013 La informacion que decide","publisher":{"@id":"https:\/\/digitalsantotome.com.ar\/#organization"},"potentialAction":[{"@type":"SearchAction","target":{"@type":"EntryPoint","urlTemplate":"https:\/\/digitalsantotome.com.ar\/?s={search_term_string}"},"query-input":{"@type":"PropertyValueSpecification","valueRequired":true,"valueName":"search_term_string"}}],"inLanguage":"es"},{"@type":"Organization","@id":"https:\/\/digitalsantotome.com.ar\/#organization","name":"Digital Santo Tom\u00e9","url":"https:\/\/digitalsantotome.com.ar\/","logo":{"@type":"ImageObject","inLanguage":"es","@id":"https:\/\/digitalsantotome.com.ar\/#\/schema\/logo\/image\/","url":"https:\/\/digitalsantotome.com.ar\/wp-content\/uploads\/2023\/01\/facebook.jpg","contentUrl":"https:\/\/digitalsantotome.com.ar\/wp-content\/uploads\/2023\/01\/facebook.jpg","width":512,"height":376,"caption":"Digital Santo Tom\u00e9"},"image":{"@id":"https:\/\/digitalsantotome.com.ar\/#\/schema\/logo\/image\/"}},{"@type":"Person","@id":"https:\/\/digitalsantotome.com.ar\/#\/schema\/person\/8991d8822886fedd92ce7f03817e1bdf","name":"Jose Carlos Machado","url":"https:\/\/digitalsantotome.com.ar\/?author=2"}]}},"_links":{"self":[{"href":"https:\/\/digitalsantotome.com.ar\/index.php?rest_route=\/wp\/v2\/posts\/4116","targetHints":{"allow":["GET"]}}],"collection":[{"href":"https:\/\/digitalsantotome.com.ar\/index.php?rest_route=\/wp\/v2\/posts"}],"about":[{"href":"https:\/\/digitalsantotome.com.ar\/index.php?rest_route=\/wp\/v2\/types\/post"}],"author":[{"embeddable":true,"href":"https:\/\/digitalsantotome.com.ar\/index.php?rest_route=\/wp\/v2\/users\/2"}],"replies":[{"embeddable":true,"href":"https:\/\/digitalsantotome.com.ar\/index.php?rest_route=%2Fwp%2Fv2%2Fcomments&post=4116"}],"version-history":[{"count":1,"href":"https:\/\/digitalsantotome.com.ar\/index.php?rest_route=\/wp\/v2\/posts\/4116\/revisions"}],"predecessor-version":[{"id":4120,"href":"https:\/\/digitalsantotome.com.ar\/index.php?rest_route=\/wp\/v2\/posts\/4116\/revisions\/4120"}],"wp:featuredmedia":[{"embeddable":true,"href":"https:\/\/digitalsantotome.com.ar\/index.php?rest_route=\/wp\/v2\/media\/4117"}],"wp:attachment":[{"href":"https:\/\/digitalsantotome.com.ar\/index.php?rest_route=%2Fwp%2Fv2%2Fmedia&parent=4116"}],"wp:term":[{"taxonomy":"category","embeddable":true,"href":"https:\/\/digitalsantotome.com.ar\/index.php?rest_route=%2Fwp%2Fv2%2Fcategories&post=4116"},{"taxonomy":"post_tag","embeddable":true,"href":"https:\/\/digitalsantotome.com.ar\/index.php?rest_route=%2Fwp%2Fv2%2Ftags&post=4116"}],"curies":[{"name":"wp","href":"https:\/\/api.w.org\/{rel}","templated":true}]}}