{"id":4169,"date":"2023-10-11T17:26:02","date_gmt":"2023-10-11T20:26:02","guid":{"rendered":"https:\/\/digitalsantotome.com.ar\/?p=4169"},"modified":"2023-10-12T08:14:57","modified_gmt":"2023-10-12T11:14:57","slug":"comenzo-la-iv-feria-municipal-e-internacional-del-libro-en-santo-tome","status":"publish","type":"post","link":"https:\/\/digitalsantotome.com.ar\/?p=4169","title":{"rendered":"Comenz\u00f3 la IV Feria Municipal e Internacional del Libro en Santo Tom\u00e9"},"content":{"rendered":"<p>SANTO TOME. Con la presencia de autoridades municipales, del Concejo Deliberante, Poder Judicial, Instituciones educativas, invitados y p\u00fablico en general se realiz\u00f3 el corte de cinta y dej\u00f3 inaugurada este martes 10 la cuarta edici\u00f3n de Feria del Libro en Santo Tom\u00e9.<\/p>\n<p>Tras el recorrido por la exposici\u00f3n en el sal\u00f3n principal de Casa de la Historia y la Cultura del Bicentenario, el acto formal prosigui\u00f3 en el sal\u00f3n de conferencias. All\u00ed se dio lectura al proyecto enviado por el Poder Ejecutivo al Concejo Deliberante por el cual se declara de inter\u00e9s municipal dicho evento que se desarrollara hasta 17 de octubre de 2023.<\/p>\n<p><img fetchpriority=\"high\" decoding=\"async\" class=\"alignnone size-full wp-image-4171\" src=\"https:\/\/digitalsantotome.com.ar\/wp-content\/uploads\/2023\/10\/IMG-20231011-WA0013.jpg\" alt=\"\" width=\"720\" height=\"480\" srcset=\"https:\/\/digitalsantotome.com.ar\/wp-content\/uploads\/2023\/10\/IMG-20231011-WA0013.jpg 720w, https:\/\/digitalsantotome.com.ar\/wp-content\/uploads\/2023\/10\/IMG-20231011-WA0013-300x200.jpg 300w\" sizes=\"(max-width: 720px) 100vw, 720px\" \/><\/p>\n<p>Organizado por la Municipalidad, a trav\u00e9s de la Direcci\u00f3n de Cultura y Turismo cuenta con la participaci\u00f3n de Librer\u00eda de la Paz de la ciudad de Corrientes como expositora de gran material de libros de variados autores y tem\u00e1ticas, destinados a todo el p\u00fablico y con acceso libre y gratuito. Durante la feria, se expondr\u00e1 una amplia oferta editorial, adem\u00e1s de la participaci\u00f3n de m\u00e1s de 40 expositores, se ofrecer\u00e1n actividades complementarias como charlas, exposiciones, conversatorios, debates, talleres, capacitaciones y presentaciones art\u00edsticas.<\/p>\n<p>La propuesta forma parte de una amplia agenda de actividades conjugando la lectura, la difusi\u00f3n de obras de escritores, de espacios recreativos, un espacio cultural y acceso a la adquisici\u00f3n de obras relevantes.<\/p>\n<p>En la lectura de la Resoluci\u00f3n destacaron que el Honorable Concejo Deliberante de Santo Tom\u00e9 apoya todas estas iniciativas tendientes a fomentar y promover eventos en beneficio de la educaci\u00f3n y la cultura de la ciudadan\u00eda.<\/p>\n<p><img decoding=\"async\" class=\"alignnone size-full wp-image-4172\" src=\"https:\/\/digitalsantotome.com.ar\/wp-content\/uploads\/2023\/10\/IMG-20231011-WA0017.jpg\" alt=\"\" width=\"1368\" height=\"912\" srcset=\"https:\/\/digitalsantotome.com.ar\/wp-content\/uploads\/2023\/10\/IMG-20231011-WA0017.jpg 1368w, https:\/\/digitalsantotome.com.ar\/wp-content\/uploads\/2023\/10\/IMG-20231011-WA0017-300x200.jpg 300w, https:\/\/digitalsantotome.com.ar\/wp-content\/uploads\/2023\/10\/IMG-20231011-WA0017-1024x683.jpg 1024w, https:\/\/digitalsantotome.com.ar\/wp-content\/uploads\/2023\/10\/IMG-20231011-WA0017-768x512.jpg 768w\" sizes=\"(max-width: 1368px) 100vw, 1368px\" \/><\/p>\n<p>En su alocuci\u00f3n el Intendente Augusto Suaid destac\u00f3 que esta feria permite abrir e introducirse al mundo de la lectura, y gracias al convenio firmado con Librer\u00eda de la paz, los ciudadanos santotome\u00f1os y los visitantes podr\u00e1n adquirir obras y ejemplares de libros a precios m\u00f3dicos, teniendo en cuenta la dif\u00edcil situaci\u00f3n econ\u00f3mica actual. \u201cEsta posibilidad nos permite seguir fomentando la lectura que tan bien hace a una sociedad\u201d, a\u00f1adi\u00f3 el titular del Ejecutivo municipal. Por otro lado, agradeci\u00f3 al personal de Cultura y turismo por el empe\u00f1o que han puesto para que todo salga bien en esta edici\u00f3n.<\/p>\n<p>Por su parte, el director de Cultura y Turismo, Gerardino Romero Sosa resalt\u00f3 el constante apoyo y confianza del Intendente Suaid en estos eventos de relevancia para la cultura santotome\u00f1a, tambi\u00e9n destac\u00f3 el arduo trabajo del equipo que lo acompa\u00f1a.<\/p>\n<p>\u201cEsto es una propuesta m\u00e1s y una alternativa diferente para los vecinos, como tambi\u00e9n para los visitantes y turistas durante el fin de semana largo y los d\u00edas que dure la feria. Lo que se busca es poder nuclear tanto la literatura, el arte y la cultura y as\u00ed brindar una experiencia enriquecedora a cada uno de los visitantes\u201d, subray\u00f3 el Director.<\/p>\n<p>Luego del acto oficial lleg\u00f3 la conferencia Inaugural: \u201cEl flagelo que nos azota: Violencia. Sus distintas modalidades\u201d a cargo de la Dra. Marisol Ram\u00edrez (Juez De C\u00e1mara); Dr. Arsenio Eduardo Moreyra (Juez De C\u00e1mara); Linc. Carolina Beresi (Trabajadora Social) y Natalia Ponce de Le\u00f3n, integrante de la Secretar\u00eda de Derechos Humanos de la provincia de Corrientes. Programa Justicia y Sociedad Civil, \u00c1rea de capacitaci\u00f3n\u00a0<strong>del Poder Judicial de la Provincia de Corrientes<\/strong>.<\/p>\n<p>Para el cierre de la primera jornada hubo m\u00fasica en vivo con la actuaci\u00f3n de\u00a0<em>Johana Fern\u00e1ndez<\/em>.<\/p>\n<p>Programaci\u00f3n <strong>MIERCOLES 11:<\/strong><\/p>\n<p>09.00hs:\u00a0<em>\u201cPlantas visitadas y hospederas de mariposas diurnas de Santo Tom\u00e9\u201d<\/em>\u00a0<strong>I.S.F.D. Jorge Luis Borges Profesorado de Educaci\u00f3n Secundaria en Biolog\u00eda<\/strong>. Alumnas expositoras: Agustina Iberluc\u00e9a y Flavia Alegre. Coordinadora: Prof. Celeste Suarez.<\/p>\n<p>10.00hs:\u00a0<em>\u201cUna canci\u00f3n que nos une\u2026 \u00bflo interpretamos con las manos?\u201d\u00a0<\/em><strong>Lenguaje de Se\u00f1as Prof. Martina L\u00f3pez.<\/strong><\/p>\n<p>11.00hs:\u00a0<em>\u201cTaller de Gesti\u00f3n Financiera para Microemprendimientos\u201d<\/em><strong>\u00a0I.S.F.D. Jorge Luis Borges Profesorado de Econom\u00eda<\/strong>.<\/p>\n<p>15.40hs:<strong>\u00a0<\/strong>Muestra:<em>\u00a0\u201cBases y Puntos de Partida\u201d<\/em>.\u00a0<strong>Colectivo de Artistas TEY\u00da YAGU\u00c1-<\/strong><\/p>\n<p>16.00hs: Presentaci\u00f3n libro<em>\u00a0\u201cLa Mariposa perdida\u201d<\/em><strong>\u00a0Allison Amaia Enciso Gonz\u00e1lez.<\/strong><\/p>\n<p>17.00hs:\u00a0<em>\u201cPantallas en Infancia\u201d<\/em>\u00a0<strong>I.S.F.D. Jorge Luis Borges Carrera de Tecnicatura Superior en Infraestructura Inform\u00e1tica.\u00a0<\/strong>Docentes a cargo: Vignoles Ang\u00e9lica y Fern\u00e1ndez Margarita. Alumnos Expositores: Evelyn Alcaraz, Melani Di M\u00f3dica y William Alegre.<\/p>\n<p>18.00hs: Presentaci\u00f3n Libro\u00a0<em>\u201cPizarnik la \u00faltima poeta maldita\u201d,<\/em>\u00a0<strong>An\u00edbal N\u00fa\u00f1ez.<\/strong><\/p>\n<p>19.00hs:\u00a0<em>\u201cLas Promesas cumplidas e incumplidas de los 40 A\u00f1os de Democracia en la Argentina\u201d,<\/em>\u00a0<strong>Dr. Joselino Fern\u00e1ndez Blanco.<\/strong><\/p>\n<p>20.00hs.\u00a0<em>Presentaci\u00f3n del Club de Lectura y Adaptaci\u00f3n Dram\u00e1tica de la Novela \u201cPrimavera con una esquina rota\u201d de M. Benedetti<\/em>.\u00a0<strong>Biblioteca Privada Iter Orbi.<\/strong><\/p>\n<p>&nbsp;<\/p>\n","protected":false},"excerpt":{"rendered":"<p>SANTO TOME. Con la presencia de autoridades municipales, del Concejo Deliberante, Poder Judicial, Instituciones educativas, invitados y p\u00fablico en general se realiz\u00f3 el corte de cinta y dej\u00f3 inaugurada este martes 10 la cuarta edici\u00f3n de Feria del Libro en Santo Tom\u00e9. Tras el recorrido por la exposici\u00f3n en el sal\u00f3n principal de Casa de&#8230;<\/p>\n","protected":false},"author":2,"featured_media":4170,"comment_status":"closed","ping_status":"closed","sticky":false,"template":"","format":"standard","meta":{"_kad_post_transparent":"default","_kad_post_title":"default","_kad_post_layout":"default","_kad_post_sidebar_id":"","_kad_post_content_style":"default","_kad_post_vertical_padding":"default","_kad_post_feature":"","_kad_post_feature_position":"","_kad_post_header":false,"_kad_post_footer":false,"_kad_post_classname":"","footnotes":""},"categories":[1],"tags":[],"class_list":["post-4169","post","type-post","status-publish","format-standard","has-post-thumbnail","hentry","category-locales"],"a3_pvc":{"activated":false,"total_views":0,"today_views":0},"yoast_head":"<!-- This site is optimized with the Yoast SEO plugin v27.5 - https:\/\/yoast.com\/product\/yoast-seo-wordpress\/ -->\n<title>Comenz\u00f3 la IV Feria Municipal e Internacional del Libro en Santo Tom\u00e9 - Digital Santo Tom\u00e9<\/title>\n<meta name=\"robots\" content=\"index, follow, max-snippet:-1, max-image-preview:large, max-video-preview:-1\" \/>\n<link rel=\"canonical\" href=\"https:\/\/digitalsantotome.com.ar\/?p=4169\" \/>\n<meta property=\"og:locale\" content=\"es_ES\" \/>\n<meta property=\"og:type\" content=\"article\" \/>\n<meta property=\"og:title\" content=\"Comenz\u00f3 la IV Feria Municipal e Internacional del Libro en Santo Tom\u00e9 - Digital Santo Tom\u00e9\" \/>\n<meta property=\"og:description\" content=\"SANTO TOME. Con la presencia de autoridades municipales, del Concejo Deliberante, Poder Judicial, Instituciones educativas, invitados y p\u00fablico en general se realiz\u00f3 el corte de cinta y dej\u00f3 inaugurada este martes 10 la cuarta edici\u00f3n de Feria del Libro en Santo Tom\u00e9. Tras el recorrido por la exposici\u00f3n en el sal\u00f3n principal de Casa de...\" \/>\n<meta property=\"og:url\" content=\"https:\/\/digitalsantotome.com.ar\/?p=4169\" \/>\n<meta property=\"og:site_name\" content=\"Digital Santo Tom\u00e9\" \/>\n<meta property=\"article:published_time\" content=\"2023-10-11T20:26:02+00:00\" \/>\n<meta property=\"article:modified_time\" content=\"2023-10-12T11:14:57+00:00\" \/>\n<meta property=\"og:image\" content=\"https:\/\/digitalsantotome.com.ar\/wp-content\/uploads\/2023\/10\/IMG-20231011-WA0012.jpg\" \/>\n\t<meta property=\"og:image:width\" content=\"720\" \/>\n\t<meta property=\"og:image:height\" content=\"480\" \/>\n\t<meta property=\"og:image:type\" content=\"image\/jpeg\" \/>\n<meta name=\"author\" content=\"Jose Carlos Machado\" \/>\n<meta name=\"twitter:card\" content=\"summary_large_image\" \/>\n<meta name=\"twitter:label1\" content=\"Escrito por\" \/>\n\t<meta name=\"twitter:data1\" content=\"Jose Carlos Machado\" \/>\n\t<meta name=\"twitter:label2\" content=\"Tiempo de lectura\" \/>\n\t<meta name=\"twitter:data2\" content=\"4 minutos\" \/>\n<script type=\"application\/ld+json\" class=\"yoast-schema-graph\">{\"@context\":\"https:\\\/\\\/schema.org\",\"@graph\":[{\"@type\":\"Article\",\"@id\":\"https:\\\/\\\/digitalsantotome.com.ar\\\/?p=4169#article\",\"isPartOf\":{\"@id\":\"https:\\\/\\\/digitalsantotome.com.ar\\\/?p=4169\"},\"author\":{\"name\":\"Jose Carlos Machado\",\"@id\":\"https:\\\/\\\/digitalsantotome.com.ar\\\/#\\\/schema\\\/person\\\/8991d8822886fedd92ce7f03817e1bdf\"},\"headline\":\"Comenz\u00f3 la IV Feria Municipal e Internacional del Libro en Santo Tom\u00e9\",\"datePublished\":\"2023-10-11T20:26:02+00:00\",\"dateModified\":\"2023-10-12T11:14:57+00:00\",\"mainEntityOfPage\":{\"@id\":\"https:\\\/\\\/digitalsantotome.com.ar\\\/?p=4169\"},\"wordCount\":807,\"publisher\":{\"@id\":\"https:\\\/\\\/digitalsantotome.com.ar\\\/#organization\"},\"image\":{\"@id\":\"https:\\\/\\\/digitalsantotome.com.ar\\\/?p=4169#primaryimage\"},\"thumbnailUrl\":\"https:\\\/\\\/digitalsantotome.com.ar\\\/wp-content\\\/uploads\\\/2023\\\/10\\\/IMG-20231011-WA0012.jpg\",\"articleSection\":[\"Locales\"],\"inLanguage\":\"es\"},{\"@type\":\"WebPage\",\"@id\":\"https:\\\/\\\/digitalsantotome.com.ar\\\/?p=4169\",\"url\":\"https:\\\/\\\/digitalsantotome.com.ar\\\/?p=4169\",\"name\":\"Comenz\u00f3 la IV Feria Municipal e Internacional del Libro en Santo Tom\u00e9 - Digital Santo Tom\u00e9\",\"isPartOf\":{\"@id\":\"https:\\\/\\\/digitalsantotome.com.ar\\\/#website\"},\"primaryImageOfPage\":{\"@id\":\"https:\\\/\\\/digitalsantotome.com.ar\\\/?p=4169#primaryimage\"},\"image\":{\"@id\":\"https:\\\/\\\/digitalsantotome.com.ar\\\/?p=4169#primaryimage\"},\"thumbnailUrl\":\"https:\\\/\\\/digitalsantotome.com.ar\\\/wp-content\\\/uploads\\\/2023\\\/10\\\/IMG-20231011-WA0012.jpg\",\"datePublished\":\"2023-10-11T20:26:02+00:00\",\"dateModified\":\"2023-10-12T11:14:57+00:00\",\"breadcrumb\":{\"@id\":\"https:\\\/\\\/digitalsantotome.com.ar\\\/?p=4169#breadcrumb\"},\"inLanguage\":\"es\",\"potentialAction\":[{\"@type\":\"ReadAction\",\"target\":[\"https:\\\/\\\/digitalsantotome.com.ar\\\/?p=4169\"]}]},{\"@type\":\"ImageObject\",\"inLanguage\":\"es\",\"@id\":\"https:\\\/\\\/digitalsantotome.com.ar\\\/?p=4169#primaryimage\",\"url\":\"https:\\\/\\\/digitalsantotome.com.ar\\\/wp-content\\\/uploads\\\/2023\\\/10\\\/IMG-20231011-WA0012.jpg\",\"contentUrl\":\"https:\\\/\\\/digitalsantotome.com.ar\\\/wp-content\\\/uploads\\\/2023\\\/10\\\/IMG-20231011-WA0012.jpg\",\"width\":720,\"height\":480},{\"@type\":\"BreadcrumbList\",\"@id\":\"https:\\\/\\\/digitalsantotome.com.ar\\\/?p=4169#breadcrumb\",\"itemListElement\":[{\"@type\":\"ListItem\",\"position\":1,\"name\":\"Portada\",\"item\":\"https:\\\/\\\/digitalsantotome.com.ar\\\/\"},{\"@type\":\"ListItem\",\"position\":2,\"name\":\"Comenz\u00f3 la IV Feria Municipal e Internacional del Libro en Santo Tom\u00e9\"}]},{\"@type\":\"WebSite\",\"@id\":\"https:\\\/\\\/digitalsantotome.com.ar\\\/#website\",\"url\":\"https:\\\/\\\/digitalsantotome.com.ar\\\/\",\"name\":\"Digital Santo Tom\u00e9\",\"description\":\"Noticias desde Santo Tom\u00e9 al Mundo \u2013 La informacion que decide\",\"publisher\":{\"@id\":\"https:\\\/\\\/digitalsantotome.com.ar\\\/#organization\"},\"potentialAction\":[{\"@type\":\"SearchAction\",\"target\":{\"@type\":\"EntryPoint\",\"urlTemplate\":\"https:\\\/\\\/digitalsantotome.com.ar\\\/?s={search_term_string}\"},\"query-input\":{\"@type\":\"PropertyValueSpecification\",\"valueRequired\":true,\"valueName\":\"search_term_string\"}}],\"inLanguage\":\"es\"},{\"@type\":\"Organization\",\"@id\":\"https:\\\/\\\/digitalsantotome.com.ar\\\/#organization\",\"name\":\"Digital Santo Tom\u00e9\",\"url\":\"https:\\\/\\\/digitalsantotome.com.ar\\\/\",\"logo\":{\"@type\":\"ImageObject\",\"inLanguage\":\"es\",\"@id\":\"https:\\\/\\\/digitalsantotome.com.ar\\\/#\\\/schema\\\/logo\\\/image\\\/\",\"url\":\"https:\\\/\\\/digitalsantotome.com.ar\\\/wp-content\\\/uploads\\\/2023\\\/01\\\/facebook.jpg\",\"contentUrl\":\"https:\\\/\\\/digitalsantotome.com.ar\\\/wp-content\\\/uploads\\\/2023\\\/01\\\/facebook.jpg\",\"width\":512,\"height\":376,\"caption\":\"Digital Santo Tom\u00e9\"},\"image\":{\"@id\":\"https:\\\/\\\/digitalsantotome.com.ar\\\/#\\\/schema\\\/logo\\\/image\\\/\"}},{\"@type\":\"Person\",\"@id\":\"https:\\\/\\\/digitalsantotome.com.ar\\\/#\\\/schema\\\/person\\\/8991d8822886fedd92ce7f03817e1bdf\",\"name\":\"Jose Carlos Machado\",\"url\":\"https:\\\/\\\/digitalsantotome.com.ar\\\/?author=2\"}]}<\/script>\n<!-- \/ Yoast SEO plugin. -->","yoast_head_json":{"title":"Comenz\u00f3 la IV Feria Municipal e Internacional del Libro en Santo Tom\u00e9 - Digital Santo Tom\u00e9","robots":{"index":"index","follow":"follow","max-snippet":"max-snippet:-1","max-image-preview":"max-image-preview:large","max-video-preview":"max-video-preview:-1"},"canonical":"https:\/\/digitalsantotome.com.ar\/?p=4169","og_locale":"es_ES","og_type":"article","og_title":"Comenz\u00f3 la IV Feria Municipal e Internacional del Libro en Santo Tom\u00e9 - Digital Santo Tom\u00e9","og_description":"SANTO TOME. Con la presencia de autoridades municipales, del Concejo Deliberante, Poder Judicial, Instituciones educativas, invitados y p\u00fablico en general se realiz\u00f3 el corte de cinta y dej\u00f3 inaugurada este martes 10 la cuarta edici\u00f3n de Feria del Libro en Santo Tom\u00e9. Tras el recorrido por la exposici\u00f3n en el sal\u00f3n principal de Casa de...","og_url":"https:\/\/digitalsantotome.com.ar\/?p=4169","og_site_name":"Digital Santo Tom\u00e9","article_published_time":"2023-10-11T20:26:02+00:00","article_modified_time":"2023-10-12T11:14:57+00:00","og_image":[{"width":720,"height":480,"url":"https:\/\/digitalsantotome.com.ar\/wp-content\/uploads\/2023\/10\/IMG-20231011-WA0012.jpg","type":"image\/jpeg"}],"author":"Jose Carlos Machado","twitter_card":"summary_large_image","twitter_misc":{"Escrito por":"Jose Carlos Machado","Tiempo de lectura":"4 minutos"},"schema":{"@context":"https:\/\/schema.org","@graph":[{"@type":"Article","@id":"https:\/\/digitalsantotome.com.ar\/?p=4169#article","isPartOf":{"@id":"https:\/\/digitalsantotome.com.ar\/?p=4169"},"author":{"name":"Jose Carlos Machado","@id":"https:\/\/digitalsantotome.com.ar\/#\/schema\/person\/8991d8822886fedd92ce7f03817e1bdf"},"headline":"Comenz\u00f3 la IV Feria Municipal e Internacional del Libro en Santo Tom\u00e9","datePublished":"2023-10-11T20:26:02+00:00","dateModified":"2023-10-12T11:14:57+00:00","mainEntityOfPage":{"@id":"https:\/\/digitalsantotome.com.ar\/?p=4169"},"wordCount":807,"publisher":{"@id":"https:\/\/digitalsantotome.com.ar\/#organization"},"image":{"@id":"https:\/\/digitalsantotome.com.ar\/?p=4169#primaryimage"},"thumbnailUrl":"https:\/\/digitalsantotome.com.ar\/wp-content\/uploads\/2023\/10\/IMG-20231011-WA0012.jpg","articleSection":["Locales"],"inLanguage":"es"},{"@type":"WebPage","@id":"https:\/\/digitalsantotome.com.ar\/?p=4169","url":"https:\/\/digitalsantotome.com.ar\/?p=4169","name":"Comenz\u00f3 la IV Feria Municipal e Internacional del Libro en Santo Tom\u00e9 - Digital Santo Tom\u00e9","isPartOf":{"@id":"https:\/\/digitalsantotome.com.ar\/#website"},"primaryImageOfPage":{"@id":"https:\/\/digitalsantotome.com.ar\/?p=4169#primaryimage"},"image":{"@id":"https:\/\/digitalsantotome.com.ar\/?p=4169#primaryimage"},"thumbnailUrl":"https:\/\/digitalsantotome.com.ar\/wp-content\/uploads\/2023\/10\/IMG-20231011-WA0012.jpg","datePublished":"2023-10-11T20:26:02+00:00","dateModified":"2023-10-12T11:14:57+00:00","breadcrumb":{"@id":"https:\/\/digitalsantotome.com.ar\/?p=4169#breadcrumb"},"inLanguage":"es","potentialAction":[{"@type":"ReadAction","target":["https:\/\/digitalsantotome.com.ar\/?p=4169"]}]},{"@type":"ImageObject","inLanguage":"es","@id":"https:\/\/digitalsantotome.com.ar\/?p=4169#primaryimage","url":"https:\/\/digitalsantotome.com.ar\/wp-content\/uploads\/2023\/10\/IMG-20231011-WA0012.jpg","contentUrl":"https:\/\/digitalsantotome.com.ar\/wp-content\/uploads\/2023\/10\/IMG-20231011-WA0012.jpg","width":720,"height":480},{"@type":"BreadcrumbList","@id":"https:\/\/digitalsantotome.com.ar\/?p=4169#breadcrumb","itemListElement":[{"@type":"ListItem","position":1,"name":"Portada","item":"https:\/\/digitalsantotome.com.ar\/"},{"@type":"ListItem","position":2,"name":"Comenz\u00f3 la IV Feria Municipal e Internacional del Libro en Santo Tom\u00e9"}]},{"@type":"WebSite","@id":"https:\/\/digitalsantotome.com.ar\/#website","url":"https:\/\/digitalsantotome.com.ar\/","name":"Digital Santo Tom\u00e9","description":"Noticias desde Santo Tom\u00e9 al Mundo \u2013 La informacion que decide","publisher":{"@id":"https:\/\/digitalsantotome.com.ar\/#organization"},"potentialAction":[{"@type":"SearchAction","target":{"@type":"EntryPoint","urlTemplate":"https:\/\/digitalsantotome.com.ar\/?s={search_term_string}"},"query-input":{"@type":"PropertyValueSpecification","valueRequired":true,"valueName":"search_term_string"}}],"inLanguage":"es"},{"@type":"Organization","@id":"https:\/\/digitalsantotome.com.ar\/#organization","name":"Digital Santo Tom\u00e9","url":"https:\/\/digitalsantotome.com.ar\/","logo":{"@type":"ImageObject","inLanguage":"es","@id":"https:\/\/digitalsantotome.com.ar\/#\/schema\/logo\/image\/","url":"https:\/\/digitalsantotome.com.ar\/wp-content\/uploads\/2023\/01\/facebook.jpg","contentUrl":"https:\/\/digitalsantotome.com.ar\/wp-content\/uploads\/2023\/01\/facebook.jpg","width":512,"height":376,"caption":"Digital Santo Tom\u00e9"},"image":{"@id":"https:\/\/digitalsantotome.com.ar\/#\/schema\/logo\/image\/"}},{"@type":"Person","@id":"https:\/\/digitalsantotome.com.ar\/#\/schema\/person\/8991d8822886fedd92ce7f03817e1bdf","name":"Jose Carlos Machado","url":"https:\/\/digitalsantotome.com.ar\/?author=2"}]}},"_links":{"self":[{"href":"https:\/\/digitalsantotome.com.ar\/index.php?rest_route=\/wp\/v2\/posts\/4169","targetHints":{"allow":["GET"]}}],"collection":[{"href":"https:\/\/digitalsantotome.com.ar\/index.php?rest_route=\/wp\/v2\/posts"}],"about":[{"href":"https:\/\/digitalsantotome.com.ar\/index.php?rest_route=\/wp\/v2\/types\/post"}],"author":[{"embeddable":true,"href":"https:\/\/digitalsantotome.com.ar\/index.php?rest_route=\/wp\/v2\/users\/2"}],"replies":[{"embeddable":true,"href":"https:\/\/digitalsantotome.com.ar\/index.php?rest_route=%2Fwp%2Fv2%2Fcomments&post=4169"}],"version-history":[{"count":1,"href":"https:\/\/digitalsantotome.com.ar\/index.php?rest_route=\/wp\/v2\/posts\/4169\/revisions"}],"predecessor-version":[{"id":4173,"href":"https:\/\/digitalsantotome.com.ar\/index.php?rest_route=\/wp\/v2\/posts\/4169\/revisions\/4173"}],"wp:featuredmedia":[{"embeddable":true,"href":"https:\/\/digitalsantotome.com.ar\/index.php?rest_route=\/wp\/v2\/media\/4170"}],"wp:attachment":[{"href":"https:\/\/digitalsantotome.com.ar\/index.php?rest_route=%2Fwp%2Fv2%2Fmedia&parent=4169"}],"wp:term":[{"taxonomy":"category","embeddable":true,"href":"https:\/\/digitalsantotome.com.ar\/index.php?rest_route=%2Fwp%2Fv2%2Fcategories&post=4169"},{"taxonomy":"post_tag","embeddable":true,"href":"https:\/\/digitalsantotome.com.ar\/index.php?rest_route=%2Fwp%2Fv2%2Ftags&post=4169"}],"curies":[{"name":"wp","href":"https:\/\/api.w.org\/{rel}","templated":true}]}}