{"id":4202,"date":"2023-10-17T16:23:31","date_gmt":"2023-10-17T19:23:31","guid":{"rendered":"https:\/\/digitalsantotome.com.ar\/?p=4202"},"modified":"2023-10-17T16:24:20","modified_gmt":"2023-10-17T19:24:20","slug":"4202","status":"publish","type":"post","link":"https:\/\/digitalsantotome.com.ar\/?p=4202","title":{"rendered":"Una pareja se arrepinti\u00f3 de dar en adopci\u00f3n a su hijo y la justicia apoy\u00f3 la decisi\u00f3n"},"content":{"rendered":"<p>SANTO TOME. Flavia, una mujer vulnerable, atraves\u00f3 el embarazo sin ning\u00fan control m\u00e9dico y el d\u00eda que lleg\u00f3 al Hospital para dar a luz afirm\u00f3 que quer\u00eda dar a su beb\u00e9. Dos d\u00edas despu\u00e9s , junto al padre del ni\u00f1o decidieron que quer\u00edan formar una familia con \u00e9l. La jueza en lo Civil, Comercial. Familia. Ni\u00f1ez Adolescencia con Competencia Administrativa de Santo Tom\u00e9, doctora Mar\u00eda Dionicia Zovak (foto), juzg\u00f3 con perspectiva de g\u00e9nero y adem\u00e1s de apoyar la decisi\u00f3n de los padres les permiti\u00f3 cambiar el nombre del ni\u00f1o.<\/p>\n<p align=\"justify\"><span lang=\"es-MX\">La jueza en lo Civil, Comercial, Familia, Ni\u00f1ez y Adolescencia con Competencia Administrativa de Santo Tom\u00e9, doctora Mar\u00eda Dionicia Zovak apoy\u00f3 la decisi\u00f3n de una\u00a0<\/span>madre en situaci\u00f3n de vulnerabilidad que inicialmente consider\u00f3 dar a su hijo reci\u00e9n nacido en adopci\u00f3n y dos d\u00edas despu\u00e9s, el 22 de septiembre de 2023 se arrepinti\u00f3 y as\u00ed lo expresaron ella y el pap\u00e1 del beb\u00e9 a la magistrada.<\/p>\n<p align=\"justify\">Como la mujer no fue quien eligi\u00f3 el nombre de su hijo, solicito el cambio. Este giro en la historia, marcado por el arrepentimiento y la voluntad de cuidar al ni\u00f1o, desencaden\u00f3 una serie de eventos en el \u00e1mbito judicial.<\/p>\n<p align=\"justify\"><b>La decisi\u00f3n de la jueza<\/b><\/p>\n<p align=\"justify\">El tribunal, guiado por la perspectiva de g\u00e9nero y la necesidad de proteger a personas en situaci\u00f3n de vulnerabilidad, tom\u00f3 medidas para garantizar el bienestar de Flavia, su pareja y Maximiliano. Se destac\u00f3 la importancia de la capacitaci\u00f3n en g\u00e9nero para los operadores judiciales y se enfatiz\u00f3 la necesidad de desafiar los estereotipos socioculturales que afectan a las mujeres.<\/p>\n<p align=\"justify\">Los informes psicol\u00f3gicos y psiqui\u00e1tricos desempe\u00f1aron un papel crucial en la evaluaci\u00f3n de la situaci\u00f3n, demostrando la estabilidad emocional de Flavia y su capacidad para cuidar al beb\u00e9. Tambi\u00e9n se resalt\u00f3 la importancia de preservar la unidad familiar siempre que sea posible, priorizando el inter\u00e9s superior del ni\u00f1o, Maximiliano.<\/p>\n<p align=\"justify\">El tribunal tom\u00f3 la decisi\u00f3n de devolver a Maximiliano a Flavia, pero con el compromiso de que ambos padres iniciaran tratamientos psicoterap\u00e9uticos y recibieran apoyo externo para fortalecer su familia. Tambi\u00e9n se permiti\u00f3 el cambio de nombre del ni\u00f1o, reflejando la voluntad de los padres.<\/p>\n<p align=\"justify\"><b>Cambio de nombre del ni\u00f1o<\/b><\/p>\n<p align=\"justify\">En cuanto al nombre su funci\u00f3n esencial es permitir transformar un ser sin significaci\u00f3n personal en un sujeto con relevancia jur\u00eddica, esto es as\u00ed, ya que el nombre es un elemento que se integra a todos aquellos otros aspectos que conforman la identidad de la persona, en su proceso de construcci\u00f3n de su identidad en el \u00e1mbito social, habilit\u00e1ndolo a seguir construyendo su identidad y el modo de individualizarse socialmente, a trav\u00e9s de aquellos elementos que la integran, y lo completen.<\/p>\n<p lang=\"es-MX\" align=\"justify\"><b>Inter\u00e9s Superior del Ni\u00f1o<\/b><\/p>\n<p lang=\"es-MX\" align=\"justify\">En \u00faltima instancia, este caso ilustra c\u00f3mo la justicia puede intervenir de manera efectiva en situaciones familiares complejas, siempre teniendo en cuenta el inter\u00e9s superior del ni\u00f1o y promoviendo la igualdad de g\u00e9nero y la protecci\u00f3n de las personas en situaci\u00f3n de vulnerabilidad.<\/p>\n<p lang=\"es-MX\" align=\"justify\">Fuente: Jus Corrientes<\/p>\n","protected":false},"excerpt":{"rendered":"<p>SANTO TOME. Flavia, una mujer vulnerable, atraves\u00f3 el embarazo sin ning\u00fan control m\u00e9dico y el d\u00eda que lleg\u00f3 al Hospital para dar a luz afirm\u00f3 que quer\u00eda dar a su beb\u00e9. Dos d\u00edas despu\u00e9s , junto al padre del ni\u00f1o decidieron que quer\u00edan formar una familia con \u00e9l. La jueza en lo Civil, Comercial. Familia&#8230;.<\/p>\n","protected":false},"author":2,"featured_media":4203,"comment_status":"closed","ping_status":"closed","sticky":false,"template":"","format":"standard","meta":{"_kad_post_transparent":"default","_kad_post_title":"default","_kad_post_layout":"default","_kad_post_sidebar_id":"","_kad_post_content_style":"default","_kad_post_vertical_padding":"default","_kad_post_feature":"","_kad_post_feature_position":"","_kad_post_header":false,"_kad_post_footer":false,"_kad_post_classname":"","footnotes":""},"categories":[5],"tags":[],"class_list":["post-4202","post","type-post","status-publish","format-standard","has-post-thumbnail","hentry","category-destacadas"],"a3_pvc":{"activated":false,"total_views":0,"today_views":0},"yoast_head":"<!-- This site is optimized with the Yoast SEO plugin v27.5 - https:\/\/yoast.com\/product\/yoast-seo-wordpress\/ -->\n<title>Una pareja se arrepinti\u00f3 de dar en adopci\u00f3n a su hijo y la justicia apoy\u00f3 la decisi\u00f3n - Digital Santo Tom\u00e9<\/title>\n<meta name=\"robots\" content=\"index, follow, max-snippet:-1, max-image-preview:large, max-video-preview:-1\" \/>\n<link rel=\"canonical\" href=\"https:\/\/digitalsantotome.com.ar\/?p=4202\" \/>\n<meta property=\"og:locale\" content=\"es_ES\" \/>\n<meta property=\"og:type\" content=\"article\" \/>\n<meta property=\"og:title\" content=\"Una pareja se arrepinti\u00f3 de dar en adopci\u00f3n a su hijo y la justicia apoy\u00f3 la decisi\u00f3n - Digital Santo Tom\u00e9\" \/>\n<meta property=\"og:description\" content=\"SANTO TOME. Flavia, una mujer vulnerable, atraves\u00f3 el embarazo sin ning\u00fan control m\u00e9dico y el d\u00eda que lleg\u00f3 al Hospital para dar a luz afirm\u00f3 que quer\u00eda dar a su beb\u00e9. Dos d\u00edas despu\u00e9s , junto al padre del ni\u00f1o decidieron que quer\u00edan formar una familia con \u00e9l. La jueza en lo Civil, Comercial. Familia....\" \/>\n<meta property=\"og:url\" content=\"https:\/\/digitalsantotome.com.ar\/?p=4202\" \/>\n<meta property=\"og:site_name\" content=\"Digital Santo Tom\u00e9\" \/>\n<meta property=\"article:published_time\" content=\"2023-10-17T19:23:31+00:00\" \/>\n<meta property=\"article:modified_time\" content=\"2023-10-17T19:24:20+00:00\" \/>\n<meta property=\"og:image\" content=\"https:\/\/digitalsantotome.com.ar\/wp-content\/uploads\/2023\/10\/zovak2.jpg\" \/>\n\t<meta property=\"og:image:width\" content=\"800\" \/>\n\t<meta property=\"og:image:height\" content=\"470\" \/>\n\t<meta property=\"og:image:type\" content=\"image\/jpeg\" \/>\n<meta name=\"author\" content=\"Jose Carlos Machado\" \/>\n<meta name=\"twitter:card\" content=\"summary_large_image\" \/>\n<meta name=\"twitter:label1\" content=\"Escrito por\" \/>\n\t<meta name=\"twitter:data1\" content=\"Jose Carlos Machado\" \/>\n\t<meta name=\"twitter:label2\" content=\"Tiempo de lectura\" \/>\n\t<meta name=\"twitter:data2\" content=\"3 minutos\" \/>\n<script type=\"application\/ld+json\" class=\"yoast-schema-graph\">{\"@context\":\"https:\\\/\\\/schema.org\",\"@graph\":[{\"@type\":\"Article\",\"@id\":\"https:\\\/\\\/digitalsantotome.com.ar\\\/?p=4202#article\",\"isPartOf\":{\"@id\":\"https:\\\/\\\/digitalsantotome.com.ar\\\/?p=4202\"},\"author\":{\"name\":\"Jose Carlos Machado\",\"@id\":\"https:\\\/\\\/digitalsantotome.com.ar\\\/#\\\/schema\\\/person\\\/8991d8822886fedd92ce7f03817e1bdf\"},\"headline\":\"Una pareja se arrepinti\u00f3 de dar en adopci\u00f3n a su hijo y la justicia apoy\u00f3 la decisi\u00f3n\",\"datePublished\":\"2023-10-17T19:23:31+00:00\",\"dateModified\":\"2023-10-17T19:24:20+00:00\",\"mainEntityOfPage\":{\"@id\":\"https:\\\/\\\/digitalsantotome.com.ar\\\/?p=4202\"},\"wordCount\":560,\"publisher\":{\"@id\":\"https:\\\/\\\/digitalsantotome.com.ar\\\/#organization\"},\"image\":{\"@id\":\"https:\\\/\\\/digitalsantotome.com.ar\\\/?p=4202#primaryimage\"},\"thumbnailUrl\":\"https:\\\/\\\/digitalsantotome.com.ar\\\/wp-content\\\/uploads\\\/2023\\\/10\\\/zovak2.jpg\",\"articleSection\":[\"Destacadas\"],\"inLanguage\":\"es\"},{\"@type\":\"WebPage\",\"@id\":\"https:\\\/\\\/digitalsantotome.com.ar\\\/?p=4202\",\"url\":\"https:\\\/\\\/digitalsantotome.com.ar\\\/?p=4202\",\"name\":\"Una pareja se arrepinti\u00f3 de dar en adopci\u00f3n a su hijo y la justicia apoy\u00f3 la decisi\u00f3n - Digital Santo Tom\u00e9\",\"isPartOf\":{\"@id\":\"https:\\\/\\\/digitalsantotome.com.ar\\\/#website\"},\"primaryImageOfPage\":{\"@id\":\"https:\\\/\\\/digitalsantotome.com.ar\\\/?p=4202#primaryimage\"},\"image\":{\"@id\":\"https:\\\/\\\/digitalsantotome.com.ar\\\/?p=4202#primaryimage\"},\"thumbnailUrl\":\"https:\\\/\\\/digitalsantotome.com.ar\\\/wp-content\\\/uploads\\\/2023\\\/10\\\/zovak2.jpg\",\"datePublished\":\"2023-10-17T19:23:31+00:00\",\"dateModified\":\"2023-10-17T19:24:20+00:00\",\"breadcrumb\":{\"@id\":\"https:\\\/\\\/digitalsantotome.com.ar\\\/?p=4202#breadcrumb\"},\"inLanguage\":\"es\",\"potentialAction\":[{\"@type\":\"ReadAction\",\"target\":[\"https:\\\/\\\/digitalsantotome.com.ar\\\/?p=4202\"]}]},{\"@type\":\"ImageObject\",\"inLanguage\":\"es\",\"@id\":\"https:\\\/\\\/digitalsantotome.com.ar\\\/?p=4202#primaryimage\",\"url\":\"https:\\\/\\\/digitalsantotome.com.ar\\\/wp-content\\\/uploads\\\/2023\\\/10\\\/zovak2.jpg\",\"contentUrl\":\"https:\\\/\\\/digitalsantotome.com.ar\\\/wp-content\\\/uploads\\\/2023\\\/10\\\/zovak2.jpg\",\"width\":800,\"height\":470},{\"@type\":\"BreadcrumbList\",\"@id\":\"https:\\\/\\\/digitalsantotome.com.ar\\\/?p=4202#breadcrumb\",\"itemListElement\":[{\"@type\":\"ListItem\",\"position\":1,\"name\":\"Portada\",\"item\":\"https:\\\/\\\/digitalsantotome.com.ar\\\/\"},{\"@type\":\"ListItem\",\"position\":2,\"name\":\"Una pareja se arrepinti\u00f3 de dar en adopci\u00f3n a su hijo y la justicia apoy\u00f3 la decisi\u00f3n\"}]},{\"@type\":\"WebSite\",\"@id\":\"https:\\\/\\\/digitalsantotome.com.ar\\\/#website\",\"url\":\"https:\\\/\\\/digitalsantotome.com.ar\\\/\",\"name\":\"Digital Santo Tom\u00e9\",\"description\":\"Noticias desde Santo Tom\u00e9 al Mundo \u2013 La informacion que decide\",\"publisher\":{\"@id\":\"https:\\\/\\\/digitalsantotome.com.ar\\\/#organization\"},\"potentialAction\":[{\"@type\":\"SearchAction\",\"target\":{\"@type\":\"EntryPoint\",\"urlTemplate\":\"https:\\\/\\\/digitalsantotome.com.ar\\\/?s={search_term_string}\"},\"query-input\":{\"@type\":\"PropertyValueSpecification\",\"valueRequired\":true,\"valueName\":\"search_term_string\"}}],\"inLanguage\":\"es\"},{\"@type\":\"Organization\",\"@id\":\"https:\\\/\\\/digitalsantotome.com.ar\\\/#organization\",\"name\":\"Digital Santo Tom\u00e9\",\"url\":\"https:\\\/\\\/digitalsantotome.com.ar\\\/\",\"logo\":{\"@type\":\"ImageObject\",\"inLanguage\":\"es\",\"@id\":\"https:\\\/\\\/digitalsantotome.com.ar\\\/#\\\/schema\\\/logo\\\/image\\\/\",\"url\":\"https:\\\/\\\/digitalsantotome.com.ar\\\/wp-content\\\/uploads\\\/2023\\\/01\\\/facebook.jpg\",\"contentUrl\":\"https:\\\/\\\/digitalsantotome.com.ar\\\/wp-content\\\/uploads\\\/2023\\\/01\\\/facebook.jpg\",\"width\":512,\"height\":376,\"caption\":\"Digital Santo Tom\u00e9\"},\"image\":{\"@id\":\"https:\\\/\\\/digitalsantotome.com.ar\\\/#\\\/schema\\\/logo\\\/image\\\/\"}},{\"@type\":\"Person\",\"@id\":\"https:\\\/\\\/digitalsantotome.com.ar\\\/#\\\/schema\\\/person\\\/8991d8822886fedd92ce7f03817e1bdf\",\"name\":\"Jose Carlos Machado\",\"url\":\"https:\\\/\\\/digitalsantotome.com.ar\\\/?author=2\"}]}<\/script>\n<!-- \/ Yoast SEO plugin. -->","yoast_head_json":{"title":"Una pareja se arrepinti\u00f3 de dar en adopci\u00f3n a su hijo y la justicia apoy\u00f3 la decisi\u00f3n - Digital Santo Tom\u00e9","robots":{"index":"index","follow":"follow","max-snippet":"max-snippet:-1","max-image-preview":"max-image-preview:large","max-video-preview":"max-video-preview:-1"},"canonical":"https:\/\/digitalsantotome.com.ar\/?p=4202","og_locale":"es_ES","og_type":"article","og_title":"Una pareja se arrepinti\u00f3 de dar en adopci\u00f3n a su hijo y la justicia apoy\u00f3 la decisi\u00f3n - Digital Santo Tom\u00e9","og_description":"SANTO TOME. Flavia, una mujer vulnerable, atraves\u00f3 el embarazo sin ning\u00fan control m\u00e9dico y el d\u00eda que lleg\u00f3 al Hospital para dar a luz afirm\u00f3 que quer\u00eda dar a su beb\u00e9. Dos d\u00edas despu\u00e9s , junto al padre del ni\u00f1o decidieron que quer\u00edan formar una familia con \u00e9l. La jueza en lo Civil, Comercial. Familia....","og_url":"https:\/\/digitalsantotome.com.ar\/?p=4202","og_site_name":"Digital Santo Tom\u00e9","article_published_time":"2023-10-17T19:23:31+00:00","article_modified_time":"2023-10-17T19:24:20+00:00","og_image":[{"width":800,"height":470,"url":"https:\/\/digitalsantotome.com.ar\/wp-content\/uploads\/2023\/10\/zovak2.jpg","type":"image\/jpeg"}],"author":"Jose Carlos Machado","twitter_card":"summary_large_image","twitter_misc":{"Escrito por":"Jose Carlos Machado","Tiempo de lectura":"3 minutos"},"schema":{"@context":"https:\/\/schema.org","@graph":[{"@type":"Article","@id":"https:\/\/digitalsantotome.com.ar\/?p=4202#article","isPartOf":{"@id":"https:\/\/digitalsantotome.com.ar\/?p=4202"},"author":{"name":"Jose Carlos Machado","@id":"https:\/\/digitalsantotome.com.ar\/#\/schema\/person\/8991d8822886fedd92ce7f03817e1bdf"},"headline":"Una pareja se arrepinti\u00f3 de dar en adopci\u00f3n a su hijo y la justicia apoy\u00f3 la decisi\u00f3n","datePublished":"2023-10-17T19:23:31+00:00","dateModified":"2023-10-17T19:24:20+00:00","mainEntityOfPage":{"@id":"https:\/\/digitalsantotome.com.ar\/?p=4202"},"wordCount":560,"publisher":{"@id":"https:\/\/digitalsantotome.com.ar\/#organization"},"image":{"@id":"https:\/\/digitalsantotome.com.ar\/?p=4202#primaryimage"},"thumbnailUrl":"https:\/\/digitalsantotome.com.ar\/wp-content\/uploads\/2023\/10\/zovak2.jpg","articleSection":["Destacadas"],"inLanguage":"es"},{"@type":"WebPage","@id":"https:\/\/digitalsantotome.com.ar\/?p=4202","url":"https:\/\/digitalsantotome.com.ar\/?p=4202","name":"Una pareja se arrepinti\u00f3 de dar en adopci\u00f3n a su hijo y la justicia apoy\u00f3 la decisi\u00f3n - Digital Santo Tom\u00e9","isPartOf":{"@id":"https:\/\/digitalsantotome.com.ar\/#website"},"primaryImageOfPage":{"@id":"https:\/\/digitalsantotome.com.ar\/?p=4202#primaryimage"},"image":{"@id":"https:\/\/digitalsantotome.com.ar\/?p=4202#primaryimage"},"thumbnailUrl":"https:\/\/digitalsantotome.com.ar\/wp-content\/uploads\/2023\/10\/zovak2.jpg","datePublished":"2023-10-17T19:23:31+00:00","dateModified":"2023-10-17T19:24:20+00:00","breadcrumb":{"@id":"https:\/\/digitalsantotome.com.ar\/?p=4202#breadcrumb"},"inLanguage":"es","potentialAction":[{"@type":"ReadAction","target":["https:\/\/digitalsantotome.com.ar\/?p=4202"]}]},{"@type":"ImageObject","inLanguage":"es","@id":"https:\/\/digitalsantotome.com.ar\/?p=4202#primaryimage","url":"https:\/\/digitalsantotome.com.ar\/wp-content\/uploads\/2023\/10\/zovak2.jpg","contentUrl":"https:\/\/digitalsantotome.com.ar\/wp-content\/uploads\/2023\/10\/zovak2.jpg","width":800,"height":470},{"@type":"BreadcrumbList","@id":"https:\/\/digitalsantotome.com.ar\/?p=4202#breadcrumb","itemListElement":[{"@type":"ListItem","position":1,"name":"Portada","item":"https:\/\/digitalsantotome.com.ar\/"},{"@type":"ListItem","position":2,"name":"Una pareja se arrepinti\u00f3 de dar en adopci\u00f3n a su hijo y la justicia apoy\u00f3 la decisi\u00f3n"}]},{"@type":"WebSite","@id":"https:\/\/digitalsantotome.com.ar\/#website","url":"https:\/\/digitalsantotome.com.ar\/","name":"Digital Santo Tom\u00e9","description":"Noticias desde Santo Tom\u00e9 al Mundo \u2013 La informacion que decide","publisher":{"@id":"https:\/\/digitalsantotome.com.ar\/#organization"},"potentialAction":[{"@type":"SearchAction","target":{"@type":"EntryPoint","urlTemplate":"https:\/\/digitalsantotome.com.ar\/?s={search_term_string}"},"query-input":{"@type":"PropertyValueSpecification","valueRequired":true,"valueName":"search_term_string"}}],"inLanguage":"es"},{"@type":"Organization","@id":"https:\/\/digitalsantotome.com.ar\/#organization","name":"Digital Santo Tom\u00e9","url":"https:\/\/digitalsantotome.com.ar\/","logo":{"@type":"ImageObject","inLanguage":"es","@id":"https:\/\/digitalsantotome.com.ar\/#\/schema\/logo\/image\/","url":"https:\/\/digitalsantotome.com.ar\/wp-content\/uploads\/2023\/01\/facebook.jpg","contentUrl":"https:\/\/digitalsantotome.com.ar\/wp-content\/uploads\/2023\/01\/facebook.jpg","width":512,"height":376,"caption":"Digital Santo Tom\u00e9"},"image":{"@id":"https:\/\/digitalsantotome.com.ar\/#\/schema\/logo\/image\/"}},{"@type":"Person","@id":"https:\/\/digitalsantotome.com.ar\/#\/schema\/person\/8991d8822886fedd92ce7f03817e1bdf","name":"Jose Carlos Machado","url":"https:\/\/digitalsantotome.com.ar\/?author=2"}]}},"_links":{"self":[{"href":"https:\/\/digitalsantotome.com.ar\/index.php?rest_route=\/wp\/v2\/posts\/4202","targetHints":{"allow":["GET"]}}],"collection":[{"href":"https:\/\/digitalsantotome.com.ar\/index.php?rest_route=\/wp\/v2\/posts"}],"about":[{"href":"https:\/\/digitalsantotome.com.ar\/index.php?rest_route=\/wp\/v2\/types\/post"}],"author":[{"embeddable":true,"href":"https:\/\/digitalsantotome.com.ar\/index.php?rest_route=\/wp\/v2\/users\/2"}],"replies":[{"embeddable":true,"href":"https:\/\/digitalsantotome.com.ar\/index.php?rest_route=%2Fwp%2Fv2%2Fcomments&post=4202"}],"version-history":[{"count":2,"href":"https:\/\/digitalsantotome.com.ar\/index.php?rest_route=\/wp\/v2\/posts\/4202\/revisions"}],"predecessor-version":[{"id":4205,"href":"https:\/\/digitalsantotome.com.ar\/index.php?rest_route=\/wp\/v2\/posts\/4202\/revisions\/4205"}],"wp:featuredmedia":[{"embeddable":true,"href":"https:\/\/digitalsantotome.com.ar\/index.php?rest_route=\/wp\/v2\/media\/4203"}],"wp:attachment":[{"href":"https:\/\/digitalsantotome.com.ar\/index.php?rest_route=%2Fwp%2Fv2%2Fmedia&parent=4202"}],"wp:term":[{"taxonomy":"category","embeddable":true,"href":"https:\/\/digitalsantotome.com.ar\/index.php?rest_route=%2Fwp%2Fv2%2Fcategories&post=4202"},{"taxonomy":"post_tag","embeddable":true,"href":"https:\/\/digitalsantotome.com.ar\/index.php?rest_route=%2Fwp%2Fv2%2Ftags&post=4202"}],"curies":[{"name":"wp","href":"https:\/\/api.w.org\/{rel}","templated":true}]}}