{"id":4551,"date":"2023-11-30T06:48:23","date_gmt":"2023-11-30T09:48:23","guid":{"rendered":"https:\/\/digitalsantotome.com.ar\/?p=4551"},"modified":"2023-11-30T06:48:31","modified_gmt":"2023-11-30T09:48:31","slug":"presupuesto-2024-el-pj-rechazo-su-sancion-por-asimetrias-en-la-asignacion-de-recursos-y-tratamiento-a-las-apuradas","status":"publish","type":"post","link":"https:\/\/digitalsantotome.com.ar\/?p=4551","title":{"rendered":"Presupuesto 2024: el PJ rechaz\u00f3 su sanci\u00f3n por asimetr\u00edas en la asignaci\u00f3n de recursos y tratamiento a las \u201capuradas\u201d"},"content":{"rendered":"<div class=\"adn ads\" data-message-id=\"#msg-a:r-4305533493977036017\" data-legacy-message-id=\"18c1f96882c73602\">\n<div class=\"gs\">\n<div class=\"\">\n<div id=\":qt\" class=\"ii gt\">\n<div id=\":qu\" class=\"a3s aiL \">\n<div dir=\"auto\">\n<div dir=\"auto\">CORRIENTES. El bloque de senadores provinciales del Partido Justicialista (PJ) y de Uni\u00f3n por la Patria Corrientes, rechazaron este mi\u00e9rcoles 29\/11 acompa\u00f1ar el proyecto de Presupuesto General para 2024 \u201cporque lo estamos haciendo a las apuradas y hay una inequidad en la distribuci\u00f3n de los recursos\u201d. Tambi\u00e9n plantearon la nula informaci\u00f3n de por qu\u00e9 se proyectan 12 mil cargos menos para el a\u00f1o que viene en la administraci\u00f3n p\u00fablica. Los voceros del bloque fueron Mart\u00edn Barrionuevo y Jos\u00e9 \u201cP\u00edt\u00edn\u201d Arag\u00f3n._<\/div>\n<div dir=\"auto\"><\/div>\n<div dir=\"auto\">Este mi\u00e9rcoles desde las 19, con dos horas de retraso \u2013el inicio estaba previsto para las 17- la c\u00e1mara de Senadores de la provincia trat\u00f3 y aprob\u00f3 el Proyecto de Ley de Presupuesto General de la provincia de Corrientes para el a\u00f1o 2024. El bloque de Uni\u00f3n por la Patria encabezado por el Partido Justicialista, rechaz\u00f3 acompa\u00f1ar el proyecto \u201cporque lo estamos tratando a las apuradas\u201d, expresaron. El bloque est\u00e1 integrado por Mart\u00edn Barrionuevo, Jos\u00e9 \u201cPit\u00edn\u201d Arag\u00f3n, Carolina Mart\u00ednez Llano y V\u00edctor Giraud.<\/div>\n<div dir=\"auto\"><\/div>\n<div dir=\"auto\">Los voceros del bloque fueron Barrionuevo y Arag\u00f3n. \u201cVenimos a tratar un presupuesto a las apuradas y parece que no se podr\u00eda esperar hasta ma\u00f1ana por la ma\u00f1ana. Cu\u00e1l es el apuro para aprobar un presupuesto cuando est\u00e1 cambiando una administraci\u00f3n nacional. Lo l\u00f3gico es esperar al presupuesto de Javier Milei \u2013Presidente electo-. Les recuerdo \u2013dijo Barrionuevo- que en la Ley de Responsabilidad Fiscal tambi\u00e9n plantea rendir cuentas. Es importante esperar qu\u00e9 dir\u00e1 el presupuesto nacional de Mieli y hasta ahora lo que conocemos es lo que se dice en los medios: recortes a las provincias, que se arreglen solas, fin de la obra p\u00fablica, estanflaci\u00f3n por 18 meses. Les dijo a los gobernadores que recorten gastos porque no hay plata. Nosotros no vamos a poder analizar en esta ocasi\u00f3n, la quita de la obra p\u00fablica, la ca\u00edda de la recaudaci\u00f3n\u201d.<\/div>\n<div dir=\"auto\"><\/div>\n<div dir=\"auto\">Por su parte Arag\u00f3n record\u00f3 \u201calgunas declaraciones sobre lo que se dice en cuanto a lo que viene \u2013inicio de la Presidencia Milei desde el 10 de diciembre-. A pocos d\u00edas el responsable de Infraestructura Escolar dec\u00eda que hab\u00eda que esperar c\u00f3mo se iba a dar la obra p\u00fablica con el nuevo Gobierno Nacional\u201d.<\/div>\n<div dir=\"auto\"><\/div>\n<div dir=\"auto\">El senador provincial tambi\u00e9n record\u00f3 que expresiones del \u201cPresidente de la C\u00e1mara de la Construcci\u00f3n de Corrientes cuando Milei dijo que no hay plata\u201d.<\/div>\n<div dir=\"auto\"><\/div>\n<div dir=\"auto\">Por \u00faltimo Arag\u00f3n reflexion\u00f3: \u201cS\u00e9 que a veces la mayor\u00eda de las c\u00e1maras legislativas se manejan de manera autoritaria y terminan peg\u00e1ndose un tiro en los pies. Muchos de Encuentro por Corrientes (ECO) pidieron votar por un cambio y es as\u00ed que est\u00e1n por votar un presupuesto con obra p\u00fablica a la baja y 12 mil cargos menos en la administraci\u00f3n p\u00fablica. Independencia del Poder Judicial cero, todo esto contrasta con la inversi\u00f3n necesaria para las nuevas fiscal\u00edas que votamos este a\u00f1o\u201d<\/div>\n<div dir=\"auto\">Por \u00faltimo remarc\u00f3 refiri\u00e9ndose al oficialismo: \u201cEste es un proyecto pol\u00edtico que hace mucho dej\u00f3 de mirar a las necesidades de la los correntinos y las correntinas\u201d.<\/div>\n<div dir=\"auto\"><\/div>\n<div dir=\"auto\">*Poder judicial con recorte*<\/div>\n<div dir=\"auto\">Los senadores provinciales remarcaron la poda en los recursos para el Poder Judicial en casi un 30% que dificultar\u00e1 la instrumentaci\u00f3n de la Ley 6,640.<\/div>\n<div dir=\"auto\"><\/div>\n<div dir=\"auto\">Norma sancionada por la Legislatura provincial para crear 78 fiscal\u00edas en toda la provincia, asesor\u00edas y defensor\u00edas. En la Ley se prev\u00e9 que el 40% de todos esos cargos se cree en 2024: es decir, de 78 cargos deben ponerse en funcionamiento 40 el a\u00f1o que viene.<\/div>\n<\/div>\n<div class=\"yj6qo\"><\/div>\n<div class=\"adL\"><\/div>\n<\/div>\n<\/div>\n<div class=\"hi\"><\/div>\n<div class=\"WhmR8e\" data-hash=\"0\"><\/div>\n<\/div>\n<\/div>\n<div class=\"ajx\"><\/div>\n<\/div>\n<div class=\"gA gt acV\">\n<div class=\"gB xu\">\n<div class=\"ip iq\">\n<div id=\":qs\">\n<table class=\"cf wS\" role=\"presentation\">\n<tbody>\n<tr>\n<td class=\"amq\"><img decoding=\"async\" id=\":nv_2\" class=\"ajn bofPge\" src=\"https:\/\/lh3.googleusercontent.com\/a\/ACg8ocJ0z8rGBI0d4y83rRiS2qi8CV9hjBnp3D1_hArbmGU8=s40-p-mo\" name=\":nv\" data-hovercard-id=\"digitalsantotome@gmail.com\" \/><\/td>\n<td class=\"amr\">\n<div class=\"nr wR\">\n<div class=\"amn\"><span id=\":oe\" class=\"ams bkH\" tabindex=\"0\" role=\"link\">Responder<\/span><span id=\":oc\" class=\"ams bkG\" tabindex=\"0\" role=\"link\">Reenviar<\/span><\/div>\n<\/div>\n<\/td>\n<\/tr>\n<\/tbody>\n<\/table>\n<\/div>\n<\/div>\n<\/div>\n<\/div>\n","protected":false},"excerpt":{"rendered":"<p>CORRIENTES. El bloque de senadores provinciales del Partido Justicialista (PJ) y de Uni\u00f3n por la Patria Corrientes, rechazaron este mi\u00e9rcoles 29\/11 acompa\u00f1ar el proyecto de Presupuesto General para 2024 \u201cporque lo estamos haciendo a las apuradas y hay una inequidad en la distribuci\u00f3n de los recursos\u201d. Tambi\u00e9n plantearon la nula informaci\u00f3n de por qu\u00e9 se&#8230;<\/p>\n","protected":false},"author":2,"featured_media":4552,"comment_status":"closed","ping_status":"closed","sticky":false,"template":"","format":"standard","meta":{"_kad_post_transparent":"default","_kad_post_title":"default","_kad_post_layout":"default","_kad_post_sidebar_id":"","_kad_post_content_style":"default","_kad_post_vertical_padding":"default","_kad_post_feature":"","_kad_post_feature_position":"","_kad_post_header":false,"_kad_post_footer":false,"_kad_post_classname":"","footnotes":""},"categories":[2],"tags":[],"class_list":["post-4551","post","type-post","status-publish","format-standard","has-post-thumbnail","hentry","category-provinciales"],"a3_pvc":{"activated":false,"total_views":0,"today_views":0},"yoast_head":"<!-- This site is optimized with the Yoast SEO plugin v27.5 - https:\/\/yoast.com\/product\/yoast-seo-wordpress\/ -->\n<title>Presupuesto 2024: el PJ rechaz\u00f3 su sanci\u00f3n por asimetr\u00edas en la asignaci\u00f3n de recursos y tratamiento a las \u201capuradas\u201d - Digital Santo Tom\u00e9<\/title>\n<meta name=\"robots\" content=\"index, follow, max-snippet:-1, max-image-preview:large, max-video-preview:-1\" \/>\n<link rel=\"canonical\" href=\"https:\/\/digitalsantotome.com.ar\/?p=4551\" \/>\n<meta property=\"og:locale\" content=\"es_ES\" \/>\n<meta property=\"og:type\" content=\"article\" \/>\n<meta property=\"og:title\" content=\"Presupuesto 2024: el PJ rechaz\u00f3 su sanci\u00f3n por asimetr\u00edas en la asignaci\u00f3n de recursos y tratamiento a las \u201capuradas\u201d - Digital Santo Tom\u00e9\" \/>\n<meta property=\"og:description\" content=\"CORRIENTES. El bloque de senadores provinciales del Partido Justicialista (PJ) y de Uni\u00f3n por la Patria Corrientes, rechazaron este mi\u00e9rcoles 29\/11 acompa\u00f1ar el proyecto de Presupuesto General para 2024 \u201cporque lo estamos haciendo a las apuradas y hay una inequidad en la distribuci\u00f3n de los recursos\u201d. Tambi\u00e9n plantearon la nula informaci\u00f3n de por qu\u00e9 se...\" \/>\n<meta property=\"og:url\" content=\"https:\/\/digitalsantotome.com.ar\/?p=4551\" \/>\n<meta property=\"og:site_name\" content=\"Digital Santo Tom\u00e9\" \/>\n<meta property=\"article:published_time\" content=\"2023-11-30T09:48:23+00:00\" \/>\n<meta property=\"article:modified_time\" content=\"2023-11-30T09:48:31+00:00\" \/>\n<meta property=\"og:image\" content=\"https:\/\/digitalsantotome.com.ar\/wp-content\/uploads\/2023\/11\/IMG-20231129-WA0122.jpg\" \/>\n\t<meta property=\"og:image:width\" content=\"1280\" \/>\n\t<meta property=\"og:image:height\" content=\"847\" \/>\n\t<meta property=\"og:image:type\" content=\"image\/jpeg\" \/>\n<meta name=\"author\" content=\"Jose Carlos Machado\" \/>\n<meta name=\"twitter:card\" content=\"summary_large_image\" \/>\n<meta name=\"twitter:label1\" content=\"Escrito por\" \/>\n\t<meta name=\"twitter:data1\" content=\"Jose Carlos Machado\" \/>\n\t<meta name=\"twitter:label2\" content=\"Tiempo de lectura\" \/>\n\t<meta name=\"twitter:data2\" content=\"3 minutos\" \/>\n<script type=\"application\/ld+json\" class=\"yoast-schema-graph\">{\"@context\":\"https:\\\/\\\/schema.org\",\"@graph\":[{\"@type\":\"Article\",\"@id\":\"https:\\\/\\\/digitalsantotome.com.ar\\\/?p=4551#article\",\"isPartOf\":{\"@id\":\"https:\\\/\\\/digitalsantotome.com.ar\\\/?p=4551\"},\"author\":{\"name\":\"Jose Carlos Machado\",\"@id\":\"https:\\\/\\\/digitalsantotome.com.ar\\\/#\\\/schema\\\/person\\\/8991d8822886fedd92ce7f03817e1bdf\"},\"headline\":\"Presupuesto 2024: el PJ rechaz\u00f3 su sanci\u00f3n por asimetr\u00edas en la asignaci\u00f3n de recursos y tratamiento a las \u201capuradas\u201d\",\"datePublished\":\"2023-11-30T09:48:23+00:00\",\"dateModified\":\"2023-11-30T09:48:31+00:00\",\"mainEntityOfPage\":{\"@id\":\"https:\\\/\\\/digitalsantotome.com.ar\\\/?p=4551\"},\"wordCount\":639,\"publisher\":{\"@id\":\"https:\\\/\\\/digitalsantotome.com.ar\\\/#organization\"},\"image\":{\"@id\":\"https:\\\/\\\/digitalsantotome.com.ar\\\/?p=4551#primaryimage\"},\"thumbnailUrl\":\"https:\\\/\\\/digitalsantotome.com.ar\\\/wp-content\\\/uploads\\\/2023\\\/11\\\/IMG-20231129-WA0122.jpg\",\"articleSection\":[\"Provinciales\"],\"inLanguage\":\"es\"},{\"@type\":\"WebPage\",\"@id\":\"https:\\\/\\\/digitalsantotome.com.ar\\\/?p=4551\",\"url\":\"https:\\\/\\\/digitalsantotome.com.ar\\\/?p=4551\",\"name\":\"Presupuesto 2024: el PJ rechaz\u00f3 su sanci\u00f3n por asimetr\u00edas en la asignaci\u00f3n de recursos y tratamiento a las \u201capuradas\u201d - Digital Santo Tom\u00e9\",\"isPartOf\":{\"@id\":\"https:\\\/\\\/digitalsantotome.com.ar\\\/#website\"},\"primaryImageOfPage\":{\"@id\":\"https:\\\/\\\/digitalsantotome.com.ar\\\/?p=4551#primaryimage\"},\"image\":{\"@id\":\"https:\\\/\\\/digitalsantotome.com.ar\\\/?p=4551#primaryimage\"},\"thumbnailUrl\":\"https:\\\/\\\/digitalsantotome.com.ar\\\/wp-content\\\/uploads\\\/2023\\\/11\\\/IMG-20231129-WA0122.jpg\",\"datePublished\":\"2023-11-30T09:48:23+00:00\",\"dateModified\":\"2023-11-30T09:48:31+00:00\",\"breadcrumb\":{\"@id\":\"https:\\\/\\\/digitalsantotome.com.ar\\\/?p=4551#breadcrumb\"},\"inLanguage\":\"es\",\"potentialAction\":[{\"@type\":\"ReadAction\",\"target\":[\"https:\\\/\\\/digitalsantotome.com.ar\\\/?p=4551\"]}]},{\"@type\":\"ImageObject\",\"inLanguage\":\"es\",\"@id\":\"https:\\\/\\\/digitalsantotome.com.ar\\\/?p=4551#primaryimage\",\"url\":\"https:\\\/\\\/digitalsantotome.com.ar\\\/wp-content\\\/uploads\\\/2023\\\/11\\\/IMG-20231129-WA0122.jpg\",\"contentUrl\":\"https:\\\/\\\/digitalsantotome.com.ar\\\/wp-content\\\/uploads\\\/2023\\\/11\\\/IMG-20231129-WA0122.jpg\",\"width\":1280,\"height\":847},{\"@type\":\"BreadcrumbList\",\"@id\":\"https:\\\/\\\/digitalsantotome.com.ar\\\/?p=4551#breadcrumb\",\"itemListElement\":[{\"@type\":\"ListItem\",\"position\":1,\"name\":\"Portada\",\"item\":\"https:\\\/\\\/digitalsantotome.com.ar\\\/\"},{\"@type\":\"ListItem\",\"position\":2,\"name\":\"Presupuesto 2024: el PJ rechaz\u00f3 su sanci\u00f3n por asimetr\u00edas en la asignaci\u00f3n de recursos y tratamiento a las \u201capuradas\u201d\"}]},{\"@type\":\"WebSite\",\"@id\":\"https:\\\/\\\/digitalsantotome.com.ar\\\/#website\",\"url\":\"https:\\\/\\\/digitalsantotome.com.ar\\\/\",\"name\":\"Digital Santo Tom\u00e9\",\"description\":\"Noticias desde Santo Tom\u00e9 al Mundo \u2013 La informacion que decide\",\"publisher\":{\"@id\":\"https:\\\/\\\/digitalsantotome.com.ar\\\/#organization\"},\"potentialAction\":[{\"@type\":\"SearchAction\",\"target\":{\"@type\":\"EntryPoint\",\"urlTemplate\":\"https:\\\/\\\/digitalsantotome.com.ar\\\/?s={search_term_string}\"},\"query-input\":{\"@type\":\"PropertyValueSpecification\",\"valueRequired\":true,\"valueName\":\"search_term_string\"}}],\"inLanguage\":\"es\"},{\"@type\":\"Organization\",\"@id\":\"https:\\\/\\\/digitalsantotome.com.ar\\\/#organization\",\"name\":\"Digital Santo Tom\u00e9\",\"url\":\"https:\\\/\\\/digitalsantotome.com.ar\\\/\",\"logo\":{\"@type\":\"ImageObject\",\"inLanguage\":\"es\",\"@id\":\"https:\\\/\\\/digitalsantotome.com.ar\\\/#\\\/schema\\\/logo\\\/image\\\/\",\"url\":\"https:\\\/\\\/digitalsantotome.com.ar\\\/wp-content\\\/uploads\\\/2023\\\/01\\\/facebook.jpg\",\"contentUrl\":\"https:\\\/\\\/digitalsantotome.com.ar\\\/wp-content\\\/uploads\\\/2023\\\/01\\\/facebook.jpg\",\"width\":512,\"height\":376,\"caption\":\"Digital Santo Tom\u00e9\"},\"image\":{\"@id\":\"https:\\\/\\\/digitalsantotome.com.ar\\\/#\\\/schema\\\/logo\\\/image\\\/\"}},{\"@type\":\"Person\",\"@id\":\"https:\\\/\\\/digitalsantotome.com.ar\\\/#\\\/schema\\\/person\\\/8991d8822886fedd92ce7f03817e1bdf\",\"name\":\"Jose Carlos Machado\",\"url\":\"https:\\\/\\\/digitalsantotome.com.ar\\\/?author=2\"}]}<\/script>\n<!-- \/ Yoast SEO plugin. -->","yoast_head_json":{"title":"Presupuesto 2024: el PJ rechaz\u00f3 su sanci\u00f3n por asimetr\u00edas en la asignaci\u00f3n de recursos y tratamiento a las \u201capuradas\u201d - Digital Santo Tom\u00e9","robots":{"index":"index","follow":"follow","max-snippet":"max-snippet:-1","max-image-preview":"max-image-preview:large","max-video-preview":"max-video-preview:-1"},"canonical":"https:\/\/digitalsantotome.com.ar\/?p=4551","og_locale":"es_ES","og_type":"article","og_title":"Presupuesto 2024: el PJ rechaz\u00f3 su sanci\u00f3n por asimetr\u00edas en la asignaci\u00f3n de recursos y tratamiento a las \u201capuradas\u201d - Digital Santo Tom\u00e9","og_description":"CORRIENTES. El bloque de senadores provinciales del Partido Justicialista (PJ) y de Uni\u00f3n por la Patria Corrientes, rechazaron este mi\u00e9rcoles 29\/11 acompa\u00f1ar el proyecto de Presupuesto General para 2024 \u201cporque lo estamos haciendo a las apuradas y hay una inequidad en la distribuci\u00f3n de los recursos\u201d. Tambi\u00e9n plantearon la nula informaci\u00f3n de por qu\u00e9 se...","og_url":"https:\/\/digitalsantotome.com.ar\/?p=4551","og_site_name":"Digital Santo Tom\u00e9","article_published_time":"2023-11-30T09:48:23+00:00","article_modified_time":"2023-11-30T09:48:31+00:00","og_image":[{"width":1280,"height":847,"url":"https:\/\/digitalsantotome.com.ar\/wp-content\/uploads\/2023\/11\/IMG-20231129-WA0122.jpg","type":"image\/jpeg"}],"author":"Jose Carlos Machado","twitter_card":"summary_large_image","twitter_misc":{"Escrito por":"Jose Carlos Machado","Tiempo de lectura":"3 minutos"},"schema":{"@context":"https:\/\/schema.org","@graph":[{"@type":"Article","@id":"https:\/\/digitalsantotome.com.ar\/?p=4551#article","isPartOf":{"@id":"https:\/\/digitalsantotome.com.ar\/?p=4551"},"author":{"name":"Jose Carlos Machado","@id":"https:\/\/digitalsantotome.com.ar\/#\/schema\/person\/8991d8822886fedd92ce7f03817e1bdf"},"headline":"Presupuesto 2024: el PJ rechaz\u00f3 su sanci\u00f3n por asimetr\u00edas en la asignaci\u00f3n de recursos y tratamiento a las \u201capuradas\u201d","datePublished":"2023-11-30T09:48:23+00:00","dateModified":"2023-11-30T09:48:31+00:00","mainEntityOfPage":{"@id":"https:\/\/digitalsantotome.com.ar\/?p=4551"},"wordCount":639,"publisher":{"@id":"https:\/\/digitalsantotome.com.ar\/#organization"},"image":{"@id":"https:\/\/digitalsantotome.com.ar\/?p=4551#primaryimage"},"thumbnailUrl":"https:\/\/digitalsantotome.com.ar\/wp-content\/uploads\/2023\/11\/IMG-20231129-WA0122.jpg","articleSection":["Provinciales"],"inLanguage":"es"},{"@type":"WebPage","@id":"https:\/\/digitalsantotome.com.ar\/?p=4551","url":"https:\/\/digitalsantotome.com.ar\/?p=4551","name":"Presupuesto 2024: el PJ rechaz\u00f3 su sanci\u00f3n por asimetr\u00edas en la asignaci\u00f3n de recursos y tratamiento a las \u201capuradas\u201d - Digital Santo Tom\u00e9","isPartOf":{"@id":"https:\/\/digitalsantotome.com.ar\/#website"},"primaryImageOfPage":{"@id":"https:\/\/digitalsantotome.com.ar\/?p=4551#primaryimage"},"image":{"@id":"https:\/\/digitalsantotome.com.ar\/?p=4551#primaryimage"},"thumbnailUrl":"https:\/\/digitalsantotome.com.ar\/wp-content\/uploads\/2023\/11\/IMG-20231129-WA0122.jpg","datePublished":"2023-11-30T09:48:23+00:00","dateModified":"2023-11-30T09:48:31+00:00","breadcrumb":{"@id":"https:\/\/digitalsantotome.com.ar\/?p=4551#breadcrumb"},"inLanguage":"es","potentialAction":[{"@type":"ReadAction","target":["https:\/\/digitalsantotome.com.ar\/?p=4551"]}]},{"@type":"ImageObject","inLanguage":"es","@id":"https:\/\/digitalsantotome.com.ar\/?p=4551#primaryimage","url":"https:\/\/digitalsantotome.com.ar\/wp-content\/uploads\/2023\/11\/IMG-20231129-WA0122.jpg","contentUrl":"https:\/\/digitalsantotome.com.ar\/wp-content\/uploads\/2023\/11\/IMG-20231129-WA0122.jpg","width":1280,"height":847},{"@type":"BreadcrumbList","@id":"https:\/\/digitalsantotome.com.ar\/?p=4551#breadcrumb","itemListElement":[{"@type":"ListItem","position":1,"name":"Portada","item":"https:\/\/digitalsantotome.com.ar\/"},{"@type":"ListItem","position":2,"name":"Presupuesto 2024: el PJ rechaz\u00f3 su sanci\u00f3n por asimetr\u00edas en la asignaci\u00f3n de recursos y tratamiento a las \u201capuradas\u201d"}]},{"@type":"WebSite","@id":"https:\/\/digitalsantotome.com.ar\/#website","url":"https:\/\/digitalsantotome.com.ar\/","name":"Digital Santo Tom\u00e9","description":"Noticias desde Santo Tom\u00e9 al Mundo \u2013 La informacion que decide","publisher":{"@id":"https:\/\/digitalsantotome.com.ar\/#organization"},"potentialAction":[{"@type":"SearchAction","target":{"@type":"EntryPoint","urlTemplate":"https:\/\/digitalsantotome.com.ar\/?s={search_term_string}"},"query-input":{"@type":"PropertyValueSpecification","valueRequired":true,"valueName":"search_term_string"}}],"inLanguage":"es"},{"@type":"Organization","@id":"https:\/\/digitalsantotome.com.ar\/#organization","name":"Digital Santo Tom\u00e9","url":"https:\/\/digitalsantotome.com.ar\/","logo":{"@type":"ImageObject","inLanguage":"es","@id":"https:\/\/digitalsantotome.com.ar\/#\/schema\/logo\/image\/","url":"https:\/\/digitalsantotome.com.ar\/wp-content\/uploads\/2023\/01\/facebook.jpg","contentUrl":"https:\/\/digitalsantotome.com.ar\/wp-content\/uploads\/2023\/01\/facebook.jpg","width":512,"height":376,"caption":"Digital Santo Tom\u00e9"},"image":{"@id":"https:\/\/digitalsantotome.com.ar\/#\/schema\/logo\/image\/"}},{"@type":"Person","@id":"https:\/\/digitalsantotome.com.ar\/#\/schema\/person\/8991d8822886fedd92ce7f03817e1bdf","name":"Jose Carlos Machado","url":"https:\/\/digitalsantotome.com.ar\/?author=2"}]}},"_links":{"self":[{"href":"https:\/\/digitalsantotome.com.ar\/index.php?rest_route=\/wp\/v2\/posts\/4551","targetHints":{"allow":["GET"]}}],"collection":[{"href":"https:\/\/digitalsantotome.com.ar\/index.php?rest_route=\/wp\/v2\/posts"}],"about":[{"href":"https:\/\/digitalsantotome.com.ar\/index.php?rest_route=\/wp\/v2\/types\/post"}],"author":[{"embeddable":true,"href":"https:\/\/digitalsantotome.com.ar\/index.php?rest_route=\/wp\/v2\/users\/2"}],"replies":[{"embeddable":true,"href":"https:\/\/digitalsantotome.com.ar\/index.php?rest_route=%2Fwp%2Fv2%2Fcomments&post=4551"}],"version-history":[{"count":1,"href":"https:\/\/digitalsantotome.com.ar\/index.php?rest_route=\/wp\/v2\/posts\/4551\/revisions"}],"predecessor-version":[{"id":4553,"href":"https:\/\/digitalsantotome.com.ar\/index.php?rest_route=\/wp\/v2\/posts\/4551\/revisions\/4553"}],"wp:featuredmedia":[{"embeddable":true,"href":"https:\/\/digitalsantotome.com.ar\/index.php?rest_route=\/wp\/v2\/media\/4552"}],"wp:attachment":[{"href":"https:\/\/digitalsantotome.com.ar\/index.php?rest_route=%2Fwp%2Fv2%2Fmedia&parent=4551"}],"wp:term":[{"taxonomy":"category","embeddable":true,"href":"https:\/\/digitalsantotome.com.ar\/index.php?rest_route=%2Fwp%2Fv2%2Fcategories&post=4551"},{"taxonomy":"post_tag","embeddable":true,"href":"https:\/\/digitalsantotome.com.ar\/index.php?rest_route=%2Fwp%2Fv2%2Ftags&post=4551"}],"curies":[{"name":"wp","href":"https:\/\/api.w.org\/{rel}","templated":true}]}}