{"id":4580,"date":"2023-12-01T06:39:35","date_gmt":"2023-12-01T09:39:35","guid":{"rendered":"https:\/\/digitalsantotome.com.ar\/?p=4580"},"modified":"2023-12-01T06:39:56","modified_gmt":"2023-12-01T09:39:56","slug":"cardozo-encabezo-una-reunion-con-directores-de-hospitales","status":"publish","type":"post","link":"https:\/\/digitalsantotome.com.ar\/?p=4580","title":{"rendered":"Cardozo encabez\u00f3 una reuni\u00f3n con directores de hospitales"},"content":{"rendered":"<p><em>SANTO TOME. El encuentro se llev\u00f3 a cabo en el hospital de Campa\u00f1a y participaron directores de hospitales de Santo Tom\u00e9, Curuz\u00fa Cuati\u00e1, Saladas e Itat\u00ed, entre otros. El tema central abordado, fue la situaci\u00f3n econ\u00f3mica nacional actual.<\/em><\/p>\n<p>El ministro de Salud P\u00fablica,\u00a0Ricardo Cardozo, encabez\u00f3 hoy una reuni\u00f3n con directores e integrantes de la Comisi\u00f3n Hospitalaria y los subsecretarios de la cartera sanitaria. La actividad se llev\u00f3 a cabo en el Sal\u00f3n Auditorio del hospital de Campa\u00f1a Escuela Hogar.<\/p>\n<p>\u201cLe transmit\u00ed b\u00e1sicamente la situaci\u00f3n planteada en la reuni\u00f3n de gabinete por nuestro gobernado Gustavo Vald\u00e9s. En este sentido, hablamos de la situaci\u00f3n econ\u00f3mica en general y les ped\u00ed que se eviten gastos superfluos\u201d, dijo el ministro.<\/p>\n<p>\u201cNos han presentado c\u00f3mo van a planificar el desenvolvimiento de sus respectivos hospitales y les ped\u00ed que eso sea acorde a la nueva situaci\u00f3n econ\u00f3mica. La respuesta fue muy positiva, comprenden la situaci\u00f3n econ\u00f3mica nacional y lo que nos deja el Gobierno nacional saliente, que determin\u00f3 que hoy por hoy tengamos que relegar, por un tiempo, algunos proyectos y mantener una buena prestaci\u00f3n para la salud de los correntinos\u201d, agreg\u00f3.<\/p>\n<p>En este sentido, el jueves que viene habr\u00e1 una nueva reuni\u00f3n en Santo Tom\u00e9 y luego, se van a ir sucediendo estos encuentros en las diferentes regiones sanitarias. En la ocasi\u00f3n, estuvieron directores de hospitales de Santo Tom\u00e9, Curuz\u00fa Cuati\u00e1, Saladas e Itat\u00ed, entre otros.<\/p>\n","protected":false},"excerpt":{"rendered":"<p>SANTO TOME. El encuentro se llev\u00f3 a cabo en el hospital de Campa\u00f1a y participaron directores de hospitales de Santo Tom\u00e9, Curuz\u00fa Cuati\u00e1, Saladas e Itat\u00ed, entre otros. El tema central abordado, fue la situaci\u00f3n econ\u00f3mica nacional actual. El ministro de Salud P\u00fablica,\u00a0Ricardo Cardozo, encabez\u00f3 hoy una reuni\u00f3n con directores e integrantes de la Comisi\u00f3n&#8230;<\/p>\n","protected":false},"author":2,"featured_media":4581,"comment_status":"closed","ping_status":"closed","sticky":false,"template":"","format":"standard","meta":{"_kad_post_transparent":"default","_kad_post_title":"default","_kad_post_layout":"default","_kad_post_sidebar_id":"","_kad_post_content_style":"default","_kad_post_vertical_padding":"default","_kad_post_feature":"","_kad_post_feature_position":"","_kad_post_header":false,"_kad_post_footer":false,"_kad_post_classname":"","footnotes":""},"categories":[2],"tags":[],"class_list":["post-4580","post","type-post","status-publish","format-standard","has-post-thumbnail","hentry","category-provinciales"],"a3_pvc":{"activated":false,"total_views":0,"today_views":0},"yoast_head":"<!-- This site is optimized with the Yoast SEO plugin v27.5 - https:\/\/yoast.com\/product\/yoast-seo-wordpress\/ -->\n<title>Cardozo encabez\u00f3 una reuni\u00f3n con directores de hospitales - Digital Santo Tom\u00e9<\/title>\n<meta name=\"robots\" content=\"index, follow, max-snippet:-1, max-image-preview:large, max-video-preview:-1\" \/>\n<link rel=\"canonical\" href=\"https:\/\/digitalsantotome.com.ar\/?p=4580\" \/>\n<meta property=\"og:locale\" content=\"es_ES\" \/>\n<meta property=\"og:type\" content=\"article\" \/>\n<meta property=\"og:title\" content=\"Cardozo encabez\u00f3 una reuni\u00f3n con directores de hospitales - Digital Santo Tom\u00e9\" \/>\n<meta property=\"og:description\" content=\"SANTO TOME. El encuentro se llev\u00f3 a cabo en el hospital de Campa\u00f1a y participaron directores de hospitales de Santo Tom\u00e9, Curuz\u00fa Cuati\u00e1, Saladas e Itat\u00ed, entre otros. El tema central abordado, fue la situaci\u00f3n econ\u00f3mica nacional actual. El ministro de Salud P\u00fablica,\u00a0Ricardo Cardozo, encabez\u00f3 hoy una reuni\u00f3n con directores e integrantes de la Comisi\u00f3n...\" \/>\n<meta property=\"og:url\" content=\"https:\/\/digitalsantotome.com.ar\/?p=4580\" \/>\n<meta property=\"og:site_name\" content=\"Digital Santo Tom\u00e9\" \/>\n<meta property=\"article:published_time\" content=\"2023-12-01T09:39:35+00:00\" \/>\n<meta property=\"article:modified_time\" content=\"2023-12-01T09:39:56+00:00\" \/>\n<meta property=\"og:image\" content=\"https:\/\/digitalsantotome.com.ar\/wp-content\/uploads\/2023\/12\/imagen-62463.jpg\" \/>\n\t<meta property=\"og:image:width\" content=\"1280\" \/>\n\t<meta property=\"og:image:height\" content=\"728\" \/>\n\t<meta property=\"og:image:type\" content=\"image\/jpeg\" \/>\n<meta name=\"author\" content=\"Jose Carlos Machado\" \/>\n<meta name=\"twitter:card\" content=\"summary_large_image\" \/>\n<meta name=\"twitter:label1\" content=\"Escrito por\" \/>\n\t<meta name=\"twitter:data1\" content=\"Jose Carlos Machado\" \/>\n\t<meta name=\"twitter:label2\" content=\"Tiempo de lectura\" \/>\n\t<meta name=\"twitter:data2\" content=\"2 minutos\" \/>\n<script type=\"application\/ld+json\" class=\"yoast-schema-graph\">{\"@context\":\"https:\\\/\\\/schema.org\",\"@graph\":[{\"@type\":\"Article\",\"@id\":\"https:\\\/\\\/digitalsantotome.com.ar\\\/?p=4580#article\",\"isPartOf\":{\"@id\":\"https:\\\/\\\/digitalsantotome.com.ar\\\/?p=4580\"},\"author\":{\"name\":\"Jose Carlos Machado\",\"@id\":\"https:\\\/\\\/digitalsantotome.com.ar\\\/#\\\/schema\\\/person\\\/8991d8822886fedd92ce7f03817e1bdf\"},\"headline\":\"Cardozo encabez\u00f3 una reuni\u00f3n con directores de hospitales\",\"datePublished\":\"2023-12-01T09:39:35+00:00\",\"dateModified\":\"2023-12-01T09:39:56+00:00\",\"mainEntityOfPage\":{\"@id\":\"https:\\\/\\\/digitalsantotome.com.ar\\\/?p=4580\"},\"wordCount\":263,\"publisher\":{\"@id\":\"https:\\\/\\\/digitalsantotome.com.ar\\\/#organization\"},\"image\":{\"@id\":\"https:\\\/\\\/digitalsantotome.com.ar\\\/?p=4580#primaryimage\"},\"thumbnailUrl\":\"https:\\\/\\\/digitalsantotome.com.ar\\\/wp-content\\\/uploads\\\/2023\\\/12\\\/imagen-62463.jpg\",\"articleSection\":[\"Provinciales\"],\"inLanguage\":\"es\"},{\"@type\":\"WebPage\",\"@id\":\"https:\\\/\\\/digitalsantotome.com.ar\\\/?p=4580\",\"url\":\"https:\\\/\\\/digitalsantotome.com.ar\\\/?p=4580\",\"name\":\"Cardozo encabez\u00f3 una reuni\u00f3n con directores de hospitales - Digital Santo Tom\u00e9\",\"isPartOf\":{\"@id\":\"https:\\\/\\\/digitalsantotome.com.ar\\\/#website\"},\"primaryImageOfPage\":{\"@id\":\"https:\\\/\\\/digitalsantotome.com.ar\\\/?p=4580#primaryimage\"},\"image\":{\"@id\":\"https:\\\/\\\/digitalsantotome.com.ar\\\/?p=4580#primaryimage\"},\"thumbnailUrl\":\"https:\\\/\\\/digitalsantotome.com.ar\\\/wp-content\\\/uploads\\\/2023\\\/12\\\/imagen-62463.jpg\",\"datePublished\":\"2023-12-01T09:39:35+00:00\",\"dateModified\":\"2023-12-01T09:39:56+00:00\",\"breadcrumb\":{\"@id\":\"https:\\\/\\\/digitalsantotome.com.ar\\\/?p=4580#breadcrumb\"},\"inLanguage\":\"es\",\"potentialAction\":[{\"@type\":\"ReadAction\",\"target\":[\"https:\\\/\\\/digitalsantotome.com.ar\\\/?p=4580\"]}]},{\"@type\":\"ImageObject\",\"inLanguage\":\"es\",\"@id\":\"https:\\\/\\\/digitalsantotome.com.ar\\\/?p=4580#primaryimage\",\"url\":\"https:\\\/\\\/digitalsantotome.com.ar\\\/wp-content\\\/uploads\\\/2023\\\/12\\\/imagen-62463.jpg\",\"contentUrl\":\"https:\\\/\\\/digitalsantotome.com.ar\\\/wp-content\\\/uploads\\\/2023\\\/12\\\/imagen-62463.jpg\",\"width\":1280,\"height\":728},{\"@type\":\"BreadcrumbList\",\"@id\":\"https:\\\/\\\/digitalsantotome.com.ar\\\/?p=4580#breadcrumb\",\"itemListElement\":[{\"@type\":\"ListItem\",\"position\":1,\"name\":\"Portada\",\"item\":\"https:\\\/\\\/digitalsantotome.com.ar\\\/\"},{\"@type\":\"ListItem\",\"position\":2,\"name\":\"Cardozo encabez\u00f3 una reuni\u00f3n con directores de hospitales\"}]},{\"@type\":\"WebSite\",\"@id\":\"https:\\\/\\\/digitalsantotome.com.ar\\\/#website\",\"url\":\"https:\\\/\\\/digitalsantotome.com.ar\\\/\",\"name\":\"Digital Santo Tom\u00e9\",\"description\":\"Noticias desde Santo Tom\u00e9 al Mundo \u2013 La informacion que decide\",\"publisher\":{\"@id\":\"https:\\\/\\\/digitalsantotome.com.ar\\\/#organization\"},\"potentialAction\":[{\"@type\":\"SearchAction\",\"target\":{\"@type\":\"EntryPoint\",\"urlTemplate\":\"https:\\\/\\\/digitalsantotome.com.ar\\\/?s={search_term_string}\"},\"query-input\":{\"@type\":\"PropertyValueSpecification\",\"valueRequired\":true,\"valueName\":\"search_term_string\"}}],\"inLanguage\":\"es\"},{\"@type\":\"Organization\",\"@id\":\"https:\\\/\\\/digitalsantotome.com.ar\\\/#organization\",\"name\":\"Digital Santo Tom\u00e9\",\"url\":\"https:\\\/\\\/digitalsantotome.com.ar\\\/\",\"logo\":{\"@type\":\"ImageObject\",\"inLanguage\":\"es\",\"@id\":\"https:\\\/\\\/digitalsantotome.com.ar\\\/#\\\/schema\\\/logo\\\/image\\\/\",\"url\":\"https:\\\/\\\/digitalsantotome.com.ar\\\/wp-content\\\/uploads\\\/2023\\\/01\\\/facebook.jpg\",\"contentUrl\":\"https:\\\/\\\/digitalsantotome.com.ar\\\/wp-content\\\/uploads\\\/2023\\\/01\\\/facebook.jpg\",\"width\":512,\"height\":376,\"caption\":\"Digital Santo Tom\u00e9\"},\"image\":{\"@id\":\"https:\\\/\\\/digitalsantotome.com.ar\\\/#\\\/schema\\\/logo\\\/image\\\/\"}},{\"@type\":\"Person\",\"@id\":\"https:\\\/\\\/digitalsantotome.com.ar\\\/#\\\/schema\\\/person\\\/8991d8822886fedd92ce7f03817e1bdf\",\"name\":\"Jose Carlos Machado\",\"url\":\"https:\\\/\\\/digitalsantotome.com.ar\\\/?author=2\"}]}<\/script>\n<!-- \/ Yoast SEO plugin. -->","yoast_head_json":{"title":"Cardozo encabez\u00f3 una reuni\u00f3n con directores de hospitales - Digital Santo Tom\u00e9","robots":{"index":"index","follow":"follow","max-snippet":"max-snippet:-1","max-image-preview":"max-image-preview:large","max-video-preview":"max-video-preview:-1"},"canonical":"https:\/\/digitalsantotome.com.ar\/?p=4580","og_locale":"es_ES","og_type":"article","og_title":"Cardozo encabez\u00f3 una reuni\u00f3n con directores de hospitales - Digital Santo Tom\u00e9","og_description":"SANTO TOME. El encuentro se llev\u00f3 a cabo en el hospital de Campa\u00f1a y participaron directores de hospitales de Santo Tom\u00e9, Curuz\u00fa Cuati\u00e1, Saladas e Itat\u00ed, entre otros. El tema central abordado, fue la situaci\u00f3n econ\u00f3mica nacional actual. El ministro de Salud P\u00fablica,\u00a0Ricardo Cardozo, encabez\u00f3 hoy una reuni\u00f3n con directores e integrantes de la Comisi\u00f3n...","og_url":"https:\/\/digitalsantotome.com.ar\/?p=4580","og_site_name":"Digital Santo Tom\u00e9","article_published_time":"2023-12-01T09:39:35+00:00","article_modified_time":"2023-12-01T09:39:56+00:00","og_image":[{"width":1280,"height":728,"url":"https:\/\/digitalsantotome.com.ar\/wp-content\/uploads\/2023\/12\/imagen-62463.jpg","type":"image\/jpeg"}],"author":"Jose Carlos Machado","twitter_card":"summary_large_image","twitter_misc":{"Escrito por":"Jose Carlos Machado","Tiempo de lectura":"2 minutos"},"schema":{"@context":"https:\/\/schema.org","@graph":[{"@type":"Article","@id":"https:\/\/digitalsantotome.com.ar\/?p=4580#article","isPartOf":{"@id":"https:\/\/digitalsantotome.com.ar\/?p=4580"},"author":{"name":"Jose Carlos Machado","@id":"https:\/\/digitalsantotome.com.ar\/#\/schema\/person\/8991d8822886fedd92ce7f03817e1bdf"},"headline":"Cardozo encabez\u00f3 una reuni\u00f3n con directores de hospitales","datePublished":"2023-12-01T09:39:35+00:00","dateModified":"2023-12-01T09:39:56+00:00","mainEntityOfPage":{"@id":"https:\/\/digitalsantotome.com.ar\/?p=4580"},"wordCount":263,"publisher":{"@id":"https:\/\/digitalsantotome.com.ar\/#organization"},"image":{"@id":"https:\/\/digitalsantotome.com.ar\/?p=4580#primaryimage"},"thumbnailUrl":"https:\/\/digitalsantotome.com.ar\/wp-content\/uploads\/2023\/12\/imagen-62463.jpg","articleSection":["Provinciales"],"inLanguage":"es"},{"@type":"WebPage","@id":"https:\/\/digitalsantotome.com.ar\/?p=4580","url":"https:\/\/digitalsantotome.com.ar\/?p=4580","name":"Cardozo encabez\u00f3 una reuni\u00f3n con directores de hospitales - Digital Santo Tom\u00e9","isPartOf":{"@id":"https:\/\/digitalsantotome.com.ar\/#website"},"primaryImageOfPage":{"@id":"https:\/\/digitalsantotome.com.ar\/?p=4580#primaryimage"},"image":{"@id":"https:\/\/digitalsantotome.com.ar\/?p=4580#primaryimage"},"thumbnailUrl":"https:\/\/digitalsantotome.com.ar\/wp-content\/uploads\/2023\/12\/imagen-62463.jpg","datePublished":"2023-12-01T09:39:35+00:00","dateModified":"2023-12-01T09:39:56+00:00","breadcrumb":{"@id":"https:\/\/digitalsantotome.com.ar\/?p=4580#breadcrumb"},"inLanguage":"es","potentialAction":[{"@type":"ReadAction","target":["https:\/\/digitalsantotome.com.ar\/?p=4580"]}]},{"@type":"ImageObject","inLanguage":"es","@id":"https:\/\/digitalsantotome.com.ar\/?p=4580#primaryimage","url":"https:\/\/digitalsantotome.com.ar\/wp-content\/uploads\/2023\/12\/imagen-62463.jpg","contentUrl":"https:\/\/digitalsantotome.com.ar\/wp-content\/uploads\/2023\/12\/imagen-62463.jpg","width":1280,"height":728},{"@type":"BreadcrumbList","@id":"https:\/\/digitalsantotome.com.ar\/?p=4580#breadcrumb","itemListElement":[{"@type":"ListItem","position":1,"name":"Portada","item":"https:\/\/digitalsantotome.com.ar\/"},{"@type":"ListItem","position":2,"name":"Cardozo encabez\u00f3 una reuni\u00f3n con directores de hospitales"}]},{"@type":"WebSite","@id":"https:\/\/digitalsantotome.com.ar\/#website","url":"https:\/\/digitalsantotome.com.ar\/","name":"Digital Santo Tom\u00e9","description":"Noticias desde Santo Tom\u00e9 al Mundo \u2013 La informacion que decide","publisher":{"@id":"https:\/\/digitalsantotome.com.ar\/#organization"},"potentialAction":[{"@type":"SearchAction","target":{"@type":"EntryPoint","urlTemplate":"https:\/\/digitalsantotome.com.ar\/?s={search_term_string}"},"query-input":{"@type":"PropertyValueSpecification","valueRequired":true,"valueName":"search_term_string"}}],"inLanguage":"es"},{"@type":"Organization","@id":"https:\/\/digitalsantotome.com.ar\/#organization","name":"Digital Santo Tom\u00e9","url":"https:\/\/digitalsantotome.com.ar\/","logo":{"@type":"ImageObject","inLanguage":"es","@id":"https:\/\/digitalsantotome.com.ar\/#\/schema\/logo\/image\/","url":"https:\/\/digitalsantotome.com.ar\/wp-content\/uploads\/2023\/01\/facebook.jpg","contentUrl":"https:\/\/digitalsantotome.com.ar\/wp-content\/uploads\/2023\/01\/facebook.jpg","width":512,"height":376,"caption":"Digital Santo Tom\u00e9"},"image":{"@id":"https:\/\/digitalsantotome.com.ar\/#\/schema\/logo\/image\/"}},{"@type":"Person","@id":"https:\/\/digitalsantotome.com.ar\/#\/schema\/person\/8991d8822886fedd92ce7f03817e1bdf","name":"Jose Carlos Machado","url":"https:\/\/digitalsantotome.com.ar\/?author=2"}]}},"_links":{"self":[{"href":"https:\/\/digitalsantotome.com.ar\/index.php?rest_route=\/wp\/v2\/posts\/4580","targetHints":{"allow":["GET"]}}],"collection":[{"href":"https:\/\/digitalsantotome.com.ar\/index.php?rest_route=\/wp\/v2\/posts"}],"about":[{"href":"https:\/\/digitalsantotome.com.ar\/index.php?rest_route=\/wp\/v2\/types\/post"}],"author":[{"embeddable":true,"href":"https:\/\/digitalsantotome.com.ar\/index.php?rest_route=\/wp\/v2\/users\/2"}],"replies":[{"embeddable":true,"href":"https:\/\/digitalsantotome.com.ar\/index.php?rest_route=%2Fwp%2Fv2%2Fcomments&post=4580"}],"version-history":[{"count":1,"href":"https:\/\/digitalsantotome.com.ar\/index.php?rest_route=\/wp\/v2\/posts\/4580\/revisions"}],"predecessor-version":[{"id":4582,"href":"https:\/\/digitalsantotome.com.ar\/index.php?rest_route=\/wp\/v2\/posts\/4580\/revisions\/4582"}],"wp:featuredmedia":[{"embeddable":true,"href":"https:\/\/digitalsantotome.com.ar\/index.php?rest_route=\/wp\/v2\/media\/4581"}],"wp:attachment":[{"href":"https:\/\/digitalsantotome.com.ar\/index.php?rest_route=%2Fwp%2Fv2%2Fmedia&parent=4580"}],"wp:term":[{"taxonomy":"category","embeddable":true,"href":"https:\/\/digitalsantotome.com.ar\/index.php?rest_route=%2Fwp%2Fv2%2Fcategories&post=4580"},{"taxonomy":"post_tag","embeddable":true,"href":"https:\/\/digitalsantotome.com.ar\/index.php?rest_route=%2Fwp%2Fv2%2Ftags&post=4580"}],"curies":[{"name":"wp","href":"https:\/\/api.w.org\/{rel}","templated":true}]}}