{"id":4611,"date":"2023-12-03T19:57:17","date_gmt":"2023-12-03T22:57:17","guid":{"rendered":"https:\/\/digitalsantotome.com.ar\/?p=4611"},"modified":"2023-12-03T19:57:25","modified_gmt":"2023-12-03T22:57:25","slug":"el-centro-de-formacion-profesional-rector-vicente-fidel-lopez-realizo-su-77-exposicion-anual","status":"publish","type":"post","link":"https:\/\/digitalsantotome.com.ar\/?p=4611","title":{"rendered":"El Centro de Formaci\u00f3n Profesional Rector \u201cVicente Fidel L\u00f3pez\u201d realiz\u00f3 su 77\u00b0 Exposici\u00f3n Anual"},"content":{"rendered":"<p>SANTO TOME. Se realiz\u00f3 el viernes \u00faltimo la 77\u00b0 Exposici\u00f3n Anual del Centro de Formaci\u00f3n Profesional Rector \u201cVicente Fidel L\u00f3pez\u201d, y sus autoridades destacaron el crecimiento logrado gracias al trabajo interinstitucional realizado durante el a\u00f1o. Tambi\u00e9n presentaron los perfiles que comenzar\u00e1n a funcionar el a\u00f1o pr\u00f3ximo.<\/p>\n<p>Los perfiles que expusieron en esta oportunidad fueron: Operador en Inform\u00e1tica para Administraci\u00f3n y Gesti\u00f3n, Auxiliar de Peluquer\u00eda, Peluquero, Operador de m\u00e1quina para la confecci\u00f3n indumentaria, Confeccionista a medida-modista, Auxiliar en construcciones, Alba\u00f1il, Auxiliar en instalaciones el\u00e9ctricas domiciliarias, Montador electricista, Electricista en Inmueble, Carpintero de banco, Pastelero, y Cocinero. Y se proyectan para el 2024 los siguientes perfiles:\u00a0 Reparador de PC, Vendedor, Cajero, Emprendedor de Negocios, Auxiliar en cuidados gerontol\u00f3gicos, y Construcci\u00f3n en seco de componentes livianos.<\/p>\n<p><img fetchpriority=\"high\" decoding=\"async\" class=\"alignnone wp-image-4613\" src=\"https:\/\/digitalsantotome.com.ar\/wp-content\/uploads\/2023\/12\/IMG-20231202-WA0048.jpg\" alt=\"\" width=\"756\" height=\"504\" srcset=\"https:\/\/digitalsantotome.com.ar\/wp-content\/uploads\/2023\/12\/IMG-20231202-WA0048.jpg 1368w, https:\/\/digitalsantotome.com.ar\/wp-content\/uploads\/2023\/12\/IMG-20231202-WA0048-300x200.jpg 300w, https:\/\/digitalsantotome.com.ar\/wp-content\/uploads\/2023\/12\/IMG-20231202-WA0048-1024x683.jpg 1024w, https:\/\/digitalsantotome.com.ar\/wp-content\/uploads\/2023\/12\/IMG-20231202-WA0048-768x512.jpg 768w\" sizes=\"(max-width: 756px) 100vw, 756px\" \/><\/p>\n<p>La rectora de la instituci\u00f3n, M\u00f3nica Pacheco en la apertura del evento dio la bienvenida a los presentes, entre ellos autoridades del municipio y la Polic\u00eda de Corrientes, dijo lo siguiente: \u00abA todos los perfiles mis mejores deseos de \u00e9xitos en esta exposici\u00f3n anual. Esta estrategia de exponer los trabajos realizados nos une cada a\u00f1o mediante el empe\u00f1o que pone cada uno en la organizaci\u00f3n, en la preparaci\u00f3n de su stand, y sobre todo en el gran esfuerzo del d\u00eda a d\u00eda, de aprender y crecer como persona; convencidos de que para propiciar una mejor calidad de vida es necesario adquirir nuevos conocimientos y desarrollo de capacidades que generamos durante toda la trayectoria. Es indispensable el reconocimiento de nosotros en nuestro quehacer cotidiano. Ello, sin dudas, fomenta el v\u00ednculo entre los especialistas instructores y los alumnos, y con este evento se favorece a una actitud y compromiso profesional. Asimismo, este encuentro anual nos sirve para analizar y discutir diferentes situaciones que aportan al cambio y al mejoramiento de la formaci\u00f3n profesional a\u00f1o a a\u00f1o\u00bb.<\/p>\n<p><img decoding=\"async\" class=\"alignnone wp-image-4614\" src=\"https:\/\/digitalsantotome.com.ar\/wp-content\/uploads\/2023\/12\/IMG-20231202-WA0042.jpg\" alt=\"\" width=\"671\" height=\"447\" srcset=\"https:\/\/digitalsantotome.com.ar\/wp-content\/uploads\/2023\/12\/IMG-20231202-WA0042.jpg 720w, https:\/\/digitalsantotome.com.ar\/wp-content\/uploads\/2023\/12\/IMG-20231202-WA0042-300x200.jpg 300w\" sizes=\"(max-width: 671px) 100vw, 671px\" \/><\/p>\n<p>A\u00f1adi\u00f3 que \u00abtodos sabemos que si queremos comprometernos con una instituci\u00f3n es preciso integrar a la tarea de formaci\u00f3n del recurso humano el quehacer profesional produciendo conocimiento que aporta a las necesidades de la sociedad. Esta es una nueva oportunidad tambi\u00e9n para reafirmar los lazos y resaltar el invaluable apoyo de otras instituciones que aportaron durante el a\u00f1o su granito de arena buscando potenciar con su aporte a la misi\u00f3n de la formaci\u00f3n profesional. Hay que rescatar en este punto los aportes y trabajos interinstitucionales con el Colegio Sargento Cabral, con el Instituto Jorge Luis Borges, con la Municipalidad, con el \u00e1rea de Bromatolog\u00eda, con la Facultad Barcel\u00f3, con la Escuela Primaria 554, realizando tareas comunitarias. Por \u00faltimo, quiero agradecer a los se\u00f1ores de Tap Maderas por su aporte anual con nuestros carpinteros de banco, tambi\u00e9n con nuestro profesor Ramiro Lavalle por su colaboraci\u00f3n con nuestras modistas, en nombre de todo el equipo que hacen a la formaci\u00f3n profesional: alumnos, docentes y equipo directivo, muchas gracias y bienvenidos a esta exposici\u00f3n n\u00famero 76\u00bb.<\/p>\n<p>Acompa\u00f1aron el evento las autoridades del municipio: el Coordinador de Gabinete, Gustavo Fajardo; el Secretario de Control de Gesti\u00f3n, Carlos Molina; el secretario de Cultura Gerar Romero Sosa y de Turismo Fany Pernochi.<\/p>\n<p><img decoding=\"async\" class=\"alignnone size-full wp-image-4615\" src=\"https:\/\/digitalsantotome.com.ar\/wp-content\/uploads\/2023\/12\/IMG-20231202-WA0043.jpg\" alt=\"\" width=\"720\" height=\"480\" srcset=\"https:\/\/digitalsantotome.com.ar\/wp-content\/uploads\/2023\/12\/IMG-20231202-WA0043.jpg 720w, https:\/\/digitalsantotome.com.ar\/wp-content\/uploads\/2023\/12\/IMG-20231202-WA0043-300x200.jpg 300w\" sizes=\"(max-width: 720px) 100vw, 720px\" \/><\/p>\n<p><img loading=\"lazy\" decoding=\"async\" class=\"alignnone wp-image-4616\" src=\"https:\/\/digitalsantotome.com.ar\/wp-content\/uploads\/2023\/12\/IMG-20231202-WA0047.jpg\" alt=\"\" width=\"716\" height=\"477\" srcset=\"https:\/\/digitalsantotome.com.ar\/wp-content\/uploads\/2023\/12\/IMG-20231202-WA0047.jpg 1368w, https:\/\/digitalsantotome.com.ar\/wp-content\/uploads\/2023\/12\/IMG-20231202-WA0047-300x200.jpg 300w, https:\/\/digitalsantotome.com.ar\/wp-content\/uploads\/2023\/12\/IMG-20231202-WA0047-1024x683.jpg 1024w, https:\/\/digitalsantotome.com.ar\/wp-content\/uploads\/2023\/12\/IMG-20231202-WA0047-768x512.jpg 768w\" sizes=\"(max-width: 716px) 100vw, 716px\" \/><\/p>\n<p><img loading=\"lazy\" decoding=\"async\" class=\"alignnone wp-image-4617\" src=\"https:\/\/digitalsantotome.com.ar\/wp-content\/uploads\/2023\/12\/IMG-20231202-WA0046.jpg\" alt=\"\" width=\"719\" height=\"479\" srcset=\"https:\/\/digitalsantotome.com.ar\/wp-content\/uploads\/2023\/12\/IMG-20231202-WA0046.jpg 1368w, https:\/\/digitalsantotome.com.ar\/wp-content\/uploads\/2023\/12\/IMG-20231202-WA0046-300x200.jpg 300w, https:\/\/digitalsantotome.com.ar\/wp-content\/uploads\/2023\/12\/IMG-20231202-WA0046-1024x683.jpg 1024w, https:\/\/digitalsantotome.com.ar\/wp-content\/uploads\/2023\/12\/IMG-20231202-WA0046-768x512.jpg 768w\" sizes=\"(max-width: 719px) 100vw, 719px\" \/><\/p>\n<p>&nbsp;<\/p>\n<p>&nbsp;<\/p>\n","protected":false},"excerpt":{"rendered":"<p>SANTO TOME. Se realiz\u00f3 el viernes \u00faltimo la 77\u00b0 Exposici\u00f3n Anual del Centro de Formaci\u00f3n Profesional Rector \u201cVicente Fidel L\u00f3pez\u201d, y sus autoridades destacaron el crecimiento logrado gracias al trabajo interinstitucional realizado durante el a\u00f1o. Tambi\u00e9n presentaron los perfiles que comenzar\u00e1n a funcionar el a\u00f1o pr\u00f3ximo. Los perfiles que expusieron en esta oportunidad fueron: Operador&#8230;<\/p>\n","protected":false},"author":2,"featured_media":4612,"comment_status":"closed","ping_status":"closed","sticky":false,"template":"","format":"standard","meta":{"_kad_post_transparent":"default","_kad_post_title":"default","_kad_post_layout":"default","_kad_post_sidebar_id":"","_kad_post_content_style":"default","_kad_post_vertical_padding":"default","_kad_post_feature":"","_kad_post_feature_position":"","_kad_post_header":false,"_kad_post_footer":false,"_kad_post_classname":"","footnotes":""},"categories":[2],"tags":[],"class_list":["post-4611","post","type-post","status-publish","format-standard","has-post-thumbnail","hentry","category-provinciales"],"a3_pvc":{"activated":false,"total_views":0,"today_views":0},"yoast_head":"<!-- This site is optimized with the Yoast SEO plugin v27.5 - https:\/\/yoast.com\/product\/yoast-seo-wordpress\/ -->\n<title>El Centro de Formaci\u00f3n Profesional Rector \u201cVicente Fidel L\u00f3pez\u201d realiz\u00f3 su 77\u00b0 Exposici\u00f3n Anual - Digital Santo Tom\u00e9<\/title>\n<meta name=\"robots\" content=\"index, follow, max-snippet:-1, max-image-preview:large, max-video-preview:-1\" \/>\n<link rel=\"canonical\" href=\"https:\/\/digitalsantotome.com.ar\/?p=4611\" \/>\n<meta property=\"og:locale\" content=\"es_ES\" \/>\n<meta property=\"og:type\" content=\"article\" \/>\n<meta property=\"og:title\" content=\"El Centro de Formaci\u00f3n Profesional Rector \u201cVicente Fidel L\u00f3pez\u201d realiz\u00f3 su 77\u00b0 Exposici\u00f3n Anual - Digital Santo Tom\u00e9\" \/>\n<meta property=\"og:description\" content=\"SANTO TOME. Se realiz\u00f3 el viernes \u00faltimo la 77\u00b0 Exposici\u00f3n Anual del Centro de Formaci\u00f3n Profesional Rector \u201cVicente Fidel L\u00f3pez\u201d, y sus autoridades destacaron el crecimiento logrado gracias al trabajo interinstitucional realizado durante el a\u00f1o. Tambi\u00e9n presentaron los perfiles que comenzar\u00e1n a funcionar el a\u00f1o pr\u00f3ximo. Los perfiles que expusieron en esta oportunidad fueron: Operador...\" \/>\n<meta property=\"og:url\" content=\"https:\/\/digitalsantotome.com.ar\/?p=4611\" \/>\n<meta property=\"og:site_name\" content=\"Digital Santo Tom\u00e9\" \/>\n<meta property=\"article:published_time\" content=\"2023-12-03T22:57:17+00:00\" \/>\n<meta property=\"article:modified_time\" content=\"2023-12-03T22:57:25+00:00\" \/>\n<meta property=\"og:image\" content=\"https:\/\/digitalsantotome.com.ar\/wp-content\/uploads\/2023\/12\/IMG-20231202-WA0041.jpg\" \/>\n\t<meta property=\"og:image:width\" content=\"720\" \/>\n\t<meta property=\"og:image:height\" content=\"480\" \/>\n\t<meta property=\"og:image:type\" content=\"image\/jpeg\" \/>\n<meta name=\"author\" content=\"Jose Carlos Machado\" \/>\n<meta name=\"twitter:card\" content=\"summary_large_image\" \/>\n<meta name=\"twitter:label1\" content=\"Escrito por\" \/>\n\t<meta name=\"twitter:data1\" content=\"Jose Carlos Machado\" \/>\n\t<meta name=\"twitter:label2\" content=\"Tiempo de lectura\" \/>\n\t<meta name=\"twitter:data2\" content=\"4 minutos\" \/>\n<script type=\"application\/ld+json\" class=\"yoast-schema-graph\">{\"@context\":\"https:\\\/\\\/schema.org\",\"@graph\":[{\"@type\":\"Article\",\"@id\":\"https:\\\/\\\/digitalsantotome.com.ar\\\/?p=4611#article\",\"isPartOf\":{\"@id\":\"https:\\\/\\\/digitalsantotome.com.ar\\\/?p=4611\"},\"author\":{\"name\":\"Jose Carlos Machado\",\"@id\":\"https:\\\/\\\/digitalsantotome.com.ar\\\/#\\\/schema\\\/person\\\/8991d8822886fedd92ce7f03817e1bdf\"},\"headline\":\"El Centro de Formaci\u00f3n Profesional Rector \u201cVicente Fidel L\u00f3pez\u201d realiz\u00f3 su 77\u00b0 Exposici\u00f3n Anual\",\"datePublished\":\"2023-12-03T22:57:17+00:00\",\"dateModified\":\"2023-12-03T22:57:25+00:00\",\"mainEntityOfPage\":{\"@id\":\"https:\\\/\\\/digitalsantotome.com.ar\\\/?p=4611\"},\"wordCount\":565,\"publisher\":{\"@id\":\"https:\\\/\\\/digitalsantotome.com.ar\\\/#organization\"},\"image\":{\"@id\":\"https:\\\/\\\/digitalsantotome.com.ar\\\/?p=4611#primaryimage\"},\"thumbnailUrl\":\"https:\\\/\\\/digitalsantotome.com.ar\\\/wp-content\\\/uploads\\\/2023\\\/12\\\/IMG-20231202-WA0041.jpg\",\"articleSection\":[\"Provinciales\"],\"inLanguage\":\"es\"},{\"@type\":\"WebPage\",\"@id\":\"https:\\\/\\\/digitalsantotome.com.ar\\\/?p=4611\",\"url\":\"https:\\\/\\\/digitalsantotome.com.ar\\\/?p=4611\",\"name\":\"El Centro de Formaci\u00f3n Profesional Rector \u201cVicente Fidel L\u00f3pez\u201d realiz\u00f3 su 77\u00b0 Exposici\u00f3n Anual - Digital Santo Tom\u00e9\",\"isPartOf\":{\"@id\":\"https:\\\/\\\/digitalsantotome.com.ar\\\/#website\"},\"primaryImageOfPage\":{\"@id\":\"https:\\\/\\\/digitalsantotome.com.ar\\\/?p=4611#primaryimage\"},\"image\":{\"@id\":\"https:\\\/\\\/digitalsantotome.com.ar\\\/?p=4611#primaryimage\"},\"thumbnailUrl\":\"https:\\\/\\\/digitalsantotome.com.ar\\\/wp-content\\\/uploads\\\/2023\\\/12\\\/IMG-20231202-WA0041.jpg\",\"datePublished\":\"2023-12-03T22:57:17+00:00\",\"dateModified\":\"2023-12-03T22:57:25+00:00\",\"breadcrumb\":{\"@id\":\"https:\\\/\\\/digitalsantotome.com.ar\\\/?p=4611#breadcrumb\"},\"inLanguage\":\"es\",\"potentialAction\":[{\"@type\":\"ReadAction\",\"target\":[\"https:\\\/\\\/digitalsantotome.com.ar\\\/?p=4611\"]}]},{\"@type\":\"ImageObject\",\"inLanguage\":\"es\",\"@id\":\"https:\\\/\\\/digitalsantotome.com.ar\\\/?p=4611#primaryimage\",\"url\":\"https:\\\/\\\/digitalsantotome.com.ar\\\/wp-content\\\/uploads\\\/2023\\\/12\\\/IMG-20231202-WA0041.jpg\",\"contentUrl\":\"https:\\\/\\\/digitalsantotome.com.ar\\\/wp-content\\\/uploads\\\/2023\\\/12\\\/IMG-20231202-WA0041.jpg\",\"width\":720,\"height\":480},{\"@type\":\"BreadcrumbList\",\"@id\":\"https:\\\/\\\/digitalsantotome.com.ar\\\/?p=4611#breadcrumb\",\"itemListElement\":[{\"@type\":\"ListItem\",\"position\":1,\"name\":\"Portada\",\"item\":\"https:\\\/\\\/digitalsantotome.com.ar\\\/\"},{\"@type\":\"ListItem\",\"position\":2,\"name\":\"El Centro de Formaci\u00f3n Profesional Rector \u201cVicente Fidel L\u00f3pez\u201d realiz\u00f3 su 77\u00b0 Exposici\u00f3n Anual\"}]},{\"@type\":\"WebSite\",\"@id\":\"https:\\\/\\\/digitalsantotome.com.ar\\\/#website\",\"url\":\"https:\\\/\\\/digitalsantotome.com.ar\\\/\",\"name\":\"Digital Santo Tom\u00e9\",\"description\":\"Noticias desde Santo Tom\u00e9 al Mundo \u2013 La informacion que decide\",\"publisher\":{\"@id\":\"https:\\\/\\\/digitalsantotome.com.ar\\\/#organization\"},\"potentialAction\":[{\"@type\":\"SearchAction\",\"target\":{\"@type\":\"EntryPoint\",\"urlTemplate\":\"https:\\\/\\\/digitalsantotome.com.ar\\\/?s={search_term_string}\"},\"query-input\":{\"@type\":\"PropertyValueSpecification\",\"valueRequired\":true,\"valueName\":\"search_term_string\"}}],\"inLanguage\":\"es\"},{\"@type\":\"Organization\",\"@id\":\"https:\\\/\\\/digitalsantotome.com.ar\\\/#organization\",\"name\":\"Digital Santo Tom\u00e9\",\"url\":\"https:\\\/\\\/digitalsantotome.com.ar\\\/\",\"logo\":{\"@type\":\"ImageObject\",\"inLanguage\":\"es\",\"@id\":\"https:\\\/\\\/digitalsantotome.com.ar\\\/#\\\/schema\\\/logo\\\/image\\\/\",\"url\":\"https:\\\/\\\/digitalsantotome.com.ar\\\/wp-content\\\/uploads\\\/2023\\\/01\\\/facebook.jpg\",\"contentUrl\":\"https:\\\/\\\/digitalsantotome.com.ar\\\/wp-content\\\/uploads\\\/2023\\\/01\\\/facebook.jpg\",\"width\":512,\"height\":376,\"caption\":\"Digital Santo Tom\u00e9\"},\"image\":{\"@id\":\"https:\\\/\\\/digitalsantotome.com.ar\\\/#\\\/schema\\\/logo\\\/image\\\/\"}},{\"@type\":\"Person\",\"@id\":\"https:\\\/\\\/digitalsantotome.com.ar\\\/#\\\/schema\\\/person\\\/8991d8822886fedd92ce7f03817e1bdf\",\"name\":\"Jose Carlos Machado\",\"url\":\"https:\\\/\\\/digitalsantotome.com.ar\\\/?author=2\"}]}<\/script>\n<!-- \/ Yoast SEO plugin. -->","yoast_head_json":{"title":"El Centro de Formaci\u00f3n Profesional Rector \u201cVicente Fidel L\u00f3pez\u201d realiz\u00f3 su 77\u00b0 Exposici\u00f3n Anual - Digital Santo Tom\u00e9","robots":{"index":"index","follow":"follow","max-snippet":"max-snippet:-1","max-image-preview":"max-image-preview:large","max-video-preview":"max-video-preview:-1"},"canonical":"https:\/\/digitalsantotome.com.ar\/?p=4611","og_locale":"es_ES","og_type":"article","og_title":"El Centro de Formaci\u00f3n Profesional Rector \u201cVicente Fidel L\u00f3pez\u201d realiz\u00f3 su 77\u00b0 Exposici\u00f3n Anual - Digital Santo Tom\u00e9","og_description":"SANTO TOME. Se realiz\u00f3 el viernes \u00faltimo la 77\u00b0 Exposici\u00f3n Anual del Centro de Formaci\u00f3n Profesional Rector \u201cVicente Fidel L\u00f3pez\u201d, y sus autoridades destacaron el crecimiento logrado gracias al trabajo interinstitucional realizado durante el a\u00f1o. Tambi\u00e9n presentaron los perfiles que comenzar\u00e1n a funcionar el a\u00f1o pr\u00f3ximo. Los perfiles que expusieron en esta oportunidad fueron: Operador...","og_url":"https:\/\/digitalsantotome.com.ar\/?p=4611","og_site_name":"Digital Santo Tom\u00e9","article_published_time":"2023-12-03T22:57:17+00:00","article_modified_time":"2023-12-03T22:57:25+00:00","og_image":[{"width":720,"height":480,"url":"https:\/\/digitalsantotome.com.ar\/wp-content\/uploads\/2023\/12\/IMG-20231202-WA0041.jpg","type":"image\/jpeg"}],"author":"Jose Carlos Machado","twitter_card":"summary_large_image","twitter_misc":{"Escrito por":"Jose Carlos Machado","Tiempo de lectura":"4 minutos"},"schema":{"@context":"https:\/\/schema.org","@graph":[{"@type":"Article","@id":"https:\/\/digitalsantotome.com.ar\/?p=4611#article","isPartOf":{"@id":"https:\/\/digitalsantotome.com.ar\/?p=4611"},"author":{"name":"Jose Carlos Machado","@id":"https:\/\/digitalsantotome.com.ar\/#\/schema\/person\/8991d8822886fedd92ce7f03817e1bdf"},"headline":"El Centro de Formaci\u00f3n Profesional Rector \u201cVicente Fidel L\u00f3pez\u201d realiz\u00f3 su 77\u00b0 Exposici\u00f3n Anual","datePublished":"2023-12-03T22:57:17+00:00","dateModified":"2023-12-03T22:57:25+00:00","mainEntityOfPage":{"@id":"https:\/\/digitalsantotome.com.ar\/?p=4611"},"wordCount":565,"publisher":{"@id":"https:\/\/digitalsantotome.com.ar\/#organization"},"image":{"@id":"https:\/\/digitalsantotome.com.ar\/?p=4611#primaryimage"},"thumbnailUrl":"https:\/\/digitalsantotome.com.ar\/wp-content\/uploads\/2023\/12\/IMG-20231202-WA0041.jpg","articleSection":["Provinciales"],"inLanguage":"es"},{"@type":"WebPage","@id":"https:\/\/digitalsantotome.com.ar\/?p=4611","url":"https:\/\/digitalsantotome.com.ar\/?p=4611","name":"El Centro de Formaci\u00f3n Profesional Rector \u201cVicente Fidel L\u00f3pez\u201d realiz\u00f3 su 77\u00b0 Exposici\u00f3n Anual - Digital Santo Tom\u00e9","isPartOf":{"@id":"https:\/\/digitalsantotome.com.ar\/#website"},"primaryImageOfPage":{"@id":"https:\/\/digitalsantotome.com.ar\/?p=4611#primaryimage"},"image":{"@id":"https:\/\/digitalsantotome.com.ar\/?p=4611#primaryimage"},"thumbnailUrl":"https:\/\/digitalsantotome.com.ar\/wp-content\/uploads\/2023\/12\/IMG-20231202-WA0041.jpg","datePublished":"2023-12-03T22:57:17+00:00","dateModified":"2023-12-03T22:57:25+00:00","breadcrumb":{"@id":"https:\/\/digitalsantotome.com.ar\/?p=4611#breadcrumb"},"inLanguage":"es","potentialAction":[{"@type":"ReadAction","target":["https:\/\/digitalsantotome.com.ar\/?p=4611"]}]},{"@type":"ImageObject","inLanguage":"es","@id":"https:\/\/digitalsantotome.com.ar\/?p=4611#primaryimage","url":"https:\/\/digitalsantotome.com.ar\/wp-content\/uploads\/2023\/12\/IMG-20231202-WA0041.jpg","contentUrl":"https:\/\/digitalsantotome.com.ar\/wp-content\/uploads\/2023\/12\/IMG-20231202-WA0041.jpg","width":720,"height":480},{"@type":"BreadcrumbList","@id":"https:\/\/digitalsantotome.com.ar\/?p=4611#breadcrumb","itemListElement":[{"@type":"ListItem","position":1,"name":"Portada","item":"https:\/\/digitalsantotome.com.ar\/"},{"@type":"ListItem","position":2,"name":"El Centro de Formaci\u00f3n Profesional Rector \u201cVicente Fidel L\u00f3pez\u201d realiz\u00f3 su 77\u00b0 Exposici\u00f3n Anual"}]},{"@type":"WebSite","@id":"https:\/\/digitalsantotome.com.ar\/#website","url":"https:\/\/digitalsantotome.com.ar\/","name":"Digital Santo Tom\u00e9","description":"Noticias desde Santo Tom\u00e9 al Mundo \u2013 La informacion que decide","publisher":{"@id":"https:\/\/digitalsantotome.com.ar\/#organization"},"potentialAction":[{"@type":"SearchAction","target":{"@type":"EntryPoint","urlTemplate":"https:\/\/digitalsantotome.com.ar\/?s={search_term_string}"},"query-input":{"@type":"PropertyValueSpecification","valueRequired":true,"valueName":"search_term_string"}}],"inLanguage":"es"},{"@type":"Organization","@id":"https:\/\/digitalsantotome.com.ar\/#organization","name":"Digital Santo Tom\u00e9","url":"https:\/\/digitalsantotome.com.ar\/","logo":{"@type":"ImageObject","inLanguage":"es","@id":"https:\/\/digitalsantotome.com.ar\/#\/schema\/logo\/image\/","url":"https:\/\/digitalsantotome.com.ar\/wp-content\/uploads\/2023\/01\/facebook.jpg","contentUrl":"https:\/\/digitalsantotome.com.ar\/wp-content\/uploads\/2023\/01\/facebook.jpg","width":512,"height":376,"caption":"Digital Santo Tom\u00e9"},"image":{"@id":"https:\/\/digitalsantotome.com.ar\/#\/schema\/logo\/image\/"}},{"@type":"Person","@id":"https:\/\/digitalsantotome.com.ar\/#\/schema\/person\/8991d8822886fedd92ce7f03817e1bdf","name":"Jose Carlos Machado","url":"https:\/\/digitalsantotome.com.ar\/?author=2"}]}},"_links":{"self":[{"href":"https:\/\/digitalsantotome.com.ar\/index.php?rest_route=\/wp\/v2\/posts\/4611","targetHints":{"allow":["GET"]}}],"collection":[{"href":"https:\/\/digitalsantotome.com.ar\/index.php?rest_route=\/wp\/v2\/posts"}],"about":[{"href":"https:\/\/digitalsantotome.com.ar\/index.php?rest_route=\/wp\/v2\/types\/post"}],"author":[{"embeddable":true,"href":"https:\/\/digitalsantotome.com.ar\/index.php?rest_route=\/wp\/v2\/users\/2"}],"replies":[{"embeddable":true,"href":"https:\/\/digitalsantotome.com.ar\/index.php?rest_route=%2Fwp%2Fv2%2Fcomments&post=4611"}],"version-history":[{"count":1,"href":"https:\/\/digitalsantotome.com.ar\/index.php?rest_route=\/wp\/v2\/posts\/4611\/revisions"}],"predecessor-version":[{"id":4618,"href":"https:\/\/digitalsantotome.com.ar\/index.php?rest_route=\/wp\/v2\/posts\/4611\/revisions\/4618"}],"wp:featuredmedia":[{"embeddable":true,"href":"https:\/\/digitalsantotome.com.ar\/index.php?rest_route=\/wp\/v2\/media\/4612"}],"wp:attachment":[{"href":"https:\/\/digitalsantotome.com.ar\/index.php?rest_route=%2Fwp%2Fv2%2Fmedia&parent=4611"}],"wp:term":[{"taxonomy":"category","embeddable":true,"href":"https:\/\/digitalsantotome.com.ar\/index.php?rest_route=%2Fwp%2Fv2%2Fcategories&post=4611"},{"taxonomy":"post_tag","embeddable":true,"href":"https:\/\/digitalsantotome.com.ar\/index.php?rest_route=%2Fwp%2Fv2%2Ftags&post=4611"}],"curies":[{"name":"wp","href":"https:\/\/api.w.org\/{rel}","templated":true}]}}