{"id":4930,"date":"2023-12-29T08:27:52","date_gmt":"2023-12-29T11:27:52","guid":{"rendered":"https:\/\/digitalsantotome.com.ar\/?p=4930"},"modified":"2023-12-31T19:32:27","modified_gmt":"2023-12-31T22:32:27","slug":"inauguraron-pavimento-e-iluminacion-por-calle-pellegrini-entre-blanco-y-navajas","status":"publish","type":"post","link":"https:\/\/digitalsantotome.com.ar\/?p=4930","title":{"rendered":"Inauguraron pavimento e iluminaci\u00f3n por calle Pellegrini entre Blanco y Navajas"},"content":{"rendered":"<h2><em>SANTO TOME. El Intendente Augusto Suaid, el vice intendente Carlos Farizano, concejales y parte del gabinete asistieron a la inauguraci\u00f3n de las obras por calle Pellegrini, entre \u00c1ngel Blanco y V\u00edctor Navajas, barrio Independiente, pasadas las 20 horas de este jueves, seg\u00fan se\u00f1ala un parte de prensa municipal.<\/em><\/h2>\n<p>Se concretaron 130 metros lineales de pavimento, as\u00ed tambi\u00e9n la renovaci\u00f3n de la iluminaci\u00f3n en todo el recorrido, se\u00f1alizaciones en pinturas y carteler\u00eda. Pendientes espec\u00edficas en todo el trayecto para el control de aguas pluviales, canalizando hacia los extremos laterales facilitando su escurrimiento.<\/p>\n<p>\u201cEstoy feliz, hace 30 a\u00f1os que vivo en este lugar, y el inconveniente que ten\u00eda esta calle era realmente importante. Los vecinos pasamos por problemas de inundaciones, y esto viene a solucionar muchos inconvenientes, y la iluminaci\u00f3n ni hablar. Estamos a tres cuadras de la plaza principal, y esto permite que nos comuniquemos de otra manera\u201d, se\u00f1al\u00f3 una vecina del lugar. \u201cCada vez que llov\u00eda ten\u00edamos que poner palos para salir de nuestra casa, por la erosi\u00f3n pluvial. Era todo el tiempo. Es una obra que nos cambi\u00f3 much\u00edsimo\u201d, agreg\u00f3 la vecina.<\/p>\n<p>Otra vecina, Eliana Ver\u00f3n, dijo \u201cestamos muy contentos y agradecidos con el Intendente. Gracias. Hace tanto que dese\u00e1bamos esto, y ahora lo agradecemos de coraz\u00f3n. Un aplauso para el Intendente. Hace 30 a\u00f1os que esper\u00e1bamos esto\u201d.<\/p>\n<p>El presidente del Club Atl\u00e9tico Independiente, Juan Esteban Lovato, hizo uso de la palabra para contar c\u00f3mo viv\u00eda cuando la calle era s\u00f3lo de tierra, y c\u00f3mo cambi\u00f3 la fisonom\u00eda del barrio el pavimento. \u201cComo presidente de la instituci\u00f3n que se encuentra en \u00c1ngel Blanco y Pellegrini queremos agradecer enormemente al Intendente, al viceintendente y a todo su equipo por hacer realidad esta obra que era muy necesaria para esta parte de la ciudad\u201d, dijo. \u201cHe frecuentado, en el \u00faltimo a\u00f1o, innumerables veces esta calle, y he visto como las lluvias han acarreado pr\u00e1cticamente toda la tierra, dejando un hilito en el medio de la calle para transitar\u201d, record\u00f3 Lovato.<\/p>\n<p>\u201cSe hizo el cord\u00f3n cuneta en su momento, una obra importante, pero no era suficiente porque las precipitaciones ac\u00e1 llevaron todo. Y hoy que tengamos esta cuadra de esta manera, para estos vecinos y para esta instituci\u00f3n que yo presido, que tengamos esta obra que embellece y enaltece la ciudad, la verdad es que estamos muy agradecidos. Hoy tenemos un barrio lindo y pintoresco\u201d, remarc\u00f3 el presidente del club Independiente.<\/p>\n<p>La vecina Gloria Dos Santos cont\u00f3 que \u201chace much\u00edsimos a\u00f1os (esperaba el pavimento). Yo nac\u00ed y me cri\u00e9 en el barrio, despu\u00e9s de tantos reclamos y muchos pedidos, lleg\u00f3 el tiempo. Nos escucharon, la soluci\u00f3n lleg\u00f3. Estamos agradecidos al se\u00f1or Intendente porque tenemos el asfalto. Ya no vamos a tener inundaciones. Ac\u00e1 cuando era todo tierra, se abr\u00eda la calle de lado a lado, entraba el agua en la baleta, el agua entraba y mi mam\u00e1 en la cama, en el agua. Ahora vamos a vivir tiempos mejores\u201d.<\/p>\n<p>\u201cTambi\u00e9n agradecemos a los se\u00f1ores trabajadores, que con estos calores trabajaban bajo el sol caliente. Que Dios los bendiga a ellos, y a toda la comitiva de la Municipalidad\u201d, cerr\u00f3 la vecina Dos Santos.<\/p>\n<p><strong>M\u00e1s obra p\u00fablica<\/strong><\/p>\n<p>A su turno, el jefe comunal Augusto Suaid hizo uso de la palabra para anunciar que la obra p\u00fablica no va a parar. \u201cA todo el equipo de la Municipalidad de Santo Tom\u00e9, el trabajo que hacen en pos del vecino, es loable de destacar. Porque esto lo podemos hacer gracias al esfuerzo de ustedes. Nosotros simplemente somos administradores de fondos p\u00fablicos, que son de los vecinos, que con el esfuerzo de ustedes que pagan sus tasas y contribuciones, se ven volcadas en obras que mejoran notablemente la calidad de vida de los vecinos\u201d.<\/p>\n<p>Record\u00f3 que esta obra, en primer lugar, fue proyectada para hacer el cord\u00f3n cuneta, \u201cuna obra importante teniendo en cuenta que en esta zona de la ciudad las precipitaciones hacen que tengamos complicaciones. Se hizo un trabajo importante de drenajes, para posteriormente culminar con el pavimento y las luces led. Cumpliendo con el compromiso que asumimos con los vecinos desde el primer d\u00eda de gesti\u00f3n, y reafirmando nuestro compromiso de seguir trabajando por m\u00e1s y mejores obras que mejoren notablemente la calidad de vida de los vecinos\u201d, indic\u00f3.<\/p>\n<p>A continuaci\u00f3n, el jefe comunal pidi\u00f3 un fuerte aplauso para los empleados municipales que trabajaron en el lugar. \u201cEsto se hizo con mano de obra de la Municipalidad de Santo Tom\u00e9, con vecinos de Santo Tom\u00e9 que tienen la camiseta puesta, y a todo el equipo que me acompa\u00f1a. Yo soy simplemente la cara visible de un gran equipo que quiere que esta ciudad sea una ciudad moderna, una ciudad iluminada, con mayor infraestructura, que podamos brindar mejores servicios y que todos podamos tener las mismas oportunidades\u201d, recalc\u00f3.<\/p>\n<p>No obstante, advirti\u00f3 que \u201chay algunos sectores min\u00fasculos en la sociedad que quieren ir hacia atr\u00e1s, que dicen que la obra hay que pararla, nosotros venimos a decirles que vamos a reafirmar nuestro compromiso con cada uno de los vecinos de Santo Tom\u00e9,y vamos a seguir haciendo obra p\u00fablica para mejorar la calidad de vida de todos\u201d.<\/p>\n<p>Y anunci\u00f3 que pr\u00f3ximamente inaugurar\u00e1n una cuadra m\u00e1s de Roque S\u00e1enz Pe\u00f1a, y continuar\u00e1 por el pavimento de calle Pellegrini que une con S\u00e1enz Pe\u00f1a.<\/p>\n<p><strong>Fuente: Prensa Municipal<\/strong><\/p>\n<p>&nbsp;<\/p>\n","protected":false},"excerpt":{"rendered":"<p>SANTO TOME. El Intendente Augusto Suaid, el vice intendente Carlos Farizano, concejales y parte del gabinete asistieron a la inauguraci\u00f3n de las obras por calle Pellegrini, entre \u00c1ngel Blanco y V\u00edctor Navajas, barrio Independiente, pasadas las 20 horas de este jueves, seg\u00fan se\u00f1ala un parte de prensa municipal. Se concretaron 130 metros lineales de pavimento,&#8230;<\/p>\n","protected":false},"author":2,"featured_media":4931,"comment_status":"closed","ping_status":"closed","sticky":false,"template":"","format":"standard","meta":{"_kad_post_transparent":"default","_kad_post_title":"default","_kad_post_layout":"default","_kad_post_sidebar_id":"","_kad_post_content_style":"default","_kad_post_vertical_padding":"default","_kad_post_feature":"","_kad_post_feature_position":"","_kad_post_header":false,"_kad_post_footer":false,"_kad_post_classname":"","footnotes":""},"categories":[1],"tags":[],"class_list":["post-4930","post","type-post","status-publish","format-standard","has-post-thumbnail","hentry","category-locales"],"a3_pvc":{"activated":false,"total_views":0,"today_views":0},"yoast_head":"<!-- This site is optimized with the Yoast SEO plugin v27.5 - https:\/\/yoast.com\/product\/yoast-seo-wordpress\/ -->\n<title>Inauguraron pavimento e iluminaci\u00f3n por calle Pellegrini entre Blanco y Navajas - Digital Santo Tom\u00e9<\/title>\n<meta name=\"robots\" content=\"index, follow, max-snippet:-1, max-image-preview:large, max-video-preview:-1\" \/>\n<link rel=\"canonical\" href=\"https:\/\/digitalsantotome.com.ar\/?p=4930\" \/>\n<meta property=\"og:locale\" content=\"es_ES\" \/>\n<meta property=\"og:type\" content=\"article\" \/>\n<meta property=\"og:title\" content=\"Inauguraron pavimento e iluminaci\u00f3n por calle Pellegrini entre Blanco y Navajas - Digital Santo Tom\u00e9\" \/>\n<meta property=\"og:description\" content=\"SANTO TOME. El Intendente Augusto Suaid, el vice intendente Carlos Farizano, concejales y parte del gabinete asistieron a la inauguraci\u00f3n de las obras por calle Pellegrini, entre \u00c1ngel Blanco y V\u00edctor Navajas, barrio Independiente, pasadas las 20 horas de este jueves, seg\u00fan se\u00f1ala un parte de prensa municipal. Se concretaron 130 metros lineales de pavimento,...\" \/>\n<meta property=\"og:url\" content=\"https:\/\/digitalsantotome.com.ar\/?p=4930\" \/>\n<meta property=\"og:site_name\" content=\"Digital Santo Tom\u00e9\" \/>\n<meta property=\"article:published_time\" content=\"2023-12-29T11:27:52+00:00\" \/>\n<meta property=\"article:modified_time\" content=\"2023-12-31T22:32:27+00:00\" \/>\n<meta property=\"og:image\" content=\"https:\/\/digitalsantotome.com.ar\/wp-content\/uploads\/2023\/12\/IMG-20231228-WA0102.jpg\" \/>\n\t<meta property=\"og:image:width\" content=\"720\" \/>\n\t<meta property=\"og:image:height\" content=\"480\" \/>\n\t<meta property=\"og:image:type\" content=\"image\/jpeg\" \/>\n<meta name=\"author\" content=\"Jose Carlos Machado\" \/>\n<meta name=\"twitter:card\" content=\"summary_large_image\" \/>\n<meta name=\"twitter:label1\" content=\"Escrito por\" \/>\n\t<meta name=\"twitter:data1\" content=\"Jose Carlos Machado\" \/>\n\t<meta name=\"twitter:label2\" content=\"Tiempo de lectura\" \/>\n\t<meta name=\"twitter:data2\" content=\"5 minutos\" \/>\n<script type=\"application\/ld+json\" class=\"yoast-schema-graph\">{\"@context\":\"https:\\\/\\\/schema.org\",\"@graph\":[{\"@type\":\"Article\",\"@id\":\"https:\\\/\\\/digitalsantotome.com.ar\\\/?p=4930#article\",\"isPartOf\":{\"@id\":\"https:\\\/\\\/digitalsantotome.com.ar\\\/?p=4930\"},\"author\":{\"name\":\"Jose Carlos Machado\",\"@id\":\"https:\\\/\\\/digitalsantotome.com.ar\\\/#\\\/schema\\\/person\\\/8991d8822886fedd92ce7f03817e1bdf\"},\"headline\":\"Inauguraron pavimento e iluminaci\u00f3n por calle Pellegrini entre Blanco y Navajas\",\"datePublished\":\"2023-12-29T11:27:52+00:00\",\"dateModified\":\"2023-12-31T22:32:27+00:00\",\"mainEntityOfPage\":{\"@id\":\"https:\\\/\\\/digitalsantotome.com.ar\\\/?p=4930\"},\"wordCount\":951,\"publisher\":{\"@id\":\"https:\\\/\\\/digitalsantotome.com.ar\\\/#organization\"},\"image\":{\"@id\":\"https:\\\/\\\/digitalsantotome.com.ar\\\/?p=4930#primaryimage\"},\"thumbnailUrl\":\"https:\\\/\\\/digitalsantotome.com.ar\\\/wp-content\\\/uploads\\\/2023\\\/12\\\/IMG-20231228-WA0102.jpg\",\"articleSection\":[\"Locales\"],\"inLanguage\":\"es\"},{\"@type\":\"WebPage\",\"@id\":\"https:\\\/\\\/digitalsantotome.com.ar\\\/?p=4930\",\"url\":\"https:\\\/\\\/digitalsantotome.com.ar\\\/?p=4930\",\"name\":\"Inauguraron pavimento e iluminaci\u00f3n por calle Pellegrini entre Blanco y Navajas - Digital Santo Tom\u00e9\",\"isPartOf\":{\"@id\":\"https:\\\/\\\/digitalsantotome.com.ar\\\/#website\"},\"primaryImageOfPage\":{\"@id\":\"https:\\\/\\\/digitalsantotome.com.ar\\\/?p=4930#primaryimage\"},\"image\":{\"@id\":\"https:\\\/\\\/digitalsantotome.com.ar\\\/?p=4930#primaryimage\"},\"thumbnailUrl\":\"https:\\\/\\\/digitalsantotome.com.ar\\\/wp-content\\\/uploads\\\/2023\\\/12\\\/IMG-20231228-WA0102.jpg\",\"datePublished\":\"2023-12-29T11:27:52+00:00\",\"dateModified\":\"2023-12-31T22:32:27+00:00\",\"breadcrumb\":{\"@id\":\"https:\\\/\\\/digitalsantotome.com.ar\\\/?p=4930#breadcrumb\"},\"inLanguage\":\"es\",\"potentialAction\":[{\"@type\":\"ReadAction\",\"target\":[\"https:\\\/\\\/digitalsantotome.com.ar\\\/?p=4930\"]}]},{\"@type\":\"ImageObject\",\"inLanguage\":\"es\",\"@id\":\"https:\\\/\\\/digitalsantotome.com.ar\\\/?p=4930#primaryimage\",\"url\":\"https:\\\/\\\/digitalsantotome.com.ar\\\/wp-content\\\/uploads\\\/2023\\\/12\\\/IMG-20231228-WA0102.jpg\",\"contentUrl\":\"https:\\\/\\\/digitalsantotome.com.ar\\\/wp-content\\\/uploads\\\/2023\\\/12\\\/IMG-20231228-WA0102.jpg\",\"width\":720,\"height\":480},{\"@type\":\"BreadcrumbList\",\"@id\":\"https:\\\/\\\/digitalsantotome.com.ar\\\/?p=4930#breadcrumb\",\"itemListElement\":[{\"@type\":\"ListItem\",\"position\":1,\"name\":\"Portada\",\"item\":\"https:\\\/\\\/digitalsantotome.com.ar\\\/\"},{\"@type\":\"ListItem\",\"position\":2,\"name\":\"Inauguraron pavimento e iluminaci\u00f3n por calle Pellegrini entre Blanco y Navajas\"}]},{\"@type\":\"WebSite\",\"@id\":\"https:\\\/\\\/digitalsantotome.com.ar\\\/#website\",\"url\":\"https:\\\/\\\/digitalsantotome.com.ar\\\/\",\"name\":\"Digital Santo Tom\u00e9\",\"description\":\"Noticias desde Santo Tom\u00e9 al Mundo \u2013 La informacion que decide\",\"publisher\":{\"@id\":\"https:\\\/\\\/digitalsantotome.com.ar\\\/#organization\"},\"potentialAction\":[{\"@type\":\"SearchAction\",\"target\":{\"@type\":\"EntryPoint\",\"urlTemplate\":\"https:\\\/\\\/digitalsantotome.com.ar\\\/?s={search_term_string}\"},\"query-input\":{\"@type\":\"PropertyValueSpecification\",\"valueRequired\":true,\"valueName\":\"search_term_string\"}}],\"inLanguage\":\"es\"},{\"@type\":\"Organization\",\"@id\":\"https:\\\/\\\/digitalsantotome.com.ar\\\/#organization\",\"name\":\"Digital Santo Tom\u00e9\",\"url\":\"https:\\\/\\\/digitalsantotome.com.ar\\\/\",\"logo\":{\"@type\":\"ImageObject\",\"inLanguage\":\"es\",\"@id\":\"https:\\\/\\\/digitalsantotome.com.ar\\\/#\\\/schema\\\/logo\\\/image\\\/\",\"url\":\"https:\\\/\\\/digitalsantotome.com.ar\\\/wp-content\\\/uploads\\\/2023\\\/01\\\/facebook.jpg\",\"contentUrl\":\"https:\\\/\\\/digitalsantotome.com.ar\\\/wp-content\\\/uploads\\\/2023\\\/01\\\/facebook.jpg\",\"width\":512,\"height\":376,\"caption\":\"Digital Santo Tom\u00e9\"},\"image\":{\"@id\":\"https:\\\/\\\/digitalsantotome.com.ar\\\/#\\\/schema\\\/logo\\\/image\\\/\"}},{\"@type\":\"Person\",\"@id\":\"https:\\\/\\\/digitalsantotome.com.ar\\\/#\\\/schema\\\/person\\\/8991d8822886fedd92ce7f03817e1bdf\",\"name\":\"Jose Carlos Machado\",\"url\":\"https:\\\/\\\/digitalsantotome.com.ar\\\/?author=2\"}]}<\/script>\n<!-- \/ Yoast SEO plugin. -->","yoast_head_json":{"title":"Inauguraron pavimento e iluminaci\u00f3n por calle Pellegrini entre Blanco y Navajas - Digital Santo Tom\u00e9","robots":{"index":"index","follow":"follow","max-snippet":"max-snippet:-1","max-image-preview":"max-image-preview:large","max-video-preview":"max-video-preview:-1"},"canonical":"https:\/\/digitalsantotome.com.ar\/?p=4930","og_locale":"es_ES","og_type":"article","og_title":"Inauguraron pavimento e iluminaci\u00f3n por calle Pellegrini entre Blanco y Navajas - Digital Santo Tom\u00e9","og_description":"SANTO TOME. El Intendente Augusto Suaid, el vice intendente Carlos Farizano, concejales y parte del gabinete asistieron a la inauguraci\u00f3n de las obras por calle Pellegrini, entre \u00c1ngel Blanco y V\u00edctor Navajas, barrio Independiente, pasadas las 20 horas de este jueves, seg\u00fan se\u00f1ala un parte de prensa municipal. Se concretaron 130 metros lineales de pavimento,...","og_url":"https:\/\/digitalsantotome.com.ar\/?p=4930","og_site_name":"Digital Santo Tom\u00e9","article_published_time":"2023-12-29T11:27:52+00:00","article_modified_time":"2023-12-31T22:32:27+00:00","og_image":[{"width":720,"height":480,"url":"https:\/\/digitalsantotome.com.ar\/wp-content\/uploads\/2023\/12\/IMG-20231228-WA0102.jpg","type":"image\/jpeg"}],"author":"Jose Carlos Machado","twitter_card":"summary_large_image","twitter_misc":{"Escrito por":"Jose Carlos Machado","Tiempo de lectura":"5 minutos"},"schema":{"@context":"https:\/\/schema.org","@graph":[{"@type":"Article","@id":"https:\/\/digitalsantotome.com.ar\/?p=4930#article","isPartOf":{"@id":"https:\/\/digitalsantotome.com.ar\/?p=4930"},"author":{"name":"Jose Carlos Machado","@id":"https:\/\/digitalsantotome.com.ar\/#\/schema\/person\/8991d8822886fedd92ce7f03817e1bdf"},"headline":"Inauguraron pavimento e iluminaci\u00f3n por calle Pellegrini entre Blanco y Navajas","datePublished":"2023-12-29T11:27:52+00:00","dateModified":"2023-12-31T22:32:27+00:00","mainEntityOfPage":{"@id":"https:\/\/digitalsantotome.com.ar\/?p=4930"},"wordCount":951,"publisher":{"@id":"https:\/\/digitalsantotome.com.ar\/#organization"},"image":{"@id":"https:\/\/digitalsantotome.com.ar\/?p=4930#primaryimage"},"thumbnailUrl":"https:\/\/digitalsantotome.com.ar\/wp-content\/uploads\/2023\/12\/IMG-20231228-WA0102.jpg","articleSection":["Locales"],"inLanguage":"es"},{"@type":"WebPage","@id":"https:\/\/digitalsantotome.com.ar\/?p=4930","url":"https:\/\/digitalsantotome.com.ar\/?p=4930","name":"Inauguraron pavimento e iluminaci\u00f3n por calle Pellegrini entre Blanco y Navajas - Digital Santo Tom\u00e9","isPartOf":{"@id":"https:\/\/digitalsantotome.com.ar\/#website"},"primaryImageOfPage":{"@id":"https:\/\/digitalsantotome.com.ar\/?p=4930#primaryimage"},"image":{"@id":"https:\/\/digitalsantotome.com.ar\/?p=4930#primaryimage"},"thumbnailUrl":"https:\/\/digitalsantotome.com.ar\/wp-content\/uploads\/2023\/12\/IMG-20231228-WA0102.jpg","datePublished":"2023-12-29T11:27:52+00:00","dateModified":"2023-12-31T22:32:27+00:00","breadcrumb":{"@id":"https:\/\/digitalsantotome.com.ar\/?p=4930#breadcrumb"},"inLanguage":"es","potentialAction":[{"@type":"ReadAction","target":["https:\/\/digitalsantotome.com.ar\/?p=4930"]}]},{"@type":"ImageObject","inLanguage":"es","@id":"https:\/\/digitalsantotome.com.ar\/?p=4930#primaryimage","url":"https:\/\/digitalsantotome.com.ar\/wp-content\/uploads\/2023\/12\/IMG-20231228-WA0102.jpg","contentUrl":"https:\/\/digitalsantotome.com.ar\/wp-content\/uploads\/2023\/12\/IMG-20231228-WA0102.jpg","width":720,"height":480},{"@type":"BreadcrumbList","@id":"https:\/\/digitalsantotome.com.ar\/?p=4930#breadcrumb","itemListElement":[{"@type":"ListItem","position":1,"name":"Portada","item":"https:\/\/digitalsantotome.com.ar\/"},{"@type":"ListItem","position":2,"name":"Inauguraron pavimento e iluminaci\u00f3n por calle Pellegrini entre Blanco y Navajas"}]},{"@type":"WebSite","@id":"https:\/\/digitalsantotome.com.ar\/#website","url":"https:\/\/digitalsantotome.com.ar\/","name":"Digital Santo Tom\u00e9","description":"Noticias desde Santo Tom\u00e9 al Mundo \u2013 La informacion que decide","publisher":{"@id":"https:\/\/digitalsantotome.com.ar\/#organization"},"potentialAction":[{"@type":"SearchAction","target":{"@type":"EntryPoint","urlTemplate":"https:\/\/digitalsantotome.com.ar\/?s={search_term_string}"},"query-input":{"@type":"PropertyValueSpecification","valueRequired":true,"valueName":"search_term_string"}}],"inLanguage":"es"},{"@type":"Organization","@id":"https:\/\/digitalsantotome.com.ar\/#organization","name":"Digital Santo Tom\u00e9","url":"https:\/\/digitalsantotome.com.ar\/","logo":{"@type":"ImageObject","inLanguage":"es","@id":"https:\/\/digitalsantotome.com.ar\/#\/schema\/logo\/image\/","url":"https:\/\/digitalsantotome.com.ar\/wp-content\/uploads\/2023\/01\/facebook.jpg","contentUrl":"https:\/\/digitalsantotome.com.ar\/wp-content\/uploads\/2023\/01\/facebook.jpg","width":512,"height":376,"caption":"Digital Santo Tom\u00e9"},"image":{"@id":"https:\/\/digitalsantotome.com.ar\/#\/schema\/logo\/image\/"}},{"@type":"Person","@id":"https:\/\/digitalsantotome.com.ar\/#\/schema\/person\/8991d8822886fedd92ce7f03817e1bdf","name":"Jose Carlos Machado","url":"https:\/\/digitalsantotome.com.ar\/?author=2"}]}},"_links":{"self":[{"href":"https:\/\/digitalsantotome.com.ar\/index.php?rest_route=\/wp\/v2\/posts\/4930","targetHints":{"allow":["GET"]}}],"collection":[{"href":"https:\/\/digitalsantotome.com.ar\/index.php?rest_route=\/wp\/v2\/posts"}],"about":[{"href":"https:\/\/digitalsantotome.com.ar\/index.php?rest_route=\/wp\/v2\/types\/post"}],"author":[{"embeddable":true,"href":"https:\/\/digitalsantotome.com.ar\/index.php?rest_route=\/wp\/v2\/users\/2"}],"replies":[{"embeddable":true,"href":"https:\/\/digitalsantotome.com.ar\/index.php?rest_route=%2Fwp%2Fv2%2Fcomments&post=4930"}],"version-history":[{"count":1,"href":"https:\/\/digitalsantotome.com.ar\/index.php?rest_route=\/wp\/v2\/posts\/4930\/revisions"}],"predecessor-version":[{"id":4932,"href":"https:\/\/digitalsantotome.com.ar\/index.php?rest_route=\/wp\/v2\/posts\/4930\/revisions\/4932"}],"wp:featuredmedia":[{"embeddable":true,"href":"https:\/\/digitalsantotome.com.ar\/index.php?rest_route=\/wp\/v2\/media\/4931"}],"wp:attachment":[{"href":"https:\/\/digitalsantotome.com.ar\/index.php?rest_route=%2Fwp%2Fv2%2Fmedia&parent=4930"}],"wp:term":[{"taxonomy":"category","embeddable":true,"href":"https:\/\/digitalsantotome.com.ar\/index.php?rest_route=%2Fwp%2Fv2%2Fcategories&post=4930"},{"taxonomy":"post_tag","embeddable":true,"href":"https:\/\/digitalsantotome.com.ar\/index.php?rest_route=%2Fwp%2Fv2%2Ftags&post=4930"}],"curies":[{"name":"wp","href":"https:\/\/api.w.org\/{rel}","templated":true}]}}