{"id":4933,"date":"2023-12-29T16:09:02","date_gmt":"2023-12-29T19:09:02","guid":{"rendered":"https:\/\/digitalsantotome.com.ar\/?p=4933"},"modified":"2023-12-29T16:09:09","modified_gmt":"2023-12-29T19:09:09","slug":"fuerte-temporal-de-viento-y-lluvia-paso-por-santo-tome-y-provoco-numerosos-danos-materiales","status":"publish","type":"post","link":"https:\/\/digitalsantotome.com.ar\/?p=4933","title":{"rendered":"Fuerte temporal de viento y lluvia pas\u00f3 por Santo Tom\u00e9 y provoc\u00f3 numerosos da\u00f1os materiales"},"content":{"rendered":"<p>SANTO TOME. Un fuerte temporal de viento y lluvia se abati\u00f3 en horas de la madrugada de este viernes en esta ciudad, provocando numerosos da\u00f1os materiales, b\u00e1sicamente como consecuencia de ca\u00edda de \u00e1rboles de gran porte que se produjeron en la zona rural que a su vez en la mayor\u00eda de los casos cayeron sobre l\u00edneas del tendido el\u00e9ctrico y la consecuente interrupci\u00f3n del servicio de energ\u00eda el\u00e9ctrica en varios sectores de la zona c\u00e9ntrica y tambi\u00e9n rural.<\/p>\n<p><img fetchpriority=\"high\" decoding=\"async\" class=\"alignnone wp-image-4935\" src=\"https:\/\/digitalsantotome.com.ar\/wp-content\/uploads\/2023\/12\/20231229_100056.jpg\" alt=\"\" width=\"692\" height=\"519\" srcset=\"https:\/\/digitalsantotome.com.ar\/wp-content\/uploads\/2023\/12\/20231229_100056.jpg 800w, https:\/\/digitalsantotome.com.ar\/wp-content\/uploads\/2023\/12\/20231229_100056-300x225.jpg 300w, https:\/\/digitalsantotome.com.ar\/wp-content\/uploads\/2023\/12\/20231229_100056-768x576.jpg 768w\" sizes=\"(max-width: 692px) 100vw, 692px\" \/><\/p>\n<p>En el acceso a la ciudad, la fuerte tormenta que comenz\u00f3 cerca de las 5 de la ma\u00f1ana y dur\u00f3 aproximadamente unos 20 minutos, \u00a0destruy\u00f3 por completo el tinglado donde funcionaba una gomer\u00eda. Ya cerca del mediod\u00eda, se pudo establecer adem\u00e1s que el \u00fanico molino arrocero que queda en esta ciudad, fue pr\u00e1cticamente destruido casi en su totalidad. No hubo que lamentar da\u00f1os personales, solo materiales.<\/p>\n<p><img decoding=\"async\" class=\"alignnone wp-image-4936\" src=\"https:\/\/digitalsantotome.com.ar\/wp-content\/uploads\/2023\/12\/IMG-20231229-WA0008.jpg\" alt=\"\" width=\"731\" height=\"411\" srcset=\"https:\/\/digitalsantotome.com.ar\/wp-content\/uploads\/2023\/12\/IMG-20231229-WA0008.jpg 800w, https:\/\/digitalsantotome.com.ar\/wp-content\/uploads\/2023\/12\/IMG-20231229-WA0008-300x169.jpg 300w, https:\/\/digitalsantotome.com.ar\/wp-content\/uploads\/2023\/12\/IMG-20231229-WA0008-768x432.jpg 768w\" sizes=\"(max-width: 731px) 100vw, 731px\" \/><\/p>\n<p>De acuerdo a declaraciones del titular de Defensa Civil Municipal, los da\u00f1os mayormente se produjeron en el Paraje Atalaya y adyacencias, en el radio urbano de la ciudad y algunos \u00e1rboles que cayeron y quedaron obstaculizando la Ruta Nacional 14 e impidiendo el transito normal hasta tanto se realizaran los trabajos de limpieza la cinta asf\u00e1ltica. Igual situaci\u00f3n se dio en la Ruta 94 en Paraje Atalaya donde un eucaliptus de gran porte cay\u00f3 sobre la ruta y tambi\u00e9n impidi\u00f3 por espacio de algunas horas el cruce de veh\u00edculos por el lugar antes mencionado.<\/p>\n<div style=\"width: 480px;\" class=\"wp-video\"><video class=\"wp-video-shortcode\" id=\"video-4933-1\" width=\"480\" height=\"864\" preload=\"metadata\" controls=\"controls\"><source type=\"video\/mp4\" src=\"https:\/\/digitalsantotome.com.ar\/wp-content\/uploads\/2023\/12\/VID-20231229-WA0039.mp4?_=1\" \/><a href=\"https:\/\/digitalsantotome.com.ar\/wp-content\/uploads\/2023\/12\/VID-20231229-WA0039.mp4\">https:\/\/digitalsantotome.com.ar\/wp-content\/uploads\/2023\/12\/VID-20231229-WA0039.mp4<\/a><\/video><\/div>\n<p>Otros de los reportes informativos, daban cuenta que el Paraje Galarza en cercan\u00edas de los Esteros del Iber\u00e1, dos casas debieron soportan la ca\u00edda de \u00e1rboles arriba de sus techos. En las primeras horas de la tarde, personal municipal de Defensa Civil ten\u00eda previsto trasladarse hasta Galarza para ayudar a los pobladores afectados.<\/p>\n<p><img decoding=\"async\" class=\"alignnone wp-image-4937\" src=\"https:\/\/digitalsantotome.com.ar\/wp-content\/uploads\/2023\/12\/20231229_100350.jpg\" alt=\"\" width=\"727\" height=\"545\" srcset=\"https:\/\/digitalsantotome.com.ar\/wp-content\/uploads\/2023\/12\/20231229_100350.jpg 800w, https:\/\/digitalsantotome.com.ar\/wp-content\/uploads\/2023\/12\/20231229_100350-300x225.jpg 300w, https:\/\/digitalsantotome.com.ar\/wp-content\/uploads\/2023\/12\/20231229_100350-768x576.jpg 768w\" sizes=\"(max-width: 727px) 100vw, 727px\" \/><\/p>\n<p><img loading=\"lazy\" decoding=\"async\" class=\"alignnone wp-image-4938\" src=\"https:\/\/digitalsantotome.com.ar\/wp-content\/uploads\/2023\/12\/20231229_100359.jpg\" alt=\"\" width=\"730\" height=\"547\" srcset=\"https:\/\/digitalsantotome.com.ar\/wp-content\/uploads\/2023\/12\/20231229_100359.jpg 800w, https:\/\/digitalsantotome.com.ar\/wp-content\/uploads\/2023\/12\/20231229_100359-300x225.jpg 300w, https:\/\/digitalsantotome.com.ar\/wp-content\/uploads\/2023\/12\/20231229_100359-768x576.jpg 768w\" sizes=\"(max-width: 730px) 100vw, 730px\" \/><\/p>\n<p>&nbsp;<\/p>\n<p><img loading=\"lazy\" decoding=\"async\" class=\"alignnone wp-image-4940\" src=\"https:\/\/digitalsantotome.com.ar\/wp-content\/uploads\/2023\/12\/IMG-20231229-WA0036.jpg\" alt=\"\" width=\"741\" height=\"573\" srcset=\"https:\/\/digitalsantotome.com.ar\/wp-content\/uploads\/2023\/12\/IMG-20231229-WA0036.jpg 776w, https:\/\/digitalsantotome.com.ar\/wp-content\/uploads\/2023\/12\/IMG-20231229-WA0036-300x232.jpg 300w, https:\/\/digitalsantotome.com.ar\/wp-content\/uploads\/2023\/12\/IMG-20231229-WA0036-768x594.jpg 768w\" sizes=\"(max-width: 741px) 100vw, 741px\" \/><\/p>\n<p><img loading=\"lazy\" decoding=\"async\" class=\"alignnone wp-image-4941\" src=\"https:\/\/digitalsantotome.com.ar\/wp-content\/uploads\/2023\/12\/20231229_092550.jpg\" alt=\"\" width=\"737\" height=\"553\" srcset=\"https:\/\/digitalsantotome.com.ar\/wp-content\/uploads\/2023\/12\/20231229_092550.jpg 800w, https:\/\/digitalsantotome.com.ar\/wp-content\/uploads\/2023\/12\/20231229_092550-300x225.jpg 300w, https:\/\/digitalsantotome.com.ar\/wp-content\/uploads\/2023\/12\/20231229_092550-768x576.jpg 768w\" sizes=\"(max-width: 737px) 100vw, 737px\" \/><\/p>\n<p>&nbsp;<\/p>\n<p>&nbsp;<\/p>\n","protected":false},"excerpt":{"rendered":"<p>SANTO TOME. Un fuerte temporal de viento y lluvia se abati\u00f3 en horas de la madrugada de este viernes en esta ciudad, provocando numerosos da\u00f1os materiales, b\u00e1sicamente como consecuencia de ca\u00edda de \u00e1rboles de gran porte que se produjeron en la zona rural que a su vez en la mayor\u00eda de los casos cayeron sobre&#8230;<\/p>\n","protected":false},"author":2,"featured_media":4934,"comment_status":"closed","ping_status":"closed","sticky":false,"template":"","format":"standard","meta":{"_kad_post_transparent":"default","_kad_post_title":"default","_kad_post_layout":"default","_kad_post_sidebar_id":"","_kad_post_content_style":"default","_kad_post_vertical_padding":"default","_kad_post_feature":"","_kad_post_feature_position":"","_kad_post_header":false,"_kad_post_footer":false,"_kad_post_classname":"","footnotes":""},"categories":[5],"tags":[],"class_list":["post-4933","post","type-post","status-publish","format-standard","has-post-thumbnail","hentry","category-destacadas"],"a3_pvc":{"activated":false,"total_views":0,"today_views":0},"yoast_head":"<!-- This site is optimized with the Yoast SEO plugin v27.5 - https:\/\/yoast.com\/product\/yoast-seo-wordpress\/ -->\n<title>Fuerte temporal de viento y lluvia pas\u00f3 por Santo Tom\u00e9 y provoc\u00f3 numerosos da\u00f1os materiales - Digital Santo Tom\u00e9<\/title>\n<meta name=\"robots\" content=\"index, follow, max-snippet:-1, max-image-preview:large, max-video-preview:-1\" \/>\n<link rel=\"canonical\" href=\"https:\/\/digitalsantotome.com.ar\/?p=4933\" \/>\n<meta property=\"og:locale\" content=\"es_ES\" \/>\n<meta property=\"og:type\" content=\"article\" \/>\n<meta property=\"og:title\" content=\"Fuerte temporal de viento y lluvia pas\u00f3 por Santo Tom\u00e9 y provoc\u00f3 numerosos da\u00f1os materiales - Digital Santo Tom\u00e9\" \/>\n<meta property=\"og:description\" content=\"SANTO TOME. Un fuerte temporal de viento y lluvia se abati\u00f3 en horas de la madrugada de este viernes en esta ciudad, provocando numerosos da\u00f1os materiales, b\u00e1sicamente como consecuencia de ca\u00edda de \u00e1rboles de gran porte que se produjeron en la zona rural que a su vez en la mayor\u00eda de los casos cayeron sobre...\" \/>\n<meta property=\"og:url\" content=\"https:\/\/digitalsantotome.com.ar\/?p=4933\" \/>\n<meta property=\"og:site_name\" content=\"Digital Santo Tom\u00e9\" \/>\n<meta property=\"article:published_time\" content=\"2023-12-29T19:09:02+00:00\" \/>\n<meta property=\"article:modified_time\" content=\"2023-12-29T19:09:09+00:00\" \/>\n<meta property=\"og:image\" content=\"https:\/\/digitalsantotome.com.ar\/wp-content\/uploads\/2023\/12\/20231229_100038.jpg\" \/>\n\t<meta property=\"og:image:width\" content=\"800\" \/>\n\t<meta property=\"og:image:height\" content=\"600\" \/>\n\t<meta property=\"og:image:type\" content=\"image\/jpeg\" \/>\n<meta name=\"author\" content=\"Jose Carlos Machado\" \/>\n<meta name=\"twitter:card\" content=\"summary_large_image\" \/>\n<meta name=\"twitter:label1\" content=\"Escrito por\" \/>\n\t<meta name=\"twitter:data1\" content=\"Jose Carlos Machado\" \/>\n\t<meta name=\"twitter:label2\" content=\"Tiempo de lectura\" \/>\n\t<meta name=\"twitter:data2\" content=\"3 minutos\" \/>\n<script type=\"application\/ld+json\" class=\"yoast-schema-graph\">{\"@context\":\"https:\\\/\\\/schema.org\",\"@graph\":[{\"@type\":\"Article\",\"@id\":\"https:\\\/\\\/digitalsantotome.com.ar\\\/?p=4933#article\",\"isPartOf\":{\"@id\":\"https:\\\/\\\/digitalsantotome.com.ar\\\/?p=4933\"},\"author\":{\"name\":\"Jose Carlos Machado\",\"@id\":\"https:\\\/\\\/digitalsantotome.com.ar\\\/#\\\/schema\\\/person\\\/8991d8822886fedd92ce7f03817e1bdf\"},\"headline\":\"Fuerte temporal de viento y lluvia pas\u00f3 por Santo Tom\u00e9 y provoc\u00f3 numerosos da\u00f1os materiales\",\"datePublished\":\"2023-12-29T19:09:02+00:00\",\"dateModified\":\"2023-12-29T19:09:09+00:00\",\"mainEntityOfPage\":{\"@id\":\"https:\\\/\\\/digitalsantotome.com.ar\\\/?p=4933\"},\"wordCount\":345,\"publisher\":{\"@id\":\"https:\\\/\\\/digitalsantotome.com.ar\\\/#organization\"},\"image\":{\"@id\":\"https:\\\/\\\/digitalsantotome.com.ar\\\/?p=4933#primaryimage\"},\"thumbnailUrl\":\"https:\\\/\\\/digitalsantotome.com.ar\\\/wp-content\\\/uploads\\\/2023\\\/12\\\/20231229_100038.jpg\",\"articleSection\":[\"Destacadas\"],\"inLanguage\":\"es\"},{\"@type\":\"WebPage\",\"@id\":\"https:\\\/\\\/digitalsantotome.com.ar\\\/?p=4933\",\"url\":\"https:\\\/\\\/digitalsantotome.com.ar\\\/?p=4933\",\"name\":\"Fuerte temporal de viento y lluvia pas\u00f3 por Santo Tom\u00e9 y provoc\u00f3 numerosos da\u00f1os materiales - Digital Santo Tom\u00e9\",\"isPartOf\":{\"@id\":\"https:\\\/\\\/digitalsantotome.com.ar\\\/#website\"},\"primaryImageOfPage\":{\"@id\":\"https:\\\/\\\/digitalsantotome.com.ar\\\/?p=4933#primaryimage\"},\"image\":{\"@id\":\"https:\\\/\\\/digitalsantotome.com.ar\\\/?p=4933#primaryimage\"},\"thumbnailUrl\":\"https:\\\/\\\/digitalsantotome.com.ar\\\/wp-content\\\/uploads\\\/2023\\\/12\\\/20231229_100038.jpg\",\"datePublished\":\"2023-12-29T19:09:02+00:00\",\"dateModified\":\"2023-12-29T19:09:09+00:00\",\"breadcrumb\":{\"@id\":\"https:\\\/\\\/digitalsantotome.com.ar\\\/?p=4933#breadcrumb\"},\"inLanguage\":\"es\",\"potentialAction\":[{\"@type\":\"ReadAction\",\"target\":[\"https:\\\/\\\/digitalsantotome.com.ar\\\/?p=4933\"]}]},{\"@type\":\"ImageObject\",\"inLanguage\":\"es\",\"@id\":\"https:\\\/\\\/digitalsantotome.com.ar\\\/?p=4933#primaryimage\",\"url\":\"https:\\\/\\\/digitalsantotome.com.ar\\\/wp-content\\\/uploads\\\/2023\\\/12\\\/20231229_100038.jpg\",\"contentUrl\":\"https:\\\/\\\/digitalsantotome.com.ar\\\/wp-content\\\/uploads\\\/2023\\\/12\\\/20231229_100038.jpg\",\"width\":800,\"height\":600},{\"@type\":\"BreadcrumbList\",\"@id\":\"https:\\\/\\\/digitalsantotome.com.ar\\\/?p=4933#breadcrumb\",\"itemListElement\":[{\"@type\":\"ListItem\",\"position\":1,\"name\":\"Portada\",\"item\":\"https:\\\/\\\/digitalsantotome.com.ar\\\/\"},{\"@type\":\"ListItem\",\"position\":2,\"name\":\"Fuerte temporal de viento y lluvia pas\u00f3 por Santo Tom\u00e9 y provoc\u00f3 numerosos da\u00f1os materiales\"}]},{\"@type\":\"WebSite\",\"@id\":\"https:\\\/\\\/digitalsantotome.com.ar\\\/#website\",\"url\":\"https:\\\/\\\/digitalsantotome.com.ar\\\/\",\"name\":\"Digital Santo Tom\u00e9\",\"description\":\"Noticias desde Santo Tom\u00e9 al Mundo \u2013 La informacion que decide\",\"publisher\":{\"@id\":\"https:\\\/\\\/digitalsantotome.com.ar\\\/#organization\"},\"potentialAction\":[{\"@type\":\"SearchAction\",\"target\":{\"@type\":\"EntryPoint\",\"urlTemplate\":\"https:\\\/\\\/digitalsantotome.com.ar\\\/?s={search_term_string}\"},\"query-input\":{\"@type\":\"PropertyValueSpecification\",\"valueRequired\":true,\"valueName\":\"search_term_string\"}}],\"inLanguage\":\"es\"},{\"@type\":\"Organization\",\"@id\":\"https:\\\/\\\/digitalsantotome.com.ar\\\/#organization\",\"name\":\"Digital Santo Tom\u00e9\",\"url\":\"https:\\\/\\\/digitalsantotome.com.ar\\\/\",\"logo\":{\"@type\":\"ImageObject\",\"inLanguage\":\"es\",\"@id\":\"https:\\\/\\\/digitalsantotome.com.ar\\\/#\\\/schema\\\/logo\\\/image\\\/\",\"url\":\"https:\\\/\\\/digitalsantotome.com.ar\\\/wp-content\\\/uploads\\\/2023\\\/01\\\/facebook.jpg\",\"contentUrl\":\"https:\\\/\\\/digitalsantotome.com.ar\\\/wp-content\\\/uploads\\\/2023\\\/01\\\/facebook.jpg\",\"width\":512,\"height\":376,\"caption\":\"Digital Santo Tom\u00e9\"},\"image\":{\"@id\":\"https:\\\/\\\/digitalsantotome.com.ar\\\/#\\\/schema\\\/logo\\\/image\\\/\"}},{\"@type\":\"Person\",\"@id\":\"https:\\\/\\\/digitalsantotome.com.ar\\\/#\\\/schema\\\/person\\\/8991d8822886fedd92ce7f03817e1bdf\",\"name\":\"Jose Carlos Machado\",\"url\":\"https:\\\/\\\/digitalsantotome.com.ar\\\/?author=2\"}]}<\/script>\n<!-- \/ Yoast SEO plugin. -->","yoast_head_json":{"title":"Fuerte temporal de viento y lluvia pas\u00f3 por Santo Tom\u00e9 y provoc\u00f3 numerosos da\u00f1os materiales - Digital Santo Tom\u00e9","robots":{"index":"index","follow":"follow","max-snippet":"max-snippet:-1","max-image-preview":"max-image-preview:large","max-video-preview":"max-video-preview:-1"},"canonical":"https:\/\/digitalsantotome.com.ar\/?p=4933","og_locale":"es_ES","og_type":"article","og_title":"Fuerte temporal de viento y lluvia pas\u00f3 por Santo Tom\u00e9 y provoc\u00f3 numerosos da\u00f1os materiales - Digital Santo Tom\u00e9","og_description":"SANTO TOME. Un fuerte temporal de viento y lluvia se abati\u00f3 en horas de la madrugada de este viernes en esta ciudad, provocando numerosos da\u00f1os materiales, b\u00e1sicamente como consecuencia de ca\u00edda de \u00e1rboles de gran porte que se produjeron en la zona rural que a su vez en la mayor\u00eda de los casos cayeron sobre...","og_url":"https:\/\/digitalsantotome.com.ar\/?p=4933","og_site_name":"Digital Santo Tom\u00e9","article_published_time":"2023-12-29T19:09:02+00:00","article_modified_time":"2023-12-29T19:09:09+00:00","og_image":[{"width":800,"height":600,"url":"https:\/\/digitalsantotome.com.ar\/wp-content\/uploads\/2023\/12\/20231229_100038.jpg","type":"image\/jpeg"}],"author":"Jose Carlos Machado","twitter_card":"summary_large_image","twitter_misc":{"Escrito por":"Jose Carlos Machado","Tiempo de lectura":"3 minutos"},"schema":{"@context":"https:\/\/schema.org","@graph":[{"@type":"Article","@id":"https:\/\/digitalsantotome.com.ar\/?p=4933#article","isPartOf":{"@id":"https:\/\/digitalsantotome.com.ar\/?p=4933"},"author":{"name":"Jose Carlos Machado","@id":"https:\/\/digitalsantotome.com.ar\/#\/schema\/person\/8991d8822886fedd92ce7f03817e1bdf"},"headline":"Fuerte temporal de viento y lluvia pas\u00f3 por Santo Tom\u00e9 y provoc\u00f3 numerosos da\u00f1os materiales","datePublished":"2023-12-29T19:09:02+00:00","dateModified":"2023-12-29T19:09:09+00:00","mainEntityOfPage":{"@id":"https:\/\/digitalsantotome.com.ar\/?p=4933"},"wordCount":345,"publisher":{"@id":"https:\/\/digitalsantotome.com.ar\/#organization"},"image":{"@id":"https:\/\/digitalsantotome.com.ar\/?p=4933#primaryimage"},"thumbnailUrl":"https:\/\/digitalsantotome.com.ar\/wp-content\/uploads\/2023\/12\/20231229_100038.jpg","articleSection":["Destacadas"],"inLanguage":"es"},{"@type":"WebPage","@id":"https:\/\/digitalsantotome.com.ar\/?p=4933","url":"https:\/\/digitalsantotome.com.ar\/?p=4933","name":"Fuerte temporal de viento y lluvia pas\u00f3 por Santo Tom\u00e9 y provoc\u00f3 numerosos da\u00f1os materiales - Digital Santo Tom\u00e9","isPartOf":{"@id":"https:\/\/digitalsantotome.com.ar\/#website"},"primaryImageOfPage":{"@id":"https:\/\/digitalsantotome.com.ar\/?p=4933#primaryimage"},"image":{"@id":"https:\/\/digitalsantotome.com.ar\/?p=4933#primaryimage"},"thumbnailUrl":"https:\/\/digitalsantotome.com.ar\/wp-content\/uploads\/2023\/12\/20231229_100038.jpg","datePublished":"2023-12-29T19:09:02+00:00","dateModified":"2023-12-29T19:09:09+00:00","breadcrumb":{"@id":"https:\/\/digitalsantotome.com.ar\/?p=4933#breadcrumb"},"inLanguage":"es","potentialAction":[{"@type":"ReadAction","target":["https:\/\/digitalsantotome.com.ar\/?p=4933"]}]},{"@type":"ImageObject","inLanguage":"es","@id":"https:\/\/digitalsantotome.com.ar\/?p=4933#primaryimage","url":"https:\/\/digitalsantotome.com.ar\/wp-content\/uploads\/2023\/12\/20231229_100038.jpg","contentUrl":"https:\/\/digitalsantotome.com.ar\/wp-content\/uploads\/2023\/12\/20231229_100038.jpg","width":800,"height":600},{"@type":"BreadcrumbList","@id":"https:\/\/digitalsantotome.com.ar\/?p=4933#breadcrumb","itemListElement":[{"@type":"ListItem","position":1,"name":"Portada","item":"https:\/\/digitalsantotome.com.ar\/"},{"@type":"ListItem","position":2,"name":"Fuerte temporal de viento y lluvia pas\u00f3 por Santo Tom\u00e9 y provoc\u00f3 numerosos da\u00f1os materiales"}]},{"@type":"WebSite","@id":"https:\/\/digitalsantotome.com.ar\/#website","url":"https:\/\/digitalsantotome.com.ar\/","name":"Digital Santo Tom\u00e9","description":"Noticias desde Santo Tom\u00e9 al Mundo \u2013 La informacion que decide","publisher":{"@id":"https:\/\/digitalsantotome.com.ar\/#organization"},"potentialAction":[{"@type":"SearchAction","target":{"@type":"EntryPoint","urlTemplate":"https:\/\/digitalsantotome.com.ar\/?s={search_term_string}"},"query-input":{"@type":"PropertyValueSpecification","valueRequired":true,"valueName":"search_term_string"}}],"inLanguage":"es"},{"@type":"Organization","@id":"https:\/\/digitalsantotome.com.ar\/#organization","name":"Digital Santo Tom\u00e9","url":"https:\/\/digitalsantotome.com.ar\/","logo":{"@type":"ImageObject","inLanguage":"es","@id":"https:\/\/digitalsantotome.com.ar\/#\/schema\/logo\/image\/","url":"https:\/\/digitalsantotome.com.ar\/wp-content\/uploads\/2023\/01\/facebook.jpg","contentUrl":"https:\/\/digitalsantotome.com.ar\/wp-content\/uploads\/2023\/01\/facebook.jpg","width":512,"height":376,"caption":"Digital Santo Tom\u00e9"},"image":{"@id":"https:\/\/digitalsantotome.com.ar\/#\/schema\/logo\/image\/"}},{"@type":"Person","@id":"https:\/\/digitalsantotome.com.ar\/#\/schema\/person\/8991d8822886fedd92ce7f03817e1bdf","name":"Jose Carlos Machado","url":"https:\/\/digitalsantotome.com.ar\/?author=2"}]}},"_links":{"self":[{"href":"https:\/\/digitalsantotome.com.ar\/index.php?rest_route=\/wp\/v2\/posts\/4933","targetHints":{"allow":["GET"]}}],"collection":[{"href":"https:\/\/digitalsantotome.com.ar\/index.php?rest_route=\/wp\/v2\/posts"}],"about":[{"href":"https:\/\/digitalsantotome.com.ar\/index.php?rest_route=\/wp\/v2\/types\/post"}],"author":[{"embeddable":true,"href":"https:\/\/digitalsantotome.com.ar\/index.php?rest_route=\/wp\/v2\/users\/2"}],"replies":[{"embeddable":true,"href":"https:\/\/digitalsantotome.com.ar\/index.php?rest_route=%2Fwp%2Fv2%2Fcomments&post=4933"}],"version-history":[{"count":1,"href":"https:\/\/digitalsantotome.com.ar\/index.php?rest_route=\/wp\/v2\/posts\/4933\/revisions"}],"predecessor-version":[{"id":4943,"href":"https:\/\/digitalsantotome.com.ar\/index.php?rest_route=\/wp\/v2\/posts\/4933\/revisions\/4943"}],"wp:featuredmedia":[{"embeddable":true,"href":"https:\/\/digitalsantotome.com.ar\/index.php?rest_route=\/wp\/v2\/media\/4934"}],"wp:attachment":[{"href":"https:\/\/digitalsantotome.com.ar\/index.php?rest_route=%2Fwp%2Fv2%2Fmedia&parent=4933"}],"wp:term":[{"taxonomy":"category","embeddable":true,"href":"https:\/\/digitalsantotome.com.ar\/index.php?rest_route=%2Fwp%2Fv2%2Fcategories&post=4933"},{"taxonomy":"post_tag","embeddable":true,"href":"https:\/\/digitalsantotome.com.ar\/index.php?rest_route=%2Fwp%2Fv2%2Ftags&post=4933"}],"curies":[{"name":"wp","href":"https:\/\/api.w.org\/{rel}","templated":true}]}}