{"id":5090,"date":"2024-01-16T16:29:24","date_gmt":"2024-01-16T19:29:24","guid":{"rendered":"https:\/\/digitalsantotome.com.ar\/?p=5090"},"modified":"2024-01-16T16:29:31","modified_gmt":"2024-01-16T19:29:31","slug":"hablan-de-falta-de-previsiones-reaparecio-valdes-y-dijo-que-estuvo-atento-a-la-situacion-hidrica","status":"publish","type":"post","link":"https:\/\/digitalsantotome.com.ar\/?p=5090","title":{"rendered":"Hablan de falta de previsiones: Reapareci\u00f3 Vald\u00e9s y dijo que estuvo atento a la situaci\u00f3n h\u00eddrica"},"content":{"rendered":"<p>CORRIENTES. El gobernador Gustavo Vald\u00e9s reapareci\u00f3 ayer tras dos semanas de vacaciones y brind\u00f3 una entrevista ra\u00addial donde dio su opini\u00f3n sobre la emergencia h\u00eddrica que afecta a la provincia de Corrientes y la tarea de asis\u00adtencia y contenci\u00f3n a los damnificados.<\/p>\n<p>El mandatario dirigi\u00f3 sus palabras a la situaci\u00f3n generada por las intensas lluvias en la provincia, y se\u00ad\u00f1al\u00f3 que las localidades de Mercedes, Santa Luc\u00eda y Es\u00adquina son las m\u00e1s afectadas por el agua en estos mo\u00admentos y puntualiz\u00f3 que Paso Tala y San Isidro son otras dos zonas en donde el panorama tambi\u00e9n es com\u00adplejo.<\/p>\n<p>Luego de cinco d\u00edas de precipitaciones, las secue\u00adlas en siete localidades del centro y sur provincial de\u00adjaron un saldo de m\u00e1s de 15.000 damnificados, m\u00e1s de 200 productores afecta\u00addos, y m\u00e1s de 325 evacua\u00addos. Pese a la grave situa\u00adci\u00f3n que castig\u00f3 a los luga\u00adre\u00f1os, no hubo respuestas del Gobierno provincial ni del nuevo Gobierno nacio\u00adnal. Solamente el Gober\u00adnador se justific\u00f3 ante la prensa, \u00abestamos presentes y sabemos lo que est\u00e1 pa\u00adsando en cada uno de los lugares. Tuvimos un a\u00f1o de seca muy duro y ahora es\u00adtamos recuperando el nivel h\u00eddrico. Lamentablemente lo estamos haciendo de una manera demasiado acele\u00adrada, con lluvias de m\u00e1s de 500 mil\u00edmetros en tres d\u00edas. Con esos n\u00fameros uno pue\u00adde hacerse una idea de la magnitud del agua que cay\u00f3 en la \u00faltima semana\u00bb, indi\u00adc\u00f3 el mandatario, al indicar que su gesti\u00f3n viene desple\u00adgando de manera inmediata un sistema de emergencia para asistir y contener a las personas y familias damni\u00adficadas, trabajando en con\u00adjunto los intendentes, con presencia del subsecretario de Asuntos Municipales, Javier S\u00e1ez, en contacto con los jefes y autoridades comunales, apuntalando la labor con Defensa Civil, De\u00adsarrollo Social y otras \u00e1reas del gobierno.<\/p>\n<p>La zona m\u00e1s perjudicada por el temporal y las inun\u00addaciones es el centro sur de la provincia y son siete las localidades que a\u00fan tienen personas con las casas ane\u00adgadas, por lo que permane\u00adcen evacuadas.<\/p>\n<p>El paraje Paso Tala, en Perugorr\u00eda, es uno de los puntos m\u00e1s perjudicados por la situaci\u00f3n, luego de que, como efecto de la lle\u00adgada de grandes cantida\u00addes de agua provenientes de las cuencas de aporte a los arroyos de la zona, sumada a las precipita\u00adciones, desbordara una represa arrocera de la firma Adecoagro.<\/p>\n<p>El avance del agua en Paso Tala, adem\u00e1s de anegar vi\u00adviendas y caminos, caus\u00f3 m\u00faltiples destrozos en la escuela de familia agr\u00edcola Pej\u00fa Por\u00e1.<\/p>\n<p>En tanto, el gobernador Vald\u00e9s coment\u00f3 que respec\u00adto a los da\u00f1os que el agua caus\u00f3 en las rutas, se viene mirando con atenci\u00f3n lo que acontece en la Ruta pro\u00advincial 24, en donde al agua en la jornada del pasado do\u00admingo pasado superaba la calzada en 10 cent\u00edmetros. \u00abHoy est\u00e1 bajando el nivel, por lo que esperamos que se preserve y no se arruine esa v\u00eda\u00bb, asever\u00f3 en la entre\u00advista.<\/p>\n<p>A su vez, inform\u00f3 que la Provincia trabaj\u00f3 junto al concesionario para reparar la Ruta nacional 12 cerca de Mantilla y se\u00f1al\u00f3 que si todo va bien, sobre el me\u00addiod\u00eda va a estar habilitada la misma \u00abotorgando transi\u00adtabilidad en una zona clave para la circulaci\u00f3n\u00bb.<\/p>\n<p>Vald\u00e9s asegur\u00f3 que existe una buena relaci\u00f3n y coor\u00addinaci\u00f3n con el Gobierno nacional, ante esta emer\u00adgencia que atraviesa Co\u00adrrientes, con permanentes llamados y consultas a los ministerios del Interior, de Infraestructura, de Defensa y de Seguridad.<\/p>\n<p><strong>Justific\u00f3 el ajuste: \u00abAhora toca pagar la fiesta\u00bb\u00a0<\/strong><\/p>\n<p>El gobernador de Co\u00adrrientes, Gustavo Vald\u00e9s, justific\u00f3 ayer el ajuste aplicado por el Gobierno nacional al afirmar que \u00abtuvimos una gran fies\u00adta kirchnerista y ahora toca pagarla\u00bb, a la vez que indic\u00f3 que en relaci\u00f3n con la Ley \u00f3mnibus que se discute en la C\u00e1mara de Diputados \u00abhay pun\u00adtos en los que estamos de acuerdo\u00bb y otros en los que buscar\u00e1n \u00abcon\u00adsenso\u00bb y \u00abasociarse\u00bb con otros espacios pol\u00edticos. El mandatario aprob\u00f3 las medidas desregulaci\u00f3n econ\u00f3mica y ajuste del Gobierno de Javier Milei, al manifestar que \u00abhay cosas que son acertadas, como por ejemplo la ne\u00adcesidad de tener equi\u00adlibrio fiscal\u00bb. \u00abTuvimos una gran fiesta kirchne\u00adrista y ahora toca pagar esa fiesta; pagarla no es agradable para ningu\u00adno y ojal\u00e1 que podamos tener un pa\u00eds diferente y equilibrado, con toda la potencia puesta en la producci\u00f3n, el desarro\u00adllo, la generaci\u00f3n de em\u00adpleo y el trabajo para que redunde en una mejor calidad de vida\u00bb, dijo Val\u00add\u00e9s. Sobre la ley que se discute en comisiones de la C\u00e1mara de Diputados, Vald\u00e9s expres\u00f3 que se reunir\u00e1 con legisladores Eduardo Vischi y Alfredo Vallejos para \u00abtener una visi\u00f3n m\u00e1s central y po\u00adder trabajar respecto a lo que m\u00e1s le conviene a los correntinos\u00bb.<\/p>\n<p>\u00abEs una ley larga, hay puntos de vista a favor y otros en contra, lo que hay que mirar es si se tiene los n\u00fameros para lograr la aprobaci\u00f3n\u00bb, ex\u00adpres\u00f3, y subray\u00f3 que \u00abhay puntos en los que esta\u00admos de acuerdo y otros en los que consideramos que ameritan una discu\u00adsi\u00f3n y el consenso\u00bb. Y en ese sentido hizo un ges\u00adto para \u00abasociarse\u00bb con otros espacios pol\u00edticos. \u00abAhora la mirada es c\u00f3mo nos reagrupamos para transformar la Argentina; los movimientos pol\u00edti\u00adcos tienen que ver con eso, asociarse, juntarse, tener coaliciones para poder transformar la rea\u00adlidad\u00bb, expres\u00f3.<\/p>\n<p>Fuente: Norte Corrientes<\/p>\n","protected":false},"excerpt":{"rendered":"<p>CORRIENTES. El gobernador Gustavo Vald\u00e9s reapareci\u00f3 ayer tras dos semanas de vacaciones y brind\u00f3 una entrevista ra\u00addial donde dio su opini\u00f3n sobre la emergencia h\u00eddrica que afecta a la provincia de Corrientes y la tarea de asis\u00adtencia y contenci\u00f3n a los damnificados. El mandatario dirigi\u00f3 sus palabras a la situaci\u00f3n generada por las intensas lluvias&#8230;<\/p>\n","protected":false},"author":2,"featured_media":5091,"comment_status":"closed","ping_status":"closed","sticky":false,"template":"","format":"standard","meta":{"_kad_post_transparent":"default","_kad_post_title":"default","_kad_post_layout":"default","_kad_post_sidebar_id":"","_kad_post_content_style":"default","_kad_post_vertical_padding":"default","_kad_post_feature":"","_kad_post_feature_position":"","_kad_post_header":false,"_kad_post_footer":false,"_kad_post_classname":"","footnotes":""},"categories":[2],"tags":[],"class_list":["post-5090","post","type-post","status-publish","format-standard","has-post-thumbnail","hentry","category-provinciales"],"a3_pvc":{"activated":false,"total_views":0,"today_views":0},"yoast_head":"<!-- This site is optimized with the Yoast SEO plugin v27.5 - https:\/\/yoast.com\/product\/yoast-seo-wordpress\/ -->\n<title>Hablan de falta de previsiones: Reapareci\u00f3 Vald\u00e9s y dijo que estuvo atento a la situaci\u00f3n h\u00eddrica - Digital Santo Tom\u00e9<\/title>\n<meta name=\"robots\" content=\"index, follow, max-snippet:-1, max-image-preview:large, max-video-preview:-1\" \/>\n<link rel=\"canonical\" href=\"https:\/\/digitalsantotome.com.ar\/?p=5090\" \/>\n<meta property=\"og:locale\" content=\"es_ES\" \/>\n<meta property=\"og:type\" content=\"article\" \/>\n<meta property=\"og:title\" content=\"Hablan de falta de previsiones: Reapareci\u00f3 Vald\u00e9s y dijo que estuvo atento a la situaci\u00f3n h\u00eddrica - Digital Santo Tom\u00e9\" \/>\n<meta property=\"og:description\" content=\"CORRIENTES. El gobernador Gustavo Vald\u00e9s reapareci\u00f3 ayer tras dos semanas de vacaciones y brind\u00f3 una entrevista ra\u00addial donde dio su opini\u00f3n sobre la emergencia h\u00eddrica que afecta a la provincia de Corrientes y la tarea de asis\u00adtencia y contenci\u00f3n a los damnificados. El mandatario dirigi\u00f3 sus palabras a la situaci\u00f3n generada por las intensas lluvias...\" \/>\n<meta property=\"og:url\" content=\"https:\/\/digitalsantotome.com.ar\/?p=5090\" \/>\n<meta property=\"og:site_name\" content=\"Digital Santo Tom\u00e9\" \/>\n<meta property=\"article:published_time\" content=\"2024-01-16T19:29:24+00:00\" \/>\n<meta property=\"article:modified_time\" content=\"2024-01-16T19:29:31+00:00\" \/>\n<meta property=\"og:image\" content=\"https:\/\/digitalsantotome.com.ar\/wp-content\/uploads\/2024\/01\/372597h720.jpg.webp\" \/>\n\t<meta property=\"og:image:width\" content=\"960\" \/>\n\t<meta property=\"og:image:height\" content=\"720\" \/>\n\t<meta property=\"og:image:type\" content=\"image\/webp\" \/>\n<meta name=\"author\" content=\"Jose Carlos Machado\" \/>\n<meta name=\"twitter:card\" content=\"summary_large_image\" \/>\n<meta name=\"twitter:label1\" content=\"Escrito por\" \/>\n\t<meta name=\"twitter:data1\" content=\"Jose Carlos Machado\" \/>\n\t<meta name=\"twitter:label2\" content=\"Tiempo de lectura\" \/>\n\t<meta name=\"twitter:data2\" content=\"5 minutos\" \/>\n<script type=\"application\/ld+json\" class=\"yoast-schema-graph\">{\"@context\":\"https:\\\/\\\/schema.org\",\"@graph\":[{\"@type\":\"Article\",\"@id\":\"https:\\\/\\\/digitalsantotome.com.ar\\\/?p=5090#article\",\"isPartOf\":{\"@id\":\"https:\\\/\\\/digitalsantotome.com.ar\\\/?p=5090\"},\"author\":{\"name\":\"Jose Carlos Machado\",\"@id\":\"https:\\\/\\\/digitalsantotome.com.ar\\\/#\\\/schema\\\/person\\\/8991d8822886fedd92ce7f03817e1bdf\"},\"headline\":\"Hablan de falta de previsiones: Reapareci\u00f3 Vald\u00e9s y dijo que estuvo atento a la situaci\u00f3n h\u00eddrica\",\"datePublished\":\"2024-01-16T19:29:24+00:00\",\"dateModified\":\"2024-01-16T19:29:31+00:00\",\"mainEntityOfPage\":{\"@id\":\"https:\\\/\\\/digitalsantotome.com.ar\\\/?p=5090\"},\"wordCount\":989,\"publisher\":{\"@id\":\"https:\\\/\\\/digitalsantotome.com.ar\\\/#organization\"},\"image\":{\"@id\":\"https:\\\/\\\/digitalsantotome.com.ar\\\/?p=5090#primaryimage\"},\"thumbnailUrl\":\"https:\\\/\\\/digitalsantotome.com.ar\\\/wp-content\\\/uploads\\\/2024\\\/01\\\/372597h720.jpg.webp\",\"articleSection\":[\"Provinciales\"],\"inLanguage\":\"es\"},{\"@type\":\"WebPage\",\"@id\":\"https:\\\/\\\/digitalsantotome.com.ar\\\/?p=5090\",\"url\":\"https:\\\/\\\/digitalsantotome.com.ar\\\/?p=5090\",\"name\":\"Hablan de falta de previsiones: Reapareci\u00f3 Vald\u00e9s y dijo que estuvo atento a la situaci\u00f3n h\u00eddrica - Digital Santo Tom\u00e9\",\"isPartOf\":{\"@id\":\"https:\\\/\\\/digitalsantotome.com.ar\\\/#website\"},\"primaryImageOfPage\":{\"@id\":\"https:\\\/\\\/digitalsantotome.com.ar\\\/?p=5090#primaryimage\"},\"image\":{\"@id\":\"https:\\\/\\\/digitalsantotome.com.ar\\\/?p=5090#primaryimage\"},\"thumbnailUrl\":\"https:\\\/\\\/digitalsantotome.com.ar\\\/wp-content\\\/uploads\\\/2024\\\/01\\\/372597h720.jpg.webp\",\"datePublished\":\"2024-01-16T19:29:24+00:00\",\"dateModified\":\"2024-01-16T19:29:31+00:00\",\"breadcrumb\":{\"@id\":\"https:\\\/\\\/digitalsantotome.com.ar\\\/?p=5090#breadcrumb\"},\"inLanguage\":\"es\",\"potentialAction\":[{\"@type\":\"ReadAction\",\"target\":[\"https:\\\/\\\/digitalsantotome.com.ar\\\/?p=5090\"]}]},{\"@type\":\"ImageObject\",\"inLanguage\":\"es\",\"@id\":\"https:\\\/\\\/digitalsantotome.com.ar\\\/?p=5090#primaryimage\",\"url\":\"https:\\\/\\\/digitalsantotome.com.ar\\\/wp-content\\\/uploads\\\/2024\\\/01\\\/372597h720.jpg.webp\",\"contentUrl\":\"https:\\\/\\\/digitalsantotome.com.ar\\\/wp-content\\\/uploads\\\/2024\\\/01\\\/372597h720.jpg.webp\",\"width\":960,\"height\":720},{\"@type\":\"BreadcrumbList\",\"@id\":\"https:\\\/\\\/digitalsantotome.com.ar\\\/?p=5090#breadcrumb\",\"itemListElement\":[{\"@type\":\"ListItem\",\"position\":1,\"name\":\"Portada\",\"item\":\"https:\\\/\\\/digitalsantotome.com.ar\\\/\"},{\"@type\":\"ListItem\",\"position\":2,\"name\":\"Hablan de falta de previsiones: Reapareci\u00f3 Vald\u00e9s y dijo que estuvo atento a la situaci\u00f3n h\u00eddrica\"}]},{\"@type\":\"WebSite\",\"@id\":\"https:\\\/\\\/digitalsantotome.com.ar\\\/#website\",\"url\":\"https:\\\/\\\/digitalsantotome.com.ar\\\/\",\"name\":\"Digital Santo Tom\u00e9\",\"description\":\"Noticias desde Santo Tom\u00e9 al Mundo \u2013 La informacion que decide\",\"publisher\":{\"@id\":\"https:\\\/\\\/digitalsantotome.com.ar\\\/#organization\"},\"potentialAction\":[{\"@type\":\"SearchAction\",\"target\":{\"@type\":\"EntryPoint\",\"urlTemplate\":\"https:\\\/\\\/digitalsantotome.com.ar\\\/?s={search_term_string}\"},\"query-input\":{\"@type\":\"PropertyValueSpecification\",\"valueRequired\":true,\"valueName\":\"search_term_string\"}}],\"inLanguage\":\"es\"},{\"@type\":\"Organization\",\"@id\":\"https:\\\/\\\/digitalsantotome.com.ar\\\/#organization\",\"name\":\"Digital Santo Tom\u00e9\",\"url\":\"https:\\\/\\\/digitalsantotome.com.ar\\\/\",\"logo\":{\"@type\":\"ImageObject\",\"inLanguage\":\"es\",\"@id\":\"https:\\\/\\\/digitalsantotome.com.ar\\\/#\\\/schema\\\/logo\\\/image\\\/\",\"url\":\"https:\\\/\\\/digitalsantotome.com.ar\\\/wp-content\\\/uploads\\\/2023\\\/01\\\/facebook.jpg\",\"contentUrl\":\"https:\\\/\\\/digitalsantotome.com.ar\\\/wp-content\\\/uploads\\\/2023\\\/01\\\/facebook.jpg\",\"width\":512,\"height\":376,\"caption\":\"Digital Santo Tom\u00e9\"},\"image\":{\"@id\":\"https:\\\/\\\/digitalsantotome.com.ar\\\/#\\\/schema\\\/logo\\\/image\\\/\"}},{\"@type\":\"Person\",\"@id\":\"https:\\\/\\\/digitalsantotome.com.ar\\\/#\\\/schema\\\/person\\\/8991d8822886fedd92ce7f03817e1bdf\",\"name\":\"Jose Carlos Machado\",\"url\":\"https:\\\/\\\/digitalsantotome.com.ar\\\/?author=2\"}]}<\/script>\n<!-- \/ Yoast SEO plugin. -->","yoast_head_json":{"title":"Hablan de falta de previsiones: Reapareci\u00f3 Vald\u00e9s y dijo que estuvo atento a la situaci\u00f3n h\u00eddrica - Digital Santo Tom\u00e9","robots":{"index":"index","follow":"follow","max-snippet":"max-snippet:-1","max-image-preview":"max-image-preview:large","max-video-preview":"max-video-preview:-1"},"canonical":"https:\/\/digitalsantotome.com.ar\/?p=5090","og_locale":"es_ES","og_type":"article","og_title":"Hablan de falta de previsiones: Reapareci\u00f3 Vald\u00e9s y dijo que estuvo atento a la situaci\u00f3n h\u00eddrica - Digital Santo Tom\u00e9","og_description":"CORRIENTES. El gobernador Gustavo Vald\u00e9s reapareci\u00f3 ayer tras dos semanas de vacaciones y brind\u00f3 una entrevista ra\u00addial donde dio su opini\u00f3n sobre la emergencia h\u00eddrica que afecta a la provincia de Corrientes y la tarea de asis\u00adtencia y contenci\u00f3n a los damnificados. El mandatario dirigi\u00f3 sus palabras a la situaci\u00f3n generada por las intensas lluvias...","og_url":"https:\/\/digitalsantotome.com.ar\/?p=5090","og_site_name":"Digital Santo Tom\u00e9","article_published_time":"2024-01-16T19:29:24+00:00","article_modified_time":"2024-01-16T19:29:31+00:00","og_image":[{"width":960,"height":720,"url":"https:\/\/digitalsantotome.com.ar\/wp-content\/uploads\/2024\/01\/372597h720.jpg.webp","type":"image\/webp"}],"author":"Jose Carlos Machado","twitter_card":"summary_large_image","twitter_misc":{"Escrito por":"Jose Carlos Machado","Tiempo de lectura":"5 minutos"},"schema":{"@context":"https:\/\/schema.org","@graph":[{"@type":"Article","@id":"https:\/\/digitalsantotome.com.ar\/?p=5090#article","isPartOf":{"@id":"https:\/\/digitalsantotome.com.ar\/?p=5090"},"author":{"name":"Jose Carlos Machado","@id":"https:\/\/digitalsantotome.com.ar\/#\/schema\/person\/8991d8822886fedd92ce7f03817e1bdf"},"headline":"Hablan de falta de previsiones: Reapareci\u00f3 Vald\u00e9s y dijo que estuvo atento a la situaci\u00f3n h\u00eddrica","datePublished":"2024-01-16T19:29:24+00:00","dateModified":"2024-01-16T19:29:31+00:00","mainEntityOfPage":{"@id":"https:\/\/digitalsantotome.com.ar\/?p=5090"},"wordCount":989,"publisher":{"@id":"https:\/\/digitalsantotome.com.ar\/#organization"},"image":{"@id":"https:\/\/digitalsantotome.com.ar\/?p=5090#primaryimage"},"thumbnailUrl":"https:\/\/digitalsantotome.com.ar\/wp-content\/uploads\/2024\/01\/372597h720.jpg.webp","articleSection":["Provinciales"],"inLanguage":"es"},{"@type":"WebPage","@id":"https:\/\/digitalsantotome.com.ar\/?p=5090","url":"https:\/\/digitalsantotome.com.ar\/?p=5090","name":"Hablan de falta de previsiones: Reapareci\u00f3 Vald\u00e9s y dijo que estuvo atento a la situaci\u00f3n h\u00eddrica - Digital Santo Tom\u00e9","isPartOf":{"@id":"https:\/\/digitalsantotome.com.ar\/#website"},"primaryImageOfPage":{"@id":"https:\/\/digitalsantotome.com.ar\/?p=5090#primaryimage"},"image":{"@id":"https:\/\/digitalsantotome.com.ar\/?p=5090#primaryimage"},"thumbnailUrl":"https:\/\/digitalsantotome.com.ar\/wp-content\/uploads\/2024\/01\/372597h720.jpg.webp","datePublished":"2024-01-16T19:29:24+00:00","dateModified":"2024-01-16T19:29:31+00:00","breadcrumb":{"@id":"https:\/\/digitalsantotome.com.ar\/?p=5090#breadcrumb"},"inLanguage":"es","potentialAction":[{"@type":"ReadAction","target":["https:\/\/digitalsantotome.com.ar\/?p=5090"]}]},{"@type":"ImageObject","inLanguage":"es","@id":"https:\/\/digitalsantotome.com.ar\/?p=5090#primaryimage","url":"https:\/\/digitalsantotome.com.ar\/wp-content\/uploads\/2024\/01\/372597h720.jpg.webp","contentUrl":"https:\/\/digitalsantotome.com.ar\/wp-content\/uploads\/2024\/01\/372597h720.jpg.webp","width":960,"height":720},{"@type":"BreadcrumbList","@id":"https:\/\/digitalsantotome.com.ar\/?p=5090#breadcrumb","itemListElement":[{"@type":"ListItem","position":1,"name":"Portada","item":"https:\/\/digitalsantotome.com.ar\/"},{"@type":"ListItem","position":2,"name":"Hablan de falta de previsiones: Reapareci\u00f3 Vald\u00e9s y dijo que estuvo atento a la situaci\u00f3n h\u00eddrica"}]},{"@type":"WebSite","@id":"https:\/\/digitalsantotome.com.ar\/#website","url":"https:\/\/digitalsantotome.com.ar\/","name":"Digital Santo Tom\u00e9","description":"Noticias desde Santo Tom\u00e9 al Mundo \u2013 La informacion que decide","publisher":{"@id":"https:\/\/digitalsantotome.com.ar\/#organization"},"potentialAction":[{"@type":"SearchAction","target":{"@type":"EntryPoint","urlTemplate":"https:\/\/digitalsantotome.com.ar\/?s={search_term_string}"},"query-input":{"@type":"PropertyValueSpecification","valueRequired":true,"valueName":"search_term_string"}}],"inLanguage":"es"},{"@type":"Organization","@id":"https:\/\/digitalsantotome.com.ar\/#organization","name":"Digital Santo Tom\u00e9","url":"https:\/\/digitalsantotome.com.ar\/","logo":{"@type":"ImageObject","inLanguage":"es","@id":"https:\/\/digitalsantotome.com.ar\/#\/schema\/logo\/image\/","url":"https:\/\/digitalsantotome.com.ar\/wp-content\/uploads\/2023\/01\/facebook.jpg","contentUrl":"https:\/\/digitalsantotome.com.ar\/wp-content\/uploads\/2023\/01\/facebook.jpg","width":512,"height":376,"caption":"Digital Santo Tom\u00e9"},"image":{"@id":"https:\/\/digitalsantotome.com.ar\/#\/schema\/logo\/image\/"}},{"@type":"Person","@id":"https:\/\/digitalsantotome.com.ar\/#\/schema\/person\/8991d8822886fedd92ce7f03817e1bdf","name":"Jose Carlos Machado","url":"https:\/\/digitalsantotome.com.ar\/?author=2"}]}},"_links":{"self":[{"href":"https:\/\/digitalsantotome.com.ar\/index.php?rest_route=\/wp\/v2\/posts\/5090","targetHints":{"allow":["GET"]}}],"collection":[{"href":"https:\/\/digitalsantotome.com.ar\/index.php?rest_route=\/wp\/v2\/posts"}],"about":[{"href":"https:\/\/digitalsantotome.com.ar\/index.php?rest_route=\/wp\/v2\/types\/post"}],"author":[{"embeddable":true,"href":"https:\/\/digitalsantotome.com.ar\/index.php?rest_route=\/wp\/v2\/users\/2"}],"replies":[{"embeddable":true,"href":"https:\/\/digitalsantotome.com.ar\/index.php?rest_route=%2Fwp%2Fv2%2Fcomments&post=5090"}],"version-history":[{"count":1,"href":"https:\/\/digitalsantotome.com.ar\/index.php?rest_route=\/wp\/v2\/posts\/5090\/revisions"}],"predecessor-version":[{"id":5092,"href":"https:\/\/digitalsantotome.com.ar\/index.php?rest_route=\/wp\/v2\/posts\/5090\/revisions\/5092"}],"wp:featuredmedia":[{"embeddable":true,"href":"https:\/\/digitalsantotome.com.ar\/index.php?rest_route=\/wp\/v2\/media\/5091"}],"wp:attachment":[{"href":"https:\/\/digitalsantotome.com.ar\/index.php?rest_route=%2Fwp%2Fv2%2Fmedia&parent=5090"}],"wp:term":[{"taxonomy":"category","embeddable":true,"href":"https:\/\/digitalsantotome.com.ar\/index.php?rest_route=%2Fwp%2Fv2%2Fcategories&post=5090"},{"taxonomy":"post_tag","embeddable":true,"href":"https:\/\/digitalsantotome.com.ar\/index.php?rest_route=%2Fwp%2Fv2%2Ftags&post=5090"}],"curies":[{"name":"wp","href":"https:\/\/api.w.org\/{rel}","templated":true}]}}