{"id":5109,"date":"2024-01-17T18:24:55","date_gmt":"2024-01-17T21:24:55","guid":{"rendered":"https:\/\/digitalsantotome.com.ar\/?p=5109"},"modified":"2024-01-20T12:41:26","modified_gmt":"2024-01-20T15:41:26","slug":"cambio-de-jefe-en-el-escuadron-57-santo-tome-de-gendarmeria-nacional","status":"publish","type":"post","link":"https:\/\/digitalsantotome.com.ar\/?p=5109","title":{"rendered":"Cambio de Jefe en el Escuadr\u00f3n 57 \u201cSanto Tom\u00e9\u201d de Gendarmer\u00eda Nacional"},"content":{"rendered":"<p>SANTO TOME. Este martes 16 de enero, tuvo lugar en la Plaza de Armas del Escuadr\u00f3n 57 \u201cSanto Tom\u00e9\u201d de Gendarmer\u00eda Nacional, el cambio de jefe de la mencionada unidad de seguridad federal. Dej\u00f3 el cargo de jefe tras estar dos a\u00f1os al frente de dicho Escuadr\u00f3n, el comandante principal Horacio Am\u00e9rico Insfr\u00e1n quien ahora pasa a cumplir funciones en la ciudad de Corrientes. En su lugar, asumi\u00f3 como nuevo jefe del Escuadr\u00f3n 57, el comandante principal Adri\u00e1n Ezequiel Sas.<\/p>\n<p>La ceremonia cont\u00f3 con la presencia del intendente municipal Jos\u00e9 Augusto Suaid, el coordinador general de Gabinete Carlos Molina y otros funcionarios municipales. El acto de posesi\u00f3n del cargo al nuevo jefe, estuvo presidido por el jefe de la Agrupaci\u00f3n III Corrientes de Gendarmer\u00eda Nacional, comandante mayor Claudio Cesar Puente.<\/p>\n<p>Tambi\u00e9n cont\u00f3 con la presencia de representantes de fuerzas de seguridad como ser Polic\u00eda de la Provincia de Corrientes; de Prefectura Naval Argentina; de organismos nacionales como ser Direcci\u00f3n Nacional de Migraciones, Direcci\u00f3n General de Aduana; de la Coordinaci\u00f3n de Organismos P\u00fablicos en el Centro Unificado de Frontera y de la empresa Mercovia SA.<\/p>\n<p><img fetchpriority=\"high\" decoding=\"async\" class=\"alignnone size-full wp-image-5112\" src=\"https:\/\/digitalsantotome.com.ar\/wp-content\/uploads\/2024\/01\/IMG-20240117-WA0018.jpg\" alt=\"\" width=\"1124\" height=\"750\" srcset=\"https:\/\/digitalsantotome.com.ar\/wp-content\/uploads\/2024\/01\/IMG-20240117-WA0018.jpg 1124w, https:\/\/digitalsantotome.com.ar\/wp-content\/uploads\/2024\/01\/IMG-20240117-WA0018-300x200.jpg 300w, https:\/\/digitalsantotome.com.ar\/wp-content\/uploads\/2024\/01\/IMG-20240117-WA0018-1024x683.jpg 1024w, https:\/\/digitalsantotome.com.ar\/wp-content\/uploads\/2024\/01\/IMG-20240117-WA0018-768x512.jpg 768w\" sizes=\"(max-width: 1124px) 100vw, 1124px\" \/><\/p>\n<p><img decoding=\"async\" class=\"alignnone size-full wp-image-5113\" src=\"https:\/\/digitalsantotome.com.ar\/wp-content\/uploads\/2024\/01\/IMG-20240117-WA0015.jpg\" alt=\"\" width=\"1124\" height=\"750\" srcset=\"https:\/\/digitalsantotome.com.ar\/wp-content\/uploads\/2024\/01\/IMG-20240117-WA0015.jpg 1124w, https:\/\/digitalsantotome.com.ar\/wp-content\/uploads\/2024\/01\/IMG-20240117-WA0015-300x200.jpg 300w, https:\/\/digitalsantotome.com.ar\/wp-content\/uploads\/2024\/01\/IMG-20240117-WA0015-1024x683.jpg 1024w, https:\/\/digitalsantotome.com.ar\/wp-content\/uploads\/2024\/01\/IMG-20240117-WA0015-768x512.jpg 768w\" sizes=\"(max-width: 1124px) 100vw, 1124px\" \/><\/p>\n<p><img decoding=\"async\" class=\"alignnone size-full wp-image-5114\" src=\"https:\/\/digitalsantotome.com.ar\/wp-content\/uploads\/2024\/01\/IMG-20240117-WA0017.jpg\" alt=\"\" width=\"1280\" height=\"960\" srcset=\"https:\/\/digitalsantotome.com.ar\/wp-content\/uploads\/2024\/01\/IMG-20240117-WA0017.jpg 1280w, https:\/\/digitalsantotome.com.ar\/wp-content\/uploads\/2024\/01\/IMG-20240117-WA0017-300x225.jpg 300w, https:\/\/digitalsantotome.com.ar\/wp-content\/uploads\/2024\/01\/IMG-20240117-WA0017-1024x768.jpg 1024w, https:\/\/digitalsantotome.com.ar\/wp-content\/uploads\/2024\/01\/IMG-20240117-WA0017-768x576.jpg 768w\" sizes=\"(max-width: 1280px) 100vw, 1280px\" \/><\/p>\n<p>&nbsp;<\/p>\n","protected":false},"excerpt":{"rendered":"<p>SANTO TOME. Este martes 16 de enero, tuvo lugar en la Plaza de Armas del Escuadr\u00f3n 57 \u201cSanto Tom\u00e9\u201d de Gendarmer\u00eda Nacional, el cambio de jefe de la mencionada unidad de seguridad federal. Dej\u00f3 el cargo de jefe tras estar dos a\u00f1os al frente de dicho Escuadr\u00f3n, el comandante principal Horacio Am\u00e9rico Insfr\u00e1n quien ahora&#8230;<\/p>\n","protected":false},"author":2,"featured_media":5110,"comment_status":"closed","ping_status":"closed","sticky":false,"template":"","format":"standard","meta":{"_kad_post_transparent":"default","_kad_post_title":"default","_kad_post_layout":"default","_kad_post_sidebar_id":"","_kad_post_content_style":"default","_kad_post_vertical_padding":"default","_kad_post_feature":"","_kad_post_feature_position":"","_kad_post_header":false,"_kad_post_footer":false,"_kad_post_classname":"","footnotes":""},"categories":[1],"tags":[],"class_list":["post-5109","post","type-post","status-publish","format-standard","has-post-thumbnail","hentry","category-locales"],"a3_pvc":{"activated":false,"total_views":0,"today_views":0},"yoast_head":"<!-- This site is optimized with the Yoast SEO plugin v27.5 - https:\/\/yoast.com\/product\/yoast-seo-wordpress\/ -->\n<title>Cambio de Jefe en el Escuadr\u00f3n 57 \u201cSanto Tom\u00e9\u201d de Gendarmer\u00eda Nacional - Digital Santo Tom\u00e9<\/title>\n<meta name=\"robots\" content=\"index, follow, max-snippet:-1, max-image-preview:large, max-video-preview:-1\" \/>\n<link rel=\"canonical\" href=\"https:\/\/digitalsantotome.com.ar\/?p=5109\" \/>\n<meta property=\"og:locale\" content=\"es_ES\" \/>\n<meta property=\"og:type\" content=\"article\" \/>\n<meta property=\"og:title\" content=\"Cambio de Jefe en el Escuadr\u00f3n 57 \u201cSanto Tom\u00e9\u201d de Gendarmer\u00eda Nacional - Digital Santo Tom\u00e9\" \/>\n<meta property=\"og:description\" content=\"SANTO TOME. Este martes 16 de enero, tuvo lugar en la Plaza de Armas del Escuadr\u00f3n 57 \u201cSanto Tom\u00e9\u201d de Gendarmer\u00eda Nacional, el cambio de jefe de la mencionada unidad de seguridad federal. Dej\u00f3 el cargo de jefe tras estar dos a\u00f1os al frente de dicho Escuadr\u00f3n, el comandante principal Horacio Am\u00e9rico Insfr\u00e1n quien ahora...\" \/>\n<meta property=\"og:url\" content=\"https:\/\/digitalsantotome.com.ar\/?p=5109\" \/>\n<meta property=\"og:site_name\" content=\"Digital Santo Tom\u00e9\" \/>\n<meta property=\"article:published_time\" content=\"2024-01-17T21:24:55+00:00\" \/>\n<meta property=\"article:modified_time\" content=\"2024-01-20T15:41:26+00:00\" \/>\n<meta property=\"og:image\" content=\"https:\/\/digitalsantotome.com.ar\/wp-content\/uploads\/2024\/01\/IMG-20240117-WA0016.jpg\" \/>\n\t<meta property=\"og:image:width\" content=\"1124\" \/>\n\t<meta property=\"og:image:height\" content=\"750\" \/>\n\t<meta property=\"og:image:type\" content=\"image\/jpeg\" \/>\n<meta name=\"author\" content=\"Jose Carlos Machado\" \/>\n<meta name=\"twitter:card\" content=\"summary_large_image\" \/>\n<meta name=\"twitter:label1\" content=\"Escrito por\" \/>\n\t<meta name=\"twitter:data1\" content=\"Jose Carlos Machado\" \/>\n\t<meta name=\"twitter:label2\" content=\"Tiempo de lectura\" \/>\n\t<meta name=\"twitter:data2\" content=\"2 minutos\" \/>\n<script type=\"application\/ld+json\" class=\"yoast-schema-graph\">{\"@context\":\"https:\\\/\\\/schema.org\",\"@graph\":[{\"@type\":\"Article\",\"@id\":\"https:\\\/\\\/digitalsantotome.com.ar\\\/?p=5109#article\",\"isPartOf\":{\"@id\":\"https:\\\/\\\/digitalsantotome.com.ar\\\/?p=5109\"},\"author\":{\"name\":\"Jose Carlos Machado\",\"@id\":\"https:\\\/\\\/digitalsantotome.com.ar\\\/#\\\/schema\\\/person\\\/8991d8822886fedd92ce7f03817e1bdf\"},\"headline\":\"Cambio de Jefe en el Escuadr\u00f3n 57 \u201cSanto Tom\u00e9\u201d de Gendarmer\u00eda Nacional\",\"datePublished\":\"2024-01-17T21:24:55+00:00\",\"dateModified\":\"2024-01-20T15:41:26+00:00\",\"mainEntityOfPage\":{\"@id\":\"https:\\\/\\\/digitalsantotome.com.ar\\\/?p=5109\"},\"wordCount\":212,\"publisher\":{\"@id\":\"https:\\\/\\\/digitalsantotome.com.ar\\\/#organization\"},\"image\":{\"@id\":\"https:\\\/\\\/digitalsantotome.com.ar\\\/?p=5109#primaryimage\"},\"thumbnailUrl\":\"https:\\\/\\\/digitalsantotome.com.ar\\\/wp-content\\\/uploads\\\/2024\\\/01\\\/IMG-20240117-WA0016.jpg\",\"articleSection\":[\"Locales\"],\"inLanguage\":\"es\"},{\"@type\":\"WebPage\",\"@id\":\"https:\\\/\\\/digitalsantotome.com.ar\\\/?p=5109\",\"url\":\"https:\\\/\\\/digitalsantotome.com.ar\\\/?p=5109\",\"name\":\"Cambio de Jefe en el Escuadr\u00f3n 57 \u201cSanto Tom\u00e9\u201d de Gendarmer\u00eda Nacional - Digital Santo Tom\u00e9\",\"isPartOf\":{\"@id\":\"https:\\\/\\\/digitalsantotome.com.ar\\\/#website\"},\"primaryImageOfPage\":{\"@id\":\"https:\\\/\\\/digitalsantotome.com.ar\\\/?p=5109#primaryimage\"},\"image\":{\"@id\":\"https:\\\/\\\/digitalsantotome.com.ar\\\/?p=5109#primaryimage\"},\"thumbnailUrl\":\"https:\\\/\\\/digitalsantotome.com.ar\\\/wp-content\\\/uploads\\\/2024\\\/01\\\/IMG-20240117-WA0016.jpg\",\"datePublished\":\"2024-01-17T21:24:55+00:00\",\"dateModified\":\"2024-01-20T15:41:26+00:00\",\"breadcrumb\":{\"@id\":\"https:\\\/\\\/digitalsantotome.com.ar\\\/?p=5109#breadcrumb\"},\"inLanguage\":\"es\",\"potentialAction\":[{\"@type\":\"ReadAction\",\"target\":[\"https:\\\/\\\/digitalsantotome.com.ar\\\/?p=5109\"]}]},{\"@type\":\"ImageObject\",\"inLanguage\":\"es\",\"@id\":\"https:\\\/\\\/digitalsantotome.com.ar\\\/?p=5109#primaryimage\",\"url\":\"https:\\\/\\\/digitalsantotome.com.ar\\\/wp-content\\\/uploads\\\/2024\\\/01\\\/IMG-20240117-WA0016.jpg\",\"contentUrl\":\"https:\\\/\\\/digitalsantotome.com.ar\\\/wp-content\\\/uploads\\\/2024\\\/01\\\/IMG-20240117-WA0016.jpg\",\"width\":1124,\"height\":750},{\"@type\":\"BreadcrumbList\",\"@id\":\"https:\\\/\\\/digitalsantotome.com.ar\\\/?p=5109#breadcrumb\",\"itemListElement\":[{\"@type\":\"ListItem\",\"position\":1,\"name\":\"Portada\",\"item\":\"https:\\\/\\\/digitalsantotome.com.ar\\\/\"},{\"@type\":\"ListItem\",\"position\":2,\"name\":\"Cambio de Jefe en el Escuadr\u00f3n 57 \u201cSanto Tom\u00e9\u201d de Gendarmer\u00eda Nacional\"}]},{\"@type\":\"WebSite\",\"@id\":\"https:\\\/\\\/digitalsantotome.com.ar\\\/#website\",\"url\":\"https:\\\/\\\/digitalsantotome.com.ar\\\/\",\"name\":\"Digital Santo Tom\u00e9\",\"description\":\"Noticias desde Santo Tom\u00e9 al Mundo \u2013 La informacion que decide\",\"publisher\":{\"@id\":\"https:\\\/\\\/digitalsantotome.com.ar\\\/#organization\"},\"potentialAction\":[{\"@type\":\"SearchAction\",\"target\":{\"@type\":\"EntryPoint\",\"urlTemplate\":\"https:\\\/\\\/digitalsantotome.com.ar\\\/?s={search_term_string}\"},\"query-input\":{\"@type\":\"PropertyValueSpecification\",\"valueRequired\":true,\"valueName\":\"search_term_string\"}}],\"inLanguage\":\"es\"},{\"@type\":\"Organization\",\"@id\":\"https:\\\/\\\/digitalsantotome.com.ar\\\/#organization\",\"name\":\"Digital Santo Tom\u00e9\",\"url\":\"https:\\\/\\\/digitalsantotome.com.ar\\\/\",\"logo\":{\"@type\":\"ImageObject\",\"inLanguage\":\"es\",\"@id\":\"https:\\\/\\\/digitalsantotome.com.ar\\\/#\\\/schema\\\/logo\\\/image\\\/\",\"url\":\"https:\\\/\\\/digitalsantotome.com.ar\\\/wp-content\\\/uploads\\\/2023\\\/01\\\/facebook.jpg\",\"contentUrl\":\"https:\\\/\\\/digitalsantotome.com.ar\\\/wp-content\\\/uploads\\\/2023\\\/01\\\/facebook.jpg\",\"width\":512,\"height\":376,\"caption\":\"Digital Santo Tom\u00e9\"},\"image\":{\"@id\":\"https:\\\/\\\/digitalsantotome.com.ar\\\/#\\\/schema\\\/logo\\\/image\\\/\"}},{\"@type\":\"Person\",\"@id\":\"https:\\\/\\\/digitalsantotome.com.ar\\\/#\\\/schema\\\/person\\\/8991d8822886fedd92ce7f03817e1bdf\",\"name\":\"Jose Carlos Machado\",\"url\":\"https:\\\/\\\/digitalsantotome.com.ar\\\/?author=2\"}]}<\/script>\n<!-- \/ Yoast SEO plugin. -->","yoast_head_json":{"title":"Cambio de Jefe en el Escuadr\u00f3n 57 \u201cSanto Tom\u00e9\u201d de Gendarmer\u00eda Nacional - Digital Santo Tom\u00e9","robots":{"index":"index","follow":"follow","max-snippet":"max-snippet:-1","max-image-preview":"max-image-preview:large","max-video-preview":"max-video-preview:-1"},"canonical":"https:\/\/digitalsantotome.com.ar\/?p=5109","og_locale":"es_ES","og_type":"article","og_title":"Cambio de Jefe en el Escuadr\u00f3n 57 \u201cSanto Tom\u00e9\u201d de Gendarmer\u00eda Nacional - Digital Santo Tom\u00e9","og_description":"SANTO TOME. Este martes 16 de enero, tuvo lugar en la Plaza de Armas del Escuadr\u00f3n 57 \u201cSanto Tom\u00e9\u201d de Gendarmer\u00eda Nacional, el cambio de jefe de la mencionada unidad de seguridad federal. Dej\u00f3 el cargo de jefe tras estar dos a\u00f1os al frente de dicho Escuadr\u00f3n, el comandante principal Horacio Am\u00e9rico Insfr\u00e1n quien ahora...","og_url":"https:\/\/digitalsantotome.com.ar\/?p=5109","og_site_name":"Digital Santo Tom\u00e9","article_published_time":"2024-01-17T21:24:55+00:00","article_modified_time":"2024-01-20T15:41:26+00:00","og_image":[{"width":1124,"height":750,"url":"https:\/\/digitalsantotome.com.ar\/wp-content\/uploads\/2024\/01\/IMG-20240117-WA0016.jpg","type":"image\/jpeg"}],"author":"Jose Carlos Machado","twitter_card":"summary_large_image","twitter_misc":{"Escrito por":"Jose Carlos Machado","Tiempo de lectura":"2 minutos"},"schema":{"@context":"https:\/\/schema.org","@graph":[{"@type":"Article","@id":"https:\/\/digitalsantotome.com.ar\/?p=5109#article","isPartOf":{"@id":"https:\/\/digitalsantotome.com.ar\/?p=5109"},"author":{"name":"Jose Carlos Machado","@id":"https:\/\/digitalsantotome.com.ar\/#\/schema\/person\/8991d8822886fedd92ce7f03817e1bdf"},"headline":"Cambio de Jefe en el Escuadr\u00f3n 57 \u201cSanto Tom\u00e9\u201d de Gendarmer\u00eda Nacional","datePublished":"2024-01-17T21:24:55+00:00","dateModified":"2024-01-20T15:41:26+00:00","mainEntityOfPage":{"@id":"https:\/\/digitalsantotome.com.ar\/?p=5109"},"wordCount":212,"publisher":{"@id":"https:\/\/digitalsantotome.com.ar\/#organization"},"image":{"@id":"https:\/\/digitalsantotome.com.ar\/?p=5109#primaryimage"},"thumbnailUrl":"https:\/\/digitalsantotome.com.ar\/wp-content\/uploads\/2024\/01\/IMG-20240117-WA0016.jpg","articleSection":["Locales"],"inLanguage":"es"},{"@type":"WebPage","@id":"https:\/\/digitalsantotome.com.ar\/?p=5109","url":"https:\/\/digitalsantotome.com.ar\/?p=5109","name":"Cambio de Jefe en el Escuadr\u00f3n 57 \u201cSanto Tom\u00e9\u201d de Gendarmer\u00eda Nacional - Digital Santo Tom\u00e9","isPartOf":{"@id":"https:\/\/digitalsantotome.com.ar\/#website"},"primaryImageOfPage":{"@id":"https:\/\/digitalsantotome.com.ar\/?p=5109#primaryimage"},"image":{"@id":"https:\/\/digitalsantotome.com.ar\/?p=5109#primaryimage"},"thumbnailUrl":"https:\/\/digitalsantotome.com.ar\/wp-content\/uploads\/2024\/01\/IMG-20240117-WA0016.jpg","datePublished":"2024-01-17T21:24:55+00:00","dateModified":"2024-01-20T15:41:26+00:00","breadcrumb":{"@id":"https:\/\/digitalsantotome.com.ar\/?p=5109#breadcrumb"},"inLanguage":"es","potentialAction":[{"@type":"ReadAction","target":["https:\/\/digitalsantotome.com.ar\/?p=5109"]}]},{"@type":"ImageObject","inLanguage":"es","@id":"https:\/\/digitalsantotome.com.ar\/?p=5109#primaryimage","url":"https:\/\/digitalsantotome.com.ar\/wp-content\/uploads\/2024\/01\/IMG-20240117-WA0016.jpg","contentUrl":"https:\/\/digitalsantotome.com.ar\/wp-content\/uploads\/2024\/01\/IMG-20240117-WA0016.jpg","width":1124,"height":750},{"@type":"BreadcrumbList","@id":"https:\/\/digitalsantotome.com.ar\/?p=5109#breadcrumb","itemListElement":[{"@type":"ListItem","position":1,"name":"Portada","item":"https:\/\/digitalsantotome.com.ar\/"},{"@type":"ListItem","position":2,"name":"Cambio de Jefe en el Escuadr\u00f3n 57 \u201cSanto Tom\u00e9\u201d de Gendarmer\u00eda Nacional"}]},{"@type":"WebSite","@id":"https:\/\/digitalsantotome.com.ar\/#website","url":"https:\/\/digitalsantotome.com.ar\/","name":"Digital Santo Tom\u00e9","description":"Noticias desde Santo Tom\u00e9 al Mundo \u2013 La informacion que decide","publisher":{"@id":"https:\/\/digitalsantotome.com.ar\/#organization"},"potentialAction":[{"@type":"SearchAction","target":{"@type":"EntryPoint","urlTemplate":"https:\/\/digitalsantotome.com.ar\/?s={search_term_string}"},"query-input":{"@type":"PropertyValueSpecification","valueRequired":true,"valueName":"search_term_string"}}],"inLanguage":"es"},{"@type":"Organization","@id":"https:\/\/digitalsantotome.com.ar\/#organization","name":"Digital Santo Tom\u00e9","url":"https:\/\/digitalsantotome.com.ar\/","logo":{"@type":"ImageObject","inLanguage":"es","@id":"https:\/\/digitalsantotome.com.ar\/#\/schema\/logo\/image\/","url":"https:\/\/digitalsantotome.com.ar\/wp-content\/uploads\/2023\/01\/facebook.jpg","contentUrl":"https:\/\/digitalsantotome.com.ar\/wp-content\/uploads\/2023\/01\/facebook.jpg","width":512,"height":376,"caption":"Digital Santo Tom\u00e9"},"image":{"@id":"https:\/\/digitalsantotome.com.ar\/#\/schema\/logo\/image\/"}},{"@type":"Person","@id":"https:\/\/digitalsantotome.com.ar\/#\/schema\/person\/8991d8822886fedd92ce7f03817e1bdf","name":"Jose Carlos Machado","url":"https:\/\/digitalsantotome.com.ar\/?author=2"}]}},"_links":{"self":[{"href":"https:\/\/digitalsantotome.com.ar\/index.php?rest_route=\/wp\/v2\/posts\/5109","targetHints":{"allow":["GET"]}}],"collection":[{"href":"https:\/\/digitalsantotome.com.ar\/index.php?rest_route=\/wp\/v2\/posts"}],"about":[{"href":"https:\/\/digitalsantotome.com.ar\/index.php?rest_route=\/wp\/v2\/types\/post"}],"author":[{"embeddable":true,"href":"https:\/\/digitalsantotome.com.ar\/index.php?rest_route=\/wp\/v2\/users\/2"}],"replies":[{"embeddable":true,"href":"https:\/\/digitalsantotome.com.ar\/index.php?rest_route=%2Fwp%2Fv2%2Fcomments&post=5109"}],"version-history":[{"count":1,"href":"https:\/\/digitalsantotome.com.ar\/index.php?rest_route=\/wp\/v2\/posts\/5109\/revisions"}],"predecessor-version":[{"id":5115,"href":"https:\/\/digitalsantotome.com.ar\/index.php?rest_route=\/wp\/v2\/posts\/5109\/revisions\/5115"}],"wp:featuredmedia":[{"embeddable":true,"href":"https:\/\/digitalsantotome.com.ar\/index.php?rest_route=\/wp\/v2\/media\/5110"}],"wp:attachment":[{"href":"https:\/\/digitalsantotome.com.ar\/index.php?rest_route=%2Fwp%2Fv2%2Fmedia&parent=5109"}],"wp:term":[{"taxonomy":"category","embeddable":true,"href":"https:\/\/digitalsantotome.com.ar\/index.php?rest_route=%2Fwp%2Fv2%2Fcategories&post=5109"},{"taxonomy":"post_tag","embeddable":true,"href":"https:\/\/digitalsantotome.com.ar\/index.php?rest_route=%2Fwp%2Fv2%2Ftags&post=5109"}],"curies":[{"name":"wp","href":"https:\/\/api.w.org\/{rel}","templated":true}]}}