{"id":5240,"date":"2024-01-29T17:08:54","date_gmt":"2024-01-29T20:08:54","guid":{"rendered":"https:\/\/digitalsantotome.com.ar\/?p=5240"},"modified":"2024-02-02T06:39:44","modified_gmt":"2024-02-02T09:39:44","slug":"en-medio-del-actual-contexto-economico-el-intendente-suaid-pretende-crear-una-escuela-de-carnaval","status":"publish","type":"post","link":"https:\/\/digitalsantotome.com.ar\/?p=5240","title":{"rendered":"En medio del actual contexto econ\u00f3mico, el intendente Suaid pretende crear una Escuela de Carnaval"},"content":{"rendered":"<p>SANTO TOME. En el marco de la segunda noche de corsos en esta ciudad, el intendente Jos\u00e9 Augusto Suaid se mostr\u00f3 sorprendido por la gran cantidad de p\u00fablico que asisti\u00f3 al corsodromo y asegur\u00f3 que esta edici\u00f3n del carnaval marcar\u00e1 un antes y un despu\u00e9s en la fiesta m\u00e1s convocante que tiene Santo Tom\u00e9. En la oportunidad insisti\u00f3 en que el carnaval no debe ser solo el espect\u00e1culo de las comparsas en la pasarela, sino una industria que genere trabajo durante todo el a\u00f1o para la gente para lo cual anunci\u00f3 la creaci\u00f3n de la Escuela de Carnaval en Santo Tom\u00e9, e inst\u00f3 a las comparsas a trabajar pensando en la Edici\u00f3n 2025 ni bien culmine la presente. \u201cYa estamos en contacto con gente de Carumb\u00e9 de Paso de los Libres para que venga a capacitar a nuestra gente en todo lo que tiene que ver con samba, escenograf\u00eda, etc.\u201d, anunci\u00f3.<\/p>\n<p>PRIMERA IMPRESI\u00d3N DE LA FIESTA<\/p>\n<p>Contactado por un medio televisivo, el intendente de Santo Tom\u00e9 haciendo un resumen de lo que est\u00e1 siendo hasta ahora la fiesta del Rey Momo, se\u00f1al\u00f3 que \u201cla verdad que no esper\u00e1bamos este marco de p\u00fablico para la segunda noche, y contamos con algunos invitados como comparsa Carumb\u00e9 de Paso de los Libres que brind\u00f3 un show incre\u00edble, sumado al espect\u00e1culo de Ipanema, Marab\u00fa y Fon F\u00f3n. Estamos muy contentos con el evento, y el fervor de la gente que evidentemente se siente representada por este carnaval. Seguramente esta edici\u00f3n del carnaval marcar\u00e1 un antes y un despu\u00e9s por lo que, a\u00f1o a a\u00f1o, tendremos que ir super\u00e1ndonos, pero es la primera vez que una gesti\u00f3n municipal organiza el carnaval gracias al compromiso y el arduo trabajo de los empleados municipales de las \u00e1reas de Cultura y Turismo, y la idea de crecer debe estar directamente relacionada con la Escuela de Carnaval donde se capacite a la gente para esta actividad\u201d, subray\u00f3.<\/p>\n<p>JURADOS FORANEOS<\/p>\n<p>Consultado a qu\u00e9 se debe el hecho de que haya convocado a jurados de otra localidad, en este caso de Paso de los Libres, Suaid dijo: \u201cFue una medida tomada por iniciativa de las comparsas y la Comisi\u00f3n Central del Carnaval que es la que por reglamento tiene la potestad de elegir los jurados, y bueno, decidieron traer gente de afuera para que todo sea m\u00e1s transparente\u201d, sostuvo.<\/p>\n<p>COMO IMPACTA LA ECONOMIA EN EL CORSO<\/p>\n<p>Luego en relaci\u00f3n a c\u00f3mo impacta la cuesti\u00f3n econ\u00f3mica en una fiesta como \u00e9sta, indic\u00f3: \u201cEl carnaval de Santo Tom\u00e9 es autosustentable, lo estamos comprobando con esta edici\u00f3n donde hemos licitado todos los sectores, es decir, privados han invertido su dinero ac\u00e1, lo que nos permiti\u00f3 adelantarles a las comparsas una cantidad de dinero importante sabiendo que lo \u00edbamos a recuperar con creces cubriendo los gastos del sonido y la puesta en escena\u201d.<\/p>\n<p>GENERA MANO DE OBRA<\/p>\n<p>\u201cEl carnaval no es solo el espect\u00e1culo de las comparsas en la pasarela, es y debe ser una industria que genere trabajo durante todo el a\u00f1o para la gente, para los que bordan trajes, para los sonidistas, para los camar\u00f3grafos, para la gente de la iluminaci\u00f3n, para el comercio, pero para ello hay que capacitar m\u00e1s a la gente para que entienda que el carnaval es una fuente laboral\u201d, resalt\u00f3.<\/p>\n<p>CORSODROMO NUEVO AL \u201cFREZZER\u201d<\/p>\n<p>Consultado acerca de si se va a cumplir con la promesa electoral de construir un corsodromo nuevo, el intendente Suaid manifest\u00f3: \u201cEl contexto econ\u00f3mico es adverso y esta dif\u00edcil, pero bueno, Santo Tom\u00e9 integra una regi\u00f3n importante en lo que tiene que ver con el carnaval y tenemos gente que nos est\u00e1n visitando de Paso de los Libres, de San Carlos, de Liebig, de Ap\u00f3stoles, de Virasoro, lo que nos obliga a pensar en grande, a proyectar hacia adelante, pero para ello hay que seguir trabajando el carnaval como una industria, porque por cada peso que invierte la municipalidad vuelven 7 pesos para la econom\u00eda local a trav\u00e9s del turismo, el comercio y otras oportunidades como la capacidad hotelera que hoy esta a pleno en Santo Tom\u00e9\u201d, enfatiz\u00f3.<\/p>\n<p>TAN SOLO PROYECTO A FUTURO<\/p>\n<p>En este mismo sentido agreg\u00f3: \u201cTenemos pensado construir un corsodromo que no perjudique tanto al vecino porque sabemos que es una molestia para los vecinos ac\u00e1 de este barrio, nos reunimos con ellos y ellos nos dejaron bien claro eso; y no es para menos, porque tenemos que cerrar por un mes esta avenida, sin contar el ruido y otras cuestiones muy molestas, lo que nos obliga a proyectar el corsodromo en otra parte para lo cual estamos analizando dos o tres alternativas, pero es un proyecto para m\u00e1s adelante\u201d, anunci\u00f3.<\/p>\n<p>EFECTO MULTIPLICADOR<\/p>\n<p>Otro dato importante dado a conocer por Suaid es que el 90 por ciento de los comerciantes que licitaron los espacios son santotome\u00f1os, al igual que la gente del sonido.<\/p>\n<p>\u201cEst\u00e1 trabajando mucho el sector gastron\u00f3mico, de artesan\u00edas, ni hablar de las comisiones de las comparsas, y solo nos resta invitar a todos aquellos que a\u00fan no vinieron a presenciar los carnavales 2024 de Santo Tom\u00e9\u201d, remarc\u00f3.<\/p>\n<p>EL CARNAVALERO DE SANTO TOME \u201cDEBE CAPACITARSE\u201d<\/p>\n<p>M\u00e1s all\u00e1 que el carnaval local a\u00fan se esta realizando el jefe comunal advirti\u00f3 que ni bien termine las comparsas ya deben ponerse a trabajar pensando en la edici\u00f3n 2025. \u201cEsperamos que podamos empezar a formar gente para trabajar en el carnaval a trav\u00e9s de la Escuela de Carnaval, y tanto es as\u00ed, que ya estamos en contacto con gente de Carumb\u00e9 de Paso de los Libres para que venga a capacitar a nuestra gente en todo lo que tiene que ver con samba, escenograf\u00eda y otras cuestiones, mientras tambi\u00e9n estamos en contacto con el municipio de la capital de la provincia con quienes vamos a firmar un convenio de cooperaci\u00f3n para replicar la Escuela de Carnaval en la b\u00fasqueda de que esto no sea solo una fiesta sino una posibilidad de trabajo\u201d, insisti\u00f3.<\/p>\n<p>EL PUBLICO<\/p>\n<p>Tambi\u00e9n opin\u00f3 acerca del comportamiento de la gente. \u201cHasta ahora ha sido muy bueno, un clima muy festivo. Lamentablemente, en varias localidades de la provincia la cuesti\u00f3n econ\u00f3mica hizo que se suspendiera esta fiesta; por suerte nosotros ya ven\u00edamos trabajando con las comparsas desde principio de a\u00f1o, establecimos reglas de juego claras, y eso permiti\u00f3 que las comparsas hoy est\u00e9n desfilando\u201d, explic\u00f3.<\/p>\n<p>Para finalizar, invit\u00f3 tambi\u00e9n a la gente de otras localidades a que vengan a conocer el carnaval de Santo Tom\u00e9.<\/p>\n<p>&nbsp;<\/p>\n<p>&nbsp;<\/p>\n","protected":false},"excerpt":{"rendered":"<p>SANTO TOME. En el marco de la segunda noche de corsos en esta ciudad, el intendente Jos\u00e9 Augusto Suaid se mostr\u00f3 sorprendido por la gran cantidad de p\u00fablico que asisti\u00f3 al corsodromo y asegur\u00f3 que esta edici\u00f3n del carnaval marcar\u00e1 un antes y un despu\u00e9s en la fiesta m\u00e1s convocante que tiene Santo Tom\u00e9. En&#8230;<\/p>\n","protected":false},"author":2,"featured_media":5241,"comment_status":"closed","ping_status":"closed","sticky":false,"template":"","format":"standard","meta":{"_kad_post_transparent":"default","_kad_post_title":"default","_kad_post_layout":"default","_kad_post_sidebar_id":"","_kad_post_content_style":"default","_kad_post_vertical_padding":"default","_kad_post_feature":"","_kad_post_feature_position":"","_kad_post_header":false,"_kad_post_footer":false,"_kad_post_classname":"","footnotes":""},"categories":[1],"tags":[],"class_list":["post-5240","post","type-post","status-publish","format-standard","has-post-thumbnail","hentry","category-locales"],"a3_pvc":{"activated":false,"total_views":0,"today_views":0},"yoast_head":"<!-- This site is optimized with the Yoast SEO plugin v27.5 - https:\/\/yoast.com\/product\/yoast-seo-wordpress\/ -->\n<title>En medio del actual contexto econ\u00f3mico, el intendente Suaid pretende crear una Escuela de Carnaval - Digital Santo Tom\u00e9<\/title>\n<meta name=\"robots\" content=\"index, follow, max-snippet:-1, max-image-preview:large, max-video-preview:-1\" \/>\n<link rel=\"canonical\" href=\"https:\/\/digitalsantotome.com.ar\/?p=5240\" \/>\n<meta property=\"og:locale\" content=\"es_ES\" \/>\n<meta property=\"og:type\" content=\"article\" \/>\n<meta property=\"og:title\" content=\"En medio del actual contexto econ\u00f3mico, el intendente Suaid pretende crear una Escuela de Carnaval - Digital Santo Tom\u00e9\" \/>\n<meta property=\"og:description\" content=\"SANTO TOME. En el marco de la segunda noche de corsos en esta ciudad, el intendente Jos\u00e9 Augusto Suaid se mostr\u00f3 sorprendido por la gran cantidad de p\u00fablico que asisti\u00f3 al corsodromo y asegur\u00f3 que esta edici\u00f3n del carnaval marcar\u00e1 un antes y un despu\u00e9s en la fiesta m\u00e1s convocante que tiene Santo Tom\u00e9. En...\" \/>\n<meta property=\"og:url\" content=\"https:\/\/digitalsantotome.com.ar\/?p=5240\" \/>\n<meta property=\"og:site_name\" content=\"Digital Santo Tom\u00e9\" \/>\n<meta property=\"article:published_time\" content=\"2024-01-29T20:08:54+00:00\" \/>\n<meta property=\"article:modified_time\" content=\"2024-02-02T09:39:44+00:00\" \/>\n<meta property=\"og:image\" content=\"https:\/\/digitalsantotome.com.ar\/wp-content\/uploads\/2024\/01\/collagesuaid.jpg\" \/>\n\t<meta property=\"og:image:width\" content=\"800\" \/>\n\t<meta property=\"og:image:height\" content=\"480\" \/>\n\t<meta property=\"og:image:type\" content=\"image\/jpeg\" \/>\n<meta name=\"author\" content=\"Jose Carlos Machado\" \/>\n<meta name=\"twitter:card\" content=\"summary_large_image\" \/>\n<meta name=\"twitter:label1\" content=\"Escrito por\" \/>\n\t<meta name=\"twitter:data1\" content=\"Jose Carlos Machado\" \/>\n\t<meta name=\"twitter:label2\" content=\"Tiempo de lectura\" \/>\n\t<meta name=\"twitter:data2\" content=\"6 minutos\" \/>\n<script type=\"application\/ld+json\" class=\"yoast-schema-graph\">{\"@context\":\"https:\\\/\\\/schema.org\",\"@graph\":[{\"@type\":\"Article\",\"@id\":\"https:\\\/\\\/digitalsantotome.com.ar\\\/?p=5240#article\",\"isPartOf\":{\"@id\":\"https:\\\/\\\/digitalsantotome.com.ar\\\/?p=5240\"},\"author\":{\"name\":\"Jose Carlos Machado\",\"@id\":\"https:\\\/\\\/digitalsantotome.com.ar\\\/#\\\/schema\\\/person\\\/8991d8822886fedd92ce7f03817e1bdf\"},\"headline\":\"En medio del actual contexto econ\u00f3mico, el intendente Suaid pretende crear una Escuela de Carnaval\",\"datePublished\":\"2024-01-29T20:08:54+00:00\",\"dateModified\":\"2024-02-02T09:39:44+00:00\",\"mainEntityOfPage\":{\"@id\":\"https:\\\/\\\/digitalsantotome.com.ar\\\/?p=5240\"},\"wordCount\":1138,\"publisher\":{\"@id\":\"https:\\\/\\\/digitalsantotome.com.ar\\\/#organization\"},\"image\":{\"@id\":\"https:\\\/\\\/digitalsantotome.com.ar\\\/?p=5240#primaryimage\"},\"thumbnailUrl\":\"https:\\\/\\\/digitalsantotome.com.ar\\\/wp-content\\\/uploads\\\/2024\\\/01\\\/collagesuaid.jpg\",\"articleSection\":[\"Locales\"],\"inLanguage\":\"es\"},{\"@type\":\"WebPage\",\"@id\":\"https:\\\/\\\/digitalsantotome.com.ar\\\/?p=5240\",\"url\":\"https:\\\/\\\/digitalsantotome.com.ar\\\/?p=5240\",\"name\":\"En medio del actual contexto econ\u00f3mico, el intendente Suaid pretende crear una Escuela de Carnaval - Digital Santo Tom\u00e9\",\"isPartOf\":{\"@id\":\"https:\\\/\\\/digitalsantotome.com.ar\\\/#website\"},\"primaryImageOfPage\":{\"@id\":\"https:\\\/\\\/digitalsantotome.com.ar\\\/?p=5240#primaryimage\"},\"image\":{\"@id\":\"https:\\\/\\\/digitalsantotome.com.ar\\\/?p=5240#primaryimage\"},\"thumbnailUrl\":\"https:\\\/\\\/digitalsantotome.com.ar\\\/wp-content\\\/uploads\\\/2024\\\/01\\\/collagesuaid.jpg\",\"datePublished\":\"2024-01-29T20:08:54+00:00\",\"dateModified\":\"2024-02-02T09:39:44+00:00\",\"breadcrumb\":{\"@id\":\"https:\\\/\\\/digitalsantotome.com.ar\\\/?p=5240#breadcrumb\"},\"inLanguage\":\"es\",\"potentialAction\":[{\"@type\":\"ReadAction\",\"target\":[\"https:\\\/\\\/digitalsantotome.com.ar\\\/?p=5240\"]}]},{\"@type\":\"ImageObject\",\"inLanguage\":\"es\",\"@id\":\"https:\\\/\\\/digitalsantotome.com.ar\\\/?p=5240#primaryimage\",\"url\":\"https:\\\/\\\/digitalsantotome.com.ar\\\/wp-content\\\/uploads\\\/2024\\\/01\\\/collagesuaid.jpg\",\"contentUrl\":\"https:\\\/\\\/digitalsantotome.com.ar\\\/wp-content\\\/uploads\\\/2024\\\/01\\\/collagesuaid.jpg\",\"width\":800,\"height\":480},{\"@type\":\"BreadcrumbList\",\"@id\":\"https:\\\/\\\/digitalsantotome.com.ar\\\/?p=5240#breadcrumb\",\"itemListElement\":[{\"@type\":\"ListItem\",\"position\":1,\"name\":\"Portada\",\"item\":\"https:\\\/\\\/digitalsantotome.com.ar\\\/\"},{\"@type\":\"ListItem\",\"position\":2,\"name\":\"En medio del actual contexto econ\u00f3mico, el intendente Suaid pretende crear una Escuela de Carnaval\"}]},{\"@type\":\"WebSite\",\"@id\":\"https:\\\/\\\/digitalsantotome.com.ar\\\/#website\",\"url\":\"https:\\\/\\\/digitalsantotome.com.ar\\\/\",\"name\":\"Digital Santo Tom\u00e9\",\"description\":\"Noticias desde Santo Tom\u00e9 al Mundo \u2013 La informacion que decide\",\"publisher\":{\"@id\":\"https:\\\/\\\/digitalsantotome.com.ar\\\/#organization\"},\"potentialAction\":[{\"@type\":\"SearchAction\",\"target\":{\"@type\":\"EntryPoint\",\"urlTemplate\":\"https:\\\/\\\/digitalsantotome.com.ar\\\/?s={search_term_string}\"},\"query-input\":{\"@type\":\"PropertyValueSpecification\",\"valueRequired\":true,\"valueName\":\"search_term_string\"}}],\"inLanguage\":\"es\"},{\"@type\":\"Organization\",\"@id\":\"https:\\\/\\\/digitalsantotome.com.ar\\\/#organization\",\"name\":\"Digital Santo Tom\u00e9\",\"url\":\"https:\\\/\\\/digitalsantotome.com.ar\\\/\",\"logo\":{\"@type\":\"ImageObject\",\"inLanguage\":\"es\",\"@id\":\"https:\\\/\\\/digitalsantotome.com.ar\\\/#\\\/schema\\\/logo\\\/image\\\/\",\"url\":\"https:\\\/\\\/digitalsantotome.com.ar\\\/wp-content\\\/uploads\\\/2023\\\/01\\\/facebook.jpg\",\"contentUrl\":\"https:\\\/\\\/digitalsantotome.com.ar\\\/wp-content\\\/uploads\\\/2023\\\/01\\\/facebook.jpg\",\"width\":512,\"height\":376,\"caption\":\"Digital Santo Tom\u00e9\"},\"image\":{\"@id\":\"https:\\\/\\\/digitalsantotome.com.ar\\\/#\\\/schema\\\/logo\\\/image\\\/\"}},{\"@type\":\"Person\",\"@id\":\"https:\\\/\\\/digitalsantotome.com.ar\\\/#\\\/schema\\\/person\\\/8991d8822886fedd92ce7f03817e1bdf\",\"name\":\"Jose Carlos Machado\",\"url\":\"https:\\\/\\\/digitalsantotome.com.ar\\\/?author=2\"}]}<\/script>\n<!-- \/ Yoast SEO plugin. -->","yoast_head_json":{"title":"En medio del actual contexto econ\u00f3mico, el intendente Suaid pretende crear una Escuela de Carnaval - Digital Santo Tom\u00e9","robots":{"index":"index","follow":"follow","max-snippet":"max-snippet:-1","max-image-preview":"max-image-preview:large","max-video-preview":"max-video-preview:-1"},"canonical":"https:\/\/digitalsantotome.com.ar\/?p=5240","og_locale":"es_ES","og_type":"article","og_title":"En medio del actual contexto econ\u00f3mico, el intendente Suaid pretende crear una Escuela de Carnaval - Digital Santo Tom\u00e9","og_description":"SANTO TOME. En el marco de la segunda noche de corsos en esta ciudad, el intendente Jos\u00e9 Augusto Suaid se mostr\u00f3 sorprendido por la gran cantidad de p\u00fablico que asisti\u00f3 al corsodromo y asegur\u00f3 que esta edici\u00f3n del carnaval marcar\u00e1 un antes y un despu\u00e9s en la fiesta m\u00e1s convocante que tiene Santo Tom\u00e9. En...","og_url":"https:\/\/digitalsantotome.com.ar\/?p=5240","og_site_name":"Digital Santo Tom\u00e9","article_published_time":"2024-01-29T20:08:54+00:00","article_modified_time":"2024-02-02T09:39:44+00:00","og_image":[{"width":800,"height":480,"url":"https:\/\/digitalsantotome.com.ar\/wp-content\/uploads\/2024\/01\/collagesuaid.jpg","type":"image\/jpeg"}],"author":"Jose Carlos Machado","twitter_card":"summary_large_image","twitter_misc":{"Escrito por":"Jose Carlos Machado","Tiempo de lectura":"6 minutos"},"schema":{"@context":"https:\/\/schema.org","@graph":[{"@type":"Article","@id":"https:\/\/digitalsantotome.com.ar\/?p=5240#article","isPartOf":{"@id":"https:\/\/digitalsantotome.com.ar\/?p=5240"},"author":{"name":"Jose Carlos Machado","@id":"https:\/\/digitalsantotome.com.ar\/#\/schema\/person\/8991d8822886fedd92ce7f03817e1bdf"},"headline":"En medio del actual contexto econ\u00f3mico, el intendente Suaid pretende crear una Escuela de Carnaval","datePublished":"2024-01-29T20:08:54+00:00","dateModified":"2024-02-02T09:39:44+00:00","mainEntityOfPage":{"@id":"https:\/\/digitalsantotome.com.ar\/?p=5240"},"wordCount":1138,"publisher":{"@id":"https:\/\/digitalsantotome.com.ar\/#organization"},"image":{"@id":"https:\/\/digitalsantotome.com.ar\/?p=5240#primaryimage"},"thumbnailUrl":"https:\/\/digitalsantotome.com.ar\/wp-content\/uploads\/2024\/01\/collagesuaid.jpg","articleSection":["Locales"],"inLanguage":"es"},{"@type":"WebPage","@id":"https:\/\/digitalsantotome.com.ar\/?p=5240","url":"https:\/\/digitalsantotome.com.ar\/?p=5240","name":"En medio del actual contexto econ\u00f3mico, el intendente Suaid pretende crear una Escuela de Carnaval - Digital Santo Tom\u00e9","isPartOf":{"@id":"https:\/\/digitalsantotome.com.ar\/#website"},"primaryImageOfPage":{"@id":"https:\/\/digitalsantotome.com.ar\/?p=5240#primaryimage"},"image":{"@id":"https:\/\/digitalsantotome.com.ar\/?p=5240#primaryimage"},"thumbnailUrl":"https:\/\/digitalsantotome.com.ar\/wp-content\/uploads\/2024\/01\/collagesuaid.jpg","datePublished":"2024-01-29T20:08:54+00:00","dateModified":"2024-02-02T09:39:44+00:00","breadcrumb":{"@id":"https:\/\/digitalsantotome.com.ar\/?p=5240#breadcrumb"},"inLanguage":"es","potentialAction":[{"@type":"ReadAction","target":["https:\/\/digitalsantotome.com.ar\/?p=5240"]}]},{"@type":"ImageObject","inLanguage":"es","@id":"https:\/\/digitalsantotome.com.ar\/?p=5240#primaryimage","url":"https:\/\/digitalsantotome.com.ar\/wp-content\/uploads\/2024\/01\/collagesuaid.jpg","contentUrl":"https:\/\/digitalsantotome.com.ar\/wp-content\/uploads\/2024\/01\/collagesuaid.jpg","width":800,"height":480},{"@type":"BreadcrumbList","@id":"https:\/\/digitalsantotome.com.ar\/?p=5240#breadcrumb","itemListElement":[{"@type":"ListItem","position":1,"name":"Portada","item":"https:\/\/digitalsantotome.com.ar\/"},{"@type":"ListItem","position":2,"name":"En medio del actual contexto econ\u00f3mico, el intendente Suaid pretende crear una Escuela de Carnaval"}]},{"@type":"WebSite","@id":"https:\/\/digitalsantotome.com.ar\/#website","url":"https:\/\/digitalsantotome.com.ar\/","name":"Digital Santo Tom\u00e9","description":"Noticias desde Santo Tom\u00e9 al Mundo \u2013 La informacion que decide","publisher":{"@id":"https:\/\/digitalsantotome.com.ar\/#organization"},"potentialAction":[{"@type":"SearchAction","target":{"@type":"EntryPoint","urlTemplate":"https:\/\/digitalsantotome.com.ar\/?s={search_term_string}"},"query-input":{"@type":"PropertyValueSpecification","valueRequired":true,"valueName":"search_term_string"}}],"inLanguage":"es"},{"@type":"Organization","@id":"https:\/\/digitalsantotome.com.ar\/#organization","name":"Digital Santo Tom\u00e9","url":"https:\/\/digitalsantotome.com.ar\/","logo":{"@type":"ImageObject","inLanguage":"es","@id":"https:\/\/digitalsantotome.com.ar\/#\/schema\/logo\/image\/","url":"https:\/\/digitalsantotome.com.ar\/wp-content\/uploads\/2023\/01\/facebook.jpg","contentUrl":"https:\/\/digitalsantotome.com.ar\/wp-content\/uploads\/2023\/01\/facebook.jpg","width":512,"height":376,"caption":"Digital Santo Tom\u00e9"},"image":{"@id":"https:\/\/digitalsantotome.com.ar\/#\/schema\/logo\/image\/"}},{"@type":"Person","@id":"https:\/\/digitalsantotome.com.ar\/#\/schema\/person\/8991d8822886fedd92ce7f03817e1bdf","name":"Jose Carlos Machado","url":"https:\/\/digitalsantotome.com.ar\/?author=2"}]}},"_links":{"self":[{"href":"https:\/\/digitalsantotome.com.ar\/index.php?rest_route=\/wp\/v2\/posts\/5240","targetHints":{"allow":["GET"]}}],"collection":[{"href":"https:\/\/digitalsantotome.com.ar\/index.php?rest_route=\/wp\/v2\/posts"}],"about":[{"href":"https:\/\/digitalsantotome.com.ar\/index.php?rest_route=\/wp\/v2\/types\/post"}],"author":[{"embeddable":true,"href":"https:\/\/digitalsantotome.com.ar\/index.php?rest_route=\/wp\/v2\/users\/2"}],"replies":[{"embeddable":true,"href":"https:\/\/digitalsantotome.com.ar\/index.php?rest_route=%2Fwp%2Fv2%2Fcomments&post=5240"}],"version-history":[{"count":1,"href":"https:\/\/digitalsantotome.com.ar\/index.php?rest_route=\/wp\/v2\/posts\/5240\/revisions"}],"predecessor-version":[{"id":5242,"href":"https:\/\/digitalsantotome.com.ar\/index.php?rest_route=\/wp\/v2\/posts\/5240\/revisions\/5242"}],"wp:featuredmedia":[{"embeddable":true,"href":"https:\/\/digitalsantotome.com.ar\/index.php?rest_route=\/wp\/v2\/media\/5241"}],"wp:attachment":[{"href":"https:\/\/digitalsantotome.com.ar\/index.php?rest_route=%2Fwp%2Fv2%2Fmedia&parent=5240"}],"wp:term":[{"taxonomy":"category","embeddable":true,"href":"https:\/\/digitalsantotome.com.ar\/index.php?rest_route=%2Fwp%2Fv2%2Fcategories&post=5240"},{"taxonomy":"post_tag","embeddable":true,"href":"https:\/\/digitalsantotome.com.ar\/index.php?rest_route=%2Fwp%2Fv2%2Ftags&post=5240"}],"curies":[{"name":"wp","href":"https:\/\/api.w.org\/{rel}","templated":true}]}}