{"id":5304,"date":"2024-02-06T19:36:56","date_gmt":"2024-02-06T22:36:56","guid":{"rendered":"https:\/\/digitalsantotome.com.ar\/?p=5304"},"modified":"2024-02-06T19:37:02","modified_gmt":"2024-02-06T22:37:02","slug":"sociedades-rurales-exponen-preocupaciones-por-propuestas-en-la-ley-de-bases","status":"publish","type":"post","link":"https:\/\/digitalsantotome.com.ar\/?p=5304","title":{"rendered":"Sociedades rurales exponen preocupaciones por propuestas en la Ley de Bases"},"content":{"rendered":"<p>CORRIENTES. La Asociaci\u00f3n de Sociedades Rurales de Corrientes emiti\u00f3 un comunicado junto a las Confederaciones Rurales Argentinas en el que califica potencialimente peligrosos y contrarios a la libertad a algunos de los pasajes en la iniciativa presidencial.<\/p>\n<p>La Asociaci\u00f3n de Sociedades Rurales de Corrientes, en conjunto con las Confederaciones Rurales Argentinas, emiti\u00f3 un comunicado con inquietudes acerca de ciertas propuestas contenidas en la Ley de Bases que se est\u00e1 debatiendo en el Congreso Nacional.<\/p>\n<p>La organizaci\u00f3n plante\u00f3 preocupaciones respecto a diversos temas indicados en la Ley de Bases para el desarrollo productivo del pa\u00eds, considerados como \u00abpotencialmente peligrosos\u00bb y \u00abcontrarios a los principios de libertad\u00bb.<\/p>\n<p><strong>CARNES Y SEMILLAS<\/strong><\/p>\n<p>La organizaci\u00f3n expres\u00f3 su preocupaci\u00f3n por la imposici\u00f3n de un est\u00e1ndar elevado a los frigor\u00edficos de todo el pa\u00eds, medida que, seg\u00fan advierte, podr\u00eda paralizar la posibilidad de faena en provincias como Corrientes, con serias consecuencias para la econom\u00eda y el empleo rural.<\/p>\n<p>A la vez, expres\u00f3 su preocupaci\u00f3n por el establecimiento de cuotas de emisiones por parte del Estado nacional debido a su \u00abpotencial burocr\u00e1tico y conflictivo\u00bb, y cuestion\u00f3 las atribuciones reguladoras del Estado.<\/p>\n<p>Por otra parte, subray\u00f3 la necesidad de armonizar los intereses de los semilleros y los productores, considerando tanto la protecci\u00f3n de la investigaci\u00f3n como los derechos de los productores, e interrog\u00f3 \u00ab\u00bfHasta d\u00f3nde debe extenderse la propiedad intelectual en este \u00e1mbito?\u00bb<\/p>\n<p><strong>MANEJO DEL FUEGO Y SANITARIO<\/strong><\/p>\n<p>Los productores rurales, adem\u00e1s, abogan por derogar o reformar la normativa que establece el uso racional del fuego, a la que consideran \u00abuna normativa ideologizada\u00bb y \u00abde dif\u00edcil cumplimiento\u00bb.<\/p>\n<p>Es esencial en la producci\u00f3n ganadera y en el control de incendios, por lo que es necesario ajustar la normativa a la realidad productiva y ambiental del pa\u00eds.<\/p>\n<p>Por otra parte, expresaron que, en materia sanitaria, defender\u00e1n el principio de libertad de elecci\u00f3n para los productores, garantizando que las medidas sanitarias obligatorias est\u00e9n justificadas y aplicadas de manera subsidiaria.<\/p>\n","protected":false},"excerpt":{"rendered":"<p>CORRIENTES. La Asociaci\u00f3n de Sociedades Rurales de Corrientes emiti\u00f3 un comunicado junto a las Confederaciones Rurales Argentinas en el que califica potencialimente peligrosos y contrarios a la libertad a algunos de los pasajes en la iniciativa presidencial. La Asociaci\u00f3n de Sociedades Rurales de Corrientes, en conjunto con las Confederaciones Rurales Argentinas, emiti\u00f3 un comunicado con&#8230;<\/p>\n","protected":false},"author":2,"featured_media":5305,"comment_status":"closed","ping_status":"closed","sticky":false,"template":"","format":"standard","meta":{"_kad_post_transparent":"default","_kad_post_title":"default","_kad_post_layout":"default","_kad_post_sidebar_id":"","_kad_post_content_style":"default","_kad_post_vertical_padding":"default","_kad_post_feature":"","_kad_post_feature_position":"","_kad_post_header":false,"_kad_post_footer":false,"_kad_post_classname":"","footnotes":""},"categories":[3],"tags":[],"class_list":["post-5304","post","type-post","status-publish","format-standard","has-post-thumbnail","hentry","category-noticias-breves"],"a3_pvc":{"activated":false,"total_views":0,"today_views":0},"yoast_head":"<!-- This site is optimized with the Yoast SEO plugin v27.5 - https:\/\/yoast.com\/product\/yoast-seo-wordpress\/ -->\n<title>Sociedades rurales exponen preocupaciones por propuestas en la Ley de Bases - Digital Santo Tom\u00e9<\/title>\n<meta name=\"robots\" content=\"index, follow, max-snippet:-1, max-image-preview:large, max-video-preview:-1\" \/>\n<link rel=\"canonical\" href=\"https:\/\/digitalsantotome.com.ar\/?p=5304\" \/>\n<meta property=\"og:locale\" content=\"es_ES\" \/>\n<meta property=\"og:type\" content=\"article\" \/>\n<meta property=\"og:title\" content=\"Sociedades rurales exponen preocupaciones por propuestas en la Ley de Bases - Digital Santo Tom\u00e9\" \/>\n<meta property=\"og:description\" content=\"CORRIENTES. La Asociaci\u00f3n de Sociedades Rurales de Corrientes emiti\u00f3 un comunicado junto a las Confederaciones Rurales Argentinas en el que califica potencialimente peligrosos y contrarios a la libertad a algunos de los pasajes en la iniciativa presidencial. La Asociaci\u00f3n de Sociedades Rurales de Corrientes, en conjunto con las Confederaciones Rurales Argentinas, emiti\u00f3 un comunicado con...\" \/>\n<meta property=\"og:url\" content=\"https:\/\/digitalsantotome.com.ar\/?p=5304\" \/>\n<meta property=\"og:site_name\" content=\"Digital Santo Tom\u00e9\" \/>\n<meta property=\"article:published_time\" content=\"2024-02-06T22:36:56+00:00\" \/>\n<meta property=\"article:modified_time\" content=\"2024-02-06T22:37:02+00:00\" \/>\n<meta property=\"og:image\" content=\"https:\/\/digitalsantotome.com.ar\/wp-content\/uploads\/2024\/02\/541077.1707232274.jpg_grande.jpg\" \/>\n\t<meta property=\"og:image:width\" content=\"900\" \/>\n\t<meta property=\"og:image:height\" content=\"598\" \/>\n\t<meta property=\"og:image:type\" content=\"image\/jpeg\" \/>\n<meta name=\"author\" content=\"Jose Carlos Machado\" \/>\n<meta name=\"twitter:card\" content=\"summary_large_image\" \/>\n<meta name=\"twitter:label1\" content=\"Escrito por\" \/>\n\t<meta name=\"twitter:data1\" content=\"Jose Carlos Machado\" \/>\n\t<meta name=\"twitter:label2\" content=\"Tiempo de lectura\" \/>\n\t<meta name=\"twitter:data2\" content=\"2 minutos\" \/>\n<script type=\"application\/ld+json\" class=\"yoast-schema-graph\">{\"@context\":\"https:\\\/\\\/schema.org\",\"@graph\":[{\"@type\":\"Article\",\"@id\":\"https:\\\/\\\/digitalsantotome.com.ar\\\/?p=5304#article\",\"isPartOf\":{\"@id\":\"https:\\\/\\\/digitalsantotome.com.ar\\\/?p=5304\"},\"author\":{\"name\":\"Jose Carlos Machado\",\"@id\":\"https:\\\/\\\/digitalsantotome.com.ar\\\/#\\\/schema\\\/person\\\/8991d8822886fedd92ce7f03817e1bdf\"},\"headline\":\"Sociedades rurales exponen preocupaciones por propuestas en la Ley de Bases\",\"datePublished\":\"2024-02-06T22:36:56+00:00\",\"dateModified\":\"2024-02-06T22:37:02+00:00\",\"mainEntityOfPage\":{\"@id\":\"https:\\\/\\\/digitalsantotome.com.ar\\\/?p=5304\"},\"wordCount\":353,\"publisher\":{\"@id\":\"https:\\\/\\\/digitalsantotome.com.ar\\\/#organization\"},\"image\":{\"@id\":\"https:\\\/\\\/digitalsantotome.com.ar\\\/?p=5304#primaryimage\"},\"thumbnailUrl\":\"https:\\\/\\\/digitalsantotome.com.ar\\\/wp-content\\\/uploads\\\/2024\\\/02\\\/541077.1707232274.jpg_grande.jpg\",\"articleSection\":[\"Noticias breves\"],\"inLanguage\":\"es\"},{\"@type\":\"WebPage\",\"@id\":\"https:\\\/\\\/digitalsantotome.com.ar\\\/?p=5304\",\"url\":\"https:\\\/\\\/digitalsantotome.com.ar\\\/?p=5304\",\"name\":\"Sociedades rurales exponen preocupaciones por propuestas en la Ley de Bases - Digital Santo Tom\u00e9\",\"isPartOf\":{\"@id\":\"https:\\\/\\\/digitalsantotome.com.ar\\\/#website\"},\"primaryImageOfPage\":{\"@id\":\"https:\\\/\\\/digitalsantotome.com.ar\\\/?p=5304#primaryimage\"},\"image\":{\"@id\":\"https:\\\/\\\/digitalsantotome.com.ar\\\/?p=5304#primaryimage\"},\"thumbnailUrl\":\"https:\\\/\\\/digitalsantotome.com.ar\\\/wp-content\\\/uploads\\\/2024\\\/02\\\/541077.1707232274.jpg_grande.jpg\",\"datePublished\":\"2024-02-06T22:36:56+00:00\",\"dateModified\":\"2024-02-06T22:37:02+00:00\",\"breadcrumb\":{\"@id\":\"https:\\\/\\\/digitalsantotome.com.ar\\\/?p=5304#breadcrumb\"},\"inLanguage\":\"es\",\"potentialAction\":[{\"@type\":\"ReadAction\",\"target\":[\"https:\\\/\\\/digitalsantotome.com.ar\\\/?p=5304\"]}]},{\"@type\":\"ImageObject\",\"inLanguage\":\"es\",\"@id\":\"https:\\\/\\\/digitalsantotome.com.ar\\\/?p=5304#primaryimage\",\"url\":\"https:\\\/\\\/digitalsantotome.com.ar\\\/wp-content\\\/uploads\\\/2024\\\/02\\\/541077.1707232274.jpg_grande.jpg\",\"contentUrl\":\"https:\\\/\\\/digitalsantotome.com.ar\\\/wp-content\\\/uploads\\\/2024\\\/02\\\/541077.1707232274.jpg_grande.jpg\",\"width\":900,\"height\":598},{\"@type\":\"BreadcrumbList\",\"@id\":\"https:\\\/\\\/digitalsantotome.com.ar\\\/?p=5304#breadcrumb\",\"itemListElement\":[{\"@type\":\"ListItem\",\"position\":1,\"name\":\"Portada\",\"item\":\"https:\\\/\\\/digitalsantotome.com.ar\\\/\"},{\"@type\":\"ListItem\",\"position\":2,\"name\":\"Sociedades rurales exponen preocupaciones por propuestas en la Ley de Bases\"}]},{\"@type\":\"WebSite\",\"@id\":\"https:\\\/\\\/digitalsantotome.com.ar\\\/#website\",\"url\":\"https:\\\/\\\/digitalsantotome.com.ar\\\/\",\"name\":\"Digital Santo Tom\u00e9\",\"description\":\"Noticias desde Santo Tom\u00e9 al Mundo \u2013 La informacion que decide\",\"publisher\":{\"@id\":\"https:\\\/\\\/digitalsantotome.com.ar\\\/#organization\"},\"potentialAction\":[{\"@type\":\"SearchAction\",\"target\":{\"@type\":\"EntryPoint\",\"urlTemplate\":\"https:\\\/\\\/digitalsantotome.com.ar\\\/?s={search_term_string}\"},\"query-input\":{\"@type\":\"PropertyValueSpecification\",\"valueRequired\":true,\"valueName\":\"search_term_string\"}}],\"inLanguage\":\"es\"},{\"@type\":\"Organization\",\"@id\":\"https:\\\/\\\/digitalsantotome.com.ar\\\/#organization\",\"name\":\"Digital Santo Tom\u00e9\",\"url\":\"https:\\\/\\\/digitalsantotome.com.ar\\\/\",\"logo\":{\"@type\":\"ImageObject\",\"inLanguage\":\"es\",\"@id\":\"https:\\\/\\\/digitalsantotome.com.ar\\\/#\\\/schema\\\/logo\\\/image\\\/\",\"url\":\"https:\\\/\\\/digitalsantotome.com.ar\\\/wp-content\\\/uploads\\\/2023\\\/01\\\/facebook.jpg\",\"contentUrl\":\"https:\\\/\\\/digitalsantotome.com.ar\\\/wp-content\\\/uploads\\\/2023\\\/01\\\/facebook.jpg\",\"width\":512,\"height\":376,\"caption\":\"Digital Santo Tom\u00e9\"},\"image\":{\"@id\":\"https:\\\/\\\/digitalsantotome.com.ar\\\/#\\\/schema\\\/logo\\\/image\\\/\"}},{\"@type\":\"Person\",\"@id\":\"https:\\\/\\\/digitalsantotome.com.ar\\\/#\\\/schema\\\/person\\\/8991d8822886fedd92ce7f03817e1bdf\",\"name\":\"Jose Carlos Machado\",\"url\":\"https:\\\/\\\/digitalsantotome.com.ar\\\/?author=2\"}]}<\/script>\n<!-- \/ Yoast SEO plugin. -->","yoast_head_json":{"title":"Sociedades rurales exponen preocupaciones por propuestas en la Ley de Bases - Digital Santo Tom\u00e9","robots":{"index":"index","follow":"follow","max-snippet":"max-snippet:-1","max-image-preview":"max-image-preview:large","max-video-preview":"max-video-preview:-1"},"canonical":"https:\/\/digitalsantotome.com.ar\/?p=5304","og_locale":"es_ES","og_type":"article","og_title":"Sociedades rurales exponen preocupaciones por propuestas en la Ley de Bases - Digital Santo Tom\u00e9","og_description":"CORRIENTES. La Asociaci\u00f3n de Sociedades Rurales de Corrientes emiti\u00f3 un comunicado junto a las Confederaciones Rurales Argentinas en el que califica potencialimente peligrosos y contrarios a la libertad a algunos de los pasajes en la iniciativa presidencial. La Asociaci\u00f3n de Sociedades Rurales de Corrientes, en conjunto con las Confederaciones Rurales Argentinas, emiti\u00f3 un comunicado con...","og_url":"https:\/\/digitalsantotome.com.ar\/?p=5304","og_site_name":"Digital Santo Tom\u00e9","article_published_time":"2024-02-06T22:36:56+00:00","article_modified_time":"2024-02-06T22:37:02+00:00","og_image":[{"width":900,"height":598,"url":"https:\/\/digitalsantotome.com.ar\/wp-content\/uploads\/2024\/02\/541077.1707232274.jpg_grande.jpg","type":"image\/jpeg"}],"author":"Jose Carlos Machado","twitter_card":"summary_large_image","twitter_misc":{"Escrito por":"Jose Carlos Machado","Tiempo de lectura":"2 minutos"},"schema":{"@context":"https:\/\/schema.org","@graph":[{"@type":"Article","@id":"https:\/\/digitalsantotome.com.ar\/?p=5304#article","isPartOf":{"@id":"https:\/\/digitalsantotome.com.ar\/?p=5304"},"author":{"name":"Jose Carlos Machado","@id":"https:\/\/digitalsantotome.com.ar\/#\/schema\/person\/8991d8822886fedd92ce7f03817e1bdf"},"headline":"Sociedades rurales exponen preocupaciones por propuestas en la Ley de Bases","datePublished":"2024-02-06T22:36:56+00:00","dateModified":"2024-02-06T22:37:02+00:00","mainEntityOfPage":{"@id":"https:\/\/digitalsantotome.com.ar\/?p=5304"},"wordCount":353,"publisher":{"@id":"https:\/\/digitalsantotome.com.ar\/#organization"},"image":{"@id":"https:\/\/digitalsantotome.com.ar\/?p=5304#primaryimage"},"thumbnailUrl":"https:\/\/digitalsantotome.com.ar\/wp-content\/uploads\/2024\/02\/541077.1707232274.jpg_grande.jpg","articleSection":["Noticias breves"],"inLanguage":"es"},{"@type":"WebPage","@id":"https:\/\/digitalsantotome.com.ar\/?p=5304","url":"https:\/\/digitalsantotome.com.ar\/?p=5304","name":"Sociedades rurales exponen preocupaciones por propuestas en la Ley de Bases - Digital Santo Tom\u00e9","isPartOf":{"@id":"https:\/\/digitalsantotome.com.ar\/#website"},"primaryImageOfPage":{"@id":"https:\/\/digitalsantotome.com.ar\/?p=5304#primaryimage"},"image":{"@id":"https:\/\/digitalsantotome.com.ar\/?p=5304#primaryimage"},"thumbnailUrl":"https:\/\/digitalsantotome.com.ar\/wp-content\/uploads\/2024\/02\/541077.1707232274.jpg_grande.jpg","datePublished":"2024-02-06T22:36:56+00:00","dateModified":"2024-02-06T22:37:02+00:00","breadcrumb":{"@id":"https:\/\/digitalsantotome.com.ar\/?p=5304#breadcrumb"},"inLanguage":"es","potentialAction":[{"@type":"ReadAction","target":["https:\/\/digitalsantotome.com.ar\/?p=5304"]}]},{"@type":"ImageObject","inLanguage":"es","@id":"https:\/\/digitalsantotome.com.ar\/?p=5304#primaryimage","url":"https:\/\/digitalsantotome.com.ar\/wp-content\/uploads\/2024\/02\/541077.1707232274.jpg_grande.jpg","contentUrl":"https:\/\/digitalsantotome.com.ar\/wp-content\/uploads\/2024\/02\/541077.1707232274.jpg_grande.jpg","width":900,"height":598},{"@type":"BreadcrumbList","@id":"https:\/\/digitalsantotome.com.ar\/?p=5304#breadcrumb","itemListElement":[{"@type":"ListItem","position":1,"name":"Portada","item":"https:\/\/digitalsantotome.com.ar\/"},{"@type":"ListItem","position":2,"name":"Sociedades rurales exponen preocupaciones por propuestas en la Ley de Bases"}]},{"@type":"WebSite","@id":"https:\/\/digitalsantotome.com.ar\/#website","url":"https:\/\/digitalsantotome.com.ar\/","name":"Digital Santo Tom\u00e9","description":"Noticias desde Santo Tom\u00e9 al Mundo \u2013 La informacion que decide","publisher":{"@id":"https:\/\/digitalsantotome.com.ar\/#organization"},"potentialAction":[{"@type":"SearchAction","target":{"@type":"EntryPoint","urlTemplate":"https:\/\/digitalsantotome.com.ar\/?s={search_term_string}"},"query-input":{"@type":"PropertyValueSpecification","valueRequired":true,"valueName":"search_term_string"}}],"inLanguage":"es"},{"@type":"Organization","@id":"https:\/\/digitalsantotome.com.ar\/#organization","name":"Digital Santo Tom\u00e9","url":"https:\/\/digitalsantotome.com.ar\/","logo":{"@type":"ImageObject","inLanguage":"es","@id":"https:\/\/digitalsantotome.com.ar\/#\/schema\/logo\/image\/","url":"https:\/\/digitalsantotome.com.ar\/wp-content\/uploads\/2023\/01\/facebook.jpg","contentUrl":"https:\/\/digitalsantotome.com.ar\/wp-content\/uploads\/2023\/01\/facebook.jpg","width":512,"height":376,"caption":"Digital Santo Tom\u00e9"},"image":{"@id":"https:\/\/digitalsantotome.com.ar\/#\/schema\/logo\/image\/"}},{"@type":"Person","@id":"https:\/\/digitalsantotome.com.ar\/#\/schema\/person\/8991d8822886fedd92ce7f03817e1bdf","name":"Jose Carlos Machado","url":"https:\/\/digitalsantotome.com.ar\/?author=2"}]}},"_links":{"self":[{"href":"https:\/\/digitalsantotome.com.ar\/index.php?rest_route=\/wp\/v2\/posts\/5304","targetHints":{"allow":["GET"]}}],"collection":[{"href":"https:\/\/digitalsantotome.com.ar\/index.php?rest_route=\/wp\/v2\/posts"}],"about":[{"href":"https:\/\/digitalsantotome.com.ar\/index.php?rest_route=\/wp\/v2\/types\/post"}],"author":[{"embeddable":true,"href":"https:\/\/digitalsantotome.com.ar\/index.php?rest_route=\/wp\/v2\/users\/2"}],"replies":[{"embeddable":true,"href":"https:\/\/digitalsantotome.com.ar\/index.php?rest_route=%2Fwp%2Fv2%2Fcomments&post=5304"}],"version-history":[{"count":1,"href":"https:\/\/digitalsantotome.com.ar\/index.php?rest_route=\/wp\/v2\/posts\/5304\/revisions"}],"predecessor-version":[{"id":5306,"href":"https:\/\/digitalsantotome.com.ar\/index.php?rest_route=\/wp\/v2\/posts\/5304\/revisions\/5306"}],"wp:featuredmedia":[{"embeddable":true,"href":"https:\/\/digitalsantotome.com.ar\/index.php?rest_route=\/wp\/v2\/media\/5305"}],"wp:attachment":[{"href":"https:\/\/digitalsantotome.com.ar\/index.php?rest_route=%2Fwp%2Fv2%2Fmedia&parent=5304"}],"wp:term":[{"taxonomy":"category","embeddable":true,"href":"https:\/\/digitalsantotome.com.ar\/index.php?rest_route=%2Fwp%2Fv2%2Fcategories&post=5304"},{"taxonomy":"post_tag","embeddable":true,"href":"https:\/\/digitalsantotome.com.ar\/index.php?rest_route=%2Fwp%2Fv2%2Ftags&post=5304"}],"curies":[{"name":"wp","href":"https:\/\/api.w.org\/{rel}","templated":true}]}}