{"id":5352,"date":"2024-02-10T09:32:33","date_gmt":"2024-02-10T12:32:33","guid":{"rendered":"https:\/\/digitalsantotome.com.ar\/?p=5352"},"modified":"2024-02-10T09:32:33","modified_gmt":"2024-02-10T12:32:33","slug":"cardozo-se-reunio-con-jefes-de-servicio-de-las-terapias-de-toda-la-provincia","status":"publish","type":"post","link":"https:\/\/digitalsantotome.com.ar\/?p=5352","title":{"rendered":"Cardozo se reuni\u00f3 con Jefes de Servicio de las Terapias de toda la provincia"},"content":{"rendered":"<p>CORRIENTES. En la ocasi\u00f3n, se evalu\u00f3 el funcionamiento de estas \u00e1reas de medicina critica, con el fin de fortalecerlas. Insumos, equipamientos y temas edilicios, fueron parte de la agenda abordada.<\/p>\n<p>El ministro de Salud P\u00fablica Ricardo Cardozo, encabez\u00f3 hoy una reuni\u00f3n en la sede de la cartera sanitaria con los jefes de servicios de todas las terapias intensiva de la provincia y con los referentes de la Red de Terapia Intensiva, con el fin de evaluar el trabajo que se lleva a cabo desde esas \u00e1reas de medicina cr\u00edtica y fortalecerlas.<\/p>\n<p>\u201cNos reunimos con los jefes de las distintas terapias intensivas de la provincia a pedido de la Red de Terapia Intensiva, a cargo de Fabi\u00e1n Plano, con el fin de verificar la situaci\u00f3n de cada uno de estos sectores por lo que hemos tomando nota de los requerimientos. Esto es para fortalecer el funcionamiento fundamentalmente de estas \u00e1reas de manera tal de hacer m\u00e1s efectiva la tarea de la Red de Terapia Intensiva, que se refiere a medicina cr\u00edtica y que siempre funcion\u00f3 de manera excelente\u201d, dijo el ministro Ricardo Cardozo, tras el encuentro y remarc\u00f3: \u201cEn este sentido, es importante la articulaci\u00f3n de las derivaciones de los pacientes a la capital y tambi\u00e9n, de los diferentes lugares del interior a los hospitales regionales del interior. Esto es clave en el marco del fortalecimiento permanente de la Salud P\u00fablica\u201d.<\/p>\n<p>El ministro ponder\u00f3 que \u201ccon la Red de Terapia Intensiva se mejoraron notablemente las derivaciones. La Red sirve no solo para conseguir camas, sino tambi\u00e9n para clasificar los pacientes y muchas veces, para capacitar a los m\u00e9dicos de acuerdo a la presentaci\u00f3n cl\u00ednica y la terap\u00e9utica adecuada\u201d.<\/p>\n<p>Por \u00faltimo, dijo: \u201cEsto, de estar atentos siempre a la regionalizaci\u00f3n, la descentralizaci\u00f3n y a dar respuesta a los requerimientos de insumos, equipamiento y lo edilicio, va de acuerdo a lo que nos indica el gobernador Gustavo Vald\u00e9s\u201d.<\/p>\n","protected":false},"excerpt":{"rendered":"<p>CORRIENTES. En la ocasi\u00f3n, se evalu\u00f3 el funcionamiento de estas \u00e1reas de medicina critica, con el fin de fortalecerlas. Insumos, equipamientos y temas edilicios, fueron parte de la agenda abordada. El ministro de Salud P\u00fablica Ricardo Cardozo, encabez\u00f3 hoy una reuni\u00f3n en la sede de la cartera sanitaria con los jefes de servicios de todas&#8230;<\/p>\n","protected":false},"author":2,"featured_media":5353,"comment_status":"closed","ping_status":"closed","sticky":false,"template":"","format":"standard","meta":{"_kad_post_transparent":"default","_kad_post_title":"default","_kad_post_layout":"default","_kad_post_sidebar_id":"","_kad_post_content_style":"default","_kad_post_vertical_padding":"default","_kad_post_feature":"","_kad_post_feature_position":"","_kad_post_header":false,"_kad_post_footer":false,"_kad_post_classname":"","footnotes":""},"categories":[2],"tags":[],"class_list":["post-5352","post","type-post","status-publish","format-standard","has-post-thumbnail","hentry","category-provinciales"],"a3_pvc":{"activated":false,"total_views":0,"today_views":0},"yoast_head":"<!-- This site is optimized with the Yoast SEO plugin v27.5 - https:\/\/yoast.com\/product\/yoast-seo-wordpress\/ -->\n<title>Cardozo se reuni\u00f3 con Jefes de Servicio de las Terapias de toda la provincia - Digital Santo Tom\u00e9<\/title>\n<meta name=\"robots\" content=\"index, follow, max-snippet:-1, max-image-preview:large, max-video-preview:-1\" \/>\n<link rel=\"canonical\" href=\"https:\/\/digitalsantotome.com.ar\/?p=5352\" \/>\n<meta property=\"og:locale\" content=\"es_ES\" \/>\n<meta property=\"og:type\" content=\"article\" \/>\n<meta property=\"og:title\" content=\"Cardozo se reuni\u00f3 con Jefes de Servicio de las Terapias de toda la provincia - Digital Santo Tom\u00e9\" \/>\n<meta property=\"og:description\" content=\"CORRIENTES. En la ocasi\u00f3n, se evalu\u00f3 el funcionamiento de estas \u00e1reas de medicina critica, con el fin de fortalecerlas. Insumos, equipamientos y temas edilicios, fueron parte de la agenda abordada. El ministro de Salud P\u00fablica Ricardo Cardozo, encabez\u00f3 hoy una reuni\u00f3n en la sede de la cartera sanitaria con los jefes de servicios de todas...\" \/>\n<meta property=\"og:url\" content=\"https:\/\/digitalsantotome.com.ar\/?p=5352\" \/>\n<meta property=\"og:site_name\" content=\"Digital Santo Tom\u00e9\" \/>\n<meta property=\"article:published_time\" content=\"2024-02-10T12:32:33+00:00\" \/>\n<meta property=\"og:image\" content=\"https:\/\/digitalsantotome.com.ar\/wp-content\/uploads\/2024\/02\/imagen-63977.jpg\" \/>\n\t<meta property=\"og:image:width\" content=\"800\" \/>\n\t<meta property=\"og:image:height\" content=\"533\" \/>\n\t<meta property=\"og:image:type\" content=\"image\/jpeg\" \/>\n<meta name=\"author\" content=\"Jose Carlos Machado\" \/>\n<meta name=\"twitter:card\" content=\"summary_large_image\" \/>\n<meta name=\"twitter:label1\" content=\"Escrito por\" \/>\n\t<meta name=\"twitter:data1\" content=\"Jose Carlos Machado\" \/>\n\t<meta name=\"twitter:label2\" content=\"Tiempo de lectura\" \/>\n\t<meta name=\"twitter:data2\" content=\"2 minutos\" \/>\n<script type=\"application\/ld+json\" class=\"yoast-schema-graph\">{\"@context\":\"https:\\\/\\\/schema.org\",\"@graph\":[{\"@type\":\"Article\",\"@id\":\"https:\\\/\\\/digitalsantotome.com.ar\\\/?p=5352#article\",\"isPartOf\":{\"@id\":\"https:\\\/\\\/digitalsantotome.com.ar\\\/?p=5352\"},\"author\":{\"name\":\"Jose Carlos Machado\",\"@id\":\"https:\\\/\\\/digitalsantotome.com.ar\\\/#\\\/schema\\\/person\\\/8991d8822886fedd92ce7f03817e1bdf\"},\"headline\":\"Cardozo se reuni\u00f3 con Jefes de Servicio de las Terapias de toda la provincia\",\"datePublished\":\"2024-02-10T12:32:33+00:00\",\"mainEntityOfPage\":{\"@id\":\"https:\\\/\\\/digitalsantotome.com.ar\\\/?p=5352\"},\"wordCount\":348,\"publisher\":{\"@id\":\"https:\\\/\\\/digitalsantotome.com.ar\\\/#organization\"},\"image\":{\"@id\":\"https:\\\/\\\/digitalsantotome.com.ar\\\/?p=5352#primaryimage\"},\"thumbnailUrl\":\"https:\\\/\\\/digitalsantotome.com.ar\\\/wp-content\\\/uploads\\\/2024\\\/02\\\/imagen-63977.jpg\",\"articleSection\":[\"Provinciales\"],\"inLanguage\":\"es\"},{\"@type\":\"WebPage\",\"@id\":\"https:\\\/\\\/digitalsantotome.com.ar\\\/?p=5352\",\"url\":\"https:\\\/\\\/digitalsantotome.com.ar\\\/?p=5352\",\"name\":\"Cardozo se reuni\u00f3 con Jefes de Servicio de las Terapias de toda la provincia - Digital Santo Tom\u00e9\",\"isPartOf\":{\"@id\":\"https:\\\/\\\/digitalsantotome.com.ar\\\/#website\"},\"primaryImageOfPage\":{\"@id\":\"https:\\\/\\\/digitalsantotome.com.ar\\\/?p=5352#primaryimage\"},\"image\":{\"@id\":\"https:\\\/\\\/digitalsantotome.com.ar\\\/?p=5352#primaryimage\"},\"thumbnailUrl\":\"https:\\\/\\\/digitalsantotome.com.ar\\\/wp-content\\\/uploads\\\/2024\\\/02\\\/imagen-63977.jpg\",\"datePublished\":\"2024-02-10T12:32:33+00:00\",\"breadcrumb\":{\"@id\":\"https:\\\/\\\/digitalsantotome.com.ar\\\/?p=5352#breadcrumb\"},\"inLanguage\":\"es\",\"potentialAction\":[{\"@type\":\"ReadAction\",\"target\":[\"https:\\\/\\\/digitalsantotome.com.ar\\\/?p=5352\"]}]},{\"@type\":\"ImageObject\",\"inLanguage\":\"es\",\"@id\":\"https:\\\/\\\/digitalsantotome.com.ar\\\/?p=5352#primaryimage\",\"url\":\"https:\\\/\\\/digitalsantotome.com.ar\\\/wp-content\\\/uploads\\\/2024\\\/02\\\/imagen-63977.jpg\",\"contentUrl\":\"https:\\\/\\\/digitalsantotome.com.ar\\\/wp-content\\\/uploads\\\/2024\\\/02\\\/imagen-63977.jpg\",\"width\":800,\"height\":533},{\"@type\":\"BreadcrumbList\",\"@id\":\"https:\\\/\\\/digitalsantotome.com.ar\\\/?p=5352#breadcrumb\",\"itemListElement\":[{\"@type\":\"ListItem\",\"position\":1,\"name\":\"Portada\",\"item\":\"https:\\\/\\\/digitalsantotome.com.ar\\\/\"},{\"@type\":\"ListItem\",\"position\":2,\"name\":\"Cardozo se reuni\u00f3 con Jefes de Servicio de las Terapias de toda la provincia\"}]},{\"@type\":\"WebSite\",\"@id\":\"https:\\\/\\\/digitalsantotome.com.ar\\\/#website\",\"url\":\"https:\\\/\\\/digitalsantotome.com.ar\\\/\",\"name\":\"Digital Santo Tom\u00e9\",\"description\":\"Noticias desde Santo Tom\u00e9 al Mundo \u2013 La informacion que decide\",\"publisher\":{\"@id\":\"https:\\\/\\\/digitalsantotome.com.ar\\\/#organization\"},\"potentialAction\":[{\"@type\":\"SearchAction\",\"target\":{\"@type\":\"EntryPoint\",\"urlTemplate\":\"https:\\\/\\\/digitalsantotome.com.ar\\\/?s={search_term_string}\"},\"query-input\":{\"@type\":\"PropertyValueSpecification\",\"valueRequired\":true,\"valueName\":\"search_term_string\"}}],\"inLanguage\":\"es\"},{\"@type\":\"Organization\",\"@id\":\"https:\\\/\\\/digitalsantotome.com.ar\\\/#organization\",\"name\":\"Digital Santo Tom\u00e9\",\"url\":\"https:\\\/\\\/digitalsantotome.com.ar\\\/\",\"logo\":{\"@type\":\"ImageObject\",\"inLanguage\":\"es\",\"@id\":\"https:\\\/\\\/digitalsantotome.com.ar\\\/#\\\/schema\\\/logo\\\/image\\\/\",\"url\":\"https:\\\/\\\/digitalsantotome.com.ar\\\/wp-content\\\/uploads\\\/2023\\\/01\\\/facebook.jpg\",\"contentUrl\":\"https:\\\/\\\/digitalsantotome.com.ar\\\/wp-content\\\/uploads\\\/2023\\\/01\\\/facebook.jpg\",\"width\":512,\"height\":376,\"caption\":\"Digital Santo Tom\u00e9\"},\"image\":{\"@id\":\"https:\\\/\\\/digitalsantotome.com.ar\\\/#\\\/schema\\\/logo\\\/image\\\/\"}},{\"@type\":\"Person\",\"@id\":\"https:\\\/\\\/digitalsantotome.com.ar\\\/#\\\/schema\\\/person\\\/8991d8822886fedd92ce7f03817e1bdf\",\"name\":\"Jose Carlos Machado\",\"url\":\"https:\\\/\\\/digitalsantotome.com.ar\\\/?author=2\"}]}<\/script>\n<!-- \/ Yoast SEO plugin. -->","yoast_head_json":{"title":"Cardozo se reuni\u00f3 con Jefes de Servicio de las Terapias de toda la provincia - Digital Santo Tom\u00e9","robots":{"index":"index","follow":"follow","max-snippet":"max-snippet:-1","max-image-preview":"max-image-preview:large","max-video-preview":"max-video-preview:-1"},"canonical":"https:\/\/digitalsantotome.com.ar\/?p=5352","og_locale":"es_ES","og_type":"article","og_title":"Cardozo se reuni\u00f3 con Jefes de Servicio de las Terapias de toda la provincia - Digital Santo Tom\u00e9","og_description":"CORRIENTES. En la ocasi\u00f3n, se evalu\u00f3 el funcionamiento de estas \u00e1reas de medicina critica, con el fin de fortalecerlas. Insumos, equipamientos y temas edilicios, fueron parte de la agenda abordada. El ministro de Salud P\u00fablica Ricardo Cardozo, encabez\u00f3 hoy una reuni\u00f3n en la sede de la cartera sanitaria con los jefes de servicios de todas...","og_url":"https:\/\/digitalsantotome.com.ar\/?p=5352","og_site_name":"Digital Santo Tom\u00e9","article_published_time":"2024-02-10T12:32:33+00:00","og_image":[{"width":800,"height":533,"url":"https:\/\/digitalsantotome.com.ar\/wp-content\/uploads\/2024\/02\/imagen-63977.jpg","type":"image\/jpeg"}],"author":"Jose Carlos Machado","twitter_card":"summary_large_image","twitter_misc":{"Escrito por":"Jose Carlos Machado","Tiempo de lectura":"2 minutos"},"schema":{"@context":"https:\/\/schema.org","@graph":[{"@type":"Article","@id":"https:\/\/digitalsantotome.com.ar\/?p=5352#article","isPartOf":{"@id":"https:\/\/digitalsantotome.com.ar\/?p=5352"},"author":{"name":"Jose Carlos Machado","@id":"https:\/\/digitalsantotome.com.ar\/#\/schema\/person\/8991d8822886fedd92ce7f03817e1bdf"},"headline":"Cardozo se reuni\u00f3 con Jefes de Servicio de las Terapias de toda la provincia","datePublished":"2024-02-10T12:32:33+00:00","mainEntityOfPage":{"@id":"https:\/\/digitalsantotome.com.ar\/?p=5352"},"wordCount":348,"publisher":{"@id":"https:\/\/digitalsantotome.com.ar\/#organization"},"image":{"@id":"https:\/\/digitalsantotome.com.ar\/?p=5352#primaryimage"},"thumbnailUrl":"https:\/\/digitalsantotome.com.ar\/wp-content\/uploads\/2024\/02\/imagen-63977.jpg","articleSection":["Provinciales"],"inLanguage":"es"},{"@type":"WebPage","@id":"https:\/\/digitalsantotome.com.ar\/?p=5352","url":"https:\/\/digitalsantotome.com.ar\/?p=5352","name":"Cardozo se reuni\u00f3 con Jefes de Servicio de las Terapias de toda la provincia - Digital Santo Tom\u00e9","isPartOf":{"@id":"https:\/\/digitalsantotome.com.ar\/#website"},"primaryImageOfPage":{"@id":"https:\/\/digitalsantotome.com.ar\/?p=5352#primaryimage"},"image":{"@id":"https:\/\/digitalsantotome.com.ar\/?p=5352#primaryimage"},"thumbnailUrl":"https:\/\/digitalsantotome.com.ar\/wp-content\/uploads\/2024\/02\/imagen-63977.jpg","datePublished":"2024-02-10T12:32:33+00:00","breadcrumb":{"@id":"https:\/\/digitalsantotome.com.ar\/?p=5352#breadcrumb"},"inLanguage":"es","potentialAction":[{"@type":"ReadAction","target":["https:\/\/digitalsantotome.com.ar\/?p=5352"]}]},{"@type":"ImageObject","inLanguage":"es","@id":"https:\/\/digitalsantotome.com.ar\/?p=5352#primaryimage","url":"https:\/\/digitalsantotome.com.ar\/wp-content\/uploads\/2024\/02\/imagen-63977.jpg","contentUrl":"https:\/\/digitalsantotome.com.ar\/wp-content\/uploads\/2024\/02\/imagen-63977.jpg","width":800,"height":533},{"@type":"BreadcrumbList","@id":"https:\/\/digitalsantotome.com.ar\/?p=5352#breadcrumb","itemListElement":[{"@type":"ListItem","position":1,"name":"Portada","item":"https:\/\/digitalsantotome.com.ar\/"},{"@type":"ListItem","position":2,"name":"Cardozo se reuni\u00f3 con Jefes de Servicio de las Terapias de toda la provincia"}]},{"@type":"WebSite","@id":"https:\/\/digitalsantotome.com.ar\/#website","url":"https:\/\/digitalsantotome.com.ar\/","name":"Digital Santo Tom\u00e9","description":"Noticias desde Santo Tom\u00e9 al Mundo \u2013 La informacion que decide","publisher":{"@id":"https:\/\/digitalsantotome.com.ar\/#organization"},"potentialAction":[{"@type":"SearchAction","target":{"@type":"EntryPoint","urlTemplate":"https:\/\/digitalsantotome.com.ar\/?s={search_term_string}"},"query-input":{"@type":"PropertyValueSpecification","valueRequired":true,"valueName":"search_term_string"}}],"inLanguage":"es"},{"@type":"Organization","@id":"https:\/\/digitalsantotome.com.ar\/#organization","name":"Digital Santo Tom\u00e9","url":"https:\/\/digitalsantotome.com.ar\/","logo":{"@type":"ImageObject","inLanguage":"es","@id":"https:\/\/digitalsantotome.com.ar\/#\/schema\/logo\/image\/","url":"https:\/\/digitalsantotome.com.ar\/wp-content\/uploads\/2023\/01\/facebook.jpg","contentUrl":"https:\/\/digitalsantotome.com.ar\/wp-content\/uploads\/2023\/01\/facebook.jpg","width":512,"height":376,"caption":"Digital Santo Tom\u00e9"},"image":{"@id":"https:\/\/digitalsantotome.com.ar\/#\/schema\/logo\/image\/"}},{"@type":"Person","@id":"https:\/\/digitalsantotome.com.ar\/#\/schema\/person\/8991d8822886fedd92ce7f03817e1bdf","name":"Jose Carlos Machado","url":"https:\/\/digitalsantotome.com.ar\/?author=2"}]}},"_links":{"self":[{"href":"https:\/\/digitalsantotome.com.ar\/index.php?rest_route=\/wp\/v2\/posts\/5352","targetHints":{"allow":["GET"]}}],"collection":[{"href":"https:\/\/digitalsantotome.com.ar\/index.php?rest_route=\/wp\/v2\/posts"}],"about":[{"href":"https:\/\/digitalsantotome.com.ar\/index.php?rest_route=\/wp\/v2\/types\/post"}],"author":[{"embeddable":true,"href":"https:\/\/digitalsantotome.com.ar\/index.php?rest_route=\/wp\/v2\/users\/2"}],"replies":[{"embeddable":true,"href":"https:\/\/digitalsantotome.com.ar\/index.php?rest_route=%2Fwp%2Fv2%2Fcomments&post=5352"}],"version-history":[{"count":1,"href":"https:\/\/digitalsantotome.com.ar\/index.php?rest_route=\/wp\/v2\/posts\/5352\/revisions"}],"predecessor-version":[{"id":5354,"href":"https:\/\/digitalsantotome.com.ar\/index.php?rest_route=\/wp\/v2\/posts\/5352\/revisions\/5354"}],"wp:featuredmedia":[{"embeddable":true,"href":"https:\/\/digitalsantotome.com.ar\/index.php?rest_route=\/wp\/v2\/media\/5353"}],"wp:attachment":[{"href":"https:\/\/digitalsantotome.com.ar\/index.php?rest_route=%2Fwp%2Fv2%2Fmedia&parent=5352"}],"wp:term":[{"taxonomy":"category","embeddable":true,"href":"https:\/\/digitalsantotome.com.ar\/index.php?rest_route=%2Fwp%2Fv2%2Fcategories&post=5352"},{"taxonomy":"post_tag","embeddable":true,"href":"https:\/\/digitalsantotome.com.ar\/index.php?rest_route=%2Fwp%2Fv2%2Ftags&post=5352"}],"curies":[{"name":"wp","href":"https:\/\/api.w.org\/{rel}","templated":true}]}}