{"id":6141,"date":"2024-02-17T09:35:45","date_gmt":"2024-02-17T12:35:45","guid":{"rendered":"https:\/\/digitalsantotome.com.ar\/?p=6141"},"modified":"2024-02-17T09:36:22","modified_gmt":"2024-02-17T12:36:22","slug":"economicas-inicio-la-ambientacion-de-ingresantes-y-el-gobierno-de-chaco-lanzo-el-boleto-estudiantil","status":"publish","type":"post","link":"https:\/\/digitalsantotome.com.ar\/?p=6141","title":{"rendered":"Econ\u00f3micas inici\u00f3 la ambientaci\u00f3n de ingresantes,  y el gobierno de Chaco lanz\u00f3 el boleto estudiantil"},"content":{"rendered":"<div dir=\"auto\">CORRIENTES. Con un acto de bienvenida en un Sal\u00f3n Auditorio colmado de ingresantes, la Facultad de Ciencias Econ\u00f3micas de la Universidad Nacional del Nordeste (UNNE) inici\u00f3 el Programa de Ambientaci\u00f3n Universitaria destinado a los inscriptos para cursar las carreras en el marco del ciclo acad\u00e9mico 2024.<\/div>\n<div dir=\"auto\"><\/div>\n<div dir=\"auto\">La apertura del programa estuvo a cargo de las autoridades, encabezadas por la decana licenciada Moira Carri\u00f3; la actividad cont\u00f3 con la presencia y participaci\u00f3n del gobernador de la provincia de Chaco, Leandro Zdero, quien en la oportunidad, lanz\u00f3 el beneficio de boleto estudiantil y tambi\u00e9n, instal\u00f3 en la Facultad una terminal autom\u00e1tica de carga (totem) del Sistema \u00danico de Boleto Electr\u00f3nico (SUBE).<\/div>\n<div dir=\"auto\"><\/div>\n<div dir=\"auto\">La jornada de bienvenida, e inicio del programa de ambientaci\u00f3n, se realiz\u00f3 en la ma\u00f1ana de este viernes 16, en el Sal\u00f3n Auditorio de la sede central de la Facultad de Ciencias Econ\u00f3micas en el Campus Resistencia, Chaco.<\/div>\n<div dir=\"auto\"><\/div>\n<div dir=\"auto\">Acompa\u00f1aron el acto los egresados de la UNNE y ministros del gabinete del gobierno chaque\u00f1o, de Infraestructura, Obras y Servicios P\u00fablicos Hugo Dom\u00ednguez, y de Hacienda y Finanzas Alejandro Abraham; y los diputados de la provincia de Chaco Iv\u00e1n Gyoker y Maida With.<\/div>\n<div dir=\"auto\">Tambi\u00e9n estuvieron los Secretarios, dem\u00e1s autoridades e integrantes del Centro de Estudiantes de la Facultad.<\/div>\n<div dir=\"auto\"><\/div>\n<div dir=\"auto\">Si bien no termin\u00f3 el per\u00edodo de inscripci\u00f3n la extensi\u00f3n que la Facultad tiene para el cursado de Licenciatura en Comercio Exterior, en Paso de los Libres (Corrientes), para estudiar las distintas carreras en 2024 se registraron alrededor de 1.700 ingresantes.<\/div>\n<div dir=\"auto\"><\/div>\n<div dir=\"auto\">Alcances y contenidos<\/div>\n<div dir=\"auto\"><\/div>\n<div dir=\"auto\">El programa, que es coordinado y ejecutado por la Secretar\u00eda de Asuntos Estudiantiles de la Facultad, se desarrolla entre este 16 y el 19 de febrero en la sede central; y durante la primera semana del pr\u00f3ximo marzo, para los ingresantes a cursar las carreras de Relaciones Laborales y Comercio Exterior, as\u00ed como tambi\u00e9n para aquellos de las extensiones \u00e1ulicas de Bella Vista, Monte Caseros y Santo Tom\u00e9 (las tres localidades en Corrientes).<\/div>\n<div dir=\"auto\"><\/div>\n<div dir=\"auto\">Entre los contenidos, se dictan cursos introductorio universitario, y de afianzamiento de competencias universitarias.<\/div>\n<div dir=\"auto\"><\/div>\n<div dir=\"auto\">En el curso introductorio universitario, est\u00e1n los m\u00f3dulos T\u00e9cnica para aprendizaje efectivo; de ambientaci\u00f3n; y de salud y servicios sociales.<\/div>\n<div dir=\"auto\"><\/div>\n<div dir=\"auto\">Tambi\u00e9n se abordan las siguientes tem\u00e1ticas: oratoria; adaptaci\u00f3n a la vida universitaria; t\u00e9cnicas de estudio; camino estudiantil emprendedor; afianzamiento de matem\u00e1ticas; educaci\u00f3n sexual integral; servicios de la Secretar\u00eda General de Asuntos Sociales de la UNNE, y Secretar\u00eda de Protocolo de Violencia.<\/div>\n<div dir=\"auto\"><\/div>\n<div dir=\"auto\">Objetivos<\/div>\n<div dir=\"auto\"><\/div>\n<div dir=\"auto\">Entre los objetivos de esta ambientaci\u00f3n, se buscan fortalecer las trayectorias de los aspirantes, y genera un sentido de pertenencia e identidad como futuros estudiantes de la instituci\u00f3n.<\/div>\n<div dir=\"auto\"><\/div>\n<div dir=\"auto\">En la comunidad de la Facultad se sabe que iniciar una carrera universitaria implica adentrarse en un mundo desconocido, y el paso de la escuela media a la universitaria no siempre es sencillo.<\/div>\n<div dir=\"auto\"><\/div>\n<div dir=\"auto\">El Programa de Ambientaci\u00f3n Universitaria es concebido como un espacio de transici\u00f3n para articular el nivel medio con la universidad. Se trata de una actitud de ayuda a los ingresantes a la adaptaci\u00f3n a normas, organizaci\u00f3n y funcionamiento del \u00e1mbito universitario.<\/div>\n<div dir=\"auto\"><\/div>\n<div dir=\"auto\">Ciudadanos comprometidos<\/div>\n<div dir=\"auto\"><\/div>\n<div dir=\"auto\">\u201cQuiero invitarles a vivir esta experiencia de estudiantes universitarios, que es una de las etapas m\u00e1s lindas. Nosotros, como autoridades y desde el gobierno provincial, tenemos el compromiso de fijar prioridades como ser la salud p\u00fablica, la seguridad y tambi\u00e9n, fundamentalmente la educaci\u00f3n p\u00fablica. La educaci\u00f3n es la herramienta m\u00e1s importante para garantizar la libertad de las personas y desafiar al mundo.\u00a0 No pasen por la universidad, v\u00edvanla\u201d, exhort\u00f3 el gobernador Zdero en su mensaje a los ingresantes.<\/div>\n<div dir=\"auto\"><\/div>\n<div dir=\"auto\">\u201cEs cierto que el paso por la universidad nos convierte en profesionales, pero tambi\u00e9n, especialmente y, sobre todo, este paso nos convierte en ciudadanos comprometidos para el desarrollo de una sociedad m\u00e1s justa y solidaria\u201d, dijo ante el auditorio de ingresantes la decana Carri\u00f3.<\/div>\n<div dir=\"auto\"><\/div>\n<div dir=\"auto\">\u201cQuiero sumar como destinatarios del agradecimiento por la ejecuci\u00f3n de este programa de ambientaci\u00f3n, tambi\u00e9n a cada uno de los centros de estudiantes de las diferentes facultades que conforman la Universidad Nacional del Nordeste, a la Federaci\u00f3n Universitaria Argentina (FUA), por sus luchas constantes, d\u00eda a d\u00eda, en defensa de la educaci\u00f3n p\u00fablica\u201d, afirm\u00f3 Carri\u00f3.<\/div>\n<div dir=\"auto\"><\/div>\n<div dir=\"auto\">Beneficio de continuidad de la SUBE<\/div>\n<div dir=\"auto\"><\/div>\n<div dir=\"auto\">El lanzamiento del boleto estudiantil, por parte del gobierno chaque\u00f1o, se trata de garantizar la continuidad del sistema SUBE para todos aquellos estudiantes que cursen carreras en las facultades de la UNNE con sede en la provincia de Chaco.<\/div>\n<div dir=\"auto\"><\/div>\n<div dir=\"auto\">El beneficio consiste en la acreditaci\u00f3n mensual del equivalente a 50 pasajes en el servicio de transporte p\u00fablico de pasajeros (colectivo), para llegar y volver desde las sedes de la universidad ubicadas en Chaco, entre lunes y s\u00e1bado. Toda otra informaci\u00f3n puede consultarse en\u00a0<a href=\"http:\/\/www.transporte.chaco.gob.ar\/\" target=\"_blank\" rel=\"noopener\" data-saferedirecturl=\"https:\/\/www.google.com\/url?q=http:\/\/www.transporte.chaco.gob.ar&amp;source=gmail&amp;ust=1708259208784000&amp;usg=AOvVaw04ZxCCUxV16vPAbkakHLsO\">www.transporte.chaco.gob.ar<\/a>.<\/div>\n<div dir=\"auto\">En el \u00e1mbito de la UNNE, adem\u00e1s de la terminal autom\u00e1tica de carga (totem) en Ciencias Econ\u00f3micas, tambi\u00e9n fueron instaladas en la Facultad de Artes, Dise\u00f1o y Ciencias de la Cultura y Biblioteca Central de la Universidad.<\/div>\n<div dir=\"auto\"><\/div>\n<div dir=\"auto\">Las terminales autom\u00e1ticas de carga sirven para:<\/div>\n<div dir=\"auto\">\u2022 Activar Atributos Credenciales Estudiantiles<\/div>\n<div dir=\"auto\">\u2022 Credenciales Discapacidad<\/div>\n<div dir=\"auto\">\u2022 Credenciales Fuerza de Seguridad<\/div>\n<div dir=\"auto\">\u2022 Descuentos del 55% por atributo social<\/div>\n<div dir=\"auto\">\u2022 Validaci\u00f3n de Cargas de Cr\u00e9dito por Billetera Virtual.<\/div>\n<div dir=\"auto\"><\/div>\n<div dir=\"auto\">Requisitos para la sube &#8211; 1ra. Vez (sacar turno en la p\u00e1gina)<\/div>\n<div dir=\"auto\"><a href=\"http:\/\/www.transporte.chaco.gob.ar\/\" target=\"_blank\" rel=\"noopener\" data-saferedirecturl=\"https:\/\/www.google.com\/url?q=http:\/\/www.transporte.chaco.gob.ar&amp;source=gmail&amp;ust=1708259208784000&amp;usg=AOvVaw04ZxCCUxV16vPAbkakHLsO\">www.transporte.chaco.gob.ar<\/a><\/div>\n<div dir=\"auto\">\u2022 Constancia de alumno regular<\/div>\n<div dir=\"auto\">\u2022 DNI<\/div>\n<div dir=\"auto\">\u2022 Presencia alumno para la foto<\/div>\n<div dir=\"auto\">Requisitos para la sube \u2013 renovaci\u00f3n (no necesita sacar<\/div>\n<div dir=\"auto\">turno)<\/div>\n<div dir=\"auto\">\u2022 Constancia alumno regular todos<\/div>\n<div dir=\"auto\">\u2022 DNI<\/div>\n<div dir=\"auto\">\u2022 Credencial sube estudiantil a\u00f1o anterior<\/div>\n<div dir=\"auto\">Cantidad boletos<\/div>\n<div dir=\"auto\">\u2022 Nivel Primario: 50 boletos mensuales \u2013 usar: lunes a<\/div>\n<div dir=\"auto\">viernes de las 6 hasta las 22 horas<\/div>\n<div dir=\"auto\">\u2022 Nivel Secundario: 70 boletos mensuales \u2013 usar: lunes a<\/div>\n<div dir=\"auto\">viernes de 6 hasta las 23,59 hs<\/div>\n<div dir=\"auto\">\u2022 Nivel Terciario\/Universitario: 50 boletos mensuales \u2013<\/div>\n<div dir=\"auto\">usar: de lunes a s\u00e1bados desde las 5 hasta las 22 hs<\/div>\n<div dir=\"auto\">Recordatorio:<\/div>\n<div dir=\"auto\"><img decoding=\"async\" class=\"an1\" src=\"https:\/\/fonts.gstatic.com\/s\/e\/notoemoji\/15.0\/25aa\/32.png\" alt=\"\u25aa\" data-emoji=\"\u25aa\" aria-label=\"\u25aa\" \/>\u00a0La carga masiva para todos los estudiantes que ya tienen<\/div>\n<div dir=\"auto\">Credencial Sube Estudiantil se har\u00eda el 21\/02\/2024. Solo<\/div>\n<div dir=\"auto\">acerc\u00e1ndose a los t\u00f3tems de sube.<\/div>\n<div dir=\"auto\"><img decoding=\"async\" class=\"an1\" src=\"https:\/\/fonts.gstatic.com\/s\/e\/notoemoji\/15.0\/25aa\/32.png\" alt=\"\u25aa\" data-emoji=\"\u25aa\" aria-label=\"\u25aa\" \/>\u00a0Y a partir del 04\/03\/2024 comienzo de clases ya puede<\/div>\n<div dir=\"auto\">utilizar el beneficio.<\/div>\n<div dir=\"auto\"><img fetchpriority=\"high\" decoding=\"async\" class=\"alignnone wp-image-6143\" src=\"https:\/\/digitalsantotome.com.ar\/wp-content\/uploads\/2024\/02\/IMG-20240216-WA0032.jpg\" alt=\"\" width=\"742\" height=\"455\" srcset=\"https:\/\/digitalsantotome.com.ar\/wp-content\/uploads\/2024\/02\/IMG-20240216-WA0032.jpg 1600w, https:\/\/digitalsantotome.com.ar\/wp-content\/uploads\/2024\/02\/IMG-20240216-WA0032-300x184.jpg 300w, https:\/\/digitalsantotome.com.ar\/wp-content\/uploads\/2024\/02\/IMG-20240216-WA0032-1024x628.jpg 1024w, https:\/\/digitalsantotome.com.ar\/wp-content\/uploads\/2024\/02\/IMG-20240216-WA0032-768x471.jpg 768w, https:\/\/digitalsantotome.com.ar\/wp-content\/uploads\/2024\/02\/IMG-20240216-WA0032-1536x943.jpg 1536w\" sizes=\"(max-width: 742px) 100vw, 742px\" \/><\/div>\n<div dir=\"auto\"><\/div>\n<div dir=\"auto\"><img decoding=\"async\" class=\"alignnone wp-image-6144\" src=\"https:\/\/digitalsantotome.com.ar\/wp-content\/uploads\/2024\/02\/IMG-20240216-WA0034.jpg\" alt=\"\" width=\"740\" height=\"494\" srcset=\"https:\/\/digitalsantotome.com.ar\/wp-content\/uploads\/2024\/02\/IMG-20240216-WA0034.jpg 1600w, https:\/\/digitalsantotome.com.ar\/wp-content\/uploads\/2024\/02\/IMG-20240216-WA0034-300x200.jpg 300w, https:\/\/digitalsantotome.com.ar\/wp-content\/uploads\/2024\/02\/IMG-20240216-WA0034-1024x684.jpg 1024w, https:\/\/digitalsantotome.com.ar\/wp-content\/uploads\/2024\/02\/IMG-20240216-WA0034-768x513.jpg 768w, https:\/\/digitalsantotome.com.ar\/wp-content\/uploads\/2024\/02\/IMG-20240216-WA0034-1536x1025.jpg 1536w\" sizes=\"(max-width: 740px) 100vw, 740px\" \/><\/div>\n<div dir=\"auto\"><\/div>\n<div dir=\"auto\"><img decoding=\"async\" class=\"alignnone wp-image-6145\" src=\"https:\/\/digitalsantotome.com.ar\/wp-content\/uploads\/2024\/02\/IMG-20240216-WA0033.jpg\" alt=\"\" width=\"741\" height=\"494\" srcset=\"https:\/\/digitalsantotome.com.ar\/wp-content\/uploads\/2024\/02\/IMG-20240216-WA0033.jpg 1600w, https:\/\/digitalsantotome.com.ar\/wp-content\/uploads\/2024\/02\/IMG-20240216-WA0033-300x200.jpg 300w, https:\/\/digitalsantotome.com.ar\/wp-content\/uploads\/2024\/02\/IMG-20240216-WA0033-1024x683.jpg 1024w, https:\/\/digitalsantotome.com.ar\/wp-content\/uploads\/2024\/02\/IMG-20240216-WA0033-768x512.jpg 768w, https:\/\/digitalsantotome.com.ar\/wp-content\/uploads\/2024\/02\/IMG-20240216-WA0033-1536x1024.jpg 1536w\" sizes=\"(max-width: 741px) 100vw, 741px\" \/><\/div>\n<div dir=\"auto\"><\/div>\n<div dir=\"auto\"><img loading=\"lazy\" decoding=\"async\" class=\"alignnone wp-image-6146\" src=\"https:\/\/digitalsantotome.com.ar\/wp-content\/uploads\/2024\/02\/IMG-20240216-WA0035.jpg\" alt=\"\" width=\"740\" height=\"493\" srcset=\"https:\/\/digitalsantotome.com.ar\/wp-content\/uploads\/2024\/02\/IMG-20240216-WA0035.jpg 1600w, https:\/\/digitalsantotome.com.ar\/wp-content\/uploads\/2024\/02\/IMG-20240216-WA0035-300x200.jpg 300w, https:\/\/digitalsantotome.com.ar\/wp-content\/uploads\/2024\/02\/IMG-20240216-WA0035-1024x683.jpg 1024w, https:\/\/digitalsantotome.com.ar\/wp-content\/uploads\/2024\/02\/IMG-20240216-WA0035-768x512.jpg 768w, https:\/\/digitalsantotome.com.ar\/wp-content\/uploads\/2024\/02\/IMG-20240216-WA0035-1536x1024.jpg 1536w\" sizes=\"(max-width: 740px) 100vw, 740px\" \/><\/div>\n","protected":false},"excerpt":{"rendered":"<p>CORRIENTES. Con un acto de bienvenida en un Sal\u00f3n Auditorio colmado de ingresantes, la Facultad de Ciencias Econ\u00f3micas de la Universidad Nacional del Nordeste (UNNE) inici\u00f3 el Programa de Ambientaci\u00f3n Universitaria destinado a los inscriptos para cursar las carreras en el marco del ciclo acad\u00e9mico 2024. La apertura del programa estuvo a cargo de las&#8230;<\/p>\n","protected":false},"author":2,"featured_media":6142,"comment_status":"closed","ping_status":"closed","sticky":false,"template":"","format":"standard","meta":{"_kad_post_transparent":"default","_kad_post_title":"default","_kad_post_layout":"default","_kad_post_sidebar_id":"","_kad_post_content_style":"default","_kad_post_vertical_padding":"default","_kad_post_feature":"","_kad_post_feature_position":"","_kad_post_header":false,"_kad_post_footer":false,"_kad_post_classname":"","footnotes":""},"categories":[2],"tags":[],"class_list":["post-6141","post","type-post","status-publish","format-standard","has-post-thumbnail","hentry","category-provinciales"],"a3_pvc":{"activated":false,"total_views":0,"today_views":0},"yoast_head":"<!-- This site is optimized with the Yoast SEO plugin v27.5 - https:\/\/yoast.com\/product\/yoast-seo-wordpress\/ -->\n<title>Econ\u00f3micas inici\u00f3 la ambientaci\u00f3n de ingresantes, y el gobierno de Chaco lanz\u00f3 el boleto estudiantil - Digital Santo Tom\u00e9<\/title>\n<meta name=\"robots\" content=\"index, follow, max-snippet:-1, max-image-preview:large, max-video-preview:-1\" \/>\n<link rel=\"canonical\" href=\"https:\/\/digitalsantotome.com.ar\/?p=6141\" \/>\n<meta property=\"og:locale\" content=\"es_ES\" \/>\n<meta property=\"og:type\" content=\"article\" \/>\n<meta property=\"og:title\" content=\"Econ\u00f3micas inici\u00f3 la ambientaci\u00f3n de ingresantes, y el gobierno de Chaco lanz\u00f3 el boleto estudiantil - Digital Santo Tom\u00e9\" \/>\n<meta property=\"og:description\" content=\"CORRIENTES. Con un acto de bienvenida en un Sal\u00f3n Auditorio colmado de ingresantes, la Facultad de Ciencias Econ\u00f3micas de la Universidad Nacional del Nordeste (UNNE) inici\u00f3 el Programa de Ambientaci\u00f3n Universitaria destinado a los inscriptos para cursar las carreras en el marco del ciclo acad\u00e9mico 2024. La apertura del programa estuvo a cargo de las...\" \/>\n<meta property=\"og:url\" content=\"https:\/\/digitalsantotome.com.ar\/?p=6141\" \/>\n<meta property=\"og:site_name\" content=\"Digital Santo Tom\u00e9\" \/>\n<meta property=\"article:published_time\" content=\"2024-02-17T12:35:45+00:00\" \/>\n<meta property=\"article:modified_time\" content=\"2024-02-17T12:36:22+00:00\" \/>\n<meta property=\"og:image\" content=\"https:\/\/digitalsantotome.com.ar\/wp-content\/uploads\/2024\/02\/IMG-20240216-WA0037.jpg\" \/>\n\t<meta property=\"og:image:width\" content=\"1600\" \/>\n\t<meta property=\"og:image:height\" content=\"1067\" \/>\n\t<meta property=\"og:image:type\" content=\"image\/jpeg\" \/>\n<meta name=\"author\" content=\"Jose Carlos Machado\" \/>\n<meta name=\"twitter:card\" content=\"summary_large_image\" \/>\n<meta name=\"twitter:label1\" content=\"Escrito por\" \/>\n\t<meta name=\"twitter:data1\" content=\"Jose Carlos Machado\" \/>\n\t<meta name=\"twitter:label2\" content=\"Tiempo de lectura\" \/>\n\t<meta name=\"twitter:data2\" content=\"6 minutos\" \/>\n<script type=\"application\/ld+json\" class=\"yoast-schema-graph\">{\"@context\":\"https:\\\/\\\/schema.org\",\"@graph\":[{\"@type\":\"Article\",\"@id\":\"https:\\\/\\\/digitalsantotome.com.ar\\\/?p=6141#article\",\"isPartOf\":{\"@id\":\"https:\\\/\\\/digitalsantotome.com.ar\\\/?p=6141\"},\"author\":{\"name\":\"Jose Carlos Machado\",\"@id\":\"https:\\\/\\\/digitalsantotome.com.ar\\\/#\\\/schema\\\/person\\\/8991d8822886fedd92ce7f03817e1bdf\"},\"headline\":\"Econ\u00f3micas inici\u00f3 la ambientaci\u00f3n de ingresantes, y el gobierno de Chaco lanz\u00f3 el boleto estudiantil\",\"datePublished\":\"2024-02-17T12:35:45+00:00\",\"dateModified\":\"2024-02-17T12:36:22+00:00\",\"mainEntityOfPage\":{\"@id\":\"https:\\\/\\\/digitalsantotome.com.ar\\\/?p=6141\"},\"wordCount\":1055,\"publisher\":{\"@id\":\"https:\\\/\\\/digitalsantotome.com.ar\\\/#organization\"},\"image\":{\"@id\":\"https:\\\/\\\/digitalsantotome.com.ar\\\/?p=6141#primaryimage\"},\"thumbnailUrl\":\"https:\\\/\\\/digitalsantotome.com.ar\\\/wp-content\\\/uploads\\\/2024\\\/02\\\/IMG-20240216-WA0037.jpg\",\"articleSection\":[\"Provinciales\"],\"inLanguage\":\"es\"},{\"@type\":\"WebPage\",\"@id\":\"https:\\\/\\\/digitalsantotome.com.ar\\\/?p=6141\",\"url\":\"https:\\\/\\\/digitalsantotome.com.ar\\\/?p=6141\",\"name\":\"Econ\u00f3micas inici\u00f3 la ambientaci\u00f3n de ingresantes, y el gobierno de Chaco lanz\u00f3 el boleto estudiantil - Digital Santo Tom\u00e9\",\"isPartOf\":{\"@id\":\"https:\\\/\\\/digitalsantotome.com.ar\\\/#website\"},\"primaryImageOfPage\":{\"@id\":\"https:\\\/\\\/digitalsantotome.com.ar\\\/?p=6141#primaryimage\"},\"image\":{\"@id\":\"https:\\\/\\\/digitalsantotome.com.ar\\\/?p=6141#primaryimage\"},\"thumbnailUrl\":\"https:\\\/\\\/digitalsantotome.com.ar\\\/wp-content\\\/uploads\\\/2024\\\/02\\\/IMG-20240216-WA0037.jpg\",\"datePublished\":\"2024-02-17T12:35:45+00:00\",\"dateModified\":\"2024-02-17T12:36:22+00:00\",\"breadcrumb\":{\"@id\":\"https:\\\/\\\/digitalsantotome.com.ar\\\/?p=6141#breadcrumb\"},\"inLanguage\":\"es\",\"potentialAction\":[{\"@type\":\"ReadAction\",\"target\":[\"https:\\\/\\\/digitalsantotome.com.ar\\\/?p=6141\"]}]},{\"@type\":\"ImageObject\",\"inLanguage\":\"es\",\"@id\":\"https:\\\/\\\/digitalsantotome.com.ar\\\/?p=6141#primaryimage\",\"url\":\"https:\\\/\\\/digitalsantotome.com.ar\\\/wp-content\\\/uploads\\\/2024\\\/02\\\/IMG-20240216-WA0037.jpg\",\"contentUrl\":\"https:\\\/\\\/digitalsantotome.com.ar\\\/wp-content\\\/uploads\\\/2024\\\/02\\\/IMG-20240216-WA0037.jpg\",\"width\":1600,\"height\":1067},{\"@type\":\"BreadcrumbList\",\"@id\":\"https:\\\/\\\/digitalsantotome.com.ar\\\/?p=6141#breadcrumb\",\"itemListElement\":[{\"@type\":\"ListItem\",\"position\":1,\"name\":\"Portada\",\"item\":\"https:\\\/\\\/digitalsantotome.com.ar\\\/\"},{\"@type\":\"ListItem\",\"position\":2,\"name\":\"Econ\u00f3micas inici\u00f3 la ambientaci\u00f3n de ingresantes, y el gobierno de Chaco lanz\u00f3 el boleto estudiantil\"}]},{\"@type\":\"WebSite\",\"@id\":\"https:\\\/\\\/digitalsantotome.com.ar\\\/#website\",\"url\":\"https:\\\/\\\/digitalsantotome.com.ar\\\/\",\"name\":\"Digital Santo Tom\u00e9\",\"description\":\"Noticias desde Santo Tom\u00e9 al Mundo \u2013 La informacion que decide\",\"publisher\":{\"@id\":\"https:\\\/\\\/digitalsantotome.com.ar\\\/#organization\"},\"potentialAction\":[{\"@type\":\"SearchAction\",\"target\":{\"@type\":\"EntryPoint\",\"urlTemplate\":\"https:\\\/\\\/digitalsantotome.com.ar\\\/?s={search_term_string}\"},\"query-input\":{\"@type\":\"PropertyValueSpecification\",\"valueRequired\":true,\"valueName\":\"search_term_string\"}}],\"inLanguage\":\"es\"},{\"@type\":\"Organization\",\"@id\":\"https:\\\/\\\/digitalsantotome.com.ar\\\/#organization\",\"name\":\"Digital Santo Tom\u00e9\",\"url\":\"https:\\\/\\\/digitalsantotome.com.ar\\\/\",\"logo\":{\"@type\":\"ImageObject\",\"inLanguage\":\"es\",\"@id\":\"https:\\\/\\\/digitalsantotome.com.ar\\\/#\\\/schema\\\/logo\\\/image\\\/\",\"url\":\"https:\\\/\\\/digitalsantotome.com.ar\\\/wp-content\\\/uploads\\\/2023\\\/01\\\/facebook.jpg\",\"contentUrl\":\"https:\\\/\\\/digitalsantotome.com.ar\\\/wp-content\\\/uploads\\\/2023\\\/01\\\/facebook.jpg\",\"width\":512,\"height\":376,\"caption\":\"Digital Santo Tom\u00e9\"},\"image\":{\"@id\":\"https:\\\/\\\/digitalsantotome.com.ar\\\/#\\\/schema\\\/logo\\\/image\\\/\"}},{\"@type\":\"Person\",\"@id\":\"https:\\\/\\\/digitalsantotome.com.ar\\\/#\\\/schema\\\/person\\\/8991d8822886fedd92ce7f03817e1bdf\",\"name\":\"Jose Carlos Machado\",\"url\":\"https:\\\/\\\/digitalsantotome.com.ar\\\/?author=2\"}]}<\/script>\n<!-- \/ Yoast SEO plugin. -->","yoast_head_json":{"title":"Econ\u00f3micas inici\u00f3 la ambientaci\u00f3n de ingresantes, y el gobierno de Chaco lanz\u00f3 el boleto estudiantil - Digital Santo Tom\u00e9","robots":{"index":"index","follow":"follow","max-snippet":"max-snippet:-1","max-image-preview":"max-image-preview:large","max-video-preview":"max-video-preview:-1"},"canonical":"https:\/\/digitalsantotome.com.ar\/?p=6141","og_locale":"es_ES","og_type":"article","og_title":"Econ\u00f3micas inici\u00f3 la ambientaci\u00f3n de ingresantes, y el gobierno de Chaco lanz\u00f3 el boleto estudiantil - Digital Santo Tom\u00e9","og_description":"CORRIENTES. Con un acto de bienvenida en un Sal\u00f3n Auditorio colmado de ingresantes, la Facultad de Ciencias Econ\u00f3micas de la Universidad Nacional del Nordeste (UNNE) inici\u00f3 el Programa de Ambientaci\u00f3n Universitaria destinado a los inscriptos para cursar las carreras en el marco del ciclo acad\u00e9mico 2024. La apertura del programa estuvo a cargo de las...","og_url":"https:\/\/digitalsantotome.com.ar\/?p=6141","og_site_name":"Digital Santo Tom\u00e9","article_published_time":"2024-02-17T12:35:45+00:00","article_modified_time":"2024-02-17T12:36:22+00:00","og_image":[{"width":1600,"height":1067,"url":"https:\/\/digitalsantotome.com.ar\/wp-content\/uploads\/2024\/02\/IMG-20240216-WA0037.jpg","type":"image\/jpeg"}],"author":"Jose Carlos Machado","twitter_card":"summary_large_image","twitter_misc":{"Escrito por":"Jose Carlos Machado","Tiempo de lectura":"6 minutos"},"schema":{"@context":"https:\/\/schema.org","@graph":[{"@type":"Article","@id":"https:\/\/digitalsantotome.com.ar\/?p=6141#article","isPartOf":{"@id":"https:\/\/digitalsantotome.com.ar\/?p=6141"},"author":{"name":"Jose Carlos Machado","@id":"https:\/\/digitalsantotome.com.ar\/#\/schema\/person\/8991d8822886fedd92ce7f03817e1bdf"},"headline":"Econ\u00f3micas inici\u00f3 la ambientaci\u00f3n de ingresantes, y el gobierno de Chaco lanz\u00f3 el boleto estudiantil","datePublished":"2024-02-17T12:35:45+00:00","dateModified":"2024-02-17T12:36:22+00:00","mainEntityOfPage":{"@id":"https:\/\/digitalsantotome.com.ar\/?p=6141"},"wordCount":1055,"publisher":{"@id":"https:\/\/digitalsantotome.com.ar\/#organization"},"image":{"@id":"https:\/\/digitalsantotome.com.ar\/?p=6141#primaryimage"},"thumbnailUrl":"https:\/\/digitalsantotome.com.ar\/wp-content\/uploads\/2024\/02\/IMG-20240216-WA0037.jpg","articleSection":["Provinciales"],"inLanguage":"es"},{"@type":"WebPage","@id":"https:\/\/digitalsantotome.com.ar\/?p=6141","url":"https:\/\/digitalsantotome.com.ar\/?p=6141","name":"Econ\u00f3micas inici\u00f3 la ambientaci\u00f3n de ingresantes, y el gobierno de Chaco lanz\u00f3 el boleto estudiantil - Digital Santo Tom\u00e9","isPartOf":{"@id":"https:\/\/digitalsantotome.com.ar\/#website"},"primaryImageOfPage":{"@id":"https:\/\/digitalsantotome.com.ar\/?p=6141#primaryimage"},"image":{"@id":"https:\/\/digitalsantotome.com.ar\/?p=6141#primaryimage"},"thumbnailUrl":"https:\/\/digitalsantotome.com.ar\/wp-content\/uploads\/2024\/02\/IMG-20240216-WA0037.jpg","datePublished":"2024-02-17T12:35:45+00:00","dateModified":"2024-02-17T12:36:22+00:00","breadcrumb":{"@id":"https:\/\/digitalsantotome.com.ar\/?p=6141#breadcrumb"},"inLanguage":"es","potentialAction":[{"@type":"ReadAction","target":["https:\/\/digitalsantotome.com.ar\/?p=6141"]}]},{"@type":"ImageObject","inLanguage":"es","@id":"https:\/\/digitalsantotome.com.ar\/?p=6141#primaryimage","url":"https:\/\/digitalsantotome.com.ar\/wp-content\/uploads\/2024\/02\/IMG-20240216-WA0037.jpg","contentUrl":"https:\/\/digitalsantotome.com.ar\/wp-content\/uploads\/2024\/02\/IMG-20240216-WA0037.jpg","width":1600,"height":1067},{"@type":"BreadcrumbList","@id":"https:\/\/digitalsantotome.com.ar\/?p=6141#breadcrumb","itemListElement":[{"@type":"ListItem","position":1,"name":"Portada","item":"https:\/\/digitalsantotome.com.ar\/"},{"@type":"ListItem","position":2,"name":"Econ\u00f3micas inici\u00f3 la ambientaci\u00f3n de ingresantes, y el gobierno de Chaco lanz\u00f3 el boleto estudiantil"}]},{"@type":"WebSite","@id":"https:\/\/digitalsantotome.com.ar\/#website","url":"https:\/\/digitalsantotome.com.ar\/","name":"Digital Santo Tom\u00e9","description":"Noticias desde Santo Tom\u00e9 al Mundo \u2013 La informacion que decide","publisher":{"@id":"https:\/\/digitalsantotome.com.ar\/#organization"},"potentialAction":[{"@type":"SearchAction","target":{"@type":"EntryPoint","urlTemplate":"https:\/\/digitalsantotome.com.ar\/?s={search_term_string}"},"query-input":{"@type":"PropertyValueSpecification","valueRequired":true,"valueName":"search_term_string"}}],"inLanguage":"es"},{"@type":"Organization","@id":"https:\/\/digitalsantotome.com.ar\/#organization","name":"Digital Santo Tom\u00e9","url":"https:\/\/digitalsantotome.com.ar\/","logo":{"@type":"ImageObject","inLanguage":"es","@id":"https:\/\/digitalsantotome.com.ar\/#\/schema\/logo\/image\/","url":"https:\/\/digitalsantotome.com.ar\/wp-content\/uploads\/2023\/01\/facebook.jpg","contentUrl":"https:\/\/digitalsantotome.com.ar\/wp-content\/uploads\/2023\/01\/facebook.jpg","width":512,"height":376,"caption":"Digital Santo Tom\u00e9"},"image":{"@id":"https:\/\/digitalsantotome.com.ar\/#\/schema\/logo\/image\/"}},{"@type":"Person","@id":"https:\/\/digitalsantotome.com.ar\/#\/schema\/person\/8991d8822886fedd92ce7f03817e1bdf","name":"Jose Carlos Machado","url":"https:\/\/digitalsantotome.com.ar\/?author=2"}]}},"_links":{"self":[{"href":"https:\/\/digitalsantotome.com.ar\/index.php?rest_route=\/wp\/v2\/posts\/6141","targetHints":{"allow":["GET"]}}],"collection":[{"href":"https:\/\/digitalsantotome.com.ar\/index.php?rest_route=\/wp\/v2\/posts"}],"about":[{"href":"https:\/\/digitalsantotome.com.ar\/index.php?rest_route=\/wp\/v2\/types\/post"}],"author":[{"embeddable":true,"href":"https:\/\/digitalsantotome.com.ar\/index.php?rest_route=\/wp\/v2\/users\/2"}],"replies":[{"embeddable":true,"href":"https:\/\/digitalsantotome.com.ar\/index.php?rest_route=%2Fwp%2Fv2%2Fcomments&post=6141"}],"version-history":[{"count":1,"href":"https:\/\/digitalsantotome.com.ar\/index.php?rest_route=\/wp\/v2\/posts\/6141\/revisions"}],"predecessor-version":[{"id":6147,"href":"https:\/\/digitalsantotome.com.ar\/index.php?rest_route=\/wp\/v2\/posts\/6141\/revisions\/6147"}],"wp:featuredmedia":[{"embeddable":true,"href":"https:\/\/digitalsantotome.com.ar\/index.php?rest_route=\/wp\/v2\/media\/6142"}],"wp:attachment":[{"href":"https:\/\/digitalsantotome.com.ar\/index.php?rest_route=%2Fwp%2Fv2%2Fmedia&parent=6141"}],"wp:term":[{"taxonomy":"category","embeddable":true,"href":"https:\/\/digitalsantotome.com.ar\/index.php?rest_route=%2Fwp%2Fv2%2Fcategories&post=6141"},{"taxonomy":"post_tag","embeddable":true,"href":"https:\/\/digitalsantotome.com.ar\/index.php?rest_route=%2Fwp%2Fv2%2Ftags&post=6141"}],"curies":[{"name":"wp","href":"https:\/\/api.w.org\/{rel}","templated":true}]}}