{"id":6633,"date":"2024-03-19T15:41:57","date_gmt":"2024-03-19T18:41:57","guid":{"rendered":"https:\/\/digitalsantotome.com.ar\/?p=6633"},"modified":"2024-03-19T15:41:57","modified_gmt":"2024-03-19T18:41:57","slug":"se-entregaron-100-camionetas-nuevas-a-la-policia-de-corrientes","status":"publish","type":"post","link":"https:\/\/digitalsantotome.com.ar\/?p=6633","title":{"rendered":"Se entregaron 100 camionetas nuevas a la Polic\u00eda de Corrientes"},"content":{"rendered":"<p><span lang=\"ES-AR\">CORRIENTES. Con el objetivo de seguir reforzando la seguridad p\u00fablica, el gobernador Gustavo Vald\u00e9s presidi\u00f3 este lunes en Capital la entrega de 100 camionetas 4&#215;4 a la Polic\u00eda de Corrientes. Con una fuerte inversi\u00f3n de 2.500 millones de pesos, las mismas permitir\u00e1n brindar un accionar policial inmediato, eficaz y preventivo. En la oportunidad, el mandatario anunci\u00f3 que pr\u00f3ximamente se adquirir\u00e1n otras 100 camionetas, 50 autom\u00f3viles y 250 motocicletas para la fuerza.<\/span><\/p>\n<p><span lang=\"ES-AR\">Dirigi\u00e9ndose a los presentes, el gobernador Vald\u00e9s dijo que esta entrega es otro paso fundamental para darle a la Polic\u00eda de Corrientes \u201cmayor fuerza operativa\u201d. \u201cQueremos que con estos veh\u00edculos haya mayor prevenci\u00f3n del delito y, en el caso que ocurran, estemos en el lugar lo m\u00e1s antes posible\u201d, manifest\u00f3.<\/span><\/p>\n<p><span lang=\"ES-AR\">Estas nuevas unidades son pick ups Ford Ranger, tracci\u00f3n 4&#215;4, motor 2.0 turbo diesel. El mandatario inform\u00f3 que 25 de \u00e9stas van a estar destinadas a las distintas unidades del PRIAR en la provincia, para que en las zonas rurales \u201ctengamos rodados de primera calidad, porque la lucha contra el abigeato tiene que ser de lleno y contundente\u201d.<\/span><\/p>\n<p><span lang=\"ES-AR\">A su vez, Vald\u00e9s anunci\u00f3 que dio instrucciones al Ministerio de Hacienda, para que se destinen los fondos necesarios para adquirir otras 100 camionetas, 50 autos y 250 motocicletas para la Polic\u00eda de Corrientes, en otra fuerte inversi\u00f3n en beneficio de todo el sistema de seguridad p\u00fablica integral.<\/span><\/p>\n<p><span lang=\"ES-AR\">Prosiguiendo con sus palabras, el gobernador precis\u00f3 que la Polic\u00eda de Corrientes tiene hoy 2.000 efectivos en Escuela que se suman a los 9.000 que tiene en actividad.<\/span><\/p>\n<p><span lang=\"ES-AR\">\u201cVamos a tener pr\u00f3ximamente con 11.000 efectivos, sin contar a aquellos que son miembros del Servicio Penitenciario, que llegan a 2.500\u201d, detall\u00f3, acotando que en total \u201cvamos a disponer de 14.500 efectivos policiales en nuestro sistema de seguridad\u201d.<\/span><\/p>\n<p><span lang=\"ES-AR\">Seguidamente, Vald\u00e9s asegur\u00f3 que la Provincia trabaja para fortalecer la labor de las Unidades de Lucha contra el Fuego a cargo de la Polic\u00eda de Corrientes que salen en apoyo de los Bomberos Voluntarios y, en ese sentido, afirm\u00f3 que se est\u00e1n terminando los tr\u00e1mites de importaci\u00f3n para incorporar 25 autobombas \u201cque estaban trabadas en la Aduana maliciosamente por el Gobierno anterior\u201d. \u201cCon este nuevo Gobierno nacional estamos simplificando los tr\u00e1mites y en poco tiempo m\u00e1s vamos a contar con esas unidades\u201d, asever\u00f3.<\/span><\/p>\n<p><span lang=\"ES-AR\">\u201cQueremos como gobierno que act\u00faen con firmeza ante el delito, dentro del marco de la ley, ya que hoy la ciudadan\u00eda demanda mayor seguridad. Que la Polic\u00eda est\u00e9 atenta el llamado de cada vecino a trav\u00e9s del 911 y que el patrullaje sea permanente y eficiente. Que los vecinos se sientan custodiados por la fuerza policial\u201d.<\/span><\/p>\n<p><span lang=\"ES-AR\">En otra parte de su alocuci\u00f3n, el gobernador pidi\u00f3 a la ciudadan\u00eda la m\u00e1xima colaboraci\u00f3n para con la Polic\u00eda y que sepan que \u201ccuando est\u00e1 un efectivo, est\u00e1 la ley, la Constituci\u00f3n y el gobierno, para defender y garantizar cada uno de los derechos y para resguardar los bienes y la integridad f\u00edsica de la poblaci\u00f3n\u201d.<\/span><\/p>\n<p><span lang=\"ES-AR\">Finalizando, inst\u00f3 a construir todos juntos \u201cun mejor sistema de seguridad\u201d que garantice \u201cvivir en paz y armon\u00eda\u201d.<\/span><\/p>\n<p><strong><span lang=\"ES-AR\">Ministro de Seguridad y jefe de la Polic\u00eda<\/span><\/strong><\/p>\n<p><span lang=\"ES-AR\">\u201cLe pido al personal policial que cuide estos recursos materiales\u201d, inst\u00f3 el jefe de la Polic\u00eda de Corrientes, Arnaldo Molina, a la vez que solicit\u00f3 que los efectivos \u201csalgan a trabajar a la v\u00eda p\u00fablica y tengan comunicaci\u00f3n con los vecinos\u201d.<\/span><\/p>\n<p><span lang=\"ES-AR\">Por otra parte, manifest\u00f3 \u201cla importancia de estos veh\u00edculos para la prevenci\u00f3n y la seguridad p\u00fablica\u201d.<\/span><\/p>\n<p><span lang=\"ES-AR\">Por su parte, el titular de Seguridad, Buenaventura Duarte valor\u00f3 la adquisici\u00f3n de los nuevos patrulleros \u201cen esta \u00e9poca tan dif\u00edcil\u201d por la coyuntura econ\u00f3mica, y destac\u00f3 \u201cel aporte de cada uno de los correntinos\u201d.<\/span><\/p>\n<p><span lang=\"ES-AR\">Asimismo, Duarte dio cuenta que se ha designado a un oficial en jefe \u201cpara que controle estos veh\u00edculos\u201d, y eleve peri\u00f3dicamente un informe a la Jefatura de la Polic\u00eda sobre el estado de los mismos.<\/span><\/p>\n<p><strong><span lang=\"ES-AR\">Presencias<\/span><\/strong><\/p>\n<p><span lang=\"ES-AR\">Tambi\u00e9n participaron del acto, el vicegobernador, Pedro Braillard Poccard, el viceintendente, Emilio Lanari, ministros, secretarios y subsecretarios del Gabinete provincial, legisladores provinciales, concejales, intendentes del interior provincial, dem\u00e1s autoridades y directores generales de la Polic\u00eda de Corrientes, jefes de Unidades Regionales, personal superior y subalterno y p\u00fablico en general<\/span><\/p>\n<p>&nbsp;<\/p>\n","protected":false},"excerpt":{"rendered":"<p>CORRIENTES. Con el objetivo de seguir reforzando la seguridad p\u00fablica, el gobernador Gustavo Vald\u00e9s presidi\u00f3 este lunes en Capital la entrega de 100 camionetas 4&#215;4 a la Polic\u00eda de Corrientes. Con una fuerte inversi\u00f3n de 2.500 millones de pesos, las mismas permitir\u00e1n brindar un accionar policial inmediato, eficaz y preventivo. En la oportunidad, el mandatario&#8230;<\/p>\n","protected":false},"author":2,"featured_media":6634,"comment_status":"closed","ping_status":"closed","sticky":false,"template":"","format":"standard","meta":{"_kad_post_transparent":"default","_kad_post_title":"default","_kad_post_layout":"default","_kad_post_sidebar_id":"","_kad_post_content_style":"default","_kad_post_vertical_padding":"default","_kad_post_feature":"","_kad_post_feature_position":"","_kad_post_header":false,"_kad_post_footer":false,"_kad_post_classname":"","footnotes":""},"categories":[2],"tags":[],"class_list":["post-6633","post","type-post","status-publish","format-standard","has-post-thumbnail","hentry","category-provinciales"],"a3_pvc":{"activated":false,"total_views":0,"today_views":0},"yoast_head":"<!-- This site is optimized with the Yoast SEO plugin v27.5 - https:\/\/yoast.com\/product\/yoast-seo-wordpress\/ -->\n<title>Se entregaron 100 camionetas nuevas a la Polic\u00eda de Corrientes - Digital Santo Tom\u00e9<\/title>\n<meta name=\"robots\" content=\"index, follow, max-snippet:-1, max-image-preview:large, max-video-preview:-1\" \/>\n<link rel=\"canonical\" href=\"https:\/\/digitalsantotome.com.ar\/?p=6633\" \/>\n<meta property=\"og:locale\" content=\"es_ES\" \/>\n<meta property=\"og:type\" content=\"article\" \/>\n<meta property=\"og:title\" content=\"Se entregaron 100 camionetas nuevas a la Polic\u00eda de Corrientes - Digital Santo Tom\u00e9\" \/>\n<meta property=\"og:description\" content=\"CORRIENTES. Con el objetivo de seguir reforzando la seguridad p\u00fablica, el gobernador Gustavo Vald\u00e9s presidi\u00f3 este lunes en Capital la entrega de 100 camionetas 4&#215;4 a la Polic\u00eda de Corrientes. Con una fuerte inversi\u00f3n de 2.500 millones de pesos, las mismas permitir\u00e1n brindar un accionar policial inmediato, eficaz y preventivo. En la oportunidad, el mandatario...\" \/>\n<meta property=\"og:url\" content=\"https:\/\/digitalsantotome.com.ar\/?p=6633\" \/>\n<meta property=\"og:site_name\" content=\"Digital Santo Tom\u00e9\" \/>\n<meta property=\"article:published_time\" content=\"2024-03-19T18:41:57+00:00\" \/>\n<meta property=\"og:image\" content=\"https:\/\/digitalsantotome.com.ar\/wp-content\/uploads\/2024\/03\/imagen-65011.jpg\" \/>\n\t<meta property=\"og:image:width\" content=\"800\" \/>\n\t<meta property=\"og:image:height\" content=\"533\" \/>\n\t<meta property=\"og:image:type\" content=\"image\/jpeg\" \/>\n<meta name=\"author\" content=\"Jose Carlos Machado\" \/>\n<meta name=\"twitter:card\" content=\"summary_large_image\" \/>\n<meta name=\"twitter:label1\" content=\"Escrito por\" \/>\n\t<meta name=\"twitter:data1\" content=\"Jose Carlos Machado\" \/>\n\t<meta name=\"twitter:label2\" content=\"Tiempo de lectura\" \/>\n\t<meta name=\"twitter:data2\" content=\"4 minutos\" \/>\n<script type=\"application\/ld+json\" class=\"yoast-schema-graph\">{\"@context\":\"https:\\\/\\\/schema.org\",\"@graph\":[{\"@type\":\"Article\",\"@id\":\"https:\\\/\\\/digitalsantotome.com.ar\\\/?p=6633#article\",\"isPartOf\":{\"@id\":\"https:\\\/\\\/digitalsantotome.com.ar\\\/?p=6633\"},\"author\":{\"name\":\"Jose Carlos Machado\",\"@id\":\"https:\\\/\\\/digitalsantotome.com.ar\\\/#\\\/schema\\\/person\\\/8991d8822886fedd92ce7f03817e1bdf\"},\"headline\":\"Se entregaron 100 camionetas nuevas a la Polic\u00eda de Corrientes\",\"datePublished\":\"2024-03-19T18:41:57+00:00\",\"mainEntityOfPage\":{\"@id\":\"https:\\\/\\\/digitalsantotome.com.ar\\\/?p=6633\"},\"wordCount\":744,\"publisher\":{\"@id\":\"https:\\\/\\\/digitalsantotome.com.ar\\\/#organization\"},\"image\":{\"@id\":\"https:\\\/\\\/digitalsantotome.com.ar\\\/?p=6633#primaryimage\"},\"thumbnailUrl\":\"https:\\\/\\\/digitalsantotome.com.ar\\\/wp-content\\\/uploads\\\/2024\\\/03\\\/imagen-65011.jpg\",\"articleSection\":[\"Provinciales\"],\"inLanguage\":\"es\"},{\"@type\":\"WebPage\",\"@id\":\"https:\\\/\\\/digitalsantotome.com.ar\\\/?p=6633\",\"url\":\"https:\\\/\\\/digitalsantotome.com.ar\\\/?p=6633\",\"name\":\"Se entregaron 100 camionetas nuevas a la Polic\u00eda de Corrientes - Digital Santo Tom\u00e9\",\"isPartOf\":{\"@id\":\"https:\\\/\\\/digitalsantotome.com.ar\\\/#website\"},\"primaryImageOfPage\":{\"@id\":\"https:\\\/\\\/digitalsantotome.com.ar\\\/?p=6633#primaryimage\"},\"image\":{\"@id\":\"https:\\\/\\\/digitalsantotome.com.ar\\\/?p=6633#primaryimage\"},\"thumbnailUrl\":\"https:\\\/\\\/digitalsantotome.com.ar\\\/wp-content\\\/uploads\\\/2024\\\/03\\\/imagen-65011.jpg\",\"datePublished\":\"2024-03-19T18:41:57+00:00\",\"breadcrumb\":{\"@id\":\"https:\\\/\\\/digitalsantotome.com.ar\\\/?p=6633#breadcrumb\"},\"inLanguage\":\"es\",\"potentialAction\":[{\"@type\":\"ReadAction\",\"target\":[\"https:\\\/\\\/digitalsantotome.com.ar\\\/?p=6633\"]}]},{\"@type\":\"ImageObject\",\"inLanguage\":\"es\",\"@id\":\"https:\\\/\\\/digitalsantotome.com.ar\\\/?p=6633#primaryimage\",\"url\":\"https:\\\/\\\/digitalsantotome.com.ar\\\/wp-content\\\/uploads\\\/2024\\\/03\\\/imagen-65011.jpg\",\"contentUrl\":\"https:\\\/\\\/digitalsantotome.com.ar\\\/wp-content\\\/uploads\\\/2024\\\/03\\\/imagen-65011.jpg\",\"width\":800,\"height\":533},{\"@type\":\"BreadcrumbList\",\"@id\":\"https:\\\/\\\/digitalsantotome.com.ar\\\/?p=6633#breadcrumb\",\"itemListElement\":[{\"@type\":\"ListItem\",\"position\":1,\"name\":\"Portada\",\"item\":\"https:\\\/\\\/digitalsantotome.com.ar\\\/\"},{\"@type\":\"ListItem\",\"position\":2,\"name\":\"Se entregaron 100 camionetas nuevas a la Polic\u00eda de Corrientes\"}]},{\"@type\":\"WebSite\",\"@id\":\"https:\\\/\\\/digitalsantotome.com.ar\\\/#website\",\"url\":\"https:\\\/\\\/digitalsantotome.com.ar\\\/\",\"name\":\"Digital Santo Tom\u00e9\",\"description\":\"Noticias desde Santo Tom\u00e9 al Mundo \u2013 La informacion que decide\",\"publisher\":{\"@id\":\"https:\\\/\\\/digitalsantotome.com.ar\\\/#organization\"},\"potentialAction\":[{\"@type\":\"SearchAction\",\"target\":{\"@type\":\"EntryPoint\",\"urlTemplate\":\"https:\\\/\\\/digitalsantotome.com.ar\\\/?s={search_term_string}\"},\"query-input\":{\"@type\":\"PropertyValueSpecification\",\"valueRequired\":true,\"valueName\":\"search_term_string\"}}],\"inLanguage\":\"es\"},{\"@type\":\"Organization\",\"@id\":\"https:\\\/\\\/digitalsantotome.com.ar\\\/#organization\",\"name\":\"Digital Santo Tom\u00e9\",\"url\":\"https:\\\/\\\/digitalsantotome.com.ar\\\/\",\"logo\":{\"@type\":\"ImageObject\",\"inLanguage\":\"es\",\"@id\":\"https:\\\/\\\/digitalsantotome.com.ar\\\/#\\\/schema\\\/logo\\\/image\\\/\",\"url\":\"https:\\\/\\\/digitalsantotome.com.ar\\\/wp-content\\\/uploads\\\/2023\\\/01\\\/facebook.jpg\",\"contentUrl\":\"https:\\\/\\\/digitalsantotome.com.ar\\\/wp-content\\\/uploads\\\/2023\\\/01\\\/facebook.jpg\",\"width\":512,\"height\":376,\"caption\":\"Digital Santo Tom\u00e9\"},\"image\":{\"@id\":\"https:\\\/\\\/digitalsantotome.com.ar\\\/#\\\/schema\\\/logo\\\/image\\\/\"}},{\"@type\":\"Person\",\"@id\":\"https:\\\/\\\/digitalsantotome.com.ar\\\/#\\\/schema\\\/person\\\/8991d8822886fedd92ce7f03817e1bdf\",\"name\":\"Jose Carlos Machado\",\"url\":\"https:\\\/\\\/digitalsantotome.com.ar\\\/?author=2\"}]}<\/script>\n<!-- \/ Yoast SEO plugin. -->","yoast_head_json":{"title":"Se entregaron 100 camionetas nuevas a la Polic\u00eda de Corrientes - Digital Santo Tom\u00e9","robots":{"index":"index","follow":"follow","max-snippet":"max-snippet:-1","max-image-preview":"max-image-preview:large","max-video-preview":"max-video-preview:-1"},"canonical":"https:\/\/digitalsantotome.com.ar\/?p=6633","og_locale":"es_ES","og_type":"article","og_title":"Se entregaron 100 camionetas nuevas a la Polic\u00eda de Corrientes - Digital Santo Tom\u00e9","og_description":"CORRIENTES. Con el objetivo de seguir reforzando la seguridad p\u00fablica, el gobernador Gustavo Vald\u00e9s presidi\u00f3 este lunes en Capital la entrega de 100 camionetas 4&#215;4 a la Polic\u00eda de Corrientes. Con una fuerte inversi\u00f3n de 2.500 millones de pesos, las mismas permitir\u00e1n brindar un accionar policial inmediato, eficaz y preventivo. En la oportunidad, el mandatario...","og_url":"https:\/\/digitalsantotome.com.ar\/?p=6633","og_site_name":"Digital Santo Tom\u00e9","article_published_time":"2024-03-19T18:41:57+00:00","og_image":[{"width":800,"height":533,"url":"https:\/\/digitalsantotome.com.ar\/wp-content\/uploads\/2024\/03\/imagen-65011.jpg","type":"image\/jpeg"}],"author":"Jose Carlos Machado","twitter_card":"summary_large_image","twitter_misc":{"Escrito por":"Jose Carlos Machado","Tiempo de lectura":"4 minutos"},"schema":{"@context":"https:\/\/schema.org","@graph":[{"@type":"Article","@id":"https:\/\/digitalsantotome.com.ar\/?p=6633#article","isPartOf":{"@id":"https:\/\/digitalsantotome.com.ar\/?p=6633"},"author":{"name":"Jose Carlos Machado","@id":"https:\/\/digitalsantotome.com.ar\/#\/schema\/person\/8991d8822886fedd92ce7f03817e1bdf"},"headline":"Se entregaron 100 camionetas nuevas a la Polic\u00eda de Corrientes","datePublished":"2024-03-19T18:41:57+00:00","mainEntityOfPage":{"@id":"https:\/\/digitalsantotome.com.ar\/?p=6633"},"wordCount":744,"publisher":{"@id":"https:\/\/digitalsantotome.com.ar\/#organization"},"image":{"@id":"https:\/\/digitalsantotome.com.ar\/?p=6633#primaryimage"},"thumbnailUrl":"https:\/\/digitalsantotome.com.ar\/wp-content\/uploads\/2024\/03\/imagen-65011.jpg","articleSection":["Provinciales"],"inLanguage":"es"},{"@type":"WebPage","@id":"https:\/\/digitalsantotome.com.ar\/?p=6633","url":"https:\/\/digitalsantotome.com.ar\/?p=6633","name":"Se entregaron 100 camionetas nuevas a la Polic\u00eda de Corrientes - Digital Santo Tom\u00e9","isPartOf":{"@id":"https:\/\/digitalsantotome.com.ar\/#website"},"primaryImageOfPage":{"@id":"https:\/\/digitalsantotome.com.ar\/?p=6633#primaryimage"},"image":{"@id":"https:\/\/digitalsantotome.com.ar\/?p=6633#primaryimage"},"thumbnailUrl":"https:\/\/digitalsantotome.com.ar\/wp-content\/uploads\/2024\/03\/imagen-65011.jpg","datePublished":"2024-03-19T18:41:57+00:00","breadcrumb":{"@id":"https:\/\/digitalsantotome.com.ar\/?p=6633#breadcrumb"},"inLanguage":"es","potentialAction":[{"@type":"ReadAction","target":["https:\/\/digitalsantotome.com.ar\/?p=6633"]}]},{"@type":"ImageObject","inLanguage":"es","@id":"https:\/\/digitalsantotome.com.ar\/?p=6633#primaryimage","url":"https:\/\/digitalsantotome.com.ar\/wp-content\/uploads\/2024\/03\/imagen-65011.jpg","contentUrl":"https:\/\/digitalsantotome.com.ar\/wp-content\/uploads\/2024\/03\/imagen-65011.jpg","width":800,"height":533},{"@type":"BreadcrumbList","@id":"https:\/\/digitalsantotome.com.ar\/?p=6633#breadcrumb","itemListElement":[{"@type":"ListItem","position":1,"name":"Portada","item":"https:\/\/digitalsantotome.com.ar\/"},{"@type":"ListItem","position":2,"name":"Se entregaron 100 camionetas nuevas a la Polic\u00eda de Corrientes"}]},{"@type":"WebSite","@id":"https:\/\/digitalsantotome.com.ar\/#website","url":"https:\/\/digitalsantotome.com.ar\/","name":"Digital Santo Tom\u00e9","description":"Noticias desde Santo Tom\u00e9 al Mundo \u2013 La informacion que decide","publisher":{"@id":"https:\/\/digitalsantotome.com.ar\/#organization"},"potentialAction":[{"@type":"SearchAction","target":{"@type":"EntryPoint","urlTemplate":"https:\/\/digitalsantotome.com.ar\/?s={search_term_string}"},"query-input":{"@type":"PropertyValueSpecification","valueRequired":true,"valueName":"search_term_string"}}],"inLanguage":"es"},{"@type":"Organization","@id":"https:\/\/digitalsantotome.com.ar\/#organization","name":"Digital Santo Tom\u00e9","url":"https:\/\/digitalsantotome.com.ar\/","logo":{"@type":"ImageObject","inLanguage":"es","@id":"https:\/\/digitalsantotome.com.ar\/#\/schema\/logo\/image\/","url":"https:\/\/digitalsantotome.com.ar\/wp-content\/uploads\/2023\/01\/facebook.jpg","contentUrl":"https:\/\/digitalsantotome.com.ar\/wp-content\/uploads\/2023\/01\/facebook.jpg","width":512,"height":376,"caption":"Digital Santo Tom\u00e9"},"image":{"@id":"https:\/\/digitalsantotome.com.ar\/#\/schema\/logo\/image\/"}},{"@type":"Person","@id":"https:\/\/digitalsantotome.com.ar\/#\/schema\/person\/8991d8822886fedd92ce7f03817e1bdf","name":"Jose Carlos Machado","url":"https:\/\/digitalsantotome.com.ar\/?author=2"}]}},"_links":{"self":[{"href":"https:\/\/digitalsantotome.com.ar\/index.php?rest_route=\/wp\/v2\/posts\/6633","targetHints":{"allow":["GET"]}}],"collection":[{"href":"https:\/\/digitalsantotome.com.ar\/index.php?rest_route=\/wp\/v2\/posts"}],"about":[{"href":"https:\/\/digitalsantotome.com.ar\/index.php?rest_route=\/wp\/v2\/types\/post"}],"author":[{"embeddable":true,"href":"https:\/\/digitalsantotome.com.ar\/index.php?rest_route=\/wp\/v2\/users\/2"}],"replies":[{"embeddable":true,"href":"https:\/\/digitalsantotome.com.ar\/index.php?rest_route=%2Fwp%2Fv2%2Fcomments&post=6633"}],"version-history":[{"count":1,"href":"https:\/\/digitalsantotome.com.ar\/index.php?rest_route=\/wp\/v2\/posts\/6633\/revisions"}],"predecessor-version":[{"id":6635,"href":"https:\/\/digitalsantotome.com.ar\/index.php?rest_route=\/wp\/v2\/posts\/6633\/revisions\/6635"}],"wp:featuredmedia":[{"embeddable":true,"href":"https:\/\/digitalsantotome.com.ar\/index.php?rest_route=\/wp\/v2\/media\/6634"}],"wp:attachment":[{"href":"https:\/\/digitalsantotome.com.ar\/index.php?rest_route=%2Fwp%2Fv2%2Fmedia&parent=6633"}],"wp:term":[{"taxonomy":"category","embeddable":true,"href":"https:\/\/digitalsantotome.com.ar\/index.php?rest_route=%2Fwp%2Fv2%2Fcategories&post=6633"},{"taxonomy":"post_tag","embeddable":true,"href":"https:\/\/digitalsantotome.com.ar\/index.php?rest_route=%2Fwp%2Fv2%2Ftags&post=6633"}],"curies":[{"name":"wp","href":"https:\/\/api.w.org\/{rel}","templated":true}]}}