{"id":6732,"date":"2024-03-26T16:27:22","date_gmt":"2024-03-26T19:27:22","guid":{"rendered":"https:\/\/digitalsantotome.com.ar\/?p=6732"},"modified":"2024-03-26T16:27:22","modified_gmt":"2024-03-26T19:27:22","slug":"estudian-mecanismos-para-fortalecer-la-planilla-de-medicos-en-el-sistema-de-salud-publica","status":"publish","type":"post","link":"https:\/\/digitalsantotome.com.ar\/?p=6732","title":{"rendered":"Estudian mecanismos para fortalecer la planilla de m\u00e9dicos en el sistema de Salud P\u00fablica"},"content":{"rendered":"<div class=\"row\">\n<div id=\"conte\" class=\"span6 base\">\n<p>CORRIENTES. El Ministerio de Salud estudia con las universidades del Nordeste y Barcel\u00f3 estrategias para que los residentes de ambas casas acad\u00e9micas culminen sus estudios en localidades del Interior de la Provincia, con el objeto de sumar personal m\u00e9dico a las instituciones que lo requieran.<\/p>\n<p>El ministro Ricardo Cardozo adelant\u00f3 en declaraciones a momarandu.com conversaciones con ambas casas acad\u00e9micas, desde donde se dispondr\u00eda para tal fin a cursantes de los \u00faltimos a\u00f1os de Medicina, adem\u00e1s, como estrategia social de arraigo para quienes estudian especialidades en la Capital, pero son oriundos del Interior.<\/p>\n<p>\u00abLos chicos que vienen a quedarse en capital, y nos cuesta much\u00edsimo poder insertarlos en el interior, hay provincias que hace cinco a\u00f1os que no tienen m\u00e9dicos en poblaciones, en muchas poblaciones del interior de sus provincias\u00bb, manfest\u00f3 al respecto el ministro Cardozo, y remarc\u00f3: \u00abTenemos m\u00e9dicos en todas las poblaciones, pero a veces el n\u00famero no es suficiente\u00bb.<\/p>\n<p>El ministro afirm\u00f3 que hoy hay \u00abm\u00e9dicos en especialidades b\u00e1sicas, como pediatr\u00eda, cl\u00ednica y medicina general\u00bb sobre los que los intentos de arraigo de \u00abninguna son efectivos\u00bb, y remarc\u00f3: existe \u00abun compromiso de todos para poder trabajar en conjunto y ver de qu\u00e9 manera la naci\u00f3n nos puede ayudar\u00bb.<\/p>\n<p>\u00abHemos intentado proponer a los residentes devolver durante uno o dos a\u00f1os, pero eso inclusive est\u00e1 ce\u00f1ido un poco con la libertad de trabajo\u00bb, indic\u00f3 el ministro, y agreg\u00f3: \u00abAhora estamos intentando ver con la residencia que es de cuatro a\u00f1os, se pueda cursar en el \u00faltimo a\u00f1o de manera obligatoria, para los residentes en el interior de la provincia\u00bb.<\/p>\n<p>\u00abEso va a poder ser factible, as\u00ed que estamos trabajando muy fuerte en ello, porque significar\u00eda una inyecci\u00f3n de recursos humanos\u00bb, enfatiz\u00f3.<\/p>\n<p>\u00abEstamos viendo las normas para poder hacer bien las cosas\u00bb, dijo Cardozo y a\u00f1adi\u00f3: \u00abHemos hecho un convenio con la Facultad de Medicina de la UNNE y tambi\u00e9n con la Facultad de la Barcel\u00f3. Hoy estamos recibiendo cursantes del \u00faltimo a\u00f1o de ambas facultades\u00bb.<\/p>\n<p>\u00abEn muchos hospitales del interior, nos ha venido a aliviar much\u00edsimo la tarea de nuestros m\u00e9dicos\u00bb, sostuvo.<\/p>\n<\/div>\n<\/div>\n","protected":false},"excerpt":{"rendered":"<p>CORRIENTES. El Ministerio de Salud estudia con las universidades del Nordeste y Barcel\u00f3 estrategias para que los residentes de ambas casas acad\u00e9micas culminen sus estudios en localidades del Interior de la Provincia, con el objeto de sumar personal m\u00e9dico a las instituciones que lo requieran. El ministro Ricardo Cardozo adelant\u00f3 en declaraciones a momarandu.com conversaciones&#8230;<\/p>\n","protected":false},"author":2,"featured_media":6733,"comment_status":"closed","ping_status":"closed","sticky":false,"template":"","format":"standard","meta":{"_kad_post_transparent":"default","_kad_post_title":"default","_kad_post_layout":"default","_kad_post_sidebar_id":"","_kad_post_content_style":"default","_kad_post_vertical_padding":"default","_kad_post_feature":"","_kad_post_feature_position":"","_kad_post_header":false,"_kad_post_footer":false,"_kad_post_classname":"","footnotes":""},"categories":[2],"tags":[],"class_list":["post-6732","post","type-post","status-publish","format-standard","has-post-thumbnail","hentry","category-provinciales"],"a3_pvc":{"activated":false,"total_views":0,"today_views":0},"yoast_head":"<!-- This site is optimized with the Yoast SEO plugin v27.5 - https:\/\/yoast.com\/product\/yoast-seo-wordpress\/ -->\n<title>Estudian mecanismos para fortalecer la planilla de m\u00e9dicos en el sistema de Salud P\u00fablica - Digital Santo Tom\u00e9<\/title>\n<meta name=\"robots\" content=\"index, follow, max-snippet:-1, max-image-preview:large, max-video-preview:-1\" \/>\n<link rel=\"canonical\" href=\"https:\/\/digitalsantotome.com.ar\/?p=6732\" \/>\n<meta property=\"og:locale\" content=\"es_ES\" \/>\n<meta property=\"og:type\" content=\"article\" \/>\n<meta property=\"og:title\" content=\"Estudian mecanismos para fortalecer la planilla de m\u00e9dicos en el sistema de Salud P\u00fablica - Digital Santo Tom\u00e9\" \/>\n<meta property=\"og:description\" content=\"CORRIENTES. El Ministerio de Salud estudia con las universidades del Nordeste y Barcel\u00f3 estrategias para que los residentes de ambas casas acad\u00e9micas culminen sus estudios en localidades del Interior de la Provincia, con el objeto de sumar personal m\u00e9dico a las instituciones que lo requieran. El ministro Ricardo Cardozo adelant\u00f3 en declaraciones a momarandu.com conversaciones...\" \/>\n<meta property=\"og:url\" content=\"https:\/\/digitalsantotome.com.ar\/?p=6732\" \/>\n<meta property=\"og:site_name\" content=\"Digital Santo Tom\u00e9\" \/>\n<meta property=\"article:published_time\" content=\"2024-03-26T19:27:22+00:00\" \/>\n<meta property=\"og:image\" content=\"https:\/\/digitalsantotome.com.ar\/wp-content\/uploads\/2024\/03\/medico_consulta_saude.webp\" \/>\n\t<meta property=\"og:image:width\" content=\"1220\" \/>\n\t<meta property=\"og:image:height\" content=\"674\" \/>\n\t<meta property=\"og:image:type\" content=\"image\/webp\" \/>\n<meta name=\"author\" content=\"Jose Carlos Machado\" \/>\n<meta name=\"twitter:card\" content=\"summary_large_image\" \/>\n<meta name=\"twitter:label1\" content=\"Escrito por\" \/>\n\t<meta name=\"twitter:data1\" content=\"Jose Carlos Machado\" \/>\n\t<meta name=\"twitter:label2\" content=\"Tiempo de lectura\" \/>\n\t<meta name=\"twitter:data2\" content=\"2 minutos\" \/>\n<script type=\"application\/ld+json\" class=\"yoast-schema-graph\">{\"@context\":\"https:\\\/\\\/schema.org\",\"@graph\":[{\"@type\":\"Article\",\"@id\":\"https:\\\/\\\/digitalsantotome.com.ar\\\/?p=6732#article\",\"isPartOf\":{\"@id\":\"https:\\\/\\\/digitalsantotome.com.ar\\\/?p=6732\"},\"author\":{\"name\":\"Jose Carlos Machado\",\"@id\":\"https:\\\/\\\/digitalsantotome.com.ar\\\/#\\\/schema\\\/person\\\/8991d8822886fedd92ce7f03817e1bdf\"},\"headline\":\"Estudian mecanismos para fortalecer la planilla de m\u00e9dicos en el sistema de Salud P\u00fablica\",\"datePublished\":\"2024-03-26T19:27:22+00:00\",\"mainEntityOfPage\":{\"@id\":\"https:\\\/\\\/digitalsantotome.com.ar\\\/?p=6732\"},\"wordCount\":387,\"publisher\":{\"@id\":\"https:\\\/\\\/digitalsantotome.com.ar\\\/#organization\"},\"image\":{\"@id\":\"https:\\\/\\\/digitalsantotome.com.ar\\\/?p=6732#primaryimage\"},\"thumbnailUrl\":\"https:\\\/\\\/digitalsantotome.com.ar\\\/wp-content\\\/uploads\\\/2024\\\/03\\\/medico_consulta_saude.webp\",\"articleSection\":[\"Provinciales\"],\"inLanguage\":\"es\"},{\"@type\":\"WebPage\",\"@id\":\"https:\\\/\\\/digitalsantotome.com.ar\\\/?p=6732\",\"url\":\"https:\\\/\\\/digitalsantotome.com.ar\\\/?p=6732\",\"name\":\"Estudian mecanismos para fortalecer la planilla de m\u00e9dicos en el sistema de Salud P\u00fablica - Digital Santo Tom\u00e9\",\"isPartOf\":{\"@id\":\"https:\\\/\\\/digitalsantotome.com.ar\\\/#website\"},\"primaryImageOfPage\":{\"@id\":\"https:\\\/\\\/digitalsantotome.com.ar\\\/?p=6732#primaryimage\"},\"image\":{\"@id\":\"https:\\\/\\\/digitalsantotome.com.ar\\\/?p=6732#primaryimage\"},\"thumbnailUrl\":\"https:\\\/\\\/digitalsantotome.com.ar\\\/wp-content\\\/uploads\\\/2024\\\/03\\\/medico_consulta_saude.webp\",\"datePublished\":\"2024-03-26T19:27:22+00:00\",\"breadcrumb\":{\"@id\":\"https:\\\/\\\/digitalsantotome.com.ar\\\/?p=6732#breadcrumb\"},\"inLanguage\":\"es\",\"potentialAction\":[{\"@type\":\"ReadAction\",\"target\":[\"https:\\\/\\\/digitalsantotome.com.ar\\\/?p=6732\"]}]},{\"@type\":\"ImageObject\",\"inLanguage\":\"es\",\"@id\":\"https:\\\/\\\/digitalsantotome.com.ar\\\/?p=6732#primaryimage\",\"url\":\"https:\\\/\\\/digitalsantotome.com.ar\\\/wp-content\\\/uploads\\\/2024\\\/03\\\/medico_consulta_saude.webp\",\"contentUrl\":\"https:\\\/\\\/digitalsantotome.com.ar\\\/wp-content\\\/uploads\\\/2024\\\/03\\\/medico_consulta_saude.webp\",\"width\":1220,\"height\":674},{\"@type\":\"BreadcrumbList\",\"@id\":\"https:\\\/\\\/digitalsantotome.com.ar\\\/?p=6732#breadcrumb\",\"itemListElement\":[{\"@type\":\"ListItem\",\"position\":1,\"name\":\"Portada\",\"item\":\"https:\\\/\\\/digitalsantotome.com.ar\\\/\"},{\"@type\":\"ListItem\",\"position\":2,\"name\":\"Estudian mecanismos para fortalecer la planilla de m\u00e9dicos en el sistema de Salud P\u00fablica\"}]},{\"@type\":\"WebSite\",\"@id\":\"https:\\\/\\\/digitalsantotome.com.ar\\\/#website\",\"url\":\"https:\\\/\\\/digitalsantotome.com.ar\\\/\",\"name\":\"Digital Santo Tom\u00e9\",\"description\":\"Noticias desde Santo Tom\u00e9 al Mundo \u2013 La informacion que decide\",\"publisher\":{\"@id\":\"https:\\\/\\\/digitalsantotome.com.ar\\\/#organization\"},\"potentialAction\":[{\"@type\":\"SearchAction\",\"target\":{\"@type\":\"EntryPoint\",\"urlTemplate\":\"https:\\\/\\\/digitalsantotome.com.ar\\\/?s={search_term_string}\"},\"query-input\":{\"@type\":\"PropertyValueSpecification\",\"valueRequired\":true,\"valueName\":\"search_term_string\"}}],\"inLanguage\":\"es\"},{\"@type\":\"Organization\",\"@id\":\"https:\\\/\\\/digitalsantotome.com.ar\\\/#organization\",\"name\":\"Digital Santo Tom\u00e9\",\"url\":\"https:\\\/\\\/digitalsantotome.com.ar\\\/\",\"logo\":{\"@type\":\"ImageObject\",\"inLanguage\":\"es\",\"@id\":\"https:\\\/\\\/digitalsantotome.com.ar\\\/#\\\/schema\\\/logo\\\/image\\\/\",\"url\":\"https:\\\/\\\/digitalsantotome.com.ar\\\/wp-content\\\/uploads\\\/2023\\\/01\\\/facebook.jpg\",\"contentUrl\":\"https:\\\/\\\/digitalsantotome.com.ar\\\/wp-content\\\/uploads\\\/2023\\\/01\\\/facebook.jpg\",\"width\":512,\"height\":376,\"caption\":\"Digital Santo Tom\u00e9\"},\"image\":{\"@id\":\"https:\\\/\\\/digitalsantotome.com.ar\\\/#\\\/schema\\\/logo\\\/image\\\/\"}},{\"@type\":\"Person\",\"@id\":\"https:\\\/\\\/digitalsantotome.com.ar\\\/#\\\/schema\\\/person\\\/8991d8822886fedd92ce7f03817e1bdf\",\"name\":\"Jose Carlos Machado\",\"url\":\"https:\\\/\\\/digitalsantotome.com.ar\\\/?author=2\"}]}<\/script>\n<!-- \/ Yoast SEO plugin. -->","yoast_head_json":{"title":"Estudian mecanismos para fortalecer la planilla de m\u00e9dicos en el sistema de Salud P\u00fablica - Digital Santo Tom\u00e9","robots":{"index":"index","follow":"follow","max-snippet":"max-snippet:-1","max-image-preview":"max-image-preview:large","max-video-preview":"max-video-preview:-1"},"canonical":"https:\/\/digitalsantotome.com.ar\/?p=6732","og_locale":"es_ES","og_type":"article","og_title":"Estudian mecanismos para fortalecer la planilla de m\u00e9dicos en el sistema de Salud P\u00fablica - Digital Santo Tom\u00e9","og_description":"CORRIENTES. El Ministerio de Salud estudia con las universidades del Nordeste y Barcel\u00f3 estrategias para que los residentes de ambas casas acad\u00e9micas culminen sus estudios en localidades del Interior de la Provincia, con el objeto de sumar personal m\u00e9dico a las instituciones que lo requieran. El ministro Ricardo Cardozo adelant\u00f3 en declaraciones a momarandu.com conversaciones...","og_url":"https:\/\/digitalsantotome.com.ar\/?p=6732","og_site_name":"Digital Santo Tom\u00e9","article_published_time":"2024-03-26T19:27:22+00:00","og_image":[{"width":1220,"height":674,"url":"https:\/\/digitalsantotome.com.ar\/wp-content\/uploads\/2024\/03\/medico_consulta_saude.webp","type":"image\/webp"}],"author":"Jose Carlos Machado","twitter_card":"summary_large_image","twitter_misc":{"Escrito por":"Jose Carlos Machado","Tiempo de lectura":"2 minutos"},"schema":{"@context":"https:\/\/schema.org","@graph":[{"@type":"Article","@id":"https:\/\/digitalsantotome.com.ar\/?p=6732#article","isPartOf":{"@id":"https:\/\/digitalsantotome.com.ar\/?p=6732"},"author":{"name":"Jose Carlos Machado","@id":"https:\/\/digitalsantotome.com.ar\/#\/schema\/person\/8991d8822886fedd92ce7f03817e1bdf"},"headline":"Estudian mecanismos para fortalecer la planilla de m\u00e9dicos en el sistema de Salud P\u00fablica","datePublished":"2024-03-26T19:27:22+00:00","mainEntityOfPage":{"@id":"https:\/\/digitalsantotome.com.ar\/?p=6732"},"wordCount":387,"publisher":{"@id":"https:\/\/digitalsantotome.com.ar\/#organization"},"image":{"@id":"https:\/\/digitalsantotome.com.ar\/?p=6732#primaryimage"},"thumbnailUrl":"https:\/\/digitalsantotome.com.ar\/wp-content\/uploads\/2024\/03\/medico_consulta_saude.webp","articleSection":["Provinciales"],"inLanguage":"es"},{"@type":"WebPage","@id":"https:\/\/digitalsantotome.com.ar\/?p=6732","url":"https:\/\/digitalsantotome.com.ar\/?p=6732","name":"Estudian mecanismos para fortalecer la planilla de m\u00e9dicos en el sistema de Salud P\u00fablica - Digital Santo Tom\u00e9","isPartOf":{"@id":"https:\/\/digitalsantotome.com.ar\/#website"},"primaryImageOfPage":{"@id":"https:\/\/digitalsantotome.com.ar\/?p=6732#primaryimage"},"image":{"@id":"https:\/\/digitalsantotome.com.ar\/?p=6732#primaryimage"},"thumbnailUrl":"https:\/\/digitalsantotome.com.ar\/wp-content\/uploads\/2024\/03\/medico_consulta_saude.webp","datePublished":"2024-03-26T19:27:22+00:00","breadcrumb":{"@id":"https:\/\/digitalsantotome.com.ar\/?p=6732#breadcrumb"},"inLanguage":"es","potentialAction":[{"@type":"ReadAction","target":["https:\/\/digitalsantotome.com.ar\/?p=6732"]}]},{"@type":"ImageObject","inLanguage":"es","@id":"https:\/\/digitalsantotome.com.ar\/?p=6732#primaryimage","url":"https:\/\/digitalsantotome.com.ar\/wp-content\/uploads\/2024\/03\/medico_consulta_saude.webp","contentUrl":"https:\/\/digitalsantotome.com.ar\/wp-content\/uploads\/2024\/03\/medico_consulta_saude.webp","width":1220,"height":674},{"@type":"BreadcrumbList","@id":"https:\/\/digitalsantotome.com.ar\/?p=6732#breadcrumb","itemListElement":[{"@type":"ListItem","position":1,"name":"Portada","item":"https:\/\/digitalsantotome.com.ar\/"},{"@type":"ListItem","position":2,"name":"Estudian mecanismos para fortalecer la planilla de m\u00e9dicos en el sistema de Salud P\u00fablica"}]},{"@type":"WebSite","@id":"https:\/\/digitalsantotome.com.ar\/#website","url":"https:\/\/digitalsantotome.com.ar\/","name":"Digital Santo Tom\u00e9","description":"Noticias desde Santo Tom\u00e9 al Mundo \u2013 La informacion que decide","publisher":{"@id":"https:\/\/digitalsantotome.com.ar\/#organization"},"potentialAction":[{"@type":"SearchAction","target":{"@type":"EntryPoint","urlTemplate":"https:\/\/digitalsantotome.com.ar\/?s={search_term_string}"},"query-input":{"@type":"PropertyValueSpecification","valueRequired":true,"valueName":"search_term_string"}}],"inLanguage":"es"},{"@type":"Organization","@id":"https:\/\/digitalsantotome.com.ar\/#organization","name":"Digital Santo Tom\u00e9","url":"https:\/\/digitalsantotome.com.ar\/","logo":{"@type":"ImageObject","inLanguage":"es","@id":"https:\/\/digitalsantotome.com.ar\/#\/schema\/logo\/image\/","url":"https:\/\/digitalsantotome.com.ar\/wp-content\/uploads\/2023\/01\/facebook.jpg","contentUrl":"https:\/\/digitalsantotome.com.ar\/wp-content\/uploads\/2023\/01\/facebook.jpg","width":512,"height":376,"caption":"Digital Santo Tom\u00e9"},"image":{"@id":"https:\/\/digitalsantotome.com.ar\/#\/schema\/logo\/image\/"}},{"@type":"Person","@id":"https:\/\/digitalsantotome.com.ar\/#\/schema\/person\/8991d8822886fedd92ce7f03817e1bdf","name":"Jose Carlos Machado","url":"https:\/\/digitalsantotome.com.ar\/?author=2"}]}},"_links":{"self":[{"href":"https:\/\/digitalsantotome.com.ar\/index.php?rest_route=\/wp\/v2\/posts\/6732","targetHints":{"allow":["GET"]}}],"collection":[{"href":"https:\/\/digitalsantotome.com.ar\/index.php?rest_route=\/wp\/v2\/posts"}],"about":[{"href":"https:\/\/digitalsantotome.com.ar\/index.php?rest_route=\/wp\/v2\/types\/post"}],"author":[{"embeddable":true,"href":"https:\/\/digitalsantotome.com.ar\/index.php?rest_route=\/wp\/v2\/users\/2"}],"replies":[{"embeddable":true,"href":"https:\/\/digitalsantotome.com.ar\/index.php?rest_route=%2Fwp%2Fv2%2Fcomments&post=6732"}],"version-history":[{"count":1,"href":"https:\/\/digitalsantotome.com.ar\/index.php?rest_route=\/wp\/v2\/posts\/6732\/revisions"}],"predecessor-version":[{"id":6734,"href":"https:\/\/digitalsantotome.com.ar\/index.php?rest_route=\/wp\/v2\/posts\/6732\/revisions\/6734"}],"wp:featuredmedia":[{"embeddable":true,"href":"https:\/\/digitalsantotome.com.ar\/index.php?rest_route=\/wp\/v2\/media\/6733"}],"wp:attachment":[{"href":"https:\/\/digitalsantotome.com.ar\/index.php?rest_route=%2Fwp%2Fv2%2Fmedia&parent=6732"}],"wp:term":[{"taxonomy":"category","embeddable":true,"href":"https:\/\/digitalsantotome.com.ar\/index.php?rest_route=%2Fwp%2Fv2%2Fcategories&post=6732"},{"taxonomy":"post_tag","embeddable":true,"href":"https:\/\/digitalsantotome.com.ar\/index.php?rest_route=%2Fwp%2Fv2%2Ftags&post=6732"}],"curies":[{"name":"wp","href":"https:\/\/api.w.org\/{rel}","templated":true}]}}