{"id":6991,"date":"2024-04-30T07:20:17","date_gmt":"2024-04-30T10:20:17","guid":{"rendered":"https:\/\/digitalsantotome.com.ar\/?p=6991"},"modified":"2024-04-30T07:20:17","modified_gmt":"2024-04-30T10:20:17","slug":"cinco-ametralladoras-y-un-fal-desaparecieron-de-la-comisaria-de-la-cruz","status":"publish","type":"post","link":"https:\/\/digitalsantotome.com.ar\/?p=6991","title":{"rendered":"Cinco ametralladoras y un FAL desaparecieron de la Comisaria de La Cruz"},"content":{"rendered":"<p>LA CRUZ. Una guardia completa y el exjefe de la Comisar\u00eda de la localidad de La Cruz, fueron pasados a \u00abpasividad\u00bb, por orden del Ministerio de Seguridad y la Jefatura de Polic\u00eda, luego de que descubrieran la ins\u00f3lita desaparici\u00f3n de cinco ametralladoras, un FAL y un par de pistolas reglamentarias del arsenal de aquel cuartel. El nuevo jefe de dependencia realiz\u00f3 un inventario el primer d\u00eda y not\u00f3 la alevosa faltante y la report\u00f3 de inmediato. La denuncia penal ya fue radicada en la Justicia ordinaria. Se trata del segundo hecho escandaloso de desaparici\u00f3n de armas de guerra de una dependencia de la fuerza provincial en el interior y hay sospechas de otros hechos similares, la mayor\u00eda de los casos en zona de frontera.<\/p>\n<div>\n<p>El exjefe de la dependencia, tres oficiales y tres suboficiales fueron castigados y quedaron en el medio de una investigaci\u00f3n penal. En septiembre del a\u00f1o pasado en Perugorr\u00eda desaparecieron otras dos armas, que hasta hoy no aparecieron.<\/p>\n<\/div>\n<div class=\"meta\"><\/div>\n<p>A mitad de semana se hizo cargo de la Comisar\u00eda de La Cruz, el comisario inspector Claudio Fern\u00e1ndez. Llegado desde la localidad de Mariano I. Loza, el nuevo jefe tom\u00f3 posesi\u00f3n del puesto y de inmediato orden\u00f3 la realizaci\u00f3n de un inventario de todos los bienes y el arsenal que estaban en disponibilidad de la dependencia, pero de inmediato not\u00f3 una seria falla en lo que se supon\u00eda deb\u00eda haber y lo que en realidad hab\u00eda en el arsenal, ya que era absolutamente notoria que cinco subfusiles FM K3, tipo ametralladora, un Fusil Autom\u00e1tico Ligero (FAL) y al menos dos pistolas .9 mm no estaban donde deb\u00edan. De hecho, no estaban en la comisar\u00eda; hab\u00edan desaparecido.<\/p>\n<p>De inmediato, Fern\u00e1ndez realiz\u00f3 un acta e inform\u00f3 a la superioridad de la faltante. Personal de Asuntos Internos de la Polic\u00eda de Corrientes arrib\u00f3 el fin de semana a La Cruz y puso manos a la obra, para la realizaci\u00f3n de un sumario administrativo a toda la guardia saliente de la comisar\u00eda, incluyendo el propio comisario, Sergio Oscar Medina, apuntado como responsable directo.<\/p>\n<p>Y es que Medina, ya estaba bajo investigaci\u00f3n por el robo semanas atr\u00e1s de una motocicleta que estaba a resguardo de esa dependencia y luego fue secuestrada en Paso de los Libres, desarmada y a punto de ser vendida por partes. Por aquel caso se vieron involucrados un suboficial de la comisar\u00eda de La Cruz y dos efectivos de la Prefectura Naval. El veh\u00edculo hab\u00eda protagonizado un accidente fatal y su due\u00f1o original perdi\u00f3 la vida en \u00e9l, pero al parecer la motocicleta y ahora las armas ya colmaron los \u00e1nimos y el propio ministro, Buenaventura Duarte, firm\u00f3 la orden sumar\u00edsima de pase a \u00abpasividad\u00bb del comisario Medina y a disponibilidad de un par de oficiales y otros tres miembros de la dependencia, incluyendo el jefe de guardia.<\/p>\n<p>Mientras la Polic\u00eda realiza su investigaci\u00f3n interna, tambi\u00e9n la Justicia estar\u00eda realizando lo propio, luego de las presentaciones penales correspondientes. Cabe aclarar que se trata de por lo menos ocho armas consideradas de guerra, lo que significa un hecho grav\u00edsimo, ya que no hay indicios de d\u00f3nde podr\u00edan encontrarse.<\/p>\n<p>Grave antecedente<\/p>\n<p>El robo de ametralladoras dentro de la Polic\u00eda de Corrientes, tiene su antecedente reciente en el mes de septiembre en la Comisar\u00eda de Perugorr\u00eda, donde el comisario inspector de aquella dependencia, Walter Gonz\u00e1lez, denunci\u00f3 la desaparici\u00f3n de al menos dos subfusiles FM K3, similares a los que desaparecieron en La Cruz, pero del armario de su oficina. La denuncia fue formulada en la Fiscal\u00eda de Curuz\u00fa Cuati\u00e1, pero hasta el momento la causa no avanz\u00f3 para ning\u00fan lado y al igual que ahora, las consecuencias recayeron sobre el jefe de la comisar\u00eda y varios de sus subordinados. De las armas y la investigaci\u00f3n, nada se sabe.<\/p>\n<p><strong>Con datos del diario Epoca<\/strong><\/p>\n","protected":false},"excerpt":{"rendered":"<p>LA CRUZ. Una guardia completa y el exjefe de la Comisar\u00eda de la localidad de La Cruz, fueron pasados a \u00abpasividad\u00bb, por orden del Ministerio de Seguridad y la Jefatura de Polic\u00eda, luego de que descubrieran la ins\u00f3lita desaparici\u00f3n de cinco ametralladoras, un FAL y un par de pistolas reglamentarias del arsenal de aquel cuartel&#8230;.<\/p>\n","protected":false},"author":2,"featured_media":6992,"comment_status":"closed","ping_status":"closed","sticky":false,"template":"","format":"standard","meta":{"_kad_post_transparent":"default","_kad_post_title":"default","_kad_post_layout":"default","_kad_post_sidebar_id":"","_kad_post_content_style":"default","_kad_post_vertical_padding":"default","_kad_post_feature":"","_kad_post_feature_position":"","_kad_post_header":false,"_kad_post_footer":false,"_kad_post_classname":"","footnotes":""},"categories":[2],"tags":[],"class_list":["post-6991","post","type-post","status-publish","format-standard","has-post-thumbnail","hentry","category-provinciales"],"a3_pvc":{"activated":false,"total_views":0,"today_views":0},"yoast_head":"<!-- This site is optimized with the Yoast SEO plugin v27.5 - https:\/\/yoast.com\/product\/yoast-seo-wordpress\/ -->\n<title>Cinco ametralladoras y un FAL desaparecieron de la Comisaria de La Cruz - Digital Santo Tom\u00e9<\/title>\n<meta name=\"robots\" content=\"index, follow, max-snippet:-1, max-image-preview:large, max-video-preview:-1\" \/>\n<link rel=\"canonical\" href=\"https:\/\/digitalsantotome.com.ar\/?p=6991\" \/>\n<meta property=\"og:locale\" content=\"es_ES\" \/>\n<meta property=\"og:type\" content=\"article\" \/>\n<meta property=\"og:title\" content=\"Cinco ametralladoras y un FAL desaparecieron de la Comisaria de La Cruz - Digital Santo Tom\u00e9\" \/>\n<meta property=\"og:description\" content=\"LA CRUZ. Una guardia completa y el exjefe de la Comisar\u00eda de la localidad de La Cruz, fueron pasados a \u00abpasividad\u00bb, por orden del Ministerio de Seguridad y la Jefatura de Polic\u00eda, luego de que descubrieran la ins\u00f3lita desaparici\u00f3n de cinco ametralladoras, un FAL y un par de pistolas reglamentarias del arsenal de aquel cuartel....\" \/>\n<meta property=\"og:url\" content=\"https:\/\/digitalsantotome.com.ar\/?p=6991\" \/>\n<meta property=\"og:site_name\" content=\"Digital Santo Tom\u00e9\" \/>\n<meta property=\"article:published_time\" content=\"2024-04-30T10:20:17+00:00\" \/>\n<meta property=\"og:image\" content=\"https:\/\/digitalsantotome.com.ar\/wp-content\/uploads\/2024\/04\/la-cruz-corrientes.jpg\" \/>\n\t<meta property=\"og:image:width\" content=\"960\" \/>\n\t<meta property=\"og:image:height\" content=\"504\" \/>\n\t<meta property=\"og:image:type\" content=\"image\/jpeg\" \/>\n<meta name=\"author\" content=\"Jose Carlos Machado\" \/>\n<meta name=\"twitter:card\" content=\"summary_large_image\" \/>\n<meta name=\"twitter:label1\" content=\"Escrito por\" \/>\n\t<meta name=\"twitter:data1\" content=\"Jose Carlos Machado\" \/>\n\t<meta name=\"twitter:label2\" content=\"Tiempo de lectura\" \/>\n\t<meta name=\"twitter:data2\" content=\"4 minutos\" \/>\n<script type=\"application\/ld+json\" class=\"yoast-schema-graph\">{\"@context\":\"https:\\\/\\\/schema.org\",\"@graph\":[{\"@type\":\"Article\",\"@id\":\"https:\\\/\\\/digitalsantotome.com.ar\\\/?p=6991#article\",\"isPartOf\":{\"@id\":\"https:\\\/\\\/digitalsantotome.com.ar\\\/?p=6991\"},\"author\":{\"name\":\"Jose Carlos Machado\",\"@id\":\"https:\\\/\\\/digitalsantotome.com.ar\\\/#\\\/schema\\\/person\\\/8991d8822886fedd92ce7f03817e1bdf\"},\"headline\":\"Cinco ametralladoras y un FAL desaparecieron de la Comisaria de La Cruz\",\"datePublished\":\"2024-04-30T10:20:17+00:00\",\"mainEntityOfPage\":{\"@id\":\"https:\\\/\\\/digitalsantotome.com.ar\\\/?p=6991\"},\"wordCount\":689,\"publisher\":{\"@id\":\"https:\\\/\\\/digitalsantotome.com.ar\\\/#organization\"},\"image\":{\"@id\":\"https:\\\/\\\/digitalsantotome.com.ar\\\/?p=6991#primaryimage\"},\"thumbnailUrl\":\"https:\\\/\\\/digitalsantotome.com.ar\\\/wp-content\\\/uploads\\\/2024\\\/04\\\/la-cruz-corrientes.jpg\",\"articleSection\":[\"Provinciales\"],\"inLanguage\":\"es\"},{\"@type\":\"WebPage\",\"@id\":\"https:\\\/\\\/digitalsantotome.com.ar\\\/?p=6991\",\"url\":\"https:\\\/\\\/digitalsantotome.com.ar\\\/?p=6991\",\"name\":\"Cinco ametralladoras y un FAL desaparecieron de la Comisaria de La Cruz - Digital Santo Tom\u00e9\",\"isPartOf\":{\"@id\":\"https:\\\/\\\/digitalsantotome.com.ar\\\/#website\"},\"primaryImageOfPage\":{\"@id\":\"https:\\\/\\\/digitalsantotome.com.ar\\\/?p=6991#primaryimage\"},\"image\":{\"@id\":\"https:\\\/\\\/digitalsantotome.com.ar\\\/?p=6991#primaryimage\"},\"thumbnailUrl\":\"https:\\\/\\\/digitalsantotome.com.ar\\\/wp-content\\\/uploads\\\/2024\\\/04\\\/la-cruz-corrientes.jpg\",\"datePublished\":\"2024-04-30T10:20:17+00:00\",\"breadcrumb\":{\"@id\":\"https:\\\/\\\/digitalsantotome.com.ar\\\/?p=6991#breadcrumb\"},\"inLanguage\":\"es\",\"potentialAction\":[{\"@type\":\"ReadAction\",\"target\":[\"https:\\\/\\\/digitalsantotome.com.ar\\\/?p=6991\"]}]},{\"@type\":\"ImageObject\",\"inLanguage\":\"es\",\"@id\":\"https:\\\/\\\/digitalsantotome.com.ar\\\/?p=6991#primaryimage\",\"url\":\"https:\\\/\\\/digitalsantotome.com.ar\\\/wp-content\\\/uploads\\\/2024\\\/04\\\/la-cruz-corrientes.jpg\",\"contentUrl\":\"https:\\\/\\\/digitalsantotome.com.ar\\\/wp-content\\\/uploads\\\/2024\\\/04\\\/la-cruz-corrientes.jpg\",\"width\":960,\"height\":504},{\"@type\":\"BreadcrumbList\",\"@id\":\"https:\\\/\\\/digitalsantotome.com.ar\\\/?p=6991#breadcrumb\",\"itemListElement\":[{\"@type\":\"ListItem\",\"position\":1,\"name\":\"Portada\",\"item\":\"https:\\\/\\\/digitalsantotome.com.ar\\\/\"},{\"@type\":\"ListItem\",\"position\":2,\"name\":\"Cinco ametralladoras y un FAL desaparecieron de la Comisaria de La Cruz\"}]},{\"@type\":\"WebSite\",\"@id\":\"https:\\\/\\\/digitalsantotome.com.ar\\\/#website\",\"url\":\"https:\\\/\\\/digitalsantotome.com.ar\\\/\",\"name\":\"Digital Santo Tom\u00e9\",\"description\":\"Noticias desde Santo Tom\u00e9 al Mundo \u2013 La informacion que decide\",\"publisher\":{\"@id\":\"https:\\\/\\\/digitalsantotome.com.ar\\\/#organization\"},\"potentialAction\":[{\"@type\":\"SearchAction\",\"target\":{\"@type\":\"EntryPoint\",\"urlTemplate\":\"https:\\\/\\\/digitalsantotome.com.ar\\\/?s={search_term_string}\"},\"query-input\":{\"@type\":\"PropertyValueSpecification\",\"valueRequired\":true,\"valueName\":\"search_term_string\"}}],\"inLanguage\":\"es\"},{\"@type\":\"Organization\",\"@id\":\"https:\\\/\\\/digitalsantotome.com.ar\\\/#organization\",\"name\":\"Digital Santo Tom\u00e9\",\"url\":\"https:\\\/\\\/digitalsantotome.com.ar\\\/\",\"logo\":{\"@type\":\"ImageObject\",\"inLanguage\":\"es\",\"@id\":\"https:\\\/\\\/digitalsantotome.com.ar\\\/#\\\/schema\\\/logo\\\/image\\\/\",\"url\":\"https:\\\/\\\/digitalsantotome.com.ar\\\/wp-content\\\/uploads\\\/2023\\\/01\\\/facebook.jpg\",\"contentUrl\":\"https:\\\/\\\/digitalsantotome.com.ar\\\/wp-content\\\/uploads\\\/2023\\\/01\\\/facebook.jpg\",\"width\":512,\"height\":376,\"caption\":\"Digital Santo Tom\u00e9\"},\"image\":{\"@id\":\"https:\\\/\\\/digitalsantotome.com.ar\\\/#\\\/schema\\\/logo\\\/image\\\/\"}},{\"@type\":\"Person\",\"@id\":\"https:\\\/\\\/digitalsantotome.com.ar\\\/#\\\/schema\\\/person\\\/8991d8822886fedd92ce7f03817e1bdf\",\"name\":\"Jose Carlos Machado\",\"url\":\"https:\\\/\\\/digitalsantotome.com.ar\\\/?author=2\"}]}<\/script>\n<!-- \/ Yoast SEO plugin. -->","yoast_head_json":{"title":"Cinco ametralladoras y un FAL desaparecieron de la Comisaria de La Cruz - Digital Santo Tom\u00e9","robots":{"index":"index","follow":"follow","max-snippet":"max-snippet:-1","max-image-preview":"max-image-preview:large","max-video-preview":"max-video-preview:-1"},"canonical":"https:\/\/digitalsantotome.com.ar\/?p=6991","og_locale":"es_ES","og_type":"article","og_title":"Cinco ametralladoras y un FAL desaparecieron de la Comisaria de La Cruz - Digital Santo Tom\u00e9","og_description":"LA CRUZ. Una guardia completa y el exjefe de la Comisar\u00eda de la localidad de La Cruz, fueron pasados a \u00abpasividad\u00bb, por orden del Ministerio de Seguridad y la Jefatura de Polic\u00eda, luego de que descubrieran la ins\u00f3lita desaparici\u00f3n de cinco ametralladoras, un FAL y un par de pistolas reglamentarias del arsenal de aquel cuartel....","og_url":"https:\/\/digitalsantotome.com.ar\/?p=6991","og_site_name":"Digital Santo Tom\u00e9","article_published_time":"2024-04-30T10:20:17+00:00","og_image":[{"width":960,"height":504,"url":"https:\/\/digitalsantotome.com.ar\/wp-content\/uploads\/2024\/04\/la-cruz-corrientes.jpg","type":"image\/jpeg"}],"author":"Jose Carlos Machado","twitter_card":"summary_large_image","twitter_misc":{"Escrito por":"Jose Carlos Machado","Tiempo de lectura":"4 minutos"},"schema":{"@context":"https:\/\/schema.org","@graph":[{"@type":"Article","@id":"https:\/\/digitalsantotome.com.ar\/?p=6991#article","isPartOf":{"@id":"https:\/\/digitalsantotome.com.ar\/?p=6991"},"author":{"name":"Jose Carlos Machado","@id":"https:\/\/digitalsantotome.com.ar\/#\/schema\/person\/8991d8822886fedd92ce7f03817e1bdf"},"headline":"Cinco ametralladoras y un FAL desaparecieron de la Comisaria de La Cruz","datePublished":"2024-04-30T10:20:17+00:00","mainEntityOfPage":{"@id":"https:\/\/digitalsantotome.com.ar\/?p=6991"},"wordCount":689,"publisher":{"@id":"https:\/\/digitalsantotome.com.ar\/#organization"},"image":{"@id":"https:\/\/digitalsantotome.com.ar\/?p=6991#primaryimage"},"thumbnailUrl":"https:\/\/digitalsantotome.com.ar\/wp-content\/uploads\/2024\/04\/la-cruz-corrientes.jpg","articleSection":["Provinciales"],"inLanguage":"es"},{"@type":"WebPage","@id":"https:\/\/digitalsantotome.com.ar\/?p=6991","url":"https:\/\/digitalsantotome.com.ar\/?p=6991","name":"Cinco ametralladoras y un FAL desaparecieron de la Comisaria de La Cruz - Digital Santo Tom\u00e9","isPartOf":{"@id":"https:\/\/digitalsantotome.com.ar\/#website"},"primaryImageOfPage":{"@id":"https:\/\/digitalsantotome.com.ar\/?p=6991#primaryimage"},"image":{"@id":"https:\/\/digitalsantotome.com.ar\/?p=6991#primaryimage"},"thumbnailUrl":"https:\/\/digitalsantotome.com.ar\/wp-content\/uploads\/2024\/04\/la-cruz-corrientes.jpg","datePublished":"2024-04-30T10:20:17+00:00","breadcrumb":{"@id":"https:\/\/digitalsantotome.com.ar\/?p=6991#breadcrumb"},"inLanguage":"es","potentialAction":[{"@type":"ReadAction","target":["https:\/\/digitalsantotome.com.ar\/?p=6991"]}]},{"@type":"ImageObject","inLanguage":"es","@id":"https:\/\/digitalsantotome.com.ar\/?p=6991#primaryimage","url":"https:\/\/digitalsantotome.com.ar\/wp-content\/uploads\/2024\/04\/la-cruz-corrientes.jpg","contentUrl":"https:\/\/digitalsantotome.com.ar\/wp-content\/uploads\/2024\/04\/la-cruz-corrientes.jpg","width":960,"height":504},{"@type":"BreadcrumbList","@id":"https:\/\/digitalsantotome.com.ar\/?p=6991#breadcrumb","itemListElement":[{"@type":"ListItem","position":1,"name":"Portada","item":"https:\/\/digitalsantotome.com.ar\/"},{"@type":"ListItem","position":2,"name":"Cinco ametralladoras y un FAL desaparecieron de la Comisaria de La Cruz"}]},{"@type":"WebSite","@id":"https:\/\/digitalsantotome.com.ar\/#website","url":"https:\/\/digitalsantotome.com.ar\/","name":"Digital Santo Tom\u00e9","description":"Noticias desde Santo Tom\u00e9 al Mundo \u2013 La informacion que decide","publisher":{"@id":"https:\/\/digitalsantotome.com.ar\/#organization"},"potentialAction":[{"@type":"SearchAction","target":{"@type":"EntryPoint","urlTemplate":"https:\/\/digitalsantotome.com.ar\/?s={search_term_string}"},"query-input":{"@type":"PropertyValueSpecification","valueRequired":true,"valueName":"search_term_string"}}],"inLanguage":"es"},{"@type":"Organization","@id":"https:\/\/digitalsantotome.com.ar\/#organization","name":"Digital Santo Tom\u00e9","url":"https:\/\/digitalsantotome.com.ar\/","logo":{"@type":"ImageObject","inLanguage":"es","@id":"https:\/\/digitalsantotome.com.ar\/#\/schema\/logo\/image\/","url":"https:\/\/digitalsantotome.com.ar\/wp-content\/uploads\/2023\/01\/facebook.jpg","contentUrl":"https:\/\/digitalsantotome.com.ar\/wp-content\/uploads\/2023\/01\/facebook.jpg","width":512,"height":376,"caption":"Digital Santo Tom\u00e9"},"image":{"@id":"https:\/\/digitalsantotome.com.ar\/#\/schema\/logo\/image\/"}},{"@type":"Person","@id":"https:\/\/digitalsantotome.com.ar\/#\/schema\/person\/8991d8822886fedd92ce7f03817e1bdf","name":"Jose Carlos Machado","url":"https:\/\/digitalsantotome.com.ar\/?author=2"}]}},"_links":{"self":[{"href":"https:\/\/digitalsantotome.com.ar\/index.php?rest_route=\/wp\/v2\/posts\/6991","targetHints":{"allow":["GET"]}}],"collection":[{"href":"https:\/\/digitalsantotome.com.ar\/index.php?rest_route=\/wp\/v2\/posts"}],"about":[{"href":"https:\/\/digitalsantotome.com.ar\/index.php?rest_route=\/wp\/v2\/types\/post"}],"author":[{"embeddable":true,"href":"https:\/\/digitalsantotome.com.ar\/index.php?rest_route=\/wp\/v2\/users\/2"}],"replies":[{"embeddable":true,"href":"https:\/\/digitalsantotome.com.ar\/index.php?rest_route=%2Fwp%2Fv2%2Fcomments&post=6991"}],"version-history":[{"count":1,"href":"https:\/\/digitalsantotome.com.ar\/index.php?rest_route=\/wp\/v2\/posts\/6991\/revisions"}],"predecessor-version":[{"id":6993,"href":"https:\/\/digitalsantotome.com.ar\/index.php?rest_route=\/wp\/v2\/posts\/6991\/revisions\/6993"}],"wp:featuredmedia":[{"embeddable":true,"href":"https:\/\/digitalsantotome.com.ar\/index.php?rest_route=\/wp\/v2\/media\/6992"}],"wp:attachment":[{"href":"https:\/\/digitalsantotome.com.ar\/index.php?rest_route=%2Fwp%2Fv2%2Fmedia&parent=6991"}],"wp:term":[{"taxonomy":"category","embeddable":true,"href":"https:\/\/digitalsantotome.com.ar\/index.php?rest_route=%2Fwp%2Fv2%2Fcategories&post=6991"},{"taxonomy":"post_tag","embeddable":true,"href":"https:\/\/digitalsantotome.com.ar\/index.php?rest_route=%2Fwp%2Fv2%2Ftags&post=6991"}],"curies":[{"name":"wp","href":"https:\/\/api.w.org\/{rel}","templated":true}]}}